{"id":269712,"date":"2025-09-01T03:28:08","date_gmt":"2025-09-01T00:28:08","guid":{"rendered":"https:\/\/vof-news.eu\/festnahme-nach-totung-von-fruherem-parlamentsprasidenten\/"},"modified":"2025-09-01T03:29:12","modified_gmt":"2025-09-01T00:29:12","slug":"festnahme-nach-totung-von-fruherem-parlamentsprasidenten","status":"publish","type":"post","link":"https:\/\/vof-news.eu\/de\/festnahme-nach-totung-von-fruherem-parlamentsprasidenten\/","title":{"rendered":"Festnahme nach T\u00f6tung von fr\u00fcherem Parlamentspr\u00e4sidenten"},"content":{"rendered":"<div>\n<p>Nach den t\u00f6dlichen Sch\u00fcssen auf den ehemaligen ukrainischen Parlamentspr\u00e4sidenten Andrij Parubij ist nach Regierungsangaben ein Verd\u00e4chtiger gefasst worden. Innenminister Ihor Klymenko und Sicherheitsbeh\u00f6rdenchef Wasyl Malijuk h\u00e4tten ihn \u00fcber den Fahndungserfolg informiert, teilte der ukrainische Pr\u00e4sident\u00a0<a href=\"https:\/\/www.zeit.de\/thema\/wolodymyr-selenskyj\" rel=\"nofollow\">Wolodymyr Selenskyj<\/a>\u00a0auf Telegram mit. Nach Angaben von Generalstaatsanwalt Ruslan Krawtschenko habe der Verd\u00e4chtige &#8222;eine erste Aussage&#8220; gemacht.\n<\/p>\n<p>&#8222;Ich danke den Strafverfolgungsbeh\u00f6rden f\u00fcr ihr schnelles und koordiniertes Vorgehen&#8220;, schrieb Selenskyj. Die Ermittlungen dauerten nach seinen Angaben weiter an. &#8222;Alle Umst\u00e4nde dieses schrecklichen Mordes m\u00fcssen aufgedeckt werden&#8220;, f\u00fcgte er hinzu.\n<\/p>\n<p>Parubij war am Samstag in der westukrainischen Stadt Lwiw <a href=\"https:\/\/www.zeit.de\/gesellschaft\/zeitgeschehen\/2025-08\/andrij-parubij-mord-anschlag-ukraine\" rel=\"nofollow\">auf offener Stra\u00dfe erschossen<\/a> worden. Die Hintergr\u00fcnde der Tat waren zun\u00e4chst unklar. Die ukrainische Generalstaatsanwaltschaft teilte mit, ein Mann habe &#8222;mehrere Sch\u00fcsse&#8220; auf Parubij abgefeuert und den 54-J\u00e4hrigen &#8222;auf der Stelle&#8220; get\u00f6tet. Die Beh\u00f6rde leitete eine Untersuchung wegen &#8222;vors\u00e4tzlichen Mordes&#8220; ein.\n<\/p>\n<h2>Verd\u00e4chtiger als Lieferant gekleidet<\/h2>\n<p>Selenskyj verurteilte die Sch\u00fcsse als einen &#8222;schrecklichen&#8220; und &#8222;genauestens geplanten&#8220; Mord. F\u00fcr die Aufkl\u00e4rung der Tat w\u00fcrden &#8222;alle notwendigen Kr\u00e4fte und Mittel&#8220; bereitgestellt, versicherte der Pr\u00e4sident unmittelbar nach der Tat.\n<\/p>\n<p>Bilder des mutma\u00dflichen Tatorts, die in ukrainischen Medien ver\u00f6ffentlicht worden waren, zeigten einen am Boden liegenden Mann mit blut\u00fcberstr\u00f6mtem Gesicht. Der Verd\u00e4chtige sei als Lieferant gekleidet gewesen und habe ein Elektrofahrrad gefahren, meldete der ukrainische Sender Suspilne.\n<\/p>\n<p>Parubij stand von 2016 bis 2019 dem Parlament als Pr\u00e4sident vor. Zuvor leitete er den nationalen Sicherheitsrat. Bereits zu Zeiten der Sowjetunion hatte er sich f\u00fcr die Unabh\u00e4ngigkeit seines Landes engagiert. Sp\u00e4ter wurde er zu einer pr\u00e4genden Figur der proeurop\u00e4ischen Bewegungen in der Ukraine: Er engagierte sich unter anderem bei den Maidan-Protesten von 2014, die den von Russland unterst\u00fctzten Pr\u00e4sidenten Wiktor Janukowytsch zu Fall brachten. Im selben Jahr entging Parubij nur knapp einem Attentat.\n<\/p>\n<\/div>\n","protected":false},"excerpt":{"rendered":"<p>Nach den t\u00f6dlichen Sch\u00fcssen auf den ehemaligen ukrainischen Parlamentspr\u00e4sidenten Andrij Parubij ist nach Regierungsangaben ein Verd\u00e4chtiger gefasst worden. Innenminister Ihor Klymenko und Sicherheitsbeh\u00f6rdenchef Wasyl Malijuk h\u00e4tten ihn \u00fcber den Fahndungserfolg informiert, teilte der ukrainische Pr\u00e4sident\u00a0Wolodymyr Selenskyj\u00a0auf Telegram mit. Nach Angaben von Generalstaatsanwalt Ruslan Krawtschenko habe der Verd\u00e4chtige &#8222;eine erste Aussage&#8220; gemacht. &#8222;Ich danke den Strafverfolgungsbeh\u00f6rden<\/p>\n","protected":false},"author":1,"featured_media":269713,"comment_status":"open","ping_status":"open","sticky":false,"template":"","format":"standard","meta":{"footnotes":""},"categories":[116],"tags":[],"class_list":["post-269712","post","type-post","status-publish","format-standard","has-post-thumbnail","hentry","category-war-chronicles-de"],"acf":[],"yoast_head":"<!-- This site is optimized with the Yoast SEO plugin v22.9 - https:\/\/yoast.com\/wordpress\/plugins\/seo\/ -->\n<title>Festnahme nach T\u00f6tung von fr\u00fcherem Parlamentspr\u00e4sidenten - vof-news.eu<\/title>\n<meta name=\"description\" content=\"Nach den t\u00f6dlichen Sch\u00fcssen auf den ehemaligen ukrainischen Parlamentspr\u00e4sidenten Andrij Parubij ist nach Regierungsangaben ein Verd\u00e4chtiger gefasst worden. Innenminister Ihor Klymenko und Sicherheitsbeh\u00f6rdenchef Wasyl Malijuk h\u00e4tten ihn \u00fcber den Fahndungserfolg informiert, teilte der ukrainische Pr\u00e4sident\u00a0Wolodymyr Selenskyj\u00a0auf Telegram mit. Nach Angaben von Generalstaatsanwalt Ruslan Krawtschenko habe der Verd\u00e4chtige &quot;eine erste Aussage&quot; gemacht.\" \/>\n<meta name=\"robots\" content=\"noindex, follow, max-snippet:-1, max-image-preview:large, max-video-preview:-1\" \/>\n<meta property=\"og:locale\" content=\"de_DE\" \/>\n<meta property=\"og:type\" content=\"article\" \/>\n<meta property=\"og:title\" content=\"Festnahme nach T\u00f6tung von fr\u00fcherem Parlamentspr\u00e4sidenten - vof-news.eu\" \/>\n<meta property=\"og:description\" content=\"Nach den t\u00f6dlichen Sch\u00fcssen auf den ehemaligen ukrainischen Parlamentspr\u00e4sidenten Andrij Parubij ist nach Regierungsangaben ein Verd\u00e4chtiger gefasst worden. Innenminister Ihor Klymenko und Sicherheitsbeh\u00f6rdenchef Wasyl Malijuk h\u00e4tten ihn \u00fcber den Fahndungserfolg informiert, teilte der ukrainische Pr\u00e4sident\u00a0Wolodymyr Selenskyj\u00a0auf Telegram mit. Nach Angaben von Generalstaatsanwalt Ruslan Krawtschenko habe der Verd\u00e4chtige &quot;eine erste Aussage&quot; gemacht.\" \/>\n<meta property=\"og:url\" content=\"https:\/\/vof-news.eu\/de\/festnahme-nach-totung-von-fruherem-parlamentsprasidenten\/\" \/>\n<meta property=\"og:site_name\" content=\"vof-news.eu\" \/>\n<meta property=\"article:published_time\" content=\"2025-09-01T00:28:08+00:00\" \/>\n<meta property=\"article:modified_time\" content=\"2025-09-01T00:29:12+00:00\" \/>\n<meta property=\"og:image\" content=\"https:\/\/vof-news.eu\/wp-content\/uploads\/2025\/09\/wide__1000x562.jpg\" \/>\n\t<meta property=\"og:image:width\" content=\"1000\" \/>\n\t<meta property=\"og:image:height\" content=\"562\" \/>\n\t<meta property=\"og:image:type\" content=\"image\/jpeg\" \/>\n<meta name=\"author\" content=\"Author\" \/>\n<meta name=\"twitter:card\" content=\"summary_large_image\" \/>\n<meta name=\"twitter:label1\" content=\"Verfasst von\" \/>\n\t<meta name=\"twitter:data1\" content=\"Author\" \/>\n\t<meta name=\"twitter:label2\" content=\"Gesch\u00e4tzte Lesezeit\" \/>\n\t<meta name=\"twitter:data2\" content=\"2\u00a0Minuten\" \/>\n<script type=\"application\/ld+json\" class=\"yoast-schema-graph\">{\"@context\":\"https:\/\/schema.org\",\"@graph\":[{\"@type\":\"WebPage\",\"@id\":\"https:\/\/vof-news.eu\/de\/festnahme-nach-totung-von-fruherem-parlamentsprasidenten\/\",\"url\":\"https:\/\/vof-news.eu\/de\/festnahme-nach-totung-von-fruherem-parlamentsprasidenten\/\",\"name\":\"Festnahme nach T\u00f6tung von fr\u00fcherem Parlamentspr\u00e4sidenten - vof-news.eu\",\"isPartOf\":{\"@id\":\"https:\/\/vof-news.eu\/de\/#website\"},\"primaryImageOfPage\":{\"@id\":\"https:\/\/vof-news.eu\/de\/festnahme-nach-totung-von-fruherem-parlamentsprasidenten\/#primaryimage\"},\"image\":{\"@id\":\"https:\/\/vof-news.eu\/de\/festnahme-nach-totung-von-fruherem-parlamentsprasidenten\/#primaryimage\"},\"thumbnailUrl\":\"https:\/\/vof-news.eu\/wp-content\/uploads\/2025\/09\/wide__1000x562.jpg\",\"datePublished\":\"2025-09-01T00:28:08+00:00\",\"dateModified\":\"2025-09-01T00:29:12+00:00\",\"author\":{\"@id\":\"https:\/\/vof-news.eu\/de\/#\/schema\/person\/f6a2a4309f0561835797fd8c19b333ed\"},\"description\":\"Nach den t\u00f6dlichen Sch\u00fcssen auf den ehemaligen ukrainischen Parlamentspr\u00e4sidenten Andrij Parubij ist nach Regierungsangaben ein Verd\u00e4chtiger gefasst worden. Innenminister Ihor Klymenko und Sicherheitsbeh\u00f6rdenchef Wasyl Malijuk h\u00e4tten ihn \u00fcber den Fahndungserfolg informiert, teilte der ukrainische Pr\u00e4sident\u00a0Wolodymyr Selenskyj\u00a0auf Telegram mit. Nach Angaben von Generalstaatsanwalt Ruslan Krawtschenko habe der Verd\u00e4chtige \\\"eine erste Aussage\\\" gemacht.\",\"breadcrumb\":{\"@id\":\"https:\/\/vof-news.eu\/de\/festnahme-nach-totung-von-fruherem-parlamentsprasidenten\/#breadcrumb\"},\"inLanguage\":\"de\",\"potentialAction\":[{\"@type\":\"ReadAction\",\"target\":[\"https:\/\/vof-news.eu\/de\/festnahme-nach-totung-von-fruherem-parlamentsprasidenten\/\"]}]},{\"@type\":\"ImageObject\",\"inLanguage\":\"de\",\"@id\":\"https:\/\/vof-news.eu\/de\/festnahme-nach-totung-von-fruherem-parlamentsprasidenten\/#primaryimage\",\"url\":\"https:\/\/vof-news.eu\/wp-content\/uploads\/2025\/09\/wide__1000x562.jpg\",\"contentUrl\":\"https:\/\/vof-news.eu\/wp-content\/uploads\/2025\/09\/wide__1000x562.jpg\",\"width\":1000,\"height\":562},{\"@type\":\"BreadcrumbList\",\"@id\":\"https:\/\/vof-news.eu\/de\/festnahme-nach-totung-von-fruherem-parlamentsprasidenten\/#breadcrumb\",\"itemListElement\":[{\"@type\":\"ListItem\",\"position\":1,\"name\":\"Home\",\"item\":\"https:\/\/vof-news.eu\/de\/\"},{\"@type\":\"ListItem\",\"position\":2,\"name\":\"Festnahme nach T\u00f6tung von fr\u00fcherem Parlamentspr\u00e4sidenten\"}]},{\"@type\":\"WebSite\",\"@id\":\"https:\/\/vof-news.eu\/de\/#website\",\"url\":\"https:\/\/vof-news.eu\/de\/\",\"name\":\"vof-news.eu\",\"description\":\"\",\"potentialAction\":[{\"@type\":\"SearchAction\",\"target\":{\"@type\":\"EntryPoint\",\"urlTemplate\":\"https:\/\/vof-news.eu\/de\/?s={search_term_string}\"},\"query-input\":\"required name=search_term_string\"}],\"inLanguage\":\"de\"},{\"@type\":\"Person\",\"@id\":\"https:\/\/vof-news.eu\/de\/#\/schema\/person\/f6a2a4309f0561835797fd8c19b333ed\",\"name\":\"Author\",\"image\":{\"@type\":\"ImageObject\",\"inLanguage\":\"de\",\"@id\":\"https:\/\/vof-news.eu\/de\/#\/schema\/person\/image\/\",\"url\":\"https:\/\/secure.gravatar.com\/avatar\/b67e614b1b25b3e9c0c239efdd2fde5ab015b5affd6f1c3c85911ca4b384e790?s=96&d=mm&r=g\",\"contentUrl\":\"https:\/\/secure.gravatar.com\/avatar\/b67e614b1b25b3e9c0c239efdd2fde5ab015b5affd6f1c3c85911ca4b384e790?s=96&d=mm&r=g\",\"caption\":\"Author\"},\"sameAs\":[\"http:\/\/vof-news.eu\"],\"url\":\"https:\/\/vof-news.eu\/de\/author\/zwt6qxnjulxbnyg\/\"}]}<\/script>\n<!-- \/ Yoast SEO plugin. -->","yoast_head_json":{"title":"Festnahme nach T\u00f6tung von fr\u00fcherem Parlamentspr\u00e4sidenten - vof-news.eu","description":"Nach den t\u00f6dlichen Sch\u00fcssen auf den ehemaligen ukrainischen Parlamentspr\u00e4sidenten Andrij Parubij ist nach Regierungsangaben ein Verd\u00e4chtiger gefasst worden. Innenminister Ihor Klymenko und Sicherheitsbeh\u00f6rdenchef Wasyl Malijuk h\u00e4tten ihn \u00fcber den Fahndungserfolg informiert, teilte der ukrainische Pr\u00e4sident\u00a0Wolodymyr Selenskyj\u00a0auf Telegram mit. Nach Angaben von Generalstaatsanwalt Ruslan Krawtschenko habe der Verd\u00e4chtige \"eine erste Aussage\" gemacht.","robots":{"index":"noindex","follow":"follow","max-snippet":"max-snippet:-1","max-image-preview":"max-image-preview:large","max-video-preview":"max-video-preview:-1"},"og_locale":"de_DE","og_type":"article","og_title":"Festnahme nach T\u00f6tung von fr\u00fcherem Parlamentspr\u00e4sidenten - vof-news.eu","og_description":"Nach den t\u00f6dlichen Sch\u00fcssen auf den ehemaligen ukrainischen Parlamentspr\u00e4sidenten Andrij Parubij ist nach Regierungsangaben ein Verd\u00e4chtiger gefasst worden. Innenminister Ihor Klymenko und Sicherheitsbeh\u00f6rdenchef Wasyl Malijuk h\u00e4tten ihn \u00fcber den Fahndungserfolg informiert, teilte der ukrainische Pr\u00e4sident\u00a0Wolodymyr Selenskyj\u00a0auf Telegram mit. Nach Angaben von Generalstaatsanwalt Ruslan Krawtschenko habe der Verd\u00e4chtige \"eine erste Aussage\" gemacht.","og_url":"https:\/\/vof-news.eu\/de\/festnahme-nach-totung-von-fruherem-parlamentsprasidenten\/","og_site_name":"vof-news.eu","article_published_time":"2025-09-01T00:28:08+00:00","article_modified_time":"2025-09-01T00:29:12+00:00","og_image":[{"width":1000,"height":562,"url":"https:\/\/vof-news.eu\/wp-content\/uploads\/2025\/09\/wide__1000x562.jpg","type":"image\/jpeg"}],"author":"Author","twitter_card":"summary_large_image","twitter_misc":{"Verfasst von":"Author","Gesch\u00e4tzte Lesezeit":"2\u00a0Minuten"},"schema":{"@context":"https:\/\/schema.org","@graph":[{"@type":"WebPage","@id":"https:\/\/vof-news.eu\/de\/festnahme-nach-totung-von-fruherem-parlamentsprasidenten\/","url":"https:\/\/vof-news.eu\/de\/festnahme-nach-totung-von-fruherem-parlamentsprasidenten\/","name":"Festnahme nach T\u00f6tung von fr\u00fcherem Parlamentspr\u00e4sidenten - vof-news.eu","isPartOf":{"@id":"https:\/\/vof-news.eu\/de\/#website"},"primaryImageOfPage":{"@id":"https:\/\/vof-news.eu\/de\/festnahme-nach-totung-von-fruherem-parlamentsprasidenten\/#primaryimage"},"image":{"@id":"https:\/\/vof-news.eu\/de\/festnahme-nach-totung-von-fruherem-parlamentsprasidenten\/#primaryimage"},"thumbnailUrl":"https:\/\/vof-news.eu\/wp-content\/uploads\/2025\/09\/wide__1000x562.jpg","datePublished":"2025-09-01T00:28:08+00:00","dateModified":"2025-09-01T00:29:12+00:00","author":{"@id":"https:\/\/vof-news.eu\/de\/#\/schema\/person\/f6a2a4309f0561835797fd8c19b333ed"},"description":"Nach den t\u00f6dlichen Sch\u00fcssen auf den ehemaligen ukrainischen Parlamentspr\u00e4sidenten Andrij Parubij ist nach Regierungsangaben ein Verd\u00e4chtiger gefasst worden. Innenminister Ihor Klymenko und Sicherheitsbeh\u00f6rdenchef Wasyl Malijuk h\u00e4tten ihn \u00fcber den Fahndungserfolg informiert, teilte der ukrainische Pr\u00e4sident\u00a0Wolodymyr Selenskyj\u00a0auf Telegram mit. Nach Angaben von Generalstaatsanwalt Ruslan Krawtschenko habe der Verd\u00e4chtige \"eine erste Aussage\" gemacht.","breadcrumb":{"@id":"https:\/\/vof-news.eu\/de\/festnahme-nach-totung-von-fruherem-parlamentsprasidenten\/#breadcrumb"},"inLanguage":"de","potentialAction":[{"@type":"ReadAction","target":["https:\/\/vof-news.eu\/de\/festnahme-nach-totung-von-fruherem-parlamentsprasidenten\/"]}]},{"@type":"ImageObject","inLanguage":"de","@id":"https:\/\/vof-news.eu\/de\/festnahme-nach-totung-von-fruherem-parlamentsprasidenten\/#primaryimage","url":"https:\/\/vof-news.eu\/wp-content\/uploads\/2025\/09\/wide__1000x562.jpg","contentUrl":"https:\/\/vof-news.eu\/wp-content\/uploads\/2025\/09\/wide__1000x562.jpg","width":1000,"height":562},{"@type":"BreadcrumbList","@id":"https:\/\/vof-news.eu\/de\/festnahme-nach-totung-von-fruherem-parlamentsprasidenten\/#breadcrumb","itemListElement":[{"@type":"ListItem","position":1,"name":"Home","item":"https:\/\/vof-news.eu\/de\/"},{"@type":"ListItem","position":2,"name":"Festnahme nach T\u00f6tung von fr\u00fcherem Parlamentspr\u00e4sidenten"}]},{"@type":"WebSite","@id":"https:\/\/vof-news.eu\/de\/#website","url":"https:\/\/vof-news.eu\/de\/","name":"vof-news.eu","description":"","potentialAction":[{"@type":"SearchAction","target":{"@type":"EntryPoint","urlTemplate":"https:\/\/vof-news.eu\/de\/?s={search_term_string}"},"query-input":"required name=search_term_string"}],"inLanguage":"de"},{"@type":"Person","@id":"https:\/\/vof-news.eu\/de\/#\/schema\/person\/f6a2a4309f0561835797fd8c19b333ed","name":"Author","image":{"@type":"ImageObject","inLanguage":"de","@id":"https:\/\/vof-news.eu\/de\/#\/schema\/person\/image\/","url":"https:\/\/secure.gravatar.com\/avatar\/b67e614b1b25b3e9c0c239efdd2fde5ab015b5affd6f1c3c85911ca4b384e790?s=96&d=mm&r=g","contentUrl":"https:\/\/secure.gravatar.com\/avatar\/b67e614b1b25b3e9c0c239efdd2fde5ab015b5affd6f1c3c85911ca4b384e790?s=96&d=mm&r=g","caption":"Author"},"sameAs":["http:\/\/vof-news.eu"],"url":"https:\/\/vof-news.eu\/de\/author\/zwt6qxnjulxbnyg\/"}]}},"yoast_meta":{"yoast_wpseo_title":"","yoast_wpseo_metadesc":"","yoast_wpseo_canonical":""},"_links":{"self":[{"href":"https:\/\/vof-news.eu\/de\/wp-json\/wp\/v2\/posts\/269712","targetHints":{"allow":["GET"]}}],"collection":[{"href":"https:\/\/vof-news.eu\/de\/wp-json\/wp\/v2\/posts"}],"about":[{"href":"https:\/\/vof-news.eu\/de\/wp-json\/wp\/v2\/types\/post"}],"author":[{"embeddable":true,"href":"https:\/\/vof-news.eu\/de\/wp-json\/wp\/v2\/users\/1"}],"replies":[{"embeddable":true,"href":"https:\/\/vof-news.eu\/de\/wp-json\/wp\/v2\/comments?post=269712"}],"version-history":[{"count":1,"href":"https:\/\/vof-news.eu\/de\/wp-json\/wp\/v2\/posts\/269712\/revisions"}],"predecessor-version":[{"id":269719,"href":"https:\/\/vof-news.eu\/de\/wp-json\/wp\/v2\/posts\/269712\/revisions\/269719"}],"wp:featuredmedia":[{"embeddable":true,"href":"https:\/\/vof-news.eu\/de\/wp-json\/wp\/v2\/media\/269713"}],"wp:attachment":[{"href":"https:\/\/vof-news.eu\/de\/wp-json\/wp\/v2\/media?parent=269712"}],"wp:term":[{"taxonomy":"category","embeddable":true,"href":"https:\/\/vof-news.eu\/de\/wp-json\/wp\/v2\/categories?post=269712"},{"taxonomy":"post_tag","embeddable":true,"href":"https:\/\/vof-news.eu\/de\/wp-json\/wp\/v2\/tags?post=269712"}],"curies":[{"name":"wp","href":"https:\/\/api.w.org\/{rel}","templated":true}]}}