{"id":269350,"date":"2025-08-30T15:28:10","date_gmt":"2025-08-30T12:28:10","guid":{"rendered":"https:\/\/vof-news.eu\/fruherer-ukrainischer-parlamentsprasident-in-lwiw-erschossen\/"},"modified":"2025-08-30T15:29:04","modified_gmt":"2025-08-30T12:29:04","slug":"fruherer-ukrainischer-parlamentsprasident-in-lwiw-erschossen","status":"publish","type":"post","link":"https:\/\/vof-news.eu\/de\/fruherer-ukrainischer-parlamentsprasident-in-lwiw-erschossen\/","title":{"rendered":"Fr\u00fcherer ukrainischer Parlamentspr\u00e4sident in Lwiw erschossen"},"content":{"rendered":"<div>\n<p>Der ukrainische Abgeordnete und fr\u00fchere Parlamentspr\u00e4sident Andrij Parubij ist in <span><a href=\"https:\/\/www.zeit.de\/thema\/lwiw\" rel=\"nofollow\">Lwiw<\/a><\/span> im Westen der <a href=\"https:\/\/www.zeit.de\/politik\/ausland\/ukraine-krieg-news-liveblog\" rel=\"nofollow\">Ukraine<\/a> erschossen worden. Das best\u00e4tigte Pr\u00e4sident <a href=\"https:\/\/www.zeit.de\/thema\/wolodymyr-selenskyj\" rel=\"nofollow\">Wolodymyr Selenskyj<\/a> auf der Plattform X. Auf den 54-J\u00e4hrigen seien am Mittag im Frankiwskyj-Bezirk mehrere Sch\u00fcsse abgegeben worden, teilten die Beh\u00f6rden mit. Er sei noch am Tatort gestorben. Die Fahndung nach dem fl\u00fcchtigen T\u00e4ter laufe.\u00a0\n<\/p>\n<p>Selenskyj sprach von einem &#8222;schrecklichen Mord&#8220; und dr\u00fcckte den Angeh\u00f6rigen sein Beileid aus. Zudem k\u00fcndigte er an, s\u00e4mtliche Kr\u00e4fte f\u00fcr die Aufkl\u00e4rung einzusetzen.\u00a0Die Hintergr\u00fcnde der Tat waren zun\u00e4chst unklar.\n<\/p>\n<h2>Sch\u00fctze war m\u00f6glicherweise als Kurier verkleidet<\/h2>\n<p>Details zu Ablauf, T\u00e4ter oder Motiv konnten die Beh\u00f6rden demnach bislang nicht nennen. Ukrainische Medien berichteten, der Sch\u00fctze sei m\u00f6glicherweise als Kurier verkleidet gewesen, habe mehrere Sch\u00fcsse abgegeben und sei auf einem Elektrofahrrad gefl\u00fcchtet. Eine offizielle Best\u00e4tigung f\u00fcr diese Berichte gibt es bislang nicht.\n<\/p>\n<p>Der landesweit bekannte Politiker Parubij war von 2016 bis 2019 Parlamentspr\u00e4sident der Ukraine und diente zuvor als Vorsitzender des ukrainischen Sicherheitsrats. Auch an den gro\u00dfen proeurop\u00e4ischen Bewegungen der postsowjetischen ukrainischen Geschichte war Parubij aktiv beteiligt: Er geh\u00f6rt zu den Anf\u00fchrern der <a href=\"https:\/\/www.zeit.de\/politik\/2024-02\/maidan-revolution-2014-ukraine-nachrichtenpodcast\" rel=\"nofollow\">Maidan-Revolution von 2014<\/a>, auch bei der Orangenen Revolution im Jahr 2004 war er bereits dabei.\n<\/p>\n<p>\n<\/p>\n<\/div>\n","protected":false},"excerpt":{"rendered":"<p>Der ukrainische Abgeordnete und fr\u00fchere Parlamentspr\u00e4sident Andrij Parubij ist in Lwiw im Westen der Ukraine erschossen worden. Das best\u00e4tigte Pr\u00e4sident Wolodymyr Selenskyj auf der Plattform X. Auf den 54-J\u00e4hrigen seien am Mittag im Frankiwskyj-Bezirk mehrere Sch\u00fcsse abgegeben worden, teilten die Beh\u00f6rden mit. Er sei noch am Tatort gestorben. Die Fahndung nach dem fl\u00fcchtigen T\u00e4ter laufe.\u00a0<\/p>\n","protected":false},"author":1,"featured_media":269351,"comment_status":"open","ping_status":"open","sticky":false,"template":"","format":"standard","meta":{"footnotes":""},"categories":[116],"tags":[],"class_list":["post-269350","post","type-post","status-publish","format-standard","has-post-thumbnail","hentry","category-war-chronicles-de"],"acf":[],"yoast_head":"<!-- This site is optimized with the Yoast SEO plugin v22.9 - https:\/\/yoast.com\/wordpress\/plugins\/seo\/ -->\n<title>Fr\u00fcherer ukrainischer Parlamentspr\u00e4sident in Lwiw erschossen - vof-news.eu<\/title>\n<meta name=\"description\" content=\"Der ukrainische Abgeordnete und fr\u00fchere Parlamentspr\u00e4sident Andrij Parubij ist in Lwiw im Westen der Ukraine erschossen worden. Das best\u00e4tigte Pr\u00e4sident Wolodymyr Selenskyj auf der Plattform X. Auf den 54-J\u00e4hrigen seien am Mittag im Frankiwskyj-Bezirk mehrere Sch\u00fcsse abgegeben worden, teilten die Beh\u00f6rden mit. Er sei noch am Tatort gestorben. Die Fahndung nach dem fl\u00fcchtigen T\u00e4ter laufe.\u00a0\" \/>\n<meta name=\"robots\" content=\"noindex, follow, max-snippet:-1, max-image-preview:large, max-video-preview:-1\" \/>\n<meta property=\"og:locale\" content=\"de_DE\" \/>\n<meta property=\"og:type\" content=\"article\" \/>\n<meta property=\"og:title\" content=\"Fr\u00fcherer ukrainischer Parlamentspr\u00e4sident in Lwiw erschossen - vof-news.eu\" \/>\n<meta property=\"og:description\" content=\"Der ukrainische Abgeordnete und fr\u00fchere Parlamentspr\u00e4sident Andrij Parubij ist in Lwiw im Westen der Ukraine erschossen worden. Das best\u00e4tigte Pr\u00e4sident Wolodymyr Selenskyj auf der Plattform X. Auf den 54-J\u00e4hrigen seien am Mittag im Frankiwskyj-Bezirk mehrere Sch\u00fcsse abgegeben worden, teilten die Beh\u00f6rden mit. Er sei noch am Tatort gestorben. Die Fahndung nach dem fl\u00fcchtigen T\u00e4ter laufe.\u00a0\" \/>\n<meta property=\"og:url\" content=\"https:\/\/vof-news.eu\/de\/fruherer-ukrainischer-parlamentsprasident-in-lwiw-erschossen\/\" \/>\n<meta property=\"og:site_name\" content=\"vof-news.eu\" \/>\n<meta property=\"article:published_time\" content=\"2025-08-30T12:28:10+00:00\" \/>\n<meta property=\"article:modified_time\" content=\"2025-08-30T12:29:04+00:00\" \/>\n<meta property=\"og:image\" content=\"https:\/\/vof-news.eu\/wp-content\/uploads\/2025\/08\/wide__1000x562-105.jpg\" \/>\n\t<meta property=\"og:image:width\" content=\"1000\" \/>\n\t<meta property=\"og:image:height\" content=\"562\" \/>\n\t<meta property=\"og:image:type\" content=\"image\/jpeg\" \/>\n<meta name=\"author\" content=\"Author\" \/>\n<meta name=\"twitter:card\" content=\"summary_large_image\" \/>\n<meta name=\"twitter:label1\" content=\"Verfasst von\" \/>\n\t<meta name=\"twitter:data1\" content=\"Author\" \/>\n\t<meta name=\"twitter:label2\" content=\"Gesch\u00e4tzte Lesezeit\" \/>\n\t<meta name=\"twitter:data2\" content=\"1\u00a0Minute\" \/>\n<script type=\"application\/ld+json\" class=\"yoast-schema-graph\">{\"@context\":\"https:\/\/schema.org\",\"@graph\":[{\"@type\":\"WebPage\",\"@id\":\"https:\/\/vof-news.eu\/de\/fruherer-ukrainischer-parlamentsprasident-in-lwiw-erschossen\/\",\"url\":\"https:\/\/vof-news.eu\/de\/fruherer-ukrainischer-parlamentsprasident-in-lwiw-erschossen\/\",\"name\":\"Fr\u00fcherer ukrainischer Parlamentspr\u00e4sident in Lwiw erschossen - vof-news.eu\",\"isPartOf\":{\"@id\":\"https:\/\/vof-news.eu\/de\/#website\"},\"primaryImageOfPage\":{\"@id\":\"https:\/\/vof-news.eu\/de\/fruherer-ukrainischer-parlamentsprasident-in-lwiw-erschossen\/#primaryimage\"},\"image\":{\"@id\":\"https:\/\/vof-news.eu\/de\/fruherer-ukrainischer-parlamentsprasident-in-lwiw-erschossen\/#primaryimage\"},\"thumbnailUrl\":\"https:\/\/vof-news.eu\/wp-content\/uploads\/2025\/08\/wide__1000x562-105.jpg\",\"datePublished\":\"2025-08-30T12:28:10+00:00\",\"dateModified\":\"2025-08-30T12:29:04+00:00\",\"author\":{\"@id\":\"https:\/\/vof-news.eu\/de\/#\/schema\/person\/f6a2a4309f0561835797fd8c19b333ed\"},\"description\":\"Der ukrainische Abgeordnete und fr\u00fchere Parlamentspr\u00e4sident Andrij Parubij ist in Lwiw im Westen der Ukraine erschossen worden. Das best\u00e4tigte Pr\u00e4sident Wolodymyr Selenskyj auf der Plattform X. Auf den 54-J\u00e4hrigen seien am Mittag im Frankiwskyj-Bezirk mehrere Sch\u00fcsse abgegeben worden, teilten die Beh\u00f6rden mit. Er sei noch am Tatort gestorben. Die Fahndung nach dem fl\u00fcchtigen T\u00e4ter laufe.\u00a0\",\"breadcrumb\":{\"@id\":\"https:\/\/vof-news.eu\/de\/fruherer-ukrainischer-parlamentsprasident-in-lwiw-erschossen\/#breadcrumb\"},\"inLanguage\":\"de\",\"potentialAction\":[{\"@type\":\"ReadAction\",\"target\":[\"https:\/\/vof-news.eu\/de\/fruherer-ukrainischer-parlamentsprasident-in-lwiw-erschossen\/\"]}]},{\"@type\":\"ImageObject\",\"inLanguage\":\"de\",\"@id\":\"https:\/\/vof-news.eu\/de\/fruherer-ukrainischer-parlamentsprasident-in-lwiw-erschossen\/#primaryimage\",\"url\":\"https:\/\/vof-news.eu\/wp-content\/uploads\/2025\/08\/wide__1000x562-105.jpg\",\"contentUrl\":\"https:\/\/vof-news.eu\/wp-content\/uploads\/2025\/08\/wide__1000x562-105.jpg\",\"width\":1000,\"height\":562},{\"@type\":\"BreadcrumbList\",\"@id\":\"https:\/\/vof-news.eu\/de\/fruherer-ukrainischer-parlamentsprasident-in-lwiw-erschossen\/#breadcrumb\",\"itemListElement\":[{\"@type\":\"ListItem\",\"position\":1,\"name\":\"Home\",\"item\":\"https:\/\/vof-news.eu\/de\/\"},{\"@type\":\"ListItem\",\"position\":2,\"name\":\"Fr\u00fcherer ukrainischer Parlamentspr\u00e4sident in Lwiw erschossen\"}]},{\"@type\":\"WebSite\",\"@id\":\"https:\/\/vof-news.eu\/de\/#website\",\"url\":\"https:\/\/vof-news.eu\/de\/\",\"name\":\"vof-news.eu\",\"description\":\"\",\"potentialAction\":[{\"@type\":\"SearchAction\",\"target\":{\"@type\":\"EntryPoint\",\"urlTemplate\":\"https:\/\/vof-news.eu\/de\/?s={search_term_string}\"},\"query-input\":\"required name=search_term_string\"}],\"inLanguage\":\"de\"},{\"@type\":\"Person\",\"@id\":\"https:\/\/vof-news.eu\/de\/#\/schema\/person\/f6a2a4309f0561835797fd8c19b333ed\",\"name\":\"Author\",\"image\":{\"@type\":\"ImageObject\",\"inLanguage\":\"de\",\"@id\":\"https:\/\/vof-news.eu\/de\/#\/schema\/person\/image\/\",\"url\":\"https:\/\/secure.gravatar.com\/avatar\/b67e614b1b25b3e9c0c239efdd2fde5ab015b5affd6f1c3c85911ca4b384e790?s=96&d=mm&r=g\",\"contentUrl\":\"https:\/\/secure.gravatar.com\/avatar\/b67e614b1b25b3e9c0c239efdd2fde5ab015b5affd6f1c3c85911ca4b384e790?s=96&d=mm&r=g\",\"caption\":\"Author\"},\"sameAs\":[\"http:\/\/vof-news.eu\"],\"url\":\"https:\/\/vof-news.eu\/de\/author\/zwt6qxnjulxbnyg\/\"}]}<\/script>\n<!-- \/ Yoast SEO plugin. -->","yoast_head_json":{"title":"Fr\u00fcherer ukrainischer Parlamentspr\u00e4sident in Lwiw erschossen - vof-news.eu","description":"Der ukrainische Abgeordnete und fr\u00fchere Parlamentspr\u00e4sident Andrij Parubij ist in Lwiw im Westen der Ukraine erschossen worden. Das best\u00e4tigte Pr\u00e4sident Wolodymyr Selenskyj auf der Plattform X. Auf den 54-J\u00e4hrigen seien am Mittag im Frankiwskyj-Bezirk mehrere Sch\u00fcsse abgegeben worden, teilten die Beh\u00f6rden mit. Er sei noch am Tatort gestorben. Die Fahndung nach dem fl\u00fcchtigen T\u00e4ter laufe.\u00a0","robots":{"index":"noindex","follow":"follow","max-snippet":"max-snippet:-1","max-image-preview":"max-image-preview:large","max-video-preview":"max-video-preview:-1"},"og_locale":"de_DE","og_type":"article","og_title":"Fr\u00fcherer ukrainischer Parlamentspr\u00e4sident in Lwiw erschossen - vof-news.eu","og_description":"Der ukrainische Abgeordnete und fr\u00fchere Parlamentspr\u00e4sident Andrij Parubij ist in Lwiw im Westen der Ukraine erschossen worden. Das best\u00e4tigte Pr\u00e4sident Wolodymyr Selenskyj auf der Plattform X. Auf den 54-J\u00e4hrigen seien am Mittag im Frankiwskyj-Bezirk mehrere Sch\u00fcsse abgegeben worden, teilten die Beh\u00f6rden mit. Er sei noch am Tatort gestorben. Die Fahndung nach dem fl\u00fcchtigen T\u00e4ter laufe.\u00a0","og_url":"https:\/\/vof-news.eu\/de\/fruherer-ukrainischer-parlamentsprasident-in-lwiw-erschossen\/","og_site_name":"vof-news.eu","article_published_time":"2025-08-30T12:28:10+00:00","article_modified_time":"2025-08-30T12:29:04+00:00","og_image":[{"width":1000,"height":562,"url":"https:\/\/vof-news.eu\/wp-content\/uploads\/2025\/08\/wide__1000x562-105.jpg","type":"image\/jpeg"}],"author":"Author","twitter_card":"summary_large_image","twitter_misc":{"Verfasst von":"Author","Gesch\u00e4tzte Lesezeit":"1\u00a0Minute"},"schema":{"@context":"https:\/\/schema.org","@graph":[{"@type":"WebPage","@id":"https:\/\/vof-news.eu\/de\/fruherer-ukrainischer-parlamentsprasident-in-lwiw-erschossen\/","url":"https:\/\/vof-news.eu\/de\/fruherer-ukrainischer-parlamentsprasident-in-lwiw-erschossen\/","name":"Fr\u00fcherer ukrainischer Parlamentspr\u00e4sident in Lwiw erschossen - vof-news.eu","isPartOf":{"@id":"https:\/\/vof-news.eu\/de\/#website"},"primaryImageOfPage":{"@id":"https:\/\/vof-news.eu\/de\/fruherer-ukrainischer-parlamentsprasident-in-lwiw-erschossen\/#primaryimage"},"image":{"@id":"https:\/\/vof-news.eu\/de\/fruherer-ukrainischer-parlamentsprasident-in-lwiw-erschossen\/#primaryimage"},"thumbnailUrl":"https:\/\/vof-news.eu\/wp-content\/uploads\/2025\/08\/wide__1000x562-105.jpg","datePublished":"2025-08-30T12:28:10+00:00","dateModified":"2025-08-30T12:29:04+00:00","author":{"@id":"https:\/\/vof-news.eu\/de\/#\/schema\/person\/f6a2a4309f0561835797fd8c19b333ed"},"description":"Der ukrainische Abgeordnete und fr\u00fchere Parlamentspr\u00e4sident Andrij Parubij ist in Lwiw im Westen der Ukraine erschossen worden. Das best\u00e4tigte Pr\u00e4sident Wolodymyr Selenskyj auf der Plattform X. Auf den 54-J\u00e4hrigen seien am Mittag im Frankiwskyj-Bezirk mehrere Sch\u00fcsse abgegeben worden, teilten die Beh\u00f6rden mit. Er sei noch am Tatort gestorben. Die Fahndung nach dem fl\u00fcchtigen T\u00e4ter laufe.\u00a0","breadcrumb":{"@id":"https:\/\/vof-news.eu\/de\/fruherer-ukrainischer-parlamentsprasident-in-lwiw-erschossen\/#breadcrumb"},"inLanguage":"de","potentialAction":[{"@type":"ReadAction","target":["https:\/\/vof-news.eu\/de\/fruherer-ukrainischer-parlamentsprasident-in-lwiw-erschossen\/"]}]},{"@type":"ImageObject","inLanguage":"de","@id":"https:\/\/vof-news.eu\/de\/fruherer-ukrainischer-parlamentsprasident-in-lwiw-erschossen\/#primaryimage","url":"https:\/\/vof-news.eu\/wp-content\/uploads\/2025\/08\/wide__1000x562-105.jpg","contentUrl":"https:\/\/vof-news.eu\/wp-content\/uploads\/2025\/08\/wide__1000x562-105.jpg","width":1000,"height":562},{"@type":"BreadcrumbList","@id":"https:\/\/vof-news.eu\/de\/fruherer-ukrainischer-parlamentsprasident-in-lwiw-erschossen\/#breadcrumb","itemListElement":[{"@type":"ListItem","position":1,"name":"Home","item":"https:\/\/vof-news.eu\/de\/"},{"@type":"ListItem","position":2,"name":"Fr\u00fcherer ukrainischer Parlamentspr\u00e4sident in Lwiw erschossen"}]},{"@type":"WebSite","@id":"https:\/\/vof-news.eu\/de\/#website","url":"https:\/\/vof-news.eu\/de\/","name":"vof-news.eu","description":"","potentialAction":[{"@type":"SearchAction","target":{"@type":"EntryPoint","urlTemplate":"https:\/\/vof-news.eu\/de\/?s={search_term_string}"},"query-input":"required name=search_term_string"}],"inLanguage":"de"},{"@type":"Person","@id":"https:\/\/vof-news.eu\/de\/#\/schema\/person\/f6a2a4309f0561835797fd8c19b333ed","name":"Author","image":{"@type":"ImageObject","inLanguage":"de","@id":"https:\/\/vof-news.eu\/de\/#\/schema\/person\/image\/","url":"https:\/\/secure.gravatar.com\/avatar\/b67e614b1b25b3e9c0c239efdd2fde5ab015b5affd6f1c3c85911ca4b384e790?s=96&d=mm&r=g","contentUrl":"https:\/\/secure.gravatar.com\/avatar\/b67e614b1b25b3e9c0c239efdd2fde5ab015b5affd6f1c3c85911ca4b384e790?s=96&d=mm&r=g","caption":"Author"},"sameAs":["http:\/\/vof-news.eu"],"url":"https:\/\/vof-news.eu\/de\/author\/zwt6qxnjulxbnyg\/"}]}},"yoast_meta":{"yoast_wpseo_title":"","yoast_wpseo_metadesc":"","yoast_wpseo_canonical":""},"_links":{"self":[{"href":"https:\/\/vof-news.eu\/de\/wp-json\/wp\/v2\/posts\/269350","targetHints":{"allow":["GET"]}}],"collection":[{"href":"https:\/\/vof-news.eu\/de\/wp-json\/wp\/v2\/posts"}],"about":[{"href":"https:\/\/vof-news.eu\/de\/wp-json\/wp\/v2\/types\/post"}],"author":[{"embeddable":true,"href":"https:\/\/vof-news.eu\/de\/wp-json\/wp\/v2\/users\/1"}],"replies":[{"embeddable":true,"href":"https:\/\/vof-news.eu\/de\/wp-json\/wp\/v2\/comments?post=269350"}],"version-history":[{"count":1,"href":"https:\/\/vof-news.eu\/de\/wp-json\/wp\/v2\/posts\/269350\/revisions"}],"predecessor-version":[{"id":269357,"href":"https:\/\/vof-news.eu\/de\/wp-json\/wp\/v2\/posts\/269350\/revisions\/269357"}],"wp:featuredmedia":[{"embeddable":true,"href":"https:\/\/vof-news.eu\/de\/wp-json\/wp\/v2\/media\/269351"}],"wp:attachment":[{"href":"https:\/\/vof-news.eu\/de\/wp-json\/wp\/v2\/media?parent=269350"}],"wp:term":[{"taxonomy":"category","embeddable":true,"href":"https:\/\/vof-news.eu\/de\/wp-json\/wp\/v2\/categories?post=269350"},{"taxonomy":"post_tag","embeddable":true,"href":"https:\/\/vof-news.eu\/de\/wp-json\/wp\/v2\/tags?post=269350"}],"curies":[{"name":"wp","href":"https:\/\/api.w.org\/{rel}","templated":true}]}}