{"id":269243,"date":"2025-08-30T05:26:11","date_gmt":"2025-08-30T02:26:11","guid":{"rendered":"https:\/\/vof-news.eu\/vw-wegen-sklavenarbeit-zu-millionenstrafe-verurteilt\/"},"modified":"2025-08-30T05:26:33","modified_gmt":"2025-08-30T02:26:33","slug":"vw-wegen-sklavenarbeit-zu-millionenstrafe-verurteilt","status":"publish","type":"post","link":"https:\/\/vof-news.eu\/de\/vw-wegen-sklavenarbeit-zu-millionenstrafe-verurteilt\/","title":{"rendered":"VW wegen Sklavenarbeit zu Millionenstrafe verurteilt"},"content":{"rendered":"<p>Die Vergangenheit holt Volkswagen ein. Das brasilianische Arbeitsgericht hat den deutschen Auto-Konzern zur Zahlung von 165 Millionen Reais, das sind etwa 30 Millionen US-Dollar, verurteilt. Grund ist kollektiver immaterieller Schaden, nachdem Arbeiter in den 70er- und 80er-Jahren auf einer firmeneigenen Farm im Amazonasgebiet unter sklaven\u00e4hnlichen Bedingungen arbeiten mussten. <\/p>\n<p>Bereits 2019 hatte die Staatsanwaltschaft eine Untersuchung eingeleitet, nachdem sie umfangreiche Unterlagen von einem \u00f6rtlichen Priester erhalten hatte, der den Fall seit Jahrzehnten verfolgt hatte. Nach weiteren Ermittlungen und Zeugenaussagen erhob sie 2024 offiziell Anklage gegen Volkswagen.<\/p>\n<h3>System der Schuldknechtschaft<\/h3>\n<p>Hunderte von Arbeitern seien zwischen 1974 und 1986 auf einer Farm im Bundesstaat Para, die Volkswagen \u00fcber eine Tochtergesellschaft geh\u00f6rte, menschenunw\u00fcrdigen Bedingungen ausgesetzt gewesen. Urspr\u00fcnglich wurde die Farm f\u00fcr Viehzucht und Holzeinschlag genutzt.<\/p>\n<p>Laut Gerichtsakten wurden etwa 300 Arbeiter mit irregul\u00e4ren Vertr\u00e4gen eingestellt, um den Wald zu roden und Weideland anzulegen. Sie wurden von bewaffneten Wachen \u00fcberwacht, lebten in prek\u00e4ren Unterk\u00fcnften, erhielten unzureichende Verpflegung und wurden durch ein System der Schuldknechtschaft gezwungen, auf der Farm zu bleiben. Selbst diejenigen, die an Malaria erkrankten, erhielten keine medizinische Versorgung, so die Anklage.<\/p>\n<p>\u201eDiese Praktiken stellten einen der gr\u00f6\u00dften F\u00e4lle von Sklavenarbeit in der j\u00fcngeren Geschichte Brasiliens dar\u201c, erkl\u00e4rte die Arbeitsstaatsanwaltschaft in einer Stellungnahme.<\/p>\n<p>In seinem Urteil erkl\u00e4rte Richter Otavio Bruno da Silva Ferreira, dass Beweise best\u00e4tigten, dass die Farm Volkswagen geh\u00f6rte und dass die Bedingungen der gesetzlichen Definition von Sklavenarbeit entsprachen.<\/p>\n<p>\u201eSklaverei ist eine \u201agegenw\u00e4rtige Vergangenheit\u2018, weil ihre Spuren in der brasilianischen Gesellschaft, insbesondere in den Arbeitsbeziehungen, erhalten geblieben sind\u201c, schrieb Ferreira. <\/p>\n<h3>Wiederherstellung der Erinnerung<\/h3>\n<p>Er f\u00fcgte hinzu, dass das Erbe des kolonialen Sklavensystems Brasiliens weiterhin die sozialen Strukturen pr\u00e4ge und dass die Wiederherstellung dieser Erinnerung unerl\u00e4sslich sei, um die aktuellen Realit\u00e4ten zu verstehen und Urteile gegen Diskriminierung zu f\u00e4llen.<\/p>\n<p>Die brasilianische Zentrale von Volkswagen erkl\u00e4rte in einer Stellungnahme, dass sie gegen das Urteil Berufung einlegen werde. Das Unternehmen stellte fest, es habe in den 72 Jahren seiner T\u00e4tigkeit in Brasilien \u201ekonsequent die Grunds\u00e4tze der Menschenw\u00fcrde verteidigt und alle geltenden Arbeitsgesetze und -vorschriften strikt eingehalten.\u201c<\/p>\n<p>\u201eVolkswagen bekr\u00e4ftigt sein unersch\u00fctterliches Bekenntnis zur sozialen Verantwortung, die untrennbar mit seinem Verhalten als juristische Person und Arbeitgeber verbunden ist\u201c, erkl\u00e4rte das Unternehmen.<\/p>\n<p>Nach Sch\u00e4tzungen der Datenbank \u201eTrans-Atlantic Slave Trade\u201c versklavte Brasilien mehr Menschen aus Afrika als jedes andere Land. Es war das letzte Land der westlichen Hemisph\u00e4re, das 1888 die Sklaverei abschaffte.<\/p>\n","protected":false},"excerpt":{"rendered":"<p>Die Vergangenheit holt Volkswagen ein. Das brasilianische Arbeitsgericht hat den deutschen Auto-Konzern zur Zahlung von 165 Millionen Reais, das sind etwa 30 Millionen US-Dollar, verurteilt. Grund ist kollektiver immaterieller Schaden, nachdem Arbeiter in den 70er- und 80er-Jahren auf einer firmeneigenen Farm im Amazonasgebiet unter sklaven\u00e4hnlichen Bedingungen arbeiten mussten. Bereits 2019 hatte die Staatsanwaltschaft eine Untersuchung<\/p>\n","protected":false},"author":1,"featured_media":269244,"comment_status":"open","ping_status":"open","sticky":false,"template":"","format":"standard","meta":{"footnotes":""},"categories":[59],"tags":[],"class_list":["post-269243","post","type-post","status-publish","format-standard","has-post-thumbnail","hentry","category-business-de"],"acf":[],"yoast_head":"<!-- This site is optimized with the Yoast SEO plugin v22.9 - https:\/\/yoast.com\/wordpress\/plugins\/seo\/ -->\n<title>VW wegen Sklavenarbeit zu Millionenstrafe verurteilt - vof-news.eu<\/title>\n<meta name=\"description\" content=\"Die Vergangenheit holt Volkswagen ein. Das brasilianische Arbeitsgericht hat den deutschen Auto-Konzern zur Zahlung von 165 Millionen Reais, das sind etwa 30 Millionen US-Dollar, verurteilt. Grund ist kollektiver immaterieller Schaden, nachdem Arbeiter in den 70er- und 80er-Jahren auf einer firmeneigenen Farm im Amazonasgebiet unter sklaven\u00e4hnlichen Bedingungen arbeiten mussten. Bereits 2019 hatte die Staatsanwaltschaft eine Untersuchung eingeleitet, nachdem sie umfangreiche Unterlagen von einem \u00f6rtlichen Priester erhalten hatte, der den Fall seit Jahrzehnten verfolgt hatte. Nach weiteren Ermittlungen und Zeugenaussagen erhob sie 2024 offiziell Anklage gegen Volkswagen.System der SchuldknechtschaftHunderte von Arbeitern seien zwischen 1974 und 1986 auf einer Farm im Bundesstaat Para, die Volkswagen \u00fcber eine Tochtergesellschaft geh\u00f6rte, menschenunw\u00fcrdigen Bedingungen ausgesetzt gewesen. Urspr\u00fcnglich wurde die Farm f\u00fcr Viehzucht und Holzeinschlag genutzt.Laut Gerichtsakten wurden etwa 300 Arbeiter mit irregul\u00e4ren Vertr\u00e4gen eingestellt, um den Wald zu roden und Weideland anzulegen. Sie wurden von bewaffneten Wachen \u00fcberwacht, lebten in prek\u00e4ren Unterk\u00fcnften, erhielten unzureichende Verpflegung und wurden durch ein System der Schuldknechtschaft gezwungen, auf der Farm zu bleiben. Selbst diejenigen, die an Malaria erkrankten, erhielten keine medizinische Versorgung, so die Anklage.\u201eDiese Praktiken stellten einen der gr\u00f6\u00dften F\u00e4lle von Sklavenarbeit in der j\u00fcngeren Geschichte Brasiliens dar\u201c, erkl\u00e4rte die Arbeitsstaatsanwaltschaft in einer Stellungnahme.In seinem Urteil erkl\u00e4rte Richter Otavio Bruno da Silva Ferreira, dass Beweise best\u00e4tigten, dass die Farm Volkswagen geh\u00f6rte und dass die Bedingungen der gesetzlichen Definition von Sklavenarbeit entsprachen.\u201eSklaverei ist eine \u201agegenw\u00e4rtige Vergangenheit\u2018, weil ihre Spuren in der brasilianischen Gesellschaft, insbesondere in den Arbeitsbeziehungen, erhalten geblieben sind\u201c, schrieb Ferreira. Wiederherstellung der ErinnerungEr f\u00fcgte hinzu, dass das Erbe des kolonialen Sklavensystems Brasiliens weiterhin die sozialen Strukturen pr\u00e4ge und dass die Wiederherstellung dieser Erinnerung unerl\u00e4sslich sei, um die aktuellen Realit\u00e4ten zu verstehen und Urteile gegen Diskriminierung zu f\u00e4llen.Die brasilianische Zentrale von Volkswagen erkl\u00e4rte in einer Stellungnahme, dass sie gegen das Urteil Berufung einlegen werde. Das Unternehmen stellte fest, es habe in den 72 Jahren seiner T\u00e4tigkeit in Brasilien \u201ekonsequent die Grunds\u00e4tze der Menschenw\u00fcrde verteidigt und alle geltenden Arbeitsgesetze und -vorschriften strikt eingehalten.\u201c\u201eVolkswagen bekr\u00e4ftigt sein unersch\u00fctterliches Bekenntnis zur sozialen Verantwortung, die untrennbar mit seinem Verhalten als juristische Person und Arbeitgeber verbunden ist\u201c, erkl\u00e4rte das Unternehmen.Nach Sch\u00e4tzungen der Datenbank \u201eTrans-Atlantic Slave Trade\u201c versklavte Brasilien mehr Menschen aus Afrika als jedes andere Land. Es war das letzte Land der westlichen Hemisph\u00e4re, das 1888 die Sklaverei abschaffte.\" \/>\n<meta name=\"robots\" content=\"noindex, follow, max-snippet:-1, max-image-preview:large, max-video-preview:-1\" \/>\n<meta property=\"og:locale\" content=\"de_DE\" \/>\n<meta property=\"og:type\" content=\"article\" \/>\n<meta property=\"og:title\" content=\"VW wegen Sklavenarbeit zu Millionenstrafe verurteilt - vof-news.eu\" \/>\n<meta property=\"og:description\" content=\"Die Vergangenheit holt Volkswagen ein. Das brasilianische Arbeitsgericht hat den deutschen Auto-Konzern zur Zahlung von 165 Millionen Reais, das sind etwa 30 Millionen US-Dollar, verurteilt. Grund ist kollektiver immaterieller Schaden, nachdem Arbeiter in den 70er- und 80er-Jahren auf einer firmeneigenen Farm im Amazonasgebiet unter sklaven\u00e4hnlichen Bedingungen arbeiten mussten. Bereits 2019 hatte die Staatsanwaltschaft eine Untersuchung eingeleitet, nachdem sie umfangreiche Unterlagen von einem \u00f6rtlichen Priester erhalten hatte, der den Fall seit Jahrzehnten verfolgt hatte. Nach weiteren Ermittlungen und Zeugenaussagen erhob sie 2024 offiziell Anklage gegen Volkswagen.System der SchuldknechtschaftHunderte von Arbeitern seien zwischen 1974 und 1986 auf einer Farm im Bundesstaat Para, die Volkswagen \u00fcber eine Tochtergesellschaft geh\u00f6rte, menschenunw\u00fcrdigen Bedingungen ausgesetzt gewesen. Urspr\u00fcnglich wurde die Farm f\u00fcr Viehzucht und Holzeinschlag genutzt.Laut Gerichtsakten wurden etwa 300 Arbeiter mit irregul\u00e4ren Vertr\u00e4gen eingestellt, um den Wald zu roden und Weideland anzulegen. Sie wurden von bewaffneten Wachen \u00fcberwacht, lebten in prek\u00e4ren Unterk\u00fcnften, erhielten unzureichende Verpflegung und wurden durch ein System der Schuldknechtschaft gezwungen, auf der Farm zu bleiben. Selbst diejenigen, die an Malaria erkrankten, erhielten keine medizinische Versorgung, so die Anklage.\u201eDiese Praktiken stellten einen der gr\u00f6\u00dften F\u00e4lle von Sklavenarbeit in der j\u00fcngeren Geschichte Brasiliens dar\u201c, erkl\u00e4rte die Arbeitsstaatsanwaltschaft in einer Stellungnahme.In seinem Urteil erkl\u00e4rte Richter Otavio Bruno da Silva Ferreira, dass Beweise best\u00e4tigten, dass die Farm Volkswagen geh\u00f6rte und dass die Bedingungen der gesetzlichen Definition von Sklavenarbeit entsprachen.\u201eSklaverei ist eine \u201agegenw\u00e4rtige Vergangenheit\u2018, weil ihre Spuren in der brasilianischen Gesellschaft, insbesondere in den Arbeitsbeziehungen, erhalten geblieben sind\u201c, schrieb Ferreira. Wiederherstellung der ErinnerungEr f\u00fcgte hinzu, dass das Erbe des kolonialen Sklavensystems Brasiliens weiterhin die sozialen Strukturen pr\u00e4ge und dass die Wiederherstellung dieser Erinnerung unerl\u00e4sslich sei, um die aktuellen Realit\u00e4ten zu verstehen und Urteile gegen Diskriminierung zu f\u00e4llen.Die brasilianische Zentrale von Volkswagen erkl\u00e4rte in einer Stellungnahme, dass sie gegen das Urteil Berufung einlegen werde. Das Unternehmen stellte fest, es habe in den 72 Jahren seiner T\u00e4tigkeit in Brasilien \u201ekonsequent die Grunds\u00e4tze der Menschenw\u00fcrde verteidigt und alle geltenden Arbeitsgesetze und -vorschriften strikt eingehalten.\u201c\u201eVolkswagen bekr\u00e4ftigt sein unersch\u00fctterliches Bekenntnis zur sozialen Verantwortung, die untrennbar mit seinem Verhalten als juristische Person und Arbeitgeber verbunden ist\u201c, erkl\u00e4rte das Unternehmen.Nach Sch\u00e4tzungen der Datenbank \u201eTrans-Atlantic Slave Trade\u201c versklavte Brasilien mehr Menschen aus Afrika als jedes andere Land. Es war das letzte Land der westlichen Hemisph\u00e4re, das 1888 die Sklaverei abschaffte.\" \/>\n<meta property=\"og:url\" content=\"https:\/\/vof-news.eu\/de\/vw-wegen-sklavenarbeit-zu-millionenstrafe-verurteilt\/\" \/>\n<meta property=\"og:site_name\" content=\"vof-news.eu\" \/>\n<meta property=\"article:published_time\" content=\"2025-08-30T02:26:11+00:00\" \/>\n<meta property=\"article:modified_time\" content=\"2025-08-30T02:26:33+00:00\" \/>\n<meta property=\"og:image\" content=\"https:\/\/vof-news.eu\/wp-content\/uploads\/2025\/08\/valongo-slave-wharf-in-rio-de-janeiro-named-unesco-world-heritage-site-1.webp\" \/>\n\t<meta property=\"og:image:width\" content=\"1200\" \/>\n\t<meta property=\"og:image:height\" content=\"574\" \/>\n\t<meta property=\"og:image:type\" content=\"image\/webp\" \/>\n<meta name=\"author\" content=\"Author\" \/>\n<meta name=\"twitter:card\" content=\"summary_large_image\" \/>\n<meta name=\"twitter:label1\" content=\"Verfasst von\" \/>\n\t<meta name=\"twitter:data1\" content=\"Author\" \/>\n\t<meta name=\"twitter:label2\" content=\"Gesch\u00e4tzte Lesezeit\" \/>\n\t<meta name=\"twitter:data2\" content=\"2\u00a0Minuten\" \/>\n<script type=\"application\/ld+json\" class=\"yoast-schema-graph\">{\"@context\":\"https:\/\/schema.org\",\"@graph\":[{\"@type\":\"WebPage\",\"@id\":\"https:\/\/vof-news.eu\/de\/vw-wegen-sklavenarbeit-zu-millionenstrafe-verurteilt\/\",\"url\":\"https:\/\/vof-news.eu\/de\/vw-wegen-sklavenarbeit-zu-millionenstrafe-verurteilt\/\",\"name\":\"VW wegen Sklavenarbeit zu Millionenstrafe verurteilt - vof-news.eu\",\"isPartOf\":{\"@id\":\"https:\/\/vof-news.eu\/de\/#website\"},\"primaryImageOfPage\":{\"@id\":\"https:\/\/vof-news.eu\/de\/vw-wegen-sklavenarbeit-zu-millionenstrafe-verurteilt\/#primaryimage\"},\"image\":{\"@id\":\"https:\/\/vof-news.eu\/de\/vw-wegen-sklavenarbeit-zu-millionenstrafe-verurteilt\/#primaryimage\"},\"thumbnailUrl\":\"https:\/\/vof-news.eu\/wp-content\/uploads\/2025\/08\/valongo-slave-wharf-in-rio-de-janeiro-named-unesco-world-heritage-site-1.webp\",\"datePublished\":\"2025-08-30T02:26:11+00:00\",\"dateModified\":\"2025-08-30T02:26:33+00:00\",\"author\":{\"@id\":\"https:\/\/vof-news.eu\/de\/#\/schema\/person\/f6a2a4309f0561835797fd8c19b333ed\"},\"description\":\"Die Vergangenheit holt Volkswagen ein. Das brasilianische Arbeitsgericht hat den deutschen Auto-Konzern zur Zahlung von 165 Millionen Reais, das sind etwa 30 Millionen US-Dollar, verurteilt. Grund ist kollektiver immaterieller Schaden, nachdem Arbeiter in den 70er- und 80er-Jahren auf einer firmeneigenen Farm im Amazonasgebiet unter sklaven\u00e4hnlichen Bedingungen arbeiten mussten. Bereits 2019 hatte die Staatsanwaltschaft eine Untersuchung eingeleitet, nachdem sie umfangreiche Unterlagen von einem \u00f6rtlichen Priester erhalten hatte, der den Fall seit Jahrzehnten verfolgt hatte. Nach weiteren Ermittlungen und Zeugenaussagen erhob sie 2024 offiziell Anklage gegen Volkswagen.System der SchuldknechtschaftHunderte von Arbeitern seien zwischen 1974 und 1986 auf einer Farm im Bundesstaat Para, die Volkswagen \u00fcber eine Tochtergesellschaft geh\u00f6rte, menschenunw\u00fcrdigen Bedingungen ausgesetzt gewesen. Urspr\u00fcnglich wurde die Farm f\u00fcr Viehzucht und Holzeinschlag genutzt.Laut Gerichtsakten wurden etwa 300 Arbeiter mit irregul\u00e4ren Vertr\u00e4gen eingestellt, um den Wald zu roden und Weideland anzulegen. Sie wurden von bewaffneten Wachen \u00fcberwacht, lebten in prek\u00e4ren Unterk\u00fcnften, erhielten unzureichende Verpflegung und wurden durch ein System der Schuldknechtschaft gezwungen, auf der Farm zu bleiben. Selbst diejenigen, die an Malaria erkrankten, erhielten keine medizinische Versorgung, so die Anklage.\u201eDiese Praktiken stellten einen der gr\u00f6\u00dften F\u00e4lle von Sklavenarbeit in der j\u00fcngeren Geschichte Brasiliens dar\u201c, erkl\u00e4rte die Arbeitsstaatsanwaltschaft in einer Stellungnahme.In seinem Urteil erkl\u00e4rte Richter Otavio Bruno da Silva Ferreira, dass Beweise best\u00e4tigten, dass die Farm Volkswagen geh\u00f6rte und dass die Bedingungen der gesetzlichen Definition von Sklavenarbeit entsprachen.\u201eSklaverei ist eine \u201agegenw\u00e4rtige Vergangenheit\u2018, weil ihre Spuren in der brasilianischen Gesellschaft, insbesondere in den Arbeitsbeziehungen, erhalten geblieben sind\u201c, schrieb Ferreira. Wiederherstellung der ErinnerungEr f\u00fcgte hinzu, dass das Erbe des kolonialen Sklavensystems Brasiliens weiterhin die sozialen Strukturen pr\u00e4ge und dass die Wiederherstellung dieser Erinnerung unerl\u00e4sslich sei, um die aktuellen Realit\u00e4ten zu verstehen und Urteile gegen Diskriminierung zu f\u00e4llen.Die brasilianische Zentrale von Volkswagen erkl\u00e4rte in einer Stellungnahme, dass sie gegen das Urteil Berufung einlegen werde. Das Unternehmen stellte fest, es habe in den 72 Jahren seiner T\u00e4tigkeit in Brasilien \u201ekonsequent die Grunds\u00e4tze der Menschenw\u00fcrde verteidigt und alle geltenden Arbeitsgesetze und -vorschriften strikt eingehalten.\u201c\u201eVolkswagen bekr\u00e4ftigt sein unersch\u00fctterliches Bekenntnis zur sozialen Verantwortung, die untrennbar mit seinem Verhalten als juristische Person und Arbeitgeber verbunden ist\u201c, erkl\u00e4rte das Unternehmen.Nach Sch\u00e4tzungen der Datenbank \u201eTrans-Atlantic Slave Trade\u201c versklavte Brasilien mehr Menschen aus Afrika als jedes andere Land. Es war das letzte Land der westlichen Hemisph\u00e4re, das 1888 die Sklaverei abschaffte.\",\"breadcrumb\":{\"@id\":\"https:\/\/vof-news.eu\/de\/vw-wegen-sklavenarbeit-zu-millionenstrafe-verurteilt\/#breadcrumb\"},\"inLanguage\":\"de\",\"potentialAction\":[{\"@type\":\"ReadAction\",\"target\":[\"https:\/\/vof-news.eu\/de\/vw-wegen-sklavenarbeit-zu-millionenstrafe-verurteilt\/\"]}]},{\"@type\":\"ImageObject\",\"inLanguage\":\"de\",\"@id\":\"https:\/\/vof-news.eu\/de\/vw-wegen-sklavenarbeit-zu-millionenstrafe-verurteilt\/#primaryimage\",\"url\":\"https:\/\/vof-news.eu\/wp-content\/uploads\/2025\/08\/valongo-slave-wharf-in-rio-de-janeiro-named-unesco-world-heritage-site-1.webp\",\"contentUrl\":\"https:\/\/vof-news.eu\/wp-content\/uploads\/2025\/08\/valongo-slave-wharf-in-rio-de-janeiro-named-unesco-world-heritage-site-1.webp\",\"width\":1200,\"height\":574},{\"@type\":\"BreadcrumbList\",\"@id\":\"https:\/\/vof-news.eu\/de\/vw-wegen-sklavenarbeit-zu-millionenstrafe-verurteilt\/#breadcrumb\",\"itemListElement\":[{\"@type\":\"ListItem\",\"position\":1,\"name\":\"Home\",\"item\":\"https:\/\/vof-news.eu\/de\/\"},{\"@type\":\"ListItem\",\"position\":2,\"name\":\"VW wegen Sklavenarbeit zu Millionenstrafe verurteilt\"}]},{\"@type\":\"WebSite\",\"@id\":\"https:\/\/vof-news.eu\/de\/#website\",\"url\":\"https:\/\/vof-news.eu\/de\/\",\"name\":\"vof-news.eu\",\"description\":\"\",\"potentialAction\":[{\"@type\":\"SearchAction\",\"target\":{\"@type\":\"EntryPoint\",\"urlTemplate\":\"https:\/\/vof-news.eu\/de\/?s={search_term_string}\"},\"query-input\":\"required name=search_term_string\"}],\"inLanguage\":\"de\"},{\"@type\":\"Person\",\"@id\":\"https:\/\/vof-news.eu\/de\/#\/schema\/person\/f6a2a4309f0561835797fd8c19b333ed\",\"name\":\"Author\",\"image\":{\"@type\":\"ImageObject\",\"inLanguage\":\"de\",\"@id\":\"https:\/\/vof-news.eu\/de\/#\/schema\/person\/image\/\",\"url\":\"https:\/\/secure.gravatar.com\/avatar\/b67e614b1b25b3e9c0c239efdd2fde5ab015b5affd6f1c3c85911ca4b384e790?s=96&d=mm&r=g\",\"contentUrl\":\"https:\/\/secure.gravatar.com\/avatar\/b67e614b1b25b3e9c0c239efdd2fde5ab015b5affd6f1c3c85911ca4b384e790?s=96&d=mm&r=g\",\"caption\":\"Author\"},\"sameAs\":[\"http:\/\/vof-news.eu\"],\"url\":\"https:\/\/vof-news.eu\/de\/author\/zwt6qxnjulxbnyg\/\"}]}<\/script>\n<!-- \/ Yoast SEO plugin. -->","yoast_head_json":{"title":"VW wegen Sklavenarbeit zu Millionenstrafe verurteilt - vof-news.eu","description":"Die Vergangenheit holt Volkswagen ein. Das brasilianische Arbeitsgericht hat den deutschen Auto-Konzern zur Zahlung von 165 Millionen Reais, das sind etwa 30 Millionen US-Dollar, verurteilt. Grund ist kollektiver immaterieller Schaden, nachdem Arbeiter in den 70er- und 80er-Jahren auf einer firmeneigenen Farm im Amazonasgebiet unter sklaven\u00e4hnlichen Bedingungen arbeiten mussten. Bereits 2019 hatte die Staatsanwaltschaft eine Untersuchung eingeleitet, nachdem sie umfangreiche Unterlagen von einem \u00f6rtlichen Priester erhalten hatte, der den Fall seit Jahrzehnten verfolgt hatte. Nach weiteren Ermittlungen und Zeugenaussagen erhob sie 2024 offiziell Anklage gegen Volkswagen.System der SchuldknechtschaftHunderte von Arbeitern seien zwischen 1974 und 1986 auf einer Farm im Bundesstaat Para, die Volkswagen \u00fcber eine Tochtergesellschaft geh\u00f6rte, menschenunw\u00fcrdigen Bedingungen ausgesetzt gewesen. Urspr\u00fcnglich wurde die Farm f\u00fcr Viehzucht und Holzeinschlag genutzt.Laut Gerichtsakten wurden etwa 300 Arbeiter mit irregul\u00e4ren Vertr\u00e4gen eingestellt, um den Wald zu roden und Weideland anzulegen. Sie wurden von bewaffneten Wachen \u00fcberwacht, lebten in prek\u00e4ren Unterk\u00fcnften, erhielten unzureichende Verpflegung und wurden durch ein System der Schuldknechtschaft gezwungen, auf der Farm zu bleiben. Selbst diejenigen, die an Malaria erkrankten, erhielten keine medizinische Versorgung, so die Anklage.\u201eDiese Praktiken stellten einen der gr\u00f6\u00dften F\u00e4lle von Sklavenarbeit in der j\u00fcngeren Geschichte Brasiliens dar\u201c, erkl\u00e4rte die Arbeitsstaatsanwaltschaft in einer Stellungnahme.In seinem Urteil erkl\u00e4rte Richter Otavio Bruno da Silva Ferreira, dass Beweise best\u00e4tigten, dass die Farm Volkswagen geh\u00f6rte und dass die Bedingungen der gesetzlichen Definition von Sklavenarbeit entsprachen.\u201eSklaverei ist eine \u201agegenw\u00e4rtige Vergangenheit\u2018, weil ihre Spuren in der brasilianischen Gesellschaft, insbesondere in den Arbeitsbeziehungen, erhalten geblieben sind\u201c, schrieb Ferreira. Wiederherstellung der ErinnerungEr f\u00fcgte hinzu, dass das Erbe des kolonialen Sklavensystems Brasiliens weiterhin die sozialen Strukturen pr\u00e4ge und dass die Wiederherstellung dieser Erinnerung unerl\u00e4sslich sei, um die aktuellen Realit\u00e4ten zu verstehen und Urteile gegen Diskriminierung zu f\u00e4llen.Die brasilianische Zentrale von Volkswagen erkl\u00e4rte in einer Stellungnahme, dass sie gegen das Urteil Berufung einlegen werde. Das Unternehmen stellte fest, es habe in den 72 Jahren seiner T\u00e4tigkeit in Brasilien \u201ekonsequent die Grunds\u00e4tze der Menschenw\u00fcrde verteidigt und alle geltenden Arbeitsgesetze und -vorschriften strikt eingehalten.\u201c\u201eVolkswagen bekr\u00e4ftigt sein unersch\u00fctterliches Bekenntnis zur sozialen Verantwortung, die untrennbar mit seinem Verhalten als juristische Person und Arbeitgeber verbunden ist\u201c, erkl\u00e4rte das Unternehmen.Nach Sch\u00e4tzungen der Datenbank \u201eTrans-Atlantic Slave Trade\u201c versklavte Brasilien mehr Menschen aus Afrika als jedes andere Land. Es war das letzte Land der westlichen Hemisph\u00e4re, das 1888 die Sklaverei abschaffte.","robots":{"index":"noindex","follow":"follow","max-snippet":"max-snippet:-1","max-image-preview":"max-image-preview:large","max-video-preview":"max-video-preview:-1"},"og_locale":"de_DE","og_type":"article","og_title":"VW wegen Sklavenarbeit zu Millionenstrafe verurteilt - vof-news.eu","og_description":"Die Vergangenheit holt Volkswagen ein. Das brasilianische Arbeitsgericht hat den deutschen Auto-Konzern zur Zahlung von 165 Millionen Reais, das sind etwa 30 Millionen US-Dollar, verurteilt. Grund ist kollektiver immaterieller Schaden, nachdem Arbeiter in den 70er- und 80er-Jahren auf einer firmeneigenen Farm im Amazonasgebiet unter sklaven\u00e4hnlichen Bedingungen arbeiten mussten. Bereits 2019 hatte die Staatsanwaltschaft eine Untersuchung eingeleitet, nachdem sie umfangreiche Unterlagen von einem \u00f6rtlichen Priester erhalten hatte, der den Fall seit Jahrzehnten verfolgt hatte. Nach weiteren Ermittlungen und Zeugenaussagen erhob sie 2024 offiziell Anklage gegen Volkswagen.System der SchuldknechtschaftHunderte von Arbeitern seien zwischen 1974 und 1986 auf einer Farm im Bundesstaat Para, die Volkswagen \u00fcber eine Tochtergesellschaft geh\u00f6rte, menschenunw\u00fcrdigen Bedingungen ausgesetzt gewesen. Urspr\u00fcnglich wurde die Farm f\u00fcr Viehzucht und Holzeinschlag genutzt.Laut Gerichtsakten wurden etwa 300 Arbeiter mit irregul\u00e4ren Vertr\u00e4gen eingestellt, um den Wald zu roden und Weideland anzulegen. Sie wurden von bewaffneten Wachen \u00fcberwacht, lebten in prek\u00e4ren Unterk\u00fcnften, erhielten unzureichende Verpflegung und wurden durch ein System der Schuldknechtschaft gezwungen, auf der Farm zu bleiben. Selbst diejenigen, die an Malaria erkrankten, erhielten keine medizinische Versorgung, so die Anklage.\u201eDiese Praktiken stellten einen der gr\u00f6\u00dften F\u00e4lle von Sklavenarbeit in der j\u00fcngeren Geschichte Brasiliens dar\u201c, erkl\u00e4rte die Arbeitsstaatsanwaltschaft in einer Stellungnahme.In seinem Urteil erkl\u00e4rte Richter Otavio Bruno da Silva Ferreira, dass Beweise best\u00e4tigten, dass die Farm Volkswagen geh\u00f6rte und dass die Bedingungen der gesetzlichen Definition von Sklavenarbeit entsprachen.\u201eSklaverei ist eine \u201agegenw\u00e4rtige Vergangenheit\u2018, weil ihre Spuren in der brasilianischen Gesellschaft, insbesondere in den Arbeitsbeziehungen, erhalten geblieben sind\u201c, schrieb Ferreira. Wiederherstellung der ErinnerungEr f\u00fcgte hinzu, dass das Erbe des kolonialen Sklavensystems Brasiliens weiterhin die sozialen Strukturen pr\u00e4ge und dass die Wiederherstellung dieser Erinnerung unerl\u00e4sslich sei, um die aktuellen Realit\u00e4ten zu verstehen und Urteile gegen Diskriminierung zu f\u00e4llen.Die brasilianische Zentrale von Volkswagen erkl\u00e4rte in einer Stellungnahme, dass sie gegen das Urteil Berufung einlegen werde. Das Unternehmen stellte fest, es habe in den 72 Jahren seiner T\u00e4tigkeit in Brasilien \u201ekonsequent die Grunds\u00e4tze der Menschenw\u00fcrde verteidigt und alle geltenden Arbeitsgesetze und -vorschriften strikt eingehalten.\u201c\u201eVolkswagen bekr\u00e4ftigt sein unersch\u00fctterliches Bekenntnis zur sozialen Verantwortung, die untrennbar mit seinem Verhalten als juristische Person und Arbeitgeber verbunden ist\u201c, erkl\u00e4rte das Unternehmen.Nach Sch\u00e4tzungen der Datenbank \u201eTrans-Atlantic Slave Trade\u201c versklavte Brasilien mehr Menschen aus Afrika als jedes andere Land. Es war das letzte Land der westlichen Hemisph\u00e4re, das 1888 die Sklaverei abschaffte.","og_url":"https:\/\/vof-news.eu\/de\/vw-wegen-sklavenarbeit-zu-millionenstrafe-verurteilt\/","og_site_name":"vof-news.eu","article_published_time":"2025-08-30T02:26:11+00:00","article_modified_time":"2025-08-30T02:26:33+00:00","og_image":[{"width":1200,"height":574,"url":"https:\/\/vof-news.eu\/wp-content\/uploads\/2025\/08\/valongo-slave-wharf-in-rio-de-janeiro-named-unesco-world-heritage-site-1.webp","type":"image\/webp"}],"author":"Author","twitter_card":"summary_large_image","twitter_misc":{"Verfasst von":"Author","Gesch\u00e4tzte Lesezeit":"2\u00a0Minuten"},"schema":{"@context":"https:\/\/schema.org","@graph":[{"@type":"WebPage","@id":"https:\/\/vof-news.eu\/de\/vw-wegen-sklavenarbeit-zu-millionenstrafe-verurteilt\/","url":"https:\/\/vof-news.eu\/de\/vw-wegen-sklavenarbeit-zu-millionenstrafe-verurteilt\/","name":"VW wegen Sklavenarbeit zu Millionenstrafe verurteilt - vof-news.eu","isPartOf":{"@id":"https:\/\/vof-news.eu\/de\/#website"},"primaryImageOfPage":{"@id":"https:\/\/vof-news.eu\/de\/vw-wegen-sklavenarbeit-zu-millionenstrafe-verurteilt\/#primaryimage"},"image":{"@id":"https:\/\/vof-news.eu\/de\/vw-wegen-sklavenarbeit-zu-millionenstrafe-verurteilt\/#primaryimage"},"thumbnailUrl":"https:\/\/vof-news.eu\/wp-content\/uploads\/2025\/08\/valongo-slave-wharf-in-rio-de-janeiro-named-unesco-world-heritage-site-1.webp","datePublished":"2025-08-30T02:26:11+00:00","dateModified":"2025-08-30T02:26:33+00:00","author":{"@id":"https:\/\/vof-news.eu\/de\/#\/schema\/person\/f6a2a4309f0561835797fd8c19b333ed"},"description":"Die Vergangenheit holt Volkswagen ein. Das brasilianische Arbeitsgericht hat den deutschen Auto-Konzern zur Zahlung von 165 Millionen Reais, das sind etwa 30 Millionen US-Dollar, verurteilt. Grund ist kollektiver immaterieller Schaden, nachdem Arbeiter in den 70er- und 80er-Jahren auf einer firmeneigenen Farm im Amazonasgebiet unter sklaven\u00e4hnlichen Bedingungen arbeiten mussten. Bereits 2019 hatte die Staatsanwaltschaft eine Untersuchung eingeleitet, nachdem sie umfangreiche Unterlagen von einem \u00f6rtlichen Priester erhalten hatte, der den Fall seit Jahrzehnten verfolgt hatte. Nach weiteren Ermittlungen und Zeugenaussagen erhob sie 2024 offiziell Anklage gegen Volkswagen.System der SchuldknechtschaftHunderte von Arbeitern seien zwischen 1974 und 1986 auf einer Farm im Bundesstaat Para, die Volkswagen \u00fcber eine Tochtergesellschaft geh\u00f6rte, menschenunw\u00fcrdigen Bedingungen ausgesetzt gewesen. Urspr\u00fcnglich wurde die Farm f\u00fcr Viehzucht und Holzeinschlag genutzt.Laut Gerichtsakten wurden etwa 300 Arbeiter mit irregul\u00e4ren Vertr\u00e4gen eingestellt, um den Wald zu roden und Weideland anzulegen. Sie wurden von bewaffneten Wachen \u00fcberwacht, lebten in prek\u00e4ren Unterk\u00fcnften, erhielten unzureichende Verpflegung und wurden durch ein System der Schuldknechtschaft gezwungen, auf der Farm zu bleiben. Selbst diejenigen, die an Malaria erkrankten, erhielten keine medizinische Versorgung, so die Anklage.\u201eDiese Praktiken stellten einen der gr\u00f6\u00dften F\u00e4lle von Sklavenarbeit in der j\u00fcngeren Geschichte Brasiliens dar\u201c, erkl\u00e4rte die Arbeitsstaatsanwaltschaft in einer Stellungnahme.In seinem Urteil erkl\u00e4rte Richter Otavio Bruno da Silva Ferreira, dass Beweise best\u00e4tigten, dass die Farm Volkswagen geh\u00f6rte und dass die Bedingungen der gesetzlichen Definition von Sklavenarbeit entsprachen.\u201eSklaverei ist eine \u201agegenw\u00e4rtige Vergangenheit\u2018, weil ihre Spuren in der brasilianischen Gesellschaft, insbesondere in den Arbeitsbeziehungen, erhalten geblieben sind\u201c, schrieb Ferreira. Wiederherstellung der ErinnerungEr f\u00fcgte hinzu, dass das Erbe des kolonialen Sklavensystems Brasiliens weiterhin die sozialen Strukturen pr\u00e4ge und dass die Wiederherstellung dieser Erinnerung unerl\u00e4sslich sei, um die aktuellen Realit\u00e4ten zu verstehen und Urteile gegen Diskriminierung zu f\u00e4llen.Die brasilianische Zentrale von Volkswagen erkl\u00e4rte in einer Stellungnahme, dass sie gegen das Urteil Berufung einlegen werde. Das Unternehmen stellte fest, es habe in den 72 Jahren seiner T\u00e4tigkeit in Brasilien \u201ekonsequent die Grunds\u00e4tze der Menschenw\u00fcrde verteidigt und alle geltenden Arbeitsgesetze und -vorschriften strikt eingehalten.\u201c\u201eVolkswagen bekr\u00e4ftigt sein unersch\u00fctterliches Bekenntnis zur sozialen Verantwortung, die untrennbar mit seinem Verhalten als juristische Person und Arbeitgeber verbunden ist\u201c, erkl\u00e4rte das Unternehmen.Nach Sch\u00e4tzungen der Datenbank \u201eTrans-Atlantic Slave Trade\u201c versklavte Brasilien mehr Menschen aus Afrika als jedes andere Land. Es war das letzte Land der westlichen Hemisph\u00e4re, das 1888 die Sklaverei abschaffte.","breadcrumb":{"@id":"https:\/\/vof-news.eu\/de\/vw-wegen-sklavenarbeit-zu-millionenstrafe-verurteilt\/#breadcrumb"},"inLanguage":"de","potentialAction":[{"@type":"ReadAction","target":["https:\/\/vof-news.eu\/de\/vw-wegen-sklavenarbeit-zu-millionenstrafe-verurteilt\/"]}]},{"@type":"ImageObject","inLanguage":"de","@id":"https:\/\/vof-news.eu\/de\/vw-wegen-sklavenarbeit-zu-millionenstrafe-verurteilt\/#primaryimage","url":"https:\/\/vof-news.eu\/wp-content\/uploads\/2025\/08\/valongo-slave-wharf-in-rio-de-janeiro-named-unesco-world-heritage-site-1.webp","contentUrl":"https:\/\/vof-news.eu\/wp-content\/uploads\/2025\/08\/valongo-slave-wharf-in-rio-de-janeiro-named-unesco-world-heritage-site-1.webp","width":1200,"height":574},{"@type":"BreadcrumbList","@id":"https:\/\/vof-news.eu\/de\/vw-wegen-sklavenarbeit-zu-millionenstrafe-verurteilt\/#breadcrumb","itemListElement":[{"@type":"ListItem","position":1,"name":"Home","item":"https:\/\/vof-news.eu\/de\/"},{"@type":"ListItem","position":2,"name":"VW wegen Sklavenarbeit zu Millionenstrafe verurteilt"}]},{"@type":"WebSite","@id":"https:\/\/vof-news.eu\/de\/#website","url":"https:\/\/vof-news.eu\/de\/","name":"vof-news.eu","description":"","potentialAction":[{"@type":"SearchAction","target":{"@type":"EntryPoint","urlTemplate":"https:\/\/vof-news.eu\/de\/?s={search_term_string}"},"query-input":"required name=search_term_string"}],"inLanguage":"de"},{"@type":"Person","@id":"https:\/\/vof-news.eu\/de\/#\/schema\/person\/f6a2a4309f0561835797fd8c19b333ed","name":"Author","image":{"@type":"ImageObject","inLanguage":"de","@id":"https:\/\/vof-news.eu\/de\/#\/schema\/person\/image\/","url":"https:\/\/secure.gravatar.com\/avatar\/b67e614b1b25b3e9c0c239efdd2fde5ab015b5affd6f1c3c85911ca4b384e790?s=96&d=mm&r=g","contentUrl":"https:\/\/secure.gravatar.com\/avatar\/b67e614b1b25b3e9c0c239efdd2fde5ab015b5affd6f1c3c85911ca4b384e790?s=96&d=mm&r=g","caption":"Author"},"sameAs":["http:\/\/vof-news.eu"],"url":"https:\/\/vof-news.eu\/de\/author\/zwt6qxnjulxbnyg\/"}]}},"yoast_meta":{"yoast_wpseo_title":"","yoast_wpseo_metadesc":"","yoast_wpseo_canonical":""},"_links":{"self":[{"href":"https:\/\/vof-news.eu\/de\/wp-json\/wp\/v2\/posts\/269243","targetHints":{"allow":["GET"]}}],"collection":[{"href":"https:\/\/vof-news.eu\/de\/wp-json\/wp\/v2\/posts"}],"about":[{"href":"https:\/\/vof-news.eu\/de\/wp-json\/wp\/v2\/types\/post"}],"author":[{"embeddable":true,"href":"https:\/\/vof-news.eu\/de\/wp-json\/wp\/v2\/users\/1"}],"replies":[{"embeddable":true,"href":"https:\/\/vof-news.eu\/de\/wp-json\/wp\/v2\/comments?post=269243"}],"version-history":[{"count":1,"href":"https:\/\/vof-news.eu\/de\/wp-json\/wp\/v2\/posts\/269243\/revisions"}],"predecessor-version":[{"id":269250,"href":"https:\/\/vof-news.eu\/de\/wp-json\/wp\/v2\/posts\/269243\/revisions\/269250"}],"wp:featuredmedia":[{"embeddable":true,"href":"https:\/\/vof-news.eu\/de\/wp-json\/wp\/v2\/media\/269244"}],"wp:attachment":[{"href":"https:\/\/vof-news.eu\/de\/wp-json\/wp\/v2\/media?parent=269243"}],"wp:term":[{"taxonomy":"category","embeddable":true,"href":"https:\/\/vof-news.eu\/de\/wp-json\/wp\/v2\/categories?post=269243"},{"taxonomy":"post_tag","embeddable":true,"href":"https:\/\/vof-news.eu\/de\/wp-json\/wp\/v2\/tags?post=269243"}],"curies":[{"name":"wp","href":"https:\/\/api.w.org\/{rel}","templated":true}]}}