{"id":269195,"date":"2025-08-29T21:28:12","date_gmt":"2025-08-29T18:28:12","guid":{"rendered":"https:\/\/vof-news.eu\/eu-staaten-erwagen-ausbildung-von-ukrainischen-soldaten-in-der-ukraine\/"},"modified":"2025-08-29T21:29:16","modified_gmt":"2025-08-29T18:29:16","slug":"eu-staaten-erwagen-ausbildung-von-ukrainischen-soldaten-in-der-ukraine","status":"publish","type":"post","link":"https:\/\/vof-news.eu\/de\/eu-staaten-erwagen-ausbildung-von-ukrainischen-soldaten-in-der-ukraine\/","title":{"rendered":"EU-Staaten erw\u00e4gen Ausbildung von ukrainischen Soldaten in der Ukraine"},"content":{"rendered":"<div>\n<p>Die EU-Au\u00dfenbeauftragte Kaja Kallas ist \u00fcberzeugt, dass es in der Europ\u00e4ischen Union eine Mehrheit daf\u00fcr gibt, im Fall eines Friedensabkommens zwischen der <span><a href=\"https:\/\/www.zeit.de\/politik\/ausland\/ukraine-krieg-news-liveblog\" rel=\"nofollow\">Ukraine<\/a><\/span> und Russland k\u00fcnftig auch Soldaten in der Ukraine auszubilden. &#8222;Ich begr\u00fc\u00dfe, dass es heute eine breite Unterst\u00fctzung daf\u00fcr gibt, das Mandat unserer EU-Milit\u00e4rmission zu erweitern, um nach einem Waffenstillstand Ausbildung und Beratung innerhalb der Ukraine anzubieten&#8220;, sagte Kallas nach einem Treffen der EU-Verteidigungsminister in Kopenhagen.\n<\/p>\n<p>Kallas zufolge k\u00f6nnte dieser Schritt Teil umfassender westlicher Sicherheitsgarantien f\u00fcr die Ukraine sein, um eine m\u00f6gliche Waffenruhe mit <span><a href=\"https:\/\/www.zeit.de\/thema\/russland\" rel=\"nofollow\">Russland<\/a><\/span> abzusichern. &#8222;Wir m\u00fcssen bereit sein, mehr zu tun.&#8220; Dazu k\u00f6nne auch die Entsendung von EU-Ausbildern an ukrainische Milit\u00e4rakademien und -einrichtungen geh\u00f6ren.\n<\/p>\n<h2>EU-Verteidigungsminister beraten auch \u00fcber Milit\u00e4rhilfen und Sicherheitsgarantien<\/h2>\n<p>Bislang wurden bereits mehr als 80.000 ukrainische Soldaten von EU-Staaten ausgebildet \u2013 allerdings au\u00dferhalb des ukrainischen Territoriums.\n<\/p>\n<p>Dar\u00fcber hinaus haben die EU-Verteidigungsminister auch \u00fcber weitere Milit\u00e4rhilfen f\u00fcr die Ukraine und die Verteidigungsbereitschaft der <span><a href=\"https:\/\/www.zeit.de\/thema\/europaeische-union\" rel=\"nofollow\">EU<\/a><\/span> beraten. Dabei waren auch m\u00f6gliche <a href=\"https:\/\/www.zeit.de\/politik\/ausland\/2025-08\/ministerrat-in-toulon-friedrich-merz-emmanuel-macron\" rel=\"nofollow\">Sicherheitsgarantien f\u00fcr die Ukraine<\/a> im Falle einer Friedensl\u00f6sung im Krieg gegen Russland Thema.\n<\/p>\n<p>Die diplomatischen Bem\u00fchungen westlicher Staaten um einen Frieden blieben bislang ergebnislos. Auch das Treffen zwischen dem <a href=\"https:\/\/www.zeit.de\/kultur\/2025-08\/ivan-krastev-wladimir-putin-donald-trump-strategie\" rel=\"nofollow\">US-Pr\u00e4sidenten Donald Trump<\/a> und dem russischen Pr\u00e4sidenten Wladimir Putin Mitte des Monats in Alaska <a href=\"https:\/\/www.zeit.de\/politik\/ausland\/2025-08\/krieg-ukraine-russland-wladmir-putin-kriegsfuehrung\" rel=\"nofollow\">brachte keinen Durchbruch<\/a>.\n<\/p>\n<\/div>\n","protected":false},"excerpt":{"rendered":"<p>Die EU-Au\u00dfenbeauftragte Kaja Kallas ist \u00fcberzeugt, dass es in der Europ\u00e4ischen Union eine Mehrheit daf\u00fcr gibt, im Fall eines Friedensabkommens zwischen der Ukraine und Russland k\u00fcnftig auch Soldaten in der Ukraine auszubilden. &#8222;Ich begr\u00fc\u00dfe, dass es heute eine breite Unterst\u00fctzung daf\u00fcr gibt, das Mandat unserer EU-Milit\u00e4rmission zu erweitern, um nach einem Waffenstillstand Ausbildung und Beratung<\/p>\n","protected":false},"author":1,"featured_media":269196,"comment_status":"open","ping_status":"open","sticky":false,"template":"","format":"standard","meta":{"footnotes":""},"categories":[116],"tags":[],"class_list":["post-269195","post","type-post","status-publish","format-standard","has-post-thumbnail","hentry","category-war-chronicles-de"],"acf":[],"yoast_head":"<!-- This site is optimized with the Yoast SEO plugin v22.9 - https:\/\/yoast.com\/wordpress\/plugins\/seo\/ -->\n<title>EU-Staaten erw\u00e4gen Ausbildung von ukrainischen Soldaten in der Ukraine - vof-news.eu<\/title>\n<meta name=\"description\" content=\"Die EU-Au\u00dfenbeauftragte Kaja Kallas ist \u00fcberzeugt, dass es in der Europ\u00e4ischen Union eine Mehrheit daf\u00fcr gibt, im Fall eines Friedensabkommens zwischen der Ukraine und Russland k\u00fcnftig auch Soldaten in der Ukraine auszubilden. &quot;Ich begr\u00fc\u00dfe, dass es heute eine breite Unterst\u00fctzung daf\u00fcr gibt, das Mandat unserer EU-Milit\u00e4rmission zu erweitern, um nach einem Waffenstillstand Ausbildung und Beratung innerhalb der Ukraine anzubieten&quot;, sagte Kallas nach einem Treffen der EU-Verteidigungsminister in Kopenhagen.\" \/>\n<meta name=\"robots\" content=\"noindex, follow, max-snippet:-1, max-image-preview:large, max-video-preview:-1\" \/>\n<meta property=\"og:locale\" content=\"de_DE\" \/>\n<meta property=\"og:type\" content=\"article\" \/>\n<meta property=\"og:title\" content=\"EU-Staaten erw\u00e4gen Ausbildung von ukrainischen Soldaten in der Ukraine - vof-news.eu\" \/>\n<meta property=\"og:description\" content=\"Die EU-Au\u00dfenbeauftragte Kaja Kallas ist \u00fcberzeugt, dass es in der Europ\u00e4ischen Union eine Mehrheit daf\u00fcr gibt, im Fall eines Friedensabkommens zwischen der Ukraine und Russland k\u00fcnftig auch Soldaten in der Ukraine auszubilden. &quot;Ich begr\u00fc\u00dfe, dass es heute eine breite Unterst\u00fctzung daf\u00fcr gibt, das Mandat unserer EU-Milit\u00e4rmission zu erweitern, um nach einem Waffenstillstand Ausbildung und Beratung innerhalb der Ukraine anzubieten&quot;, sagte Kallas nach einem Treffen der EU-Verteidigungsminister in Kopenhagen.\" \/>\n<meta property=\"og:url\" content=\"https:\/\/vof-news.eu\/de\/eu-staaten-erwagen-ausbildung-von-ukrainischen-soldaten-in-der-ukraine\/\" \/>\n<meta property=\"og:site_name\" content=\"vof-news.eu\" \/>\n<meta property=\"article:published_time\" content=\"2025-08-29T18:28:12+00:00\" \/>\n<meta property=\"article:modified_time\" content=\"2025-08-29T18:29:16+00:00\" \/>\n<meta property=\"og:image\" content=\"https:\/\/vof-news.eu\/wp-content\/uploads\/2025\/08\/wide__1000x562-104.jpg\" \/>\n\t<meta property=\"og:image:width\" content=\"1000\" \/>\n\t<meta property=\"og:image:height\" content=\"562\" \/>\n\t<meta property=\"og:image:type\" content=\"image\/jpeg\" \/>\n<meta name=\"author\" content=\"Author\" \/>\n<meta name=\"twitter:card\" content=\"summary_large_image\" \/>\n<meta name=\"twitter:label1\" content=\"Verfasst von\" \/>\n\t<meta name=\"twitter:data1\" content=\"Author\" \/>\n\t<meta name=\"twitter:label2\" content=\"Gesch\u00e4tzte Lesezeit\" \/>\n\t<meta name=\"twitter:data2\" content=\"1\u00a0Minute\" \/>\n<script type=\"application\/ld+json\" class=\"yoast-schema-graph\">{\"@context\":\"https:\/\/schema.org\",\"@graph\":[{\"@type\":\"WebPage\",\"@id\":\"https:\/\/vof-news.eu\/de\/eu-staaten-erwagen-ausbildung-von-ukrainischen-soldaten-in-der-ukraine\/\",\"url\":\"https:\/\/vof-news.eu\/de\/eu-staaten-erwagen-ausbildung-von-ukrainischen-soldaten-in-der-ukraine\/\",\"name\":\"EU-Staaten erw\u00e4gen Ausbildung von ukrainischen Soldaten in der Ukraine - vof-news.eu\",\"isPartOf\":{\"@id\":\"https:\/\/vof-news.eu\/de\/#website\"},\"primaryImageOfPage\":{\"@id\":\"https:\/\/vof-news.eu\/de\/eu-staaten-erwagen-ausbildung-von-ukrainischen-soldaten-in-der-ukraine\/#primaryimage\"},\"image\":{\"@id\":\"https:\/\/vof-news.eu\/de\/eu-staaten-erwagen-ausbildung-von-ukrainischen-soldaten-in-der-ukraine\/#primaryimage\"},\"thumbnailUrl\":\"https:\/\/vof-news.eu\/wp-content\/uploads\/2025\/08\/wide__1000x562-104.jpg\",\"datePublished\":\"2025-08-29T18:28:12+00:00\",\"dateModified\":\"2025-08-29T18:29:16+00:00\",\"author\":{\"@id\":\"https:\/\/vof-news.eu\/de\/#\/schema\/person\/f6a2a4309f0561835797fd8c19b333ed\"},\"description\":\"Die EU-Au\u00dfenbeauftragte Kaja Kallas ist \u00fcberzeugt, dass es in der Europ\u00e4ischen Union eine Mehrheit daf\u00fcr gibt, im Fall eines Friedensabkommens zwischen der Ukraine und Russland k\u00fcnftig auch Soldaten in der Ukraine auszubilden. \\\"Ich begr\u00fc\u00dfe, dass es heute eine breite Unterst\u00fctzung daf\u00fcr gibt, das Mandat unserer EU-Milit\u00e4rmission zu erweitern, um nach einem Waffenstillstand Ausbildung und Beratung innerhalb der Ukraine anzubieten\\\", sagte Kallas nach einem Treffen der EU-Verteidigungsminister in Kopenhagen.\",\"breadcrumb\":{\"@id\":\"https:\/\/vof-news.eu\/de\/eu-staaten-erwagen-ausbildung-von-ukrainischen-soldaten-in-der-ukraine\/#breadcrumb\"},\"inLanguage\":\"de\",\"potentialAction\":[{\"@type\":\"ReadAction\",\"target\":[\"https:\/\/vof-news.eu\/de\/eu-staaten-erwagen-ausbildung-von-ukrainischen-soldaten-in-der-ukraine\/\"]}]},{\"@type\":\"ImageObject\",\"inLanguage\":\"de\",\"@id\":\"https:\/\/vof-news.eu\/de\/eu-staaten-erwagen-ausbildung-von-ukrainischen-soldaten-in-der-ukraine\/#primaryimage\",\"url\":\"https:\/\/vof-news.eu\/wp-content\/uploads\/2025\/08\/wide__1000x562-104.jpg\",\"contentUrl\":\"https:\/\/vof-news.eu\/wp-content\/uploads\/2025\/08\/wide__1000x562-104.jpg\",\"width\":1000,\"height\":562},{\"@type\":\"BreadcrumbList\",\"@id\":\"https:\/\/vof-news.eu\/de\/eu-staaten-erwagen-ausbildung-von-ukrainischen-soldaten-in-der-ukraine\/#breadcrumb\",\"itemListElement\":[{\"@type\":\"ListItem\",\"position\":1,\"name\":\"Home\",\"item\":\"https:\/\/vof-news.eu\/de\/\"},{\"@type\":\"ListItem\",\"position\":2,\"name\":\"EU-Staaten erw\u00e4gen Ausbildung von ukrainischen Soldaten in der Ukraine\"}]},{\"@type\":\"WebSite\",\"@id\":\"https:\/\/vof-news.eu\/de\/#website\",\"url\":\"https:\/\/vof-news.eu\/de\/\",\"name\":\"vof-news.eu\",\"description\":\"\",\"potentialAction\":[{\"@type\":\"SearchAction\",\"target\":{\"@type\":\"EntryPoint\",\"urlTemplate\":\"https:\/\/vof-news.eu\/de\/?s={search_term_string}\"},\"query-input\":\"required name=search_term_string\"}],\"inLanguage\":\"de\"},{\"@type\":\"Person\",\"@id\":\"https:\/\/vof-news.eu\/de\/#\/schema\/person\/f6a2a4309f0561835797fd8c19b333ed\",\"name\":\"Author\",\"image\":{\"@type\":\"ImageObject\",\"inLanguage\":\"de\",\"@id\":\"https:\/\/vof-news.eu\/de\/#\/schema\/person\/image\/\",\"url\":\"https:\/\/secure.gravatar.com\/avatar\/b67e614b1b25b3e9c0c239efdd2fde5ab015b5affd6f1c3c85911ca4b384e790?s=96&d=mm&r=g\",\"contentUrl\":\"https:\/\/secure.gravatar.com\/avatar\/b67e614b1b25b3e9c0c239efdd2fde5ab015b5affd6f1c3c85911ca4b384e790?s=96&d=mm&r=g\",\"caption\":\"Author\"},\"sameAs\":[\"http:\/\/vof-news.eu\"],\"url\":\"https:\/\/vof-news.eu\/de\/author\/zwt6qxnjulxbnyg\/\"}]}<\/script>\n<!-- \/ Yoast SEO plugin. -->","yoast_head_json":{"title":"EU-Staaten erw\u00e4gen Ausbildung von ukrainischen Soldaten in der Ukraine - vof-news.eu","description":"Die EU-Au\u00dfenbeauftragte Kaja Kallas ist \u00fcberzeugt, dass es in der Europ\u00e4ischen Union eine Mehrheit daf\u00fcr gibt, im Fall eines Friedensabkommens zwischen der Ukraine und Russland k\u00fcnftig auch Soldaten in der Ukraine auszubilden. \"Ich begr\u00fc\u00dfe, dass es heute eine breite Unterst\u00fctzung daf\u00fcr gibt, das Mandat unserer EU-Milit\u00e4rmission zu erweitern, um nach einem Waffenstillstand Ausbildung und Beratung innerhalb der Ukraine anzubieten\", sagte Kallas nach einem Treffen der EU-Verteidigungsminister in Kopenhagen.","robots":{"index":"noindex","follow":"follow","max-snippet":"max-snippet:-1","max-image-preview":"max-image-preview:large","max-video-preview":"max-video-preview:-1"},"og_locale":"de_DE","og_type":"article","og_title":"EU-Staaten erw\u00e4gen Ausbildung von ukrainischen Soldaten in der Ukraine - vof-news.eu","og_description":"Die EU-Au\u00dfenbeauftragte Kaja Kallas ist \u00fcberzeugt, dass es in der Europ\u00e4ischen Union eine Mehrheit daf\u00fcr gibt, im Fall eines Friedensabkommens zwischen der Ukraine und Russland k\u00fcnftig auch Soldaten in der Ukraine auszubilden. \"Ich begr\u00fc\u00dfe, dass es heute eine breite Unterst\u00fctzung daf\u00fcr gibt, das Mandat unserer EU-Milit\u00e4rmission zu erweitern, um nach einem Waffenstillstand Ausbildung und Beratung innerhalb der Ukraine anzubieten\", sagte Kallas nach einem Treffen der EU-Verteidigungsminister in Kopenhagen.","og_url":"https:\/\/vof-news.eu\/de\/eu-staaten-erwagen-ausbildung-von-ukrainischen-soldaten-in-der-ukraine\/","og_site_name":"vof-news.eu","article_published_time":"2025-08-29T18:28:12+00:00","article_modified_time":"2025-08-29T18:29:16+00:00","og_image":[{"width":1000,"height":562,"url":"https:\/\/vof-news.eu\/wp-content\/uploads\/2025\/08\/wide__1000x562-104.jpg","type":"image\/jpeg"}],"author":"Author","twitter_card":"summary_large_image","twitter_misc":{"Verfasst von":"Author","Gesch\u00e4tzte Lesezeit":"1\u00a0Minute"},"schema":{"@context":"https:\/\/schema.org","@graph":[{"@type":"WebPage","@id":"https:\/\/vof-news.eu\/de\/eu-staaten-erwagen-ausbildung-von-ukrainischen-soldaten-in-der-ukraine\/","url":"https:\/\/vof-news.eu\/de\/eu-staaten-erwagen-ausbildung-von-ukrainischen-soldaten-in-der-ukraine\/","name":"EU-Staaten erw\u00e4gen Ausbildung von ukrainischen Soldaten in der Ukraine - vof-news.eu","isPartOf":{"@id":"https:\/\/vof-news.eu\/de\/#website"},"primaryImageOfPage":{"@id":"https:\/\/vof-news.eu\/de\/eu-staaten-erwagen-ausbildung-von-ukrainischen-soldaten-in-der-ukraine\/#primaryimage"},"image":{"@id":"https:\/\/vof-news.eu\/de\/eu-staaten-erwagen-ausbildung-von-ukrainischen-soldaten-in-der-ukraine\/#primaryimage"},"thumbnailUrl":"https:\/\/vof-news.eu\/wp-content\/uploads\/2025\/08\/wide__1000x562-104.jpg","datePublished":"2025-08-29T18:28:12+00:00","dateModified":"2025-08-29T18:29:16+00:00","author":{"@id":"https:\/\/vof-news.eu\/de\/#\/schema\/person\/f6a2a4309f0561835797fd8c19b333ed"},"description":"Die EU-Au\u00dfenbeauftragte Kaja Kallas ist \u00fcberzeugt, dass es in der Europ\u00e4ischen Union eine Mehrheit daf\u00fcr gibt, im Fall eines Friedensabkommens zwischen der Ukraine und Russland k\u00fcnftig auch Soldaten in der Ukraine auszubilden. \"Ich begr\u00fc\u00dfe, dass es heute eine breite Unterst\u00fctzung daf\u00fcr gibt, das Mandat unserer EU-Milit\u00e4rmission zu erweitern, um nach einem Waffenstillstand Ausbildung und Beratung innerhalb der Ukraine anzubieten\", sagte Kallas nach einem Treffen der EU-Verteidigungsminister in Kopenhagen.","breadcrumb":{"@id":"https:\/\/vof-news.eu\/de\/eu-staaten-erwagen-ausbildung-von-ukrainischen-soldaten-in-der-ukraine\/#breadcrumb"},"inLanguage":"de","potentialAction":[{"@type":"ReadAction","target":["https:\/\/vof-news.eu\/de\/eu-staaten-erwagen-ausbildung-von-ukrainischen-soldaten-in-der-ukraine\/"]}]},{"@type":"ImageObject","inLanguage":"de","@id":"https:\/\/vof-news.eu\/de\/eu-staaten-erwagen-ausbildung-von-ukrainischen-soldaten-in-der-ukraine\/#primaryimage","url":"https:\/\/vof-news.eu\/wp-content\/uploads\/2025\/08\/wide__1000x562-104.jpg","contentUrl":"https:\/\/vof-news.eu\/wp-content\/uploads\/2025\/08\/wide__1000x562-104.jpg","width":1000,"height":562},{"@type":"BreadcrumbList","@id":"https:\/\/vof-news.eu\/de\/eu-staaten-erwagen-ausbildung-von-ukrainischen-soldaten-in-der-ukraine\/#breadcrumb","itemListElement":[{"@type":"ListItem","position":1,"name":"Home","item":"https:\/\/vof-news.eu\/de\/"},{"@type":"ListItem","position":2,"name":"EU-Staaten erw\u00e4gen Ausbildung von ukrainischen Soldaten in der Ukraine"}]},{"@type":"WebSite","@id":"https:\/\/vof-news.eu\/de\/#website","url":"https:\/\/vof-news.eu\/de\/","name":"vof-news.eu","description":"","potentialAction":[{"@type":"SearchAction","target":{"@type":"EntryPoint","urlTemplate":"https:\/\/vof-news.eu\/de\/?s={search_term_string}"},"query-input":"required name=search_term_string"}],"inLanguage":"de"},{"@type":"Person","@id":"https:\/\/vof-news.eu\/de\/#\/schema\/person\/f6a2a4309f0561835797fd8c19b333ed","name":"Author","image":{"@type":"ImageObject","inLanguage":"de","@id":"https:\/\/vof-news.eu\/de\/#\/schema\/person\/image\/","url":"https:\/\/secure.gravatar.com\/avatar\/b67e614b1b25b3e9c0c239efdd2fde5ab015b5affd6f1c3c85911ca4b384e790?s=96&d=mm&r=g","contentUrl":"https:\/\/secure.gravatar.com\/avatar\/b67e614b1b25b3e9c0c239efdd2fde5ab015b5affd6f1c3c85911ca4b384e790?s=96&d=mm&r=g","caption":"Author"},"sameAs":["http:\/\/vof-news.eu"],"url":"https:\/\/vof-news.eu\/de\/author\/zwt6qxnjulxbnyg\/"}]}},"yoast_meta":{"yoast_wpseo_title":"","yoast_wpseo_metadesc":"","yoast_wpseo_canonical":""},"_links":{"self":[{"href":"https:\/\/vof-news.eu\/de\/wp-json\/wp\/v2\/posts\/269195","targetHints":{"allow":["GET"]}}],"collection":[{"href":"https:\/\/vof-news.eu\/de\/wp-json\/wp\/v2\/posts"}],"about":[{"href":"https:\/\/vof-news.eu\/de\/wp-json\/wp\/v2\/types\/post"}],"author":[{"embeddable":true,"href":"https:\/\/vof-news.eu\/de\/wp-json\/wp\/v2\/users\/1"}],"replies":[{"embeddable":true,"href":"https:\/\/vof-news.eu\/de\/wp-json\/wp\/v2\/comments?post=269195"}],"version-history":[{"count":1,"href":"https:\/\/vof-news.eu\/de\/wp-json\/wp\/v2\/posts\/269195\/revisions"}],"predecessor-version":[{"id":269202,"href":"https:\/\/vof-news.eu\/de\/wp-json\/wp\/v2\/posts\/269195\/revisions\/269202"}],"wp:featuredmedia":[{"embeddable":true,"href":"https:\/\/vof-news.eu\/de\/wp-json\/wp\/v2\/media\/269196"}],"wp:attachment":[{"href":"https:\/\/vof-news.eu\/de\/wp-json\/wp\/v2\/media?parent=269195"}],"wp:term":[{"taxonomy":"category","embeddable":true,"href":"https:\/\/vof-news.eu\/de\/wp-json\/wp\/v2\/categories?post=269195"},{"taxonomy":"post_tag","embeddable":true,"href":"https:\/\/vof-news.eu\/de\/wp-json\/wp\/v2\/tags?post=269195"}],"curies":[{"name":"wp","href":"https:\/\/api.w.org\/{rel}","templated":true}]}}