{"id":268877,"date":"2025-08-29T03:28:08","date_gmt":"2025-08-29T00:28:08","guid":{"rendered":"https:\/\/vof-news.eu\/us-ausenministerium-genehmigt-waffenverkauf-an-die-ukraine\/"},"modified":"2025-08-29T03:28:59","modified_gmt":"2025-08-29T00:28:59","slug":"us-ausenministerium-genehmigt-waffenverkauf-an-die-ukraine","status":"publish","type":"post","link":"https:\/\/vof-news.eu\/de\/us-ausenministerium-genehmigt-waffenverkauf-an-die-ukraine\/","title":{"rendered":"US-Au\u00dfenministerium genehmigt Waffenverkauf an die Ukraine"},"content":{"rendered":"<div>\n<p>Das <span><a href=\"https:\/\/www.zeit.de\/thema\/aussenministerium-der-vereinigten-staaten\" rel=\"nofollow\">US-Au\u00dfenministerium<\/a><\/span> hat m\u00f6gliche Waffenlieferungen im<br \/>\nWert von fast einer Milliarde Dollar an die <a href=\"https:\/\/www.zeit.de\/politik\/ausland\/ukraine-krieg-news-liveblog\" rel=\"nofollow\">Ukraine<\/a> bewilligt. Wie das<br \/>\nMinisterium mitteilte, wurde der US-Kongress \u00fcber ein geplantes<br \/>\nR\u00fcstungsgesch\u00e4ft im Umfang von 825 Millionen Dollar (rund 706 Millionen Euro)<br \/>\ninformiert. Der Kongress muss der Transaktion noch zustimmen.\n<\/p>\n<p>Konkret geht es demnach um die Lieferung von 3.350<br \/>\nEram-Raketen, ebenso vielen GPS-Ger\u00e4ten, Ersatzteilen und weiterer Ausr\u00fcstung.<br \/>\nAuch Schulungen und technischer Support sind Teil des Pakets. Die Finanzierung<br \/>\nsoll durch eine US-Kreditgarantie sowie Beitr\u00e4ge der Nato-Verb\u00fcndeten D\u00e4nemark,<br \/>\nNorwegen und Niederlande erfolgen.\n<\/p>\n<p>&#8222;Dieser geplante Verkauf wird die au\u00dfenpolitischen und<br \/>\nnationalen Sicherheitsziele der Vereinigten Staaten unterst\u00fctzen, indem er die<br \/>\nSicherheit eines Partnerlandes verbessert, das in Europa f\u00fcr politische<br \/>\nStabilit\u00e4t und wirtschaftlichen Fortschritt sorgt&#8220;, hei\u00dft es in der<br \/>\nMitteilung des US-Au\u00dfenministeriums. Aus der Mitteilung geht nicht hervor, ob<br \/>\nein Vertrag unterzeichnet wurde oder dass die Verhandlungen abgeschlossen sind.\u00a0\u00a0\n<\/p>\n<p>Die K\u00e4ufe sollen im Rahmen eines im vergangenen Monat von<br \/>\nUS-Pr\u00e4sident <a href=\"https:\/\/www.zeit.de\/thema\/donald-trump\" rel=\"nofollow\">Donald Trump<\/a> und Nato-Generalsekret\u00e4r Mark Rutte vereinbarten<br \/>\nMechanismus erfolgen. Dabei bezahlen andere L\u00e4nder f\u00fcr Verteidigungssysteme und Munition aus<br \/>\nUS-Lagern, die dann in die <span><a href=\"https:\/\/www.zeit.de\/politik\/ausland\/ukraine-krieg-news-liveblog\" rel=\"nofollow\">Ukraine<\/a><\/span> geliefert werden.\n<\/p>\n<h2>Schwerer Luftangriff auf Kyjiw in der vergangenen Nacht<\/h2>\n<p>Am Donnerstag hat Russland <a href=\"https:\/\/www.zeit.de\/politik\/ausland\/2025-08\/krieg-ukraine-kyjiw-angriff-russland\" rel=\"nofollow\">die ukrainische Hauptstadt Kyjiw erneut mit Drohnen und Raketen angegriffen<\/a>. Mehr als 20 Menschen wurden dabei get\u00f6tet.<br \/>\nEs handelte sich um den ersten gr\u00f6\u00dferen Angriff dieser Art auf Kyjiw seit dem<br \/>\nTreffen von Trump und Russlands Pr\u00e4sident Wladimir Putin Anfang August in<br \/>\nAlaska, bei dem \u00fcber ein Ende des von <a href=\"https:\/\/www.zeit.de\/thema\/russland\" rel=\"nofollow\">Russland<\/a> begonnenen Krieges beraten wurde.<\/p>\n<p>Trump sei<br \/>\nnicht gl\u00fccklich \u00fcber die Nachricht der j\u00fcngsten Angriffe, &#8222;aber auch nicht<br \/>\n\u00fcberrascht&#8220;, sagte die Sprecherin des Wei\u00dfen Hauses, Karoline Leavitt. Der<br \/>\nUS-Pr\u00e4sident fordere &#8222;beide Seiten&#8220; dazu auf, den Krieg zu beenden.\n<\/p>\n<\/p>\n<p>\n<\/p>\n<\/div>\n","protected":false},"excerpt":{"rendered":"<p>Das US-Au\u00dfenministerium hat m\u00f6gliche Waffenlieferungen im Wert von fast einer Milliarde Dollar an die Ukraine bewilligt. Wie das Ministerium mitteilte, wurde der US-Kongress \u00fcber ein geplantes R\u00fcstungsgesch\u00e4ft im Umfang von 825 Millionen Dollar (rund 706 Millionen Euro) informiert. Der Kongress muss der Transaktion noch zustimmen. Konkret geht es demnach um die Lieferung von 3.350 Eram-Raketen,<\/p>\n","protected":false},"author":1,"featured_media":268878,"comment_status":"open","ping_status":"open","sticky":false,"template":"","format":"standard","meta":{"footnotes":""},"categories":[116],"tags":[],"class_list":["post-268877","post","type-post","status-publish","format-standard","has-post-thumbnail","hentry","category-war-chronicles-de"],"acf":[],"yoast_head":"<!-- This site is optimized with the Yoast SEO plugin v22.9 - https:\/\/yoast.com\/wordpress\/plugins\/seo\/ -->\n<title>US-Au\u00dfenministerium genehmigt Waffenverkauf an die Ukraine - vof-news.eu<\/title>\n<meta name=\"description\" content=\"Das US-Au\u00dfenministerium hat m\u00f6gliche Waffenlieferungen im\" \/>\n<meta name=\"robots\" content=\"noindex, follow, max-snippet:-1, max-image-preview:large, max-video-preview:-1\" \/>\n<meta property=\"og:locale\" content=\"de_DE\" \/>\n<meta property=\"og:type\" content=\"article\" \/>\n<meta property=\"og:title\" content=\"US-Au\u00dfenministerium genehmigt Waffenverkauf an die Ukraine - vof-news.eu\" \/>\n<meta property=\"og:description\" content=\"Das US-Au\u00dfenministerium hat m\u00f6gliche Waffenlieferungen im\" \/>\n<meta property=\"og:url\" content=\"https:\/\/vof-news.eu\/de\/us-ausenministerium-genehmigt-waffenverkauf-an-die-ukraine\/\" \/>\n<meta property=\"og:site_name\" content=\"vof-news.eu\" \/>\n<meta property=\"article:published_time\" content=\"2025-08-29T00:28:08+00:00\" \/>\n<meta property=\"article:modified_time\" content=\"2025-08-29T00:28:59+00:00\" \/>\n<meta property=\"og:image\" content=\"https:\/\/vof-news.eu\/wp-content\/uploads\/2025\/08\/wide__1000x562-103.jpg\" \/>\n\t<meta property=\"og:image:width\" content=\"1000\" \/>\n\t<meta property=\"og:image:height\" content=\"562\" \/>\n\t<meta property=\"og:image:type\" content=\"image\/jpeg\" \/>\n<meta name=\"author\" content=\"Author\" \/>\n<meta name=\"twitter:card\" content=\"summary_large_image\" \/>\n<meta name=\"twitter:label1\" content=\"Verfasst von\" \/>\n\t<meta name=\"twitter:data1\" content=\"Author\" \/>\n\t<meta name=\"twitter:label2\" content=\"Gesch\u00e4tzte Lesezeit\" \/>\n\t<meta name=\"twitter:data2\" content=\"2\u00a0Minuten\" \/>\n<script type=\"application\/ld+json\" class=\"yoast-schema-graph\">{\"@context\":\"https:\/\/schema.org\",\"@graph\":[{\"@type\":\"WebPage\",\"@id\":\"https:\/\/vof-news.eu\/de\/us-ausenministerium-genehmigt-waffenverkauf-an-die-ukraine\/\",\"url\":\"https:\/\/vof-news.eu\/de\/us-ausenministerium-genehmigt-waffenverkauf-an-die-ukraine\/\",\"name\":\"US-Au\u00dfenministerium genehmigt Waffenverkauf an die Ukraine - vof-news.eu\",\"isPartOf\":{\"@id\":\"https:\/\/vof-news.eu\/de\/#website\"},\"primaryImageOfPage\":{\"@id\":\"https:\/\/vof-news.eu\/de\/us-ausenministerium-genehmigt-waffenverkauf-an-die-ukraine\/#primaryimage\"},\"image\":{\"@id\":\"https:\/\/vof-news.eu\/de\/us-ausenministerium-genehmigt-waffenverkauf-an-die-ukraine\/#primaryimage\"},\"thumbnailUrl\":\"https:\/\/vof-news.eu\/wp-content\/uploads\/2025\/08\/wide__1000x562-103.jpg\",\"datePublished\":\"2025-08-29T00:28:08+00:00\",\"dateModified\":\"2025-08-29T00:28:59+00:00\",\"author\":{\"@id\":\"https:\/\/vof-news.eu\/de\/#\/schema\/person\/f6a2a4309f0561835797fd8c19b333ed\"},\"description\":\"Das US-Au\u00dfenministerium hat m\u00f6gliche Waffenlieferungen im\",\"breadcrumb\":{\"@id\":\"https:\/\/vof-news.eu\/de\/us-ausenministerium-genehmigt-waffenverkauf-an-die-ukraine\/#breadcrumb\"},\"inLanguage\":\"de\",\"potentialAction\":[{\"@type\":\"ReadAction\",\"target\":[\"https:\/\/vof-news.eu\/de\/us-ausenministerium-genehmigt-waffenverkauf-an-die-ukraine\/\"]}]},{\"@type\":\"ImageObject\",\"inLanguage\":\"de\",\"@id\":\"https:\/\/vof-news.eu\/de\/us-ausenministerium-genehmigt-waffenverkauf-an-die-ukraine\/#primaryimage\",\"url\":\"https:\/\/vof-news.eu\/wp-content\/uploads\/2025\/08\/wide__1000x562-103.jpg\",\"contentUrl\":\"https:\/\/vof-news.eu\/wp-content\/uploads\/2025\/08\/wide__1000x562-103.jpg\",\"width\":1000,\"height\":562},{\"@type\":\"BreadcrumbList\",\"@id\":\"https:\/\/vof-news.eu\/de\/us-ausenministerium-genehmigt-waffenverkauf-an-die-ukraine\/#breadcrumb\",\"itemListElement\":[{\"@type\":\"ListItem\",\"position\":1,\"name\":\"Home\",\"item\":\"https:\/\/vof-news.eu\/de\/\"},{\"@type\":\"ListItem\",\"position\":2,\"name\":\"US-Au\u00dfenministerium genehmigt Waffenverkauf an die Ukraine\"}]},{\"@type\":\"WebSite\",\"@id\":\"https:\/\/vof-news.eu\/de\/#website\",\"url\":\"https:\/\/vof-news.eu\/de\/\",\"name\":\"vof-news.eu\",\"description\":\"\",\"potentialAction\":[{\"@type\":\"SearchAction\",\"target\":{\"@type\":\"EntryPoint\",\"urlTemplate\":\"https:\/\/vof-news.eu\/de\/?s={search_term_string}\"},\"query-input\":\"required name=search_term_string\"}],\"inLanguage\":\"de\"},{\"@type\":\"Person\",\"@id\":\"https:\/\/vof-news.eu\/de\/#\/schema\/person\/f6a2a4309f0561835797fd8c19b333ed\",\"name\":\"Author\",\"image\":{\"@type\":\"ImageObject\",\"inLanguage\":\"de\",\"@id\":\"https:\/\/vof-news.eu\/de\/#\/schema\/person\/image\/\",\"url\":\"https:\/\/secure.gravatar.com\/avatar\/b67e614b1b25b3e9c0c239efdd2fde5ab015b5affd6f1c3c85911ca4b384e790?s=96&d=mm&r=g\",\"contentUrl\":\"https:\/\/secure.gravatar.com\/avatar\/b67e614b1b25b3e9c0c239efdd2fde5ab015b5affd6f1c3c85911ca4b384e790?s=96&d=mm&r=g\",\"caption\":\"Author\"},\"sameAs\":[\"http:\/\/vof-news.eu\"],\"url\":\"https:\/\/vof-news.eu\/de\/author\/zwt6qxnjulxbnyg\/\"}]}<\/script>\n<!-- \/ Yoast SEO plugin. -->","yoast_head_json":{"title":"US-Au\u00dfenministerium genehmigt Waffenverkauf an die Ukraine - vof-news.eu","description":"Das US-Au\u00dfenministerium hat m\u00f6gliche Waffenlieferungen im","robots":{"index":"noindex","follow":"follow","max-snippet":"max-snippet:-1","max-image-preview":"max-image-preview:large","max-video-preview":"max-video-preview:-1"},"og_locale":"de_DE","og_type":"article","og_title":"US-Au\u00dfenministerium genehmigt Waffenverkauf an die Ukraine - vof-news.eu","og_description":"Das US-Au\u00dfenministerium hat m\u00f6gliche Waffenlieferungen im","og_url":"https:\/\/vof-news.eu\/de\/us-ausenministerium-genehmigt-waffenverkauf-an-die-ukraine\/","og_site_name":"vof-news.eu","article_published_time":"2025-08-29T00:28:08+00:00","article_modified_time":"2025-08-29T00:28:59+00:00","og_image":[{"width":1000,"height":562,"url":"https:\/\/vof-news.eu\/wp-content\/uploads\/2025\/08\/wide__1000x562-103.jpg","type":"image\/jpeg"}],"author":"Author","twitter_card":"summary_large_image","twitter_misc":{"Verfasst von":"Author","Gesch\u00e4tzte Lesezeit":"2\u00a0Minuten"},"schema":{"@context":"https:\/\/schema.org","@graph":[{"@type":"WebPage","@id":"https:\/\/vof-news.eu\/de\/us-ausenministerium-genehmigt-waffenverkauf-an-die-ukraine\/","url":"https:\/\/vof-news.eu\/de\/us-ausenministerium-genehmigt-waffenverkauf-an-die-ukraine\/","name":"US-Au\u00dfenministerium genehmigt Waffenverkauf an die Ukraine - vof-news.eu","isPartOf":{"@id":"https:\/\/vof-news.eu\/de\/#website"},"primaryImageOfPage":{"@id":"https:\/\/vof-news.eu\/de\/us-ausenministerium-genehmigt-waffenverkauf-an-die-ukraine\/#primaryimage"},"image":{"@id":"https:\/\/vof-news.eu\/de\/us-ausenministerium-genehmigt-waffenverkauf-an-die-ukraine\/#primaryimage"},"thumbnailUrl":"https:\/\/vof-news.eu\/wp-content\/uploads\/2025\/08\/wide__1000x562-103.jpg","datePublished":"2025-08-29T00:28:08+00:00","dateModified":"2025-08-29T00:28:59+00:00","author":{"@id":"https:\/\/vof-news.eu\/de\/#\/schema\/person\/f6a2a4309f0561835797fd8c19b333ed"},"description":"Das US-Au\u00dfenministerium hat m\u00f6gliche Waffenlieferungen im","breadcrumb":{"@id":"https:\/\/vof-news.eu\/de\/us-ausenministerium-genehmigt-waffenverkauf-an-die-ukraine\/#breadcrumb"},"inLanguage":"de","potentialAction":[{"@type":"ReadAction","target":["https:\/\/vof-news.eu\/de\/us-ausenministerium-genehmigt-waffenverkauf-an-die-ukraine\/"]}]},{"@type":"ImageObject","inLanguage":"de","@id":"https:\/\/vof-news.eu\/de\/us-ausenministerium-genehmigt-waffenverkauf-an-die-ukraine\/#primaryimage","url":"https:\/\/vof-news.eu\/wp-content\/uploads\/2025\/08\/wide__1000x562-103.jpg","contentUrl":"https:\/\/vof-news.eu\/wp-content\/uploads\/2025\/08\/wide__1000x562-103.jpg","width":1000,"height":562},{"@type":"BreadcrumbList","@id":"https:\/\/vof-news.eu\/de\/us-ausenministerium-genehmigt-waffenverkauf-an-die-ukraine\/#breadcrumb","itemListElement":[{"@type":"ListItem","position":1,"name":"Home","item":"https:\/\/vof-news.eu\/de\/"},{"@type":"ListItem","position":2,"name":"US-Au\u00dfenministerium genehmigt Waffenverkauf an die Ukraine"}]},{"@type":"WebSite","@id":"https:\/\/vof-news.eu\/de\/#website","url":"https:\/\/vof-news.eu\/de\/","name":"vof-news.eu","description":"","potentialAction":[{"@type":"SearchAction","target":{"@type":"EntryPoint","urlTemplate":"https:\/\/vof-news.eu\/de\/?s={search_term_string}"},"query-input":"required name=search_term_string"}],"inLanguage":"de"},{"@type":"Person","@id":"https:\/\/vof-news.eu\/de\/#\/schema\/person\/f6a2a4309f0561835797fd8c19b333ed","name":"Author","image":{"@type":"ImageObject","inLanguage":"de","@id":"https:\/\/vof-news.eu\/de\/#\/schema\/person\/image\/","url":"https:\/\/secure.gravatar.com\/avatar\/b67e614b1b25b3e9c0c239efdd2fde5ab015b5affd6f1c3c85911ca4b384e790?s=96&d=mm&r=g","contentUrl":"https:\/\/secure.gravatar.com\/avatar\/b67e614b1b25b3e9c0c239efdd2fde5ab015b5affd6f1c3c85911ca4b384e790?s=96&d=mm&r=g","caption":"Author"},"sameAs":["http:\/\/vof-news.eu"],"url":"https:\/\/vof-news.eu\/de\/author\/zwt6qxnjulxbnyg\/"}]}},"yoast_meta":{"yoast_wpseo_title":"","yoast_wpseo_metadesc":"","yoast_wpseo_canonical":""},"_links":{"self":[{"href":"https:\/\/vof-news.eu\/de\/wp-json\/wp\/v2\/posts\/268877","targetHints":{"allow":["GET"]}}],"collection":[{"href":"https:\/\/vof-news.eu\/de\/wp-json\/wp\/v2\/posts"}],"about":[{"href":"https:\/\/vof-news.eu\/de\/wp-json\/wp\/v2\/types\/post"}],"author":[{"embeddable":true,"href":"https:\/\/vof-news.eu\/de\/wp-json\/wp\/v2\/users\/1"}],"replies":[{"embeddable":true,"href":"https:\/\/vof-news.eu\/de\/wp-json\/wp\/v2\/comments?post=268877"}],"version-history":[{"count":1,"href":"https:\/\/vof-news.eu\/de\/wp-json\/wp\/v2\/posts\/268877\/revisions"}],"predecessor-version":[{"id":268884,"href":"https:\/\/vof-news.eu\/de\/wp-json\/wp\/v2\/posts\/268877\/revisions\/268884"}],"wp:featuredmedia":[{"embeddable":true,"href":"https:\/\/vof-news.eu\/de\/wp-json\/wp\/v2\/media\/268878"}],"wp:attachment":[{"href":"https:\/\/vof-news.eu\/de\/wp-json\/wp\/v2\/media?parent=268877"}],"wp:term":[{"taxonomy":"category","embeddable":true,"href":"https:\/\/vof-news.eu\/de\/wp-json\/wp\/v2\/categories?post=268877"},{"taxonomy":"post_tag","embeddable":true,"href":"https:\/\/vof-news.eu\/de\/wp-json\/wp\/v2\/tags?post=268877"}],"curies":[{"name":"wp","href":"https:\/\/api.w.org\/{rel}","templated":true}]}}