{"id":268709,"date":"2025-08-28T15:28:15","date_gmt":"2025-08-28T12:28:15","guid":{"rendered":"https:\/\/vof-news.eu\/schaden-in-eu-vertretung-nach-russischem-luftangriff-auf-kyjiw-2\/"},"modified":"2025-08-28T15:29:02","modified_gmt":"2025-08-28T12:29:02","slug":"schaden-in-eu-vertretung-nach-russischem-luftangriff-auf-kyjiw-2","status":"publish","type":"post","link":"https:\/\/vof-news.eu\/de\/schaden-in-eu-vertretung-nach-russischem-luftangriff-auf-kyjiw-2\/","title":{"rendered":"Sch\u00e4den in EU-Vertretung nach russischem Luftangriff auf Kyjiw"},"content":{"rendered":"<div>\n<p>Bei <a href=\"https:\/\/www.zeit.de\/politik\/ausland\/ukraine-krieg-news-liveblog#event_id=eo8t8S6S5XBL6xqW8SUo\" rel=\"nofollow\">n\u00e4chtlichen russischen Luftangriffen<\/a> auf die ukrainische Hauptstadt <span><a href=\"https:\/\/www.zeit.de\/thema\/kiew\" rel=\"nofollow\">Kyjiw<\/a><\/span> ist die Vertretung der Europ\u00e4ischen<br \/>\n Union besch\u00e4digt worden.\u00a0Das best\u00e4tigte der ukrainische Au\u00dfenminister Andrij Sybiha auf X. Er warf Russland vor, gezielt Diplomaten ins Visier<br \/>\ngenommen zu haben.\u00a0\n<\/p>\n<p>Es handele sich um einen Versto\u00df gegen die Wiener<br \/>\nKonvention, der Angriff m\u00fcsse deshalb international verurteilt werden, sagte Sybiha. &#8222;Wir dr\u00fccken den EU-Kollegen<br \/>\nunsere Solidarit\u00e4t aus und sind bereit, Unterst\u00fctzung zu leisten.&#8220; Er f\u00fcgte seinem Post ein Bild von dem besch\u00e4digten Geb\u00e4ude bei.\n<\/p>\n<p>Die Botschafterin der <span><a href=\"https:\/\/www.zeit.de\/thema\/europaeische-union\" rel=\"nofollow\">EU<\/a><\/span> in der Ukraine,<br \/>\nKatarina Mathernova, postete auf X Bilder von den besch\u00e4digten R\u00e4umen und schrieb dazu: &#8222;Dies ist Moskaus<br \/>\nwahre Antwort auf Friedensbem\u00fchungen.&#8220; Der<br \/>\nBotschafterin zufolge wurden bei dem j\u00fcngsten Angriff auf Kyjiw mindestens zehn Menschen get\u00f6tet und 30 verletzt.\u00a0\n<\/p>\n<p>Die Europ\u00e4ische Kommission k\u00fcndigte an, als Reaktion auf den Angriff den russischen Botschafter bei der EU einzubestellen. &#8222;Keine diplomatische Mission sollte jemals zum Ziel werden&#8220;, schrieb die\u00a0EU-Au\u00dfenbeauftragte Kaja Kallas zur Begr\u00fcndung.\n<\/p>\n<h2>Tote und Verletzte nach gro\u00dffl\u00e4chigem Angriff<\/h2>\n<p>EU-Erweiterungskommissarin<br \/>\n Marta Kos verurteilte die &#8222;brutalen Angriffe&#8220; auf X. Diese seien ein &#8222;klares Zeichen&#8220;, <a href=\"https:\/\/www.zeit.de\/politik\/ausland\/2025-08\/krieg-ukraine-russland-wladmir-putin-kriegsfuehrung\" rel=\"nofollow\">dass Russland Frieden ablehne<\/a>. Nach Angaben des ukrainischen Pr\u00e4sidenten Wolodymyr Selenskyj kamen<br \/>\nmindestens acht Menschen bei den russischen Luftschl\u00e4gen in Kyjiw ums<br \/>\nLeben, zahlreiche seien verletzt worden.\u00a0Unter den Todesopfern waren dem ukrainischen Innenminister Ihor<br \/>\nKlymenko zufolge auch zwei Kinder. Der Chef der Kyjiwer Milit\u00e4rverwaltung Tymur Tkatschenko berichtete, dass mindestens 24<br \/>\nMenschen verletzt wurden. Die Zahl der Toten und Verletzten werde<br \/>\nvermutlich noch steigen.\n<\/p>\n<p>Der Angriff traf den ukrainischen Beh\u00f6rden zufolge mehr als 20 Orte in der Hauptstadt.\u00a0Das russische Milit\u00e4r setzte neben Drohnen auch<br \/>\n ballistische Raketen, Marschflugk\u00f6rper und Hyperschallraketen des Typs<br \/>\nKinschal ein. Rettungsteams suchten in den Morgenstunden noch nach Menschen, die<br \/>\nunter den Tr\u00fcmmern begraben lagen. Es handelte sich um den ersten<br \/>\ngr\u00f6\u00dferen russischen Drohnen- und Raketenangriff auf Kyjiw seit dem<br \/>\n<a href=\"https:\/\/www.zeit.de\/kultur\/2025-08\/trump-putin-gipfel-alaska-sowjetunion-ukraine\" rel=\"nofollow\">Treffen<\/a> von US-Pr\u00e4sident Donald Trump und Russlands Pr\u00e4sident <a href=\"https:\/\/www.zeit.de\/thema\/wladimir-putin\" rel=\"nofollow\">Wladimir<br \/>\nPutin<\/a> Anfang August in Alaska, bei dem \u00fcber ein Ende des dreij\u00e4hrigen<br \/>\nKriegs in der <span><a href=\"https:\/\/www.zeit.de\/politik\/ausland\/ukraine-krieg-news-liveblog\" rel=\"nofollow\">Ukraine<\/a><\/span> beraten wurde.\n<\/p>\n<\/p>\n<\/div>\n","protected":false},"excerpt":{"rendered":"<p>Bei n\u00e4chtlichen russischen Luftangriffen auf die ukrainische Hauptstadt Kyjiw ist die Vertretung der Europ\u00e4ischen Union besch\u00e4digt worden.\u00a0Das best\u00e4tigte der ukrainische Au\u00dfenminister Andrij Sybiha auf X. Er warf Russland vor, gezielt Diplomaten ins Visier genommen zu haben.\u00a0 Es handele sich um einen Versto\u00df gegen die Wiener Konvention, der Angriff m\u00fcsse deshalb international verurteilt werden, sagte Sybiha.<\/p>\n","protected":false},"author":1,"featured_media":268710,"comment_status":"open","ping_status":"open","sticky":false,"template":"","format":"standard","meta":{"footnotes":""},"categories":[116],"tags":[],"class_list":["post-268709","post","type-post","status-publish","format-standard","has-post-thumbnail","hentry","category-war-chronicles-de"],"acf":[],"yoast_head":"<!-- This site is optimized with the Yoast SEO plugin v22.9 - https:\/\/yoast.com\/wordpress\/plugins\/seo\/ -->\n<title>Sch\u00e4den in EU-Vertretung nach russischem Luftangriff auf Kyjiw - vof-news.eu<\/title>\n<meta name=\"description\" content=\"Bei n\u00e4chtlichen russischen Luftangriffen auf die ukrainische Hauptstadt Kyjiw ist die Vertretung der Europ\u00e4ischen\" \/>\n<meta name=\"robots\" content=\"noindex, follow, max-snippet:-1, max-image-preview:large, max-video-preview:-1\" \/>\n<meta property=\"og:locale\" content=\"de_DE\" \/>\n<meta property=\"og:type\" content=\"article\" \/>\n<meta property=\"og:title\" content=\"Sch\u00e4den in EU-Vertretung nach russischem Luftangriff auf Kyjiw - vof-news.eu\" \/>\n<meta property=\"og:description\" content=\"Bei n\u00e4chtlichen russischen Luftangriffen auf die ukrainische Hauptstadt Kyjiw ist die Vertretung der Europ\u00e4ischen\" \/>\n<meta property=\"og:url\" content=\"https:\/\/vof-news.eu\/de\/schaden-in-eu-vertretung-nach-russischem-luftangriff-auf-kyjiw-2\/\" \/>\n<meta property=\"og:site_name\" content=\"vof-news.eu\" \/>\n<meta property=\"article:published_time\" content=\"2025-08-28T12:28:15+00:00\" \/>\n<meta property=\"article:modified_time\" content=\"2025-08-28T12:29:02+00:00\" \/>\n<meta property=\"og:image\" content=\"https:\/\/vof-news.eu\/wp-content\/uploads\/2025\/08\/wide__1000x562-101.jpg\" \/>\n\t<meta property=\"og:image:width\" content=\"1000\" \/>\n\t<meta property=\"og:image:height\" content=\"562\" \/>\n\t<meta property=\"og:image:type\" content=\"image\/jpeg\" \/>\n<meta name=\"author\" content=\"Author\" \/>\n<meta name=\"twitter:card\" content=\"summary_large_image\" \/>\n<meta name=\"twitter:label1\" content=\"Verfasst von\" \/>\n\t<meta name=\"twitter:data1\" content=\"Author\" \/>\n\t<meta name=\"twitter:label2\" content=\"Gesch\u00e4tzte Lesezeit\" \/>\n\t<meta name=\"twitter:data2\" content=\"2\u00a0Minuten\" \/>\n<script type=\"application\/ld+json\" class=\"yoast-schema-graph\">{\"@context\":\"https:\/\/schema.org\",\"@graph\":[{\"@type\":\"WebPage\",\"@id\":\"https:\/\/vof-news.eu\/de\/schaden-in-eu-vertretung-nach-russischem-luftangriff-auf-kyjiw-2\/\",\"url\":\"https:\/\/vof-news.eu\/de\/schaden-in-eu-vertretung-nach-russischem-luftangriff-auf-kyjiw-2\/\",\"name\":\"Sch\u00e4den in EU-Vertretung nach russischem Luftangriff auf Kyjiw - vof-news.eu\",\"isPartOf\":{\"@id\":\"https:\/\/vof-news.eu\/de\/#website\"},\"primaryImageOfPage\":{\"@id\":\"https:\/\/vof-news.eu\/de\/schaden-in-eu-vertretung-nach-russischem-luftangriff-auf-kyjiw-2\/#primaryimage\"},\"image\":{\"@id\":\"https:\/\/vof-news.eu\/de\/schaden-in-eu-vertretung-nach-russischem-luftangriff-auf-kyjiw-2\/#primaryimage\"},\"thumbnailUrl\":\"https:\/\/vof-news.eu\/wp-content\/uploads\/2025\/08\/wide__1000x562-101.jpg\",\"datePublished\":\"2025-08-28T12:28:15+00:00\",\"dateModified\":\"2025-08-28T12:29:02+00:00\",\"author\":{\"@id\":\"https:\/\/vof-news.eu\/de\/#\/schema\/person\/f6a2a4309f0561835797fd8c19b333ed\"},\"description\":\"Bei n\u00e4chtlichen russischen Luftangriffen auf die ukrainische Hauptstadt Kyjiw ist die Vertretung der Europ\u00e4ischen\",\"breadcrumb\":{\"@id\":\"https:\/\/vof-news.eu\/de\/schaden-in-eu-vertretung-nach-russischem-luftangriff-auf-kyjiw-2\/#breadcrumb\"},\"inLanguage\":\"de\",\"potentialAction\":[{\"@type\":\"ReadAction\",\"target\":[\"https:\/\/vof-news.eu\/de\/schaden-in-eu-vertretung-nach-russischem-luftangriff-auf-kyjiw-2\/\"]}]},{\"@type\":\"ImageObject\",\"inLanguage\":\"de\",\"@id\":\"https:\/\/vof-news.eu\/de\/schaden-in-eu-vertretung-nach-russischem-luftangriff-auf-kyjiw-2\/#primaryimage\",\"url\":\"https:\/\/vof-news.eu\/wp-content\/uploads\/2025\/08\/wide__1000x562-101.jpg\",\"contentUrl\":\"https:\/\/vof-news.eu\/wp-content\/uploads\/2025\/08\/wide__1000x562-101.jpg\",\"width\":1000,\"height\":562},{\"@type\":\"BreadcrumbList\",\"@id\":\"https:\/\/vof-news.eu\/de\/schaden-in-eu-vertretung-nach-russischem-luftangriff-auf-kyjiw-2\/#breadcrumb\",\"itemListElement\":[{\"@type\":\"ListItem\",\"position\":1,\"name\":\"Home\",\"item\":\"https:\/\/vof-news.eu\/de\/\"},{\"@type\":\"ListItem\",\"position\":2,\"name\":\"Sch\u00e4den in EU-Vertretung nach russischem Luftangriff auf Kyjiw\"}]},{\"@type\":\"WebSite\",\"@id\":\"https:\/\/vof-news.eu\/de\/#website\",\"url\":\"https:\/\/vof-news.eu\/de\/\",\"name\":\"vof-news.eu\",\"description\":\"\",\"potentialAction\":[{\"@type\":\"SearchAction\",\"target\":{\"@type\":\"EntryPoint\",\"urlTemplate\":\"https:\/\/vof-news.eu\/de\/?s={search_term_string}\"},\"query-input\":\"required name=search_term_string\"}],\"inLanguage\":\"de\"},{\"@type\":\"Person\",\"@id\":\"https:\/\/vof-news.eu\/de\/#\/schema\/person\/f6a2a4309f0561835797fd8c19b333ed\",\"name\":\"Author\",\"image\":{\"@type\":\"ImageObject\",\"inLanguage\":\"de\",\"@id\":\"https:\/\/vof-news.eu\/de\/#\/schema\/person\/image\/\",\"url\":\"https:\/\/secure.gravatar.com\/avatar\/b67e614b1b25b3e9c0c239efdd2fde5ab015b5affd6f1c3c85911ca4b384e790?s=96&d=mm&r=g\",\"contentUrl\":\"https:\/\/secure.gravatar.com\/avatar\/b67e614b1b25b3e9c0c239efdd2fde5ab015b5affd6f1c3c85911ca4b384e790?s=96&d=mm&r=g\",\"caption\":\"Author\"},\"sameAs\":[\"http:\/\/vof-news.eu\"],\"url\":\"https:\/\/vof-news.eu\/de\/author\/zwt6qxnjulxbnyg\/\"}]}<\/script>\n<!-- \/ Yoast SEO plugin. -->","yoast_head_json":{"title":"Sch\u00e4den in EU-Vertretung nach russischem Luftangriff auf Kyjiw - vof-news.eu","description":"Bei n\u00e4chtlichen russischen Luftangriffen auf die ukrainische Hauptstadt Kyjiw ist die Vertretung der Europ\u00e4ischen","robots":{"index":"noindex","follow":"follow","max-snippet":"max-snippet:-1","max-image-preview":"max-image-preview:large","max-video-preview":"max-video-preview:-1"},"og_locale":"de_DE","og_type":"article","og_title":"Sch\u00e4den in EU-Vertretung nach russischem Luftangriff auf Kyjiw - vof-news.eu","og_description":"Bei n\u00e4chtlichen russischen Luftangriffen auf die ukrainische Hauptstadt Kyjiw ist die Vertretung der Europ\u00e4ischen","og_url":"https:\/\/vof-news.eu\/de\/schaden-in-eu-vertretung-nach-russischem-luftangriff-auf-kyjiw-2\/","og_site_name":"vof-news.eu","article_published_time":"2025-08-28T12:28:15+00:00","article_modified_time":"2025-08-28T12:29:02+00:00","og_image":[{"width":1000,"height":562,"url":"https:\/\/vof-news.eu\/wp-content\/uploads\/2025\/08\/wide__1000x562-101.jpg","type":"image\/jpeg"}],"author":"Author","twitter_card":"summary_large_image","twitter_misc":{"Verfasst von":"Author","Gesch\u00e4tzte Lesezeit":"2\u00a0Minuten"},"schema":{"@context":"https:\/\/schema.org","@graph":[{"@type":"WebPage","@id":"https:\/\/vof-news.eu\/de\/schaden-in-eu-vertretung-nach-russischem-luftangriff-auf-kyjiw-2\/","url":"https:\/\/vof-news.eu\/de\/schaden-in-eu-vertretung-nach-russischem-luftangriff-auf-kyjiw-2\/","name":"Sch\u00e4den in EU-Vertretung nach russischem Luftangriff auf Kyjiw - vof-news.eu","isPartOf":{"@id":"https:\/\/vof-news.eu\/de\/#website"},"primaryImageOfPage":{"@id":"https:\/\/vof-news.eu\/de\/schaden-in-eu-vertretung-nach-russischem-luftangriff-auf-kyjiw-2\/#primaryimage"},"image":{"@id":"https:\/\/vof-news.eu\/de\/schaden-in-eu-vertretung-nach-russischem-luftangriff-auf-kyjiw-2\/#primaryimage"},"thumbnailUrl":"https:\/\/vof-news.eu\/wp-content\/uploads\/2025\/08\/wide__1000x562-101.jpg","datePublished":"2025-08-28T12:28:15+00:00","dateModified":"2025-08-28T12:29:02+00:00","author":{"@id":"https:\/\/vof-news.eu\/de\/#\/schema\/person\/f6a2a4309f0561835797fd8c19b333ed"},"description":"Bei n\u00e4chtlichen russischen Luftangriffen auf die ukrainische Hauptstadt Kyjiw ist die Vertretung der Europ\u00e4ischen","breadcrumb":{"@id":"https:\/\/vof-news.eu\/de\/schaden-in-eu-vertretung-nach-russischem-luftangriff-auf-kyjiw-2\/#breadcrumb"},"inLanguage":"de","potentialAction":[{"@type":"ReadAction","target":["https:\/\/vof-news.eu\/de\/schaden-in-eu-vertretung-nach-russischem-luftangriff-auf-kyjiw-2\/"]}]},{"@type":"ImageObject","inLanguage":"de","@id":"https:\/\/vof-news.eu\/de\/schaden-in-eu-vertretung-nach-russischem-luftangriff-auf-kyjiw-2\/#primaryimage","url":"https:\/\/vof-news.eu\/wp-content\/uploads\/2025\/08\/wide__1000x562-101.jpg","contentUrl":"https:\/\/vof-news.eu\/wp-content\/uploads\/2025\/08\/wide__1000x562-101.jpg","width":1000,"height":562},{"@type":"BreadcrumbList","@id":"https:\/\/vof-news.eu\/de\/schaden-in-eu-vertretung-nach-russischem-luftangriff-auf-kyjiw-2\/#breadcrumb","itemListElement":[{"@type":"ListItem","position":1,"name":"Home","item":"https:\/\/vof-news.eu\/de\/"},{"@type":"ListItem","position":2,"name":"Sch\u00e4den in EU-Vertretung nach russischem Luftangriff auf Kyjiw"}]},{"@type":"WebSite","@id":"https:\/\/vof-news.eu\/de\/#website","url":"https:\/\/vof-news.eu\/de\/","name":"vof-news.eu","description":"","potentialAction":[{"@type":"SearchAction","target":{"@type":"EntryPoint","urlTemplate":"https:\/\/vof-news.eu\/de\/?s={search_term_string}"},"query-input":"required name=search_term_string"}],"inLanguage":"de"},{"@type":"Person","@id":"https:\/\/vof-news.eu\/de\/#\/schema\/person\/f6a2a4309f0561835797fd8c19b333ed","name":"Author","image":{"@type":"ImageObject","inLanguage":"de","@id":"https:\/\/vof-news.eu\/de\/#\/schema\/person\/image\/","url":"https:\/\/secure.gravatar.com\/avatar\/b67e614b1b25b3e9c0c239efdd2fde5ab015b5affd6f1c3c85911ca4b384e790?s=96&d=mm&r=g","contentUrl":"https:\/\/secure.gravatar.com\/avatar\/b67e614b1b25b3e9c0c239efdd2fde5ab015b5affd6f1c3c85911ca4b384e790?s=96&d=mm&r=g","caption":"Author"},"sameAs":["http:\/\/vof-news.eu"],"url":"https:\/\/vof-news.eu\/de\/author\/zwt6qxnjulxbnyg\/"}]}},"yoast_meta":{"yoast_wpseo_title":"","yoast_wpseo_metadesc":"","yoast_wpseo_canonical":""},"_links":{"self":[{"href":"https:\/\/vof-news.eu\/de\/wp-json\/wp\/v2\/posts\/268709","targetHints":{"allow":["GET"]}}],"collection":[{"href":"https:\/\/vof-news.eu\/de\/wp-json\/wp\/v2\/posts"}],"about":[{"href":"https:\/\/vof-news.eu\/de\/wp-json\/wp\/v2\/types\/post"}],"author":[{"embeddable":true,"href":"https:\/\/vof-news.eu\/de\/wp-json\/wp\/v2\/users\/1"}],"replies":[{"embeddable":true,"href":"https:\/\/vof-news.eu\/de\/wp-json\/wp\/v2\/comments?post=268709"}],"version-history":[{"count":1,"href":"https:\/\/vof-news.eu\/de\/wp-json\/wp\/v2\/posts\/268709\/revisions"}],"predecessor-version":[{"id":268716,"href":"https:\/\/vof-news.eu\/de\/wp-json\/wp\/v2\/posts\/268709\/revisions\/268716"}],"wp:featuredmedia":[{"embeddable":true,"href":"https:\/\/vof-news.eu\/de\/wp-json\/wp\/v2\/media\/268710"}],"wp:attachment":[{"href":"https:\/\/vof-news.eu\/de\/wp-json\/wp\/v2\/media?parent=268709"}],"wp:term":[{"taxonomy":"category","embeddable":true,"href":"https:\/\/vof-news.eu\/de\/wp-json\/wp\/v2\/categories?post=268709"},{"taxonomy":"post_tag","embeddable":true,"href":"https:\/\/vof-news.eu\/de\/wp-json\/wp\/v2\/tags?post=268709"}],"curies":[{"name":"wp","href":"https:\/\/api.w.org\/{rel}","templated":true}]}}