{"id":268548,"date":"2025-08-28T07:29:12","date_gmt":"2025-08-28T04:29:12","guid":{"rendered":"https:\/\/vof-news.eu\/grose-gesten-fur-ein-bedrohtes-land\/"},"modified":"2025-08-28T07:30:20","modified_gmt":"2025-08-28T04:30:20","slug":"grose-gesten-fur-ein-bedrohtes-land","status":"publish","type":"post","link":"https:\/\/vof-news.eu\/de\/grose-gesten-fur-ein-bedrohtes-land\/","title":{"rendered":"Gro\u00dfe Gesten f\u00fcr ein bedrohtes Land"},"content":{"rendered":"<div>\n<p>So hat man <span><a href=\"https:\/\/www.zeit.de\/thema\/friedrich-merz\" rel=\"nofollow\">Friedrich Merz<\/a><\/span> selten gesehen, als<br \/>\nKanzler jedenfalls noch gar nicht. Er kommt aus dem L\u00e4cheln gar nicht heraus,<br \/>\nstaunt offensichtlich \u00fcber das, was sich hier gerade vor seinen Augen abspielt.<br \/>\nMerz steht auf einer B\u00fchne, zu seinen F\u00fc\u00dfen haben sich Zehntausende versammelt,<br \/>\ngegen die Barrikaden vorn presst sich die Jugend der Hauptstadt Moldaus. Sie<br \/>\nwinkt und jubelt Merz zu. Vor ihm trat eine der gr\u00f6\u00dften Stars des Landes auf,<br \/>\ndie Pops\u00e4ngerin Irina Rimes.\n<\/p>\n<p>Merz redet auf dem gro\u00dfen Nationalversammlungsplatz der Hauptstadt<br \/>\nChi\u015fin\u0103u zum moldauischen Unabh\u00e4ngigkeitstag, die Krawatte hat er l\u00e4ngst abgelegt, er<br \/>\nspricht auf Englisch und sagt: &#8222;Ihr geh\u00f6rt zur europ\u00e4ischen Familie.&#8220; Und:<br \/>\n&#8222;Unser gemeinsames Ziel ist Moldaus Beitritt zur Europ\u00e4ischen Union.&#8220; Es<br \/>\nist eine kurze Rede, nach ihm spricht noch <span><a href=\"https:\/\/www.zeit.de\/thema\/emmanuel-macron\" rel=\"nofollow\">Emmanuel Macron<\/a><\/span>, der gleich seine ganze Rede in der Landessprache Rum\u00e4nisch h\u00e4lt, er bekommt noch viel mehr Jubel als Merz \u2013<br \/>\naber den Kanzler st\u00f6rt\u2019s nicht, er saugt jeden Moment auf. So einen Wahlkampf<br \/>\nhat Merz noch nicht erlebt. Und ja, es ist tats\u00e4chlich Wahlkampf, der ihn<br \/>\nhierher gebracht hat.\n<\/p>\n<p>Merz ist nicht alleine gekommen. An seiner Seite sind Macron und der polnische Ministerpr\u00e4sident<br \/>\nDonald Tusk, zusammen erscheinen sie als Ehreng\u00e4ste am Nationalfeiertag der Republik<br \/>\n<span><a href=\"https:\/\/www.zeit.de\/thema\/moldau\" rel=\"nofollow\">Moldau<\/a><\/span>: ein kleines Land, gegen das Russland \u00e4hnlich vorgehen k\u00f6nnte wie gegen<br \/>\ndie Ukraine. Das ist zumindest die gro\u00dfe Sorge, die die drei Besucher mit ihrer<br \/>\nGastgeberin, Moldaus Pr\u00e4sidentin Maia Sandu, teilen. Sandu will ihr Land nach Europa f\u00fchren, nur knapp hat sie im vergangenen Jahr<br \/>\nein Referendum gewonnen, das das Ziel Europa in der Verfassung festschreibt \u2013<br \/>\ngegen massive Einflussnahme aus Russland. Und in vier Wochen w\u00e4hlt Moldau ein<br \/>\nneues Parlament. Sandu nennt es die &#8222;letzte Schlacht&#8220;. Sollten sie und ihre<br \/>\nPartei verlieren, w\u00fcrde der Traum von der EU zerplatzen, dem Land stehe eine<br \/>\nd\u00fcstere Zukunft bevor.\n<\/p>\n<h2>Besuch von hoher Symbolik<\/h2>\n<p>Kein Tag vergehe ohne russische Wahleinmischung,<br \/>\nsagt auch der Bundeskanzler. Und diese andauernden Einflussoperationen sind der<br \/>\nGrund f\u00fcr diese Art europ\u00e4ischer Kurzintervention. Sechs Stunden lang trommeln die<br \/>\ndrei prominenten Wahlhelfer f\u00fcr die proeurop\u00e4ische F\u00fchrung Moldaus, und die hat<br \/>\nihnen daf\u00fcr in Chi\u015fin\u0103u, nur etwa 50 Kilometer von der Grenze zur Ukraine<br \/>\nentfernt, die gr\u00f6\u00dfte B\u00fchne bereitet.\u00a0\n<\/p>\n<p>Es ist ein Besuch von hoher Symbolik angesichts<br \/>\nder Auseinandersetzung mit Wladimir Putins <span><a href=\"https:\/\/www.zeit.de\/thema\/russland\" rel=\"nofollow\">Russlands<\/a><\/span>, die Merz&#8216; Kanzlerschaft<br \/>\nbislang pr\u00e4gt. Genauer gesagt: Es ist wieder einmal starke Symbolik.<br \/>\nErstmals ist das Weimarer Dreieck aus Deutschland, Frankreich und Polen auf<br \/>\neine gemeinsame Dreierreise unter Merz aufgebrochen. Dieser hat das Dreierb\u00fcndnis von<br \/>\nAnfang an zu einer Priorit\u00e4t gemacht, an Tag eins seiner Kanzlerschaft war er<br \/>\nsowohl in Paris als auch in Warschau, um, O-Ton Merz, die &#8222;Sprachlosigkeit<br \/>\ngegen\u00fcber Polen&#8220; zu beenden. Gemeinsam mit dem britischen Premier Keir Starmer<br \/>\nbesuchten sie bereits Wolodymyr Selenskyj in Kiew. Damals versuchten sie, den<br \/>\nUS-Pr\u00e4sidenten Donald Trump f\u00fcr ein Ultimatum an Russland zu gewinnen,<br \/>\nletztlich ohne Erfolg. Eine Frage allerdings begleitet all diese<br \/>\nUnternehmungen: Was sind die Solidarit\u00e4tsadressen an jene, die unmittelbar im<br \/>\nVisier Russlands stehen, am Ende wirklich wert?\n<\/p>\n<p>Klar ist, dass Merz und seine Verb\u00fcndeten gewillt<br \/>\nsind, alles diplomatisch M\u00f6gliche zu tun, um einen zweiten Kriegsschauplatz im Osten<br \/>\nEuropas zu verhindern. In der kleinen Republik Moldau mit rund drei Millionen<br \/>\nEinwohnern macht der Bundeskanzler zwei gro\u00dfe Versprechen. &#8222;Wir stehen Ihnen bei, Ihre Freiheit und Souver\u00e4nit\u00e4t zu bewahren&#8220;, sagt er beim gemeinsamen<br \/>\nAuftritt im goldverzierten Foyer des Pr\u00e4sidentenpalastes in Chi\u015fin\u0103u. <a href=\"https:\/\/www.zeit.de\/politik\/ausland\/2025-08\/chisinau-friedrich-merz-verspricht-moldau-unterstuetzung-russische-desinformation\" rel=\"nofollow\">Man werde bei der Abwehr russischer Destabilisierungsversuche unterst\u00fctzen<\/a>. Und er sagt<br \/>\nauch: &#8222;Die T\u00fcr in die EU ist offen. Sie sind uns in der Europ\u00e4ischen Union von<br \/>\nganzem Herzen willkommen.&#8220; Aber sind diese beiden Versprechen wirklich zu halten?<\/p>\n<h2>Permanente Drohkulisse<\/h2>\n<p>Tats\u00e4chlich unterst\u00fctzt Deutschland bereits das<br \/>\nsp\u00e4rliche Milit\u00e4r Moldaus beratend und finanziert die Energieversorgung mit, denn russisches Gas flie\u00dft<br \/>\nnicht mehr ins Land. Doch die Lage Moldaus bleibt prek\u00e4r. Es gibt auffallend<br \/>\nviele Parallelen zur Entwicklung in der Ukraine, an die Moldau grenzt. Und von<br \/>\ndieser Grenze sind es wiederum nur 50 Kilometer bis zur wichtigen ukrainischen<br \/>\nHafenstadt Odessa, die Russland immer wieder attackiert hat.\n<\/p>\n<p>Moldau lebt unter dem Eindruck einer permanenten Drohkulisse. Die Provinz<br \/>\nTransnistrien ist seit Langem faktisch unter russischer Kontrolle. 2024 bat die<br \/>\nabtr\u00fcnnige, international nicht anerkannte Republik Moskau um Schutz, was an<br \/>\ndie Vorg\u00e4nge im Donbass im unmittelbaren Vorfeld des Ukrainekrieges erinnert. Moskau lockt<br \/>\nweiterhin mit dem Versprechen billiger Energie, beim EU-Referendum kam es laut<br \/>\nMoldaus Regierung und Nichtregierungsorganisationen zu gro\u00dffl\u00e4chigem<br \/>\nStimmenkauf durch russische Akteure. Dass der Kreml den EU-Kurs des Landes<br \/>\naufhalten will, ist also offenkundig. Und auch das erinnert nur allzu genau an<br \/>\ndie Lage damals in der Ukraine, an den Einmarsch unmarkierter russischer<br \/>\nTruppen in den Donbass im Jahr 2014, nach den proeurop\u00e4ischen Demonstrationen<br \/>\nauf dem Maidan in Kyjiw. Auch in Moldau verf\u00e4ngt die russische Erz\u00e4hlung, die<br \/>\nrussische Sprache solle verboten werden, auch wenn sie nicht stimmt. Nur, das ist ein gewichtiger Unterschied zur Ukraine: Milit\u00e4risch w\u00e4re die<br \/>\nRepublik Moldau quasi wehrlos gegen eine russische Aggression.\n<\/p>\n<p>Auch das EU-Versprechen ist zerbrechlich. In\u00a0Chi\u015fin\u0103u\u00a0loben Merz, Macron und Tusk beinahe \u00fcberschw\u00e4nglich Moldaus Weg nach<br \/>\nEuropa, sie w\u00fcrdigen die Reformen und bringen Pr\u00e4sidentin Sandu tiefe Wertsch\u00e4tzung<br \/>\nentgegen. Besonders weit ging der polnische Premier in seinen Ausf\u00fchrungen: &#8222;Es<br \/>\ngibt keine sichere EU, kein sicheres Polen, Frankreich und Deutschland ohne ein<br \/>\nunabh\u00e4ngiges Moldau&#8220;, sagte Tusk. Und sie w\u00fcrdigen sich nebenbei auch gegenseitig<br \/>\nf\u00fcr ihren Besuch, der Friedrich, der Emmanuel, der Donald. Das Weimarer Dreieck<br \/>\nist per Du.\n<\/p>\n<h2>&#8222;Putin will die Zeit zur\u00fcckdrehen&#8220;<\/h2>\n<p>Sie warnen vor Putins Russland, allen voran Merz schl\u00e4gt eindringliche T\u00f6ne an. &#8222;F\u00fcr Moskau ist der 27. August<br \/>\nkein Feiertag&#8220;, sagt Merz im Pr\u00e4sidentenpalast zum moldauischen<br \/>\nUnabh\u00e4ngigkeitstag, der auf das Jahr 1991 zur\u00fcckgeht. Das Land hatte sich damals als<br \/>\nsiebte Sowjetrepublik von der UdSSR losgel\u00f6st. &#8222;Putin will die Zeit<br \/>\nzur\u00fcckdrehen. Auch Moldau will er zur\u00fcckholen in die russische Einflusssph\u00e4re.&#8220; Merz zeigt sich entschlossen, das nicht zuzulassen.\u00a0\n<\/p>\n<p>Doch der Weg in die <span><a href=\"https:\/\/www.zeit.de\/thema\/europaeische-union\" rel=\"nofollow\">EU<\/a><\/span> ist lang. Das Beitrittsgesuch stellten die Moldauer im<br \/>\nM\u00e4rz 2022, keine zwei Wochen nach der russischen Invasion im Nachbarland. In<br \/>\nChi\u015fin\u0103u m\u00f6gen die Bekundungen der drei Europ\u00e4er so klingen, als ob der<br \/>\nBeitritt zum Greifen nahe sei. Doch das ist nicht der Fall, wie die<br \/>\nBundesregierung abseits der \u00f6ffentlichen Solidarit\u00e4tsadressen selbst einr\u00e4umt. Der<br \/>\nAufnahmeprozess hat gerade erst begonnen und wird voraussichtlich noch viele<br \/>\nJahre dauern. In\u00a0Chi\u015fin\u0103u\u00a0ging es also auch darum, im Angesicht der russischen Bedrohung<br \/>\nwenigstens die Hoffnung Moldaus auf einen baldigen Beitritt am Leben zu halten.\n<\/p>\n<p>F\u00fcr Merz, gerade wieder ganz der Au\u00dfenkanzler, geht<br \/>\ndas Reisen weiter. Seine gesamte Arbeitswoche hat er der Behauptung Europas gegen<br \/>\ndie russische Aggression gewidmet. Vor dem Abflug nach Moldau versammelte er<br \/>\ndas Kabinett in einem abh\u00f6rsicheren Raum im Verteidigungsministerium. Es<br \/>\nfolgten Briefings von f\u00fchrenden Milit\u00e4rs \u00fcber die Bedrohungslage. <a href=\"https:\/\/www.zeit.de\/politik\/deutschland\/2025-08\/kanzler-merz-wehrpflicht-debatte-armee\" rel=\"nofollow\">Die neue<br \/>\nWehrpflicht<\/a>\u00a0und ein Gesetz zum Milit\u00e4rischen Abschirmdienst wurden beschlossen.<br \/>\nUnd von Moldau ist Merz nicht nach Berlin geflogen, sondern nach Rostock, wo<br \/>\nDonnerstagfr\u00fch ein Besuch bei der Marine ansteht.\u00a0Die Ostsee ist l\u00e4ngst einer der zentralen R\u00e4ume, in denen sich hybride Angriffe Russlands auf<br \/>\nden Westen abspielen.\n<\/p>\n<p>Im Anschluss geht es nach S\u00fcdfrankreich, zum deutsch-franz\u00f6sischen Ministerrat.<br \/>\nMerz und Macron werden mit ihren Beratern Sicherheitsgarantien f\u00fcr die Ukraine<br \/>\nbesprechen, wohl auch die stockende Kooperation bei R\u00fcstungsprojekten. Macron<br \/>\nl\u00e4dt den Kanzler zum Auftakt in seine Sommerresidenz\u00a0Fort de Br\u00e9gan\u00e7on\u00a0auf einer s\u00fcdfranz\u00f6sischen Halbinsel ein. Ein Zeichen der besonderen Wertsch\u00e4tzung, hei\u00dft<br \/>\nes. Auch das also ein starkes Symbol. Dessen Fallh\u00f6he deutlich niedriger ist als<br \/>\ndie der Versprechen von Moldau.\n<\/p>\n<\/div>\n","protected":false},"excerpt":{"rendered":"<p>So hat man Friedrich Merz selten gesehen, als Kanzler jedenfalls noch gar nicht. Er kommt aus dem L\u00e4cheln gar nicht heraus, staunt offensichtlich \u00fcber das, was sich hier gerade vor seinen Augen abspielt. Merz steht auf einer B\u00fchne, zu seinen F\u00fc\u00dfen haben sich Zehntausende versammelt, gegen die Barrikaden vorn presst sich die Jugend der Hauptstadt<\/p>\n","protected":false},"author":1,"featured_media":268549,"comment_status":"open","ping_status":"open","sticky":false,"template":"","format":"standard","meta":{"footnotes":""},"categories":[116],"tags":[],"class_list":["post-268548","post","type-post","status-publish","format-standard","has-post-thumbnail","hentry","category-war-chronicles-de"],"acf":[],"yoast_head":"<!-- This site is optimized with the Yoast SEO plugin v22.9 - https:\/\/yoast.com\/wordpress\/plugins\/seo\/ -->\n<title>Gro\u00dfe Gesten f\u00fcr ein bedrohtes Land - vof-news.eu<\/title>\n<meta name=\"description\" content=\"So hat man Friedrich Merz selten gesehen, als\" \/>\n<meta name=\"robots\" content=\"noindex, follow, max-snippet:-1, max-image-preview:large, max-video-preview:-1\" \/>\n<meta property=\"og:locale\" content=\"de_DE\" \/>\n<meta property=\"og:type\" content=\"article\" \/>\n<meta property=\"og:title\" content=\"Gro\u00dfe Gesten f\u00fcr ein bedrohtes Land - vof-news.eu\" \/>\n<meta property=\"og:description\" content=\"So hat man Friedrich Merz selten gesehen, als\" \/>\n<meta property=\"og:url\" content=\"https:\/\/vof-news.eu\/de\/grose-gesten-fur-ein-bedrohtes-land\/\" \/>\n<meta property=\"og:site_name\" content=\"vof-news.eu\" \/>\n<meta property=\"article:published_time\" content=\"2025-08-28T04:29:12+00:00\" \/>\n<meta property=\"article:modified_time\" content=\"2025-08-28T04:30:20+00:00\" \/>\n<meta property=\"og:image\" content=\"https:\/\/vof-news.eu\/wp-content\/uploads\/2025\/08\/wide__1000x562-95.jpg\" \/>\n\t<meta property=\"og:image:width\" content=\"1000\" \/>\n\t<meta property=\"og:image:height\" content=\"562\" \/>\n\t<meta property=\"og:image:type\" content=\"image\/jpeg\" \/>\n<meta name=\"author\" content=\"Author\" \/>\n<meta name=\"twitter:card\" content=\"summary_large_image\" \/>\n<meta name=\"twitter:label1\" content=\"Verfasst von\" \/>\n\t<meta name=\"twitter:data1\" content=\"Author\" \/>\n\t<meta name=\"twitter:label2\" content=\"Gesch\u00e4tzte Lesezeit\" \/>\n\t<meta name=\"twitter:data2\" content=\"7\u00a0Minuten\" \/>\n<script type=\"application\/ld+json\" class=\"yoast-schema-graph\">{\"@context\":\"https:\/\/schema.org\",\"@graph\":[{\"@type\":\"WebPage\",\"@id\":\"https:\/\/vof-news.eu\/de\/grose-gesten-fur-ein-bedrohtes-land\/\",\"url\":\"https:\/\/vof-news.eu\/de\/grose-gesten-fur-ein-bedrohtes-land\/\",\"name\":\"Gro\u00dfe Gesten f\u00fcr ein bedrohtes Land - vof-news.eu\",\"isPartOf\":{\"@id\":\"https:\/\/vof-news.eu\/de\/#website\"},\"primaryImageOfPage\":{\"@id\":\"https:\/\/vof-news.eu\/de\/grose-gesten-fur-ein-bedrohtes-land\/#primaryimage\"},\"image\":{\"@id\":\"https:\/\/vof-news.eu\/de\/grose-gesten-fur-ein-bedrohtes-land\/#primaryimage\"},\"thumbnailUrl\":\"https:\/\/vof-news.eu\/wp-content\/uploads\/2025\/08\/wide__1000x562-95.jpg\",\"datePublished\":\"2025-08-28T04:29:12+00:00\",\"dateModified\":\"2025-08-28T04:30:20+00:00\",\"author\":{\"@id\":\"https:\/\/vof-news.eu\/de\/#\/schema\/person\/f6a2a4309f0561835797fd8c19b333ed\"},\"description\":\"So hat man Friedrich Merz selten gesehen, als\",\"breadcrumb\":{\"@id\":\"https:\/\/vof-news.eu\/de\/grose-gesten-fur-ein-bedrohtes-land\/#breadcrumb\"},\"inLanguage\":\"de\",\"potentialAction\":[{\"@type\":\"ReadAction\",\"target\":[\"https:\/\/vof-news.eu\/de\/grose-gesten-fur-ein-bedrohtes-land\/\"]}]},{\"@type\":\"ImageObject\",\"inLanguage\":\"de\",\"@id\":\"https:\/\/vof-news.eu\/de\/grose-gesten-fur-ein-bedrohtes-land\/#primaryimage\",\"url\":\"https:\/\/vof-news.eu\/wp-content\/uploads\/2025\/08\/wide__1000x562-95.jpg\",\"contentUrl\":\"https:\/\/vof-news.eu\/wp-content\/uploads\/2025\/08\/wide__1000x562-95.jpg\",\"width\":1000,\"height\":562},{\"@type\":\"BreadcrumbList\",\"@id\":\"https:\/\/vof-news.eu\/de\/grose-gesten-fur-ein-bedrohtes-land\/#breadcrumb\",\"itemListElement\":[{\"@type\":\"ListItem\",\"position\":1,\"name\":\"Home\",\"item\":\"https:\/\/vof-news.eu\/de\/\"},{\"@type\":\"ListItem\",\"position\":2,\"name\":\"Gro\u00dfe Gesten f\u00fcr ein bedrohtes Land\"}]},{\"@type\":\"WebSite\",\"@id\":\"https:\/\/vof-news.eu\/de\/#website\",\"url\":\"https:\/\/vof-news.eu\/de\/\",\"name\":\"vof-news.eu\",\"description\":\"\",\"potentialAction\":[{\"@type\":\"SearchAction\",\"target\":{\"@type\":\"EntryPoint\",\"urlTemplate\":\"https:\/\/vof-news.eu\/de\/?s={search_term_string}\"},\"query-input\":\"required name=search_term_string\"}],\"inLanguage\":\"de\"},{\"@type\":\"Person\",\"@id\":\"https:\/\/vof-news.eu\/de\/#\/schema\/person\/f6a2a4309f0561835797fd8c19b333ed\",\"name\":\"Author\",\"image\":{\"@type\":\"ImageObject\",\"inLanguage\":\"de\",\"@id\":\"https:\/\/vof-news.eu\/de\/#\/schema\/person\/image\/\",\"url\":\"https:\/\/secure.gravatar.com\/avatar\/b67e614b1b25b3e9c0c239efdd2fde5ab015b5affd6f1c3c85911ca4b384e790?s=96&d=mm&r=g\",\"contentUrl\":\"https:\/\/secure.gravatar.com\/avatar\/b67e614b1b25b3e9c0c239efdd2fde5ab015b5affd6f1c3c85911ca4b384e790?s=96&d=mm&r=g\",\"caption\":\"Author\"},\"sameAs\":[\"http:\/\/vof-news.eu\"],\"url\":\"https:\/\/vof-news.eu\/de\/author\/zwt6qxnjulxbnyg\/\"}]}<\/script>\n<!-- \/ Yoast SEO plugin. -->","yoast_head_json":{"title":"Gro\u00dfe Gesten f\u00fcr ein bedrohtes Land - vof-news.eu","description":"So hat man Friedrich Merz selten gesehen, als","robots":{"index":"noindex","follow":"follow","max-snippet":"max-snippet:-1","max-image-preview":"max-image-preview:large","max-video-preview":"max-video-preview:-1"},"og_locale":"de_DE","og_type":"article","og_title":"Gro\u00dfe Gesten f\u00fcr ein bedrohtes Land - vof-news.eu","og_description":"So hat man Friedrich Merz selten gesehen, als","og_url":"https:\/\/vof-news.eu\/de\/grose-gesten-fur-ein-bedrohtes-land\/","og_site_name":"vof-news.eu","article_published_time":"2025-08-28T04:29:12+00:00","article_modified_time":"2025-08-28T04:30:20+00:00","og_image":[{"width":1000,"height":562,"url":"https:\/\/vof-news.eu\/wp-content\/uploads\/2025\/08\/wide__1000x562-95.jpg","type":"image\/jpeg"}],"author":"Author","twitter_card":"summary_large_image","twitter_misc":{"Verfasst von":"Author","Gesch\u00e4tzte Lesezeit":"7\u00a0Minuten"},"schema":{"@context":"https:\/\/schema.org","@graph":[{"@type":"WebPage","@id":"https:\/\/vof-news.eu\/de\/grose-gesten-fur-ein-bedrohtes-land\/","url":"https:\/\/vof-news.eu\/de\/grose-gesten-fur-ein-bedrohtes-land\/","name":"Gro\u00dfe Gesten f\u00fcr ein bedrohtes Land - vof-news.eu","isPartOf":{"@id":"https:\/\/vof-news.eu\/de\/#website"},"primaryImageOfPage":{"@id":"https:\/\/vof-news.eu\/de\/grose-gesten-fur-ein-bedrohtes-land\/#primaryimage"},"image":{"@id":"https:\/\/vof-news.eu\/de\/grose-gesten-fur-ein-bedrohtes-land\/#primaryimage"},"thumbnailUrl":"https:\/\/vof-news.eu\/wp-content\/uploads\/2025\/08\/wide__1000x562-95.jpg","datePublished":"2025-08-28T04:29:12+00:00","dateModified":"2025-08-28T04:30:20+00:00","author":{"@id":"https:\/\/vof-news.eu\/de\/#\/schema\/person\/f6a2a4309f0561835797fd8c19b333ed"},"description":"So hat man Friedrich Merz selten gesehen, als","breadcrumb":{"@id":"https:\/\/vof-news.eu\/de\/grose-gesten-fur-ein-bedrohtes-land\/#breadcrumb"},"inLanguage":"de","potentialAction":[{"@type":"ReadAction","target":["https:\/\/vof-news.eu\/de\/grose-gesten-fur-ein-bedrohtes-land\/"]}]},{"@type":"ImageObject","inLanguage":"de","@id":"https:\/\/vof-news.eu\/de\/grose-gesten-fur-ein-bedrohtes-land\/#primaryimage","url":"https:\/\/vof-news.eu\/wp-content\/uploads\/2025\/08\/wide__1000x562-95.jpg","contentUrl":"https:\/\/vof-news.eu\/wp-content\/uploads\/2025\/08\/wide__1000x562-95.jpg","width":1000,"height":562},{"@type":"BreadcrumbList","@id":"https:\/\/vof-news.eu\/de\/grose-gesten-fur-ein-bedrohtes-land\/#breadcrumb","itemListElement":[{"@type":"ListItem","position":1,"name":"Home","item":"https:\/\/vof-news.eu\/de\/"},{"@type":"ListItem","position":2,"name":"Gro\u00dfe Gesten f\u00fcr ein bedrohtes Land"}]},{"@type":"WebSite","@id":"https:\/\/vof-news.eu\/de\/#website","url":"https:\/\/vof-news.eu\/de\/","name":"vof-news.eu","description":"","potentialAction":[{"@type":"SearchAction","target":{"@type":"EntryPoint","urlTemplate":"https:\/\/vof-news.eu\/de\/?s={search_term_string}"},"query-input":"required name=search_term_string"}],"inLanguage":"de"},{"@type":"Person","@id":"https:\/\/vof-news.eu\/de\/#\/schema\/person\/f6a2a4309f0561835797fd8c19b333ed","name":"Author","image":{"@type":"ImageObject","inLanguage":"de","@id":"https:\/\/vof-news.eu\/de\/#\/schema\/person\/image\/","url":"https:\/\/secure.gravatar.com\/avatar\/b67e614b1b25b3e9c0c239efdd2fde5ab015b5affd6f1c3c85911ca4b384e790?s=96&d=mm&r=g","contentUrl":"https:\/\/secure.gravatar.com\/avatar\/b67e614b1b25b3e9c0c239efdd2fde5ab015b5affd6f1c3c85911ca4b384e790?s=96&d=mm&r=g","caption":"Author"},"sameAs":["http:\/\/vof-news.eu"],"url":"https:\/\/vof-news.eu\/de\/author\/zwt6qxnjulxbnyg\/"}]}},"yoast_meta":{"yoast_wpseo_title":"","yoast_wpseo_metadesc":"","yoast_wpseo_canonical":""},"_links":{"self":[{"href":"https:\/\/vof-news.eu\/de\/wp-json\/wp\/v2\/posts\/268548","targetHints":{"allow":["GET"]}}],"collection":[{"href":"https:\/\/vof-news.eu\/de\/wp-json\/wp\/v2\/posts"}],"about":[{"href":"https:\/\/vof-news.eu\/de\/wp-json\/wp\/v2\/types\/post"}],"author":[{"embeddable":true,"href":"https:\/\/vof-news.eu\/de\/wp-json\/wp\/v2\/users\/1"}],"replies":[{"embeddable":true,"href":"https:\/\/vof-news.eu\/de\/wp-json\/wp\/v2\/comments?post=268548"}],"version-history":[{"count":1,"href":"https:\/\/vof-news.eu\/de\/wp-json\/wp\/v2\/posts\/268548\/revisions"}],"predecessor-version":[{"id":268556,"href":"https:\/\/vof-news.eu\/de\/wp-json\/wp\/v2\/posts\/268548\/revisions\/268556"}],"wp:featuredmedia":[{"embeddable":true,"href":"https:\/\/vof-news.eu\/de\/wp-json\/wp\/v2\/media\/268549"}],"wp:attachment":[{"href":"https:\/\/vof-news.eu\/de\/wp-json\/wp\/v2\/media?parent=268548"}],"wp:term":[{"taxonomy":"category","embeddable":true,"href":"https:\/\/vof-news.eu\/de\/wp-json\/wp\/v2\/categories?post=268548"},{"taxonomy":"post_tag","embeddable":true,"href":"https:\/\/vof-news.eu\/de\/wp-json\/wp\/v2\/tags?post=268548"}],"curies":[{"name":"wp","href":"https:\/\/api.w.org\/{rel}","templated":true}]}}