{"id":268332,"date":"2025-08-27T15:28:14","date_gmt":"2025-08-27T12:28:14","guid":{"rendered":"https:\/\/vof-news.eu\/sie-mussen-jetzt-stark-sein\/"},"modified":"2025-08-27T15:29:19","modified_gmt":"2025-08-27T12:29:19","slug":"sie-mussen-jetzt-stark-sein","status":"publish","type":"post","link":"https:\/\/vof-news.eu\/de\/sie-mussen-jetzt-stark-sein\/","title":{"rendered":"Sie m\u00fcssen jetzt stark sein"},"content":{"rendered":"<div>\n<p>Die drei M\u00e4nner, die Europa und die Ukraine retten sollen, hat ein blo\u00dfer Zufall der Geschichte zusammengespannt. Aber auf sie kommt es jetzt an. Seit Donald Trump wieder im Wei\u00dfen Haus sitzt, m\u00fcssen Friedrich Merz, Keir Starmer und <span><a href=\"https:\/\/www.zeit.de\/thema\/emmanuel-macron\" rel=\"nofollow\">Emmanuel Macron<\/a><\/span> etwas fast Unm\u00f6gliches versuchen. Sie m\u00fcssen den amerikanischen Pr\u00e4sidenten bei Laune halten, dem russischen widerstehen \u2013 und die Parlamente ihrer eigenen L\u00e4nder wom\u00f6glich davon \u00fcberzeugen, irgendwann Soldaten in die Ukraine zu entsenden.\n<\/p>\n<p>In den letzten Wochen hat sich die europ\u00e4ische Diplomatie irrwitzig beschleunigt. Es gibt so viele Videokonferenzen, Telefonschalten, Reisen, dass selbst diejenigen, die an den Treffen teilnehmen, manchmal den \u00dcberblick verlieren, wo und wann sie zuletzt miteinander gesprochen haben.\n<\/p>\n<p>War es am Montag? Am Mittwoch? Wer genau war noch mal dabei? Der Kreis der Teilnehmerinnen und Teilnehmer wechselt. Mal beraten sich die Europ\u00e4er in kleiner, mal in gro\u00dfer Runde. Nur <span><a href=\"https:\/\/www.zeit.de\/thema\/friedrich-merz\" rel=\"nofollow\">Merz<\/a><\/span>, Macron und Starmer \u2013 diese drei sind immer dabei. Und unverzichtbar.\n<\/p>\n<p>Fragt man in Berlin nach, in Paris oder in London, h\u00f6rt man in allen drei Hauptst\u00e4dten dasselbe: Niemals zuvor h\u00e4tten sich Deutschland, Frankreich und Gro\u00dfbritannien so eng abgestimmt wie in der Ukraine-Frage. , ein echter Motor. Der &#8222;harte Kern&#8220; des Teams Europa. Nichts an dieser Zusammenarbeit ist selbstverst\u00e4ndlich. Aber die Konstellation ist g\u00fcnstig.\n<\/p>\n<p>F\u00fcr kein anderes Thema hat sich Friedrich Merz seit dem ersten Tag seiner Kanzlerschaft so engagiert wie f\u00fcr Beziehungen zu den europ\u00e4ischen Nachbarn. Kaum war er in Berlin vereidigt, sa\u00df er schon im Flugzeug nach Paris, Warschau und Br\u00fcssel. Merz teilt mit Macron und <span><a href=\"https:\/\/www.zeit.de\/thema\/keir-starmer\" rel=\"nofollow\">Starmer<\/a><\/span> die \u00dcberzeugung, dass Putins Russland, sollte es nicht gestoppt werden, nicht in der Ukraine haltmachen w\u00fcrde, sondern eine Bedrohung f\u00fcr ganz Europa darstellen d\u00fcrfte. Und dass die Europ\u00e4er in dieser Auseinandersetzung nicht auf die Unterst\u00fctzung der USA verzichten k\u00f6nnen. Noch nicht.\n<\/p>\n<p>Der britische Premierminister Starmer regiert ein Land, das seit dem Kampf gegen Hitler-Deutschland davon \u00fcberzeugt ist, man d\u00fcrfe vor einem Aggressor nicht kapitulieren. Die Kooperation mit Paris und Berlin ist f\u00fcr den Labour-Politiker zudem eine Gelegenheit, Gro\u00dfbritannien nach den Jahren der Entfremdung durch den Brexit jedenfalls sicherheitspolitisch wieder ins Zentrum Europas zu f\u00fchren. Auch Starmer ist noch nicht lange im Amt, erst seit einem Jahr, aber er ist schnell so unbeliebt geworden wie kaum einer seiner Vorg\u00e4nger. Immerhin nach au\u00dfen kann er jetzt beweisen, welches Gewicht Gro\u00dfbritannien noch immer besitzt, als Atommacht, als st\u00e4ndiges Mitglied des UN-Sicherheitsrats und als engster Verb\u00fcndeter der USA.\n<\/p>\n<p>Unbeliebt ist auch Emmanuel Macron, der J\u00fcngste, aber mit Abstand Dienst\u00e4lteste im Trio. Frankreichs Pr\u00e4sident regiert seit 2017, er kennt Trump schon aus dessen erster Amtszeit und ist Putin fr\u00fcher oft begegnet \u2013 anders als Merz und Starmer, die den russischen Pr\u00e4sidenten pers\u00f6nlich nie getroffen haben. Auch Frankreich ist eine Atommacht, und Macron hat fr\u00fch f\u00fcr ein eigenst\u00e4ndiges Europa geworben. Aber seine au\u00dfenpolitischen Vorst\u00f6\u00dfe wirkten in der Vergangenheit oft erratisch. Seit einer Weile h\u00e4lt er sich zur\u00fcck. Was auch an Merz und Starmer liegen k\u00f6nnte: Mit ihnen, hofft Macron, k\u00f6nnte er trotz aller politischen Unterschiede endlich die richtigen Mitspieler gefunden haben.\n<\/p>\n<p>Man muss sich die europ\u00e4ische Diplomatie in diesen Tagen wie einen Schwarm vorstellen, der st\u00e4ndig seine Form \u00e4ndert. In Washington sind die Europ\u00e4er zuletzt zu siebt aufgetreten; im Mai waren sie zu viert in <span><a href=\"https:\/\/www.zeit.de\/thema\/kiew\" rel=\"nofollow\">Kyjiw<\/a><\/span>. In dieser Woche reisen Merz, Macron und der polnische Ministerpr\u00e4sident Donald Tusk zu dritt nach Moldau. Anschlie\u00dfend treffen sich der Bundeskanzler und der franz\u00f6sische Pr\u00e4sident zu zweit in dessen Sommerresidenz am Mittelmeer.\n<\/p>\n<p>Das Gewimmel ist Ausdruck einer Verlegenheit: Europas Au\u00dfenpolitik fehlt ein Zentrum. Gleichzeitig sprechen die wechselnden Formationen f\u00fcr ein \u00fcberraschendes Improvisationstalent. Europa, das immer langsam war, muss nun schnell reagieren. Deutschland, Frankreich und dem Nicht-mehr-EU-Land Gro\u00dfbritannien f\u00e4llt die Rolle zu, den Schwarm zu ordnen und zu lenken.\n<\/p>\n<\/div>\n","protected":false},"excerpt":{"rendered":"<p>Die drei M\u00e4nner, die Europa und die Ukraine retten sollen, hat ein blo\u00dfer Zufall der Geschichte zusammengespannt. Aber auf sie kommt es jetzt an. Seit Donald Trump wieder im Wei\u00dfen Haus sitzt, m\u00fcssen Friedrich Merz, Keir Starmer und Emmanuel Macron etwas fast Unm\u00f6gliches versuchen. Sie m\u00fcssen den amerikanischen Pr\u00e4sidenten bei Laune halten, dem russischen widerstehen<\/p>\n","protected":false},"author":1,"featured_media":268333,"comment_status":"open","ping_status":"open","sticky":false,"template":"","format":"standard","meta":{"footnotes":""},"categories":[116],"tags":[],"class_list":["post-268332","post","type-post","status-publish","format-standard","has-post-thumbnail","hentry","category-war-chronicles-de"],"acf":[],"yoast_head":"<!-- This site is optimized with the Yoast SEO plugin v22.9 - https:\/\/yoast.com\/wordpress\/plugins\/seo\/ -->\n<title>Sie m\u00fcssen jetzt stark sein - vof-news.eu<\/title>\n<meta name=\"description\" content=\"Die drei M\u00e4nner, die Europa und die Ukraine retten sollen, hat ein blo\u00dfer Zufall der Geschichte zusammengespannt. Aber auf sie kommt es jetzt an. Seit Donald Trump wieder im Wei\u00dfen Haus sitzt, m\u00fcssen Friedrich Merz, Keir Starmer und Emmanuel Macron etwas fast Unm\u00f6gliches versuchen. Sie m\u00fcssen den amerikanischen Pr\u00e4sidenten bei Laune halten, dem russischen widerstehen \u2013 und die Parlamente ihrer eigenen L\u00e4nder wom\u00f6glich davon \u00fcberzeugen, irgendwann Soldaten in die Ukraine zu entsenden.\" \/>\n<meta name=\"robots\" content=\"noindex, follow, max-snippet:-1, max-image-preview:large, max-video-preview:-1\" \/>\n<meta property=\"og:locale\" content=\"de_DE\" \/>\n<meta property=\"og:type\" content=\"article\" \/>\n<meta property=\"og:title\" content=\"Sie m\u00fcssen jetzt stark sein - vof-news.eu\" \/>\n<meta property=\"og:description\" content=\"Die drei M\u00e4nner, die Europa und die Ukraine retten sollen, hat ein blo\u00dfer Zufall der Geschichte zusammengespannt. Aber auf sie kommt es jetzt an. Seit Donald Trump wieder im Wei\u00dfen Haus sitzt, m\u00fcssen Friedrich Merz, Keir Starmer und Emmanuel Macron etwas fast Unm\u00f6gliches versuchen. Sie m\u00fcssen den amerikanischen Pr\u00e4sidenten bei Laune halten, dem russischen widerstehen \u2013 und die Parlamente ihrer eigenen L\u00e4nder wom\u00f6glich davon \u00fcberzeugen, irgendwann Soldaten in die Ukraine zu entsenden.\" \/>\n<meta property=\"og:url\" content=\"https:\/\/vof-news.eu\/de\/sie-mussen-jetzt-stark-sein\/\" \/>\n<meta property=\"og:site_name\" content=\"vof-news.eu\" \/>\n<meta property=\"article:published_time\" content=\"2025-08-27T12:28:14+00:00\" \/>\n<meta property=\"article:modified_time\" content=\"2025-08-27T12:29:19+00:00\" \/>\n<meta property=\"og:image\" content=\"https:\/\/vof-news.eu\/wp-content\/uploads\/2025\/08\/wide__1000x562-91.jpg\" \/>\n\t<meta property=\"og:image:width\" content=\"1000\" \/>\n\t<meta property=\"og:image:height\" content=\"562\" \/>\n\t<meta property=\"og:image:type\" content=\"image\/jpeg\" \/>\n<meta name=\"author\" content=\"Author\" \/>\n<meta name=\"twitter:card\" content=\"summary_large_image\" \/>\n<meta name=\"twitter:label1\" content=\"Verfasst von\" \/>\n\t<meta name=\"twitter:data1\" content=\"Author\" \/>\n\t<meta name=\"twitter:label2\" content=\"Gesch\u00e4tzte Lesezeit\" \/>\n\t<meta name=\"twitter:data2\" content=\"3\u00a0Minuten\" \/>\n<script type=\"application\/ld+json\" class=\"yoast-schema-graph\">{\"@context\":\"https:\/\/schema.org\",\"@graph\":[{\"@type\":\"WebPage\",\"@id\":\"https:\/\/vof-news.eu\/de\/sie-mussen-jetzt-stark-sein\/\",\"url\":\"https:\/\/vof-news.eu\/de\/sie-mussen-jetzt-stark-sein\/\",\"name\":\"Sie m\u00fcssen jetzt stark sein - vof-news.eu\",\"isPartOf\":{\"@id\":\"https:\/\/vof-news.eu\/de\/#website\"},\"primaryImageOfPage\":{\"@id\":\"https:\/\/vof-news.eu\/de\/sie-mussen-jetzt-stark-sein\/#primaryimage\"},\"image\":{\"@id\":\"https:\/\/vof-news.eu\/de\/sie-mussen-jetzt-stark-sein\/#primaryimage\"},\"thumbnailUrl\":\"https:\/\/vof-news.eu\/wp-content\/uploads\/2025\/08\/wide__1000x562-91.jpg\",\"datePublished\":\"2025-08-27T12:28:14+00:00\",\"dateModified\":\"2025-08-27T12:29:19+00:00\",\"author\":{\"@id\":\"https:\/\/vof-news.eu\/de\/#\/schema\/person\/f6a2a4309f0561835797fd8c19b333ed\"},\"description\":\"Die drei M\u00e4nner, die Europa und die Ukraine retten sollen, hat ein blo\u00dfer Zufall der Geschichte zusammengespannt. Aber auf sie kommt es jetzt an. Seit Donald Trump wieder im Wei\u00dfen Haus sitzt, m\u00fcssen Friedrich Merz, Keir Starmer und Emmanuel Macron etwas fast Unm\u00f6gliches versuchen. Sie m\u00fcssen den amerikanischen Pr\u00e4sidenten bei Laune halten, dem russischen widerstehen \u2013 und die Parlamente ihrer eigenen L\u00e4nder wom\u00f6glich davon \u00fcberzeugen, irgendwann Soldaten in die Ukraine zu entsenden.\",\"breadcrumb\":{\"@id\":\"https:\/\/vof-news.eu\/de\/sie-mussen-jetzt-stark-sein\/#breadcrumb\"},\"inLanguage\":\"de\",\"potentialAction\":[{\"@type\":\"ReadAction\",\"target\":[\"https:\/\/vof-news.eu\/de\/sie-mussen-jetzt-stark-sein\/\"]}]},{\"@type\":\"ImageObject\",\"inLanguage\":\"de\",\"@id\":\"https:\/\/vof-news.eu\/de\/sie-mussen-jetzt-stark-sein\/#primaryimage\",\"url\":\"https:\/\/vof-news.eu\/wp-content\/uploads\/2025\/08\/wide__1000x562-91.jpg\",\"contentUrl\":\"https:\/\/vof-news.eu\/wp-content\/uploads\/2025\/08\/wide__1000x562-91.jpg\",\"width\":1000,\"height\":562},{\"@type\":\"BreadcrumbList\",\"@id\":\"https:\/\/vof-news.eu\/de\/sie-mussen-jetzt-stark-sein\/#breadcrumb\",\"itemListElement\":[{\"@type\":\"ListItem\",\"position\":1,\"name\":\"Home\",\"item\":\"https:\/\/vof-news.eu\/de\/\"},{\"@type\":\"ListItem\",\"position\":2,\"name\":\"Sie m\u00fcssen jetzt stark sein\"}]},{\"@type\":\"WebSite\",\"@id\":\"https:\/\/vof-news.eu\/de\/#website\",\"url\":\"https:\/\/vof-news.eu\/de\/\",\"name\":\"vof-news.eu\",\"description\":\"\",\"potentialAction\":[{\"@type\":\"SearchAction\",\"target\":{\"@type\":\"EntryPoint\",\"urlTemplate\":\"https:\/\/vof-news.eu\/de\/?s={search_term_string}\"},\"query-input\":\"required name=search_term_string\"}],\"inLanguage\":\"de\"},{\"@type\":\"Person\",\"@id\":\"https:\/\/vof-news.eu\/de\/#\/schema\/person\/f6a2a4309f0561835797fd8c19b333ed\",\"name\":\"Author\",\"image\":{\"@type\":\"ImageObject\",\"inLanguage\":\"de\",\"@id\":\"https:\/\/vof-news.eu\/de\/#\/schema\/person\/image\/\",\"url\":\"https:\/\/secure.gravatar.com\/avatar\/b67e614b1b25b3e9c0c239efdd2fde5ab015b5affd6f1c3c85911ca4b384e790?s=96&d=mm&r=g\",\"contentUrl\":\"https:\/\/secure.gravatar.com\/avatar\/b67e614b1b25b3e9c0c239efdd2fde5ab015b5affd6f1c3c85911ca4b384e790?s=96&d=mm&r=g\",\"caption\":\"Author\"},\"sameAs\":[\"http:\/\/vof-news.eu\"],\"url\":\"https:\/\/vof-news.eu\/de\/author\/zwt6qxnjulxbnyg\/\"}]}<\/script>\n<!-- \/ Yoast SEO plugin. -->","yoast_head_json":{"title":"Sie m\u00fcssen jetzt stark sein - vof-news.eu","description":"Die drei M\u00e4nner, die Europa und die Ukraine retten sollen, hat ein blo\u00dfer Zufall der Geschichte zusammengespannt. Aber auf sie kommt es jetzt an. Seit Donald Trump wieder im Wei\u00dfen Haus sitzt, m\u00fcssen Friedrich Merz, Keir Starmer und Emmanuel Macron etwas fast Unm\u00f6gliches versuchen. Sie m\u00fcssen den amerikanischen Pr\u00e4sidenten bei Laune halten, dem russischen widerstehen \u2013 und die Parlamente ihrer eigenen L\u00e4nder wom\u00f6glich davon \u00fcberzeugen, irgendwann Soldaten in die Ukraine zu entsenden.","robots":{"index":"noindex","follow":"follow","max-snippet":"max-snippet:-1","max-image-preview":"max-image-preview:large","max-video-preview":"max-video-preview:-1"},"og_locale":"de_DE","og_type":"article","og_title":"Sie m\u00fcssen jetzt stark sein - vof-news.eu","og_description":"Die drei M\u00e4nner, die Europa und die Ukraine retten sollen, hat ein blo\u00dfer Zufall der Geschichte zusammengespannt. Aber auf sie kommt es jetzt an. Seit Donald Trump wieder im Wei\u00dfen Haus sitzt, m\u00fcssen Friedrich Merz, Keir Starmer und Emmanuel Macron etwas fast Unm\u00f6gliches versuchen. Sie m\u00fcssen den amerikanischen Pr\u00e4sidenten bei Laune halten, dem russischen widerstehen \u2013 und die Parlamente ihrer eigenen L\u00e4nder wom\u00f6glich davon \u00fcberzeugen, irgendwann Soldaten in die Ukraine zu entsenden.","og_url":"https:\/\/vof-news.eu\/de\/sie-mussen-jetzt-stark-sein\/","og_site_name":"vof-news.eu","article_published_time":"2025-08-27T12:28:14+00:00","article_modified_time":"2025-08-27T12:29:19+00:00","og_image":[{"width":1000,"height":562,"url":"https:\/\/vof-news.eu\/wp-content\/uploads\/2025\/08\/wide__1000x562-91.jpg","type":"image\/jpeg"}],"author":"Author","twitter_card":"summary_large_image","twitter_misc":{"Verfasst von":"Author","Gesch\u00e4tzte Lesezeit":"3\u00a0Minuten"},"schema":{"@context":"https:\/\/schema.org","@graph":[{"@type":"WebPage","@id":"https:\/\/vof-news.eu\/de\/sie-mussen-jetzt-stark-sein\/","url":"https:\/\/vof-news.eu\/de\/sie-mussen-jetzt-stark-sein\/","name":"Sie m\u00fcssen jetzt stark sein - vof-news.eu","isPartOf":{"@id":"https:\/\/vof-news.eu\/de\/#website"},"primaryImageOfPage":{"@id":"https:\/\/vof-news.eu\/de\/sie-mussen-jetzt-stark-sein\/#primaryimage"},"image":{"@id":"https:\/\/vof-news.eu\/de\/sie-mussen-jetzt-stark-sein\/#primaryimage"},"thumbnailUrl":"https:\/\/vof-news.eu\/wp-content\/uploads\/2025\/08\/wide__1000x562-91.jpg","datePublished":"2025-08-27T12:28:14+00:00","dateModified":"2025-08-27T12:29:19+00:00","author":{"@id":"https:\/\/vof-news.eu\/de\/#\/schema\/person\/f6a2a4309f0561835797fd8c19b333ed"},"description":"Die drei M\u00e4nner, die Europa und die Ukraine retten sollen, hat ein blo\u00dfer Zufall der Geschichte zusammengespannt. Aber auf sie kommt es jetzt an. Seit Donald Trump wieder im Wei\u00dfen Haus sitzt, m\u00fcssen Friedrich Merz, Keir Starmer und Emmanuel Macron etwas fast Unm\u00f6gliches versuchen. Sie m\u00fcssen den amerikanischen Pr\u00e4sidenten bei Laune halten, dem russischen widerstehen \u2013 und die Parlamente ihrer eigenen L\u00e4nder wom\u00f6glich davon \u00fcberzeugen, irgendwann Soldaten in die Ukraine zu entsenden.","breadcrumb":{"@id":"https:\/\/vof-news.eu\/de\/sie-mussen-jetzt-stark-sein\/#breadcrumb"},"inLanguage":"de","potentialAction":[{"@type":"ReadAction","target":["https:\/\/vof-news.eu\/de\/sie-mussen-jetzt-stark-sein\/"]}]},{"@type":"ImageObject","inLanguage":"de","@id":"https:\/\/vof-news.eu\/de\/sie-mussen-jetzt-stark-sein\/#primaryimage","url":"https:\/\/vof-news.eu\/wp-content\/uploads\/2025\/08\/wide__1000x562-91.jpg","contentUrl":"https:\/\/vof-news.eu\/wp-content\/uploads\/2025\/08\/wide__1000x562-91.jpg","width":1000,"height":562},{"@type":"BreadcrumbList","@id":"https:\/\/vof-news.eu\/de\/sie-mussen-jetzt-stark-sein\/#breadcrumb","itemListElement":[{"@type":"ListItem","position":1,"name":"Home","item":"https:\/\/vof-news.eu\/de\/"},{"@type":"ListItem","position":2,"name":"Sie m\u00fcssen jetzt stark sein"}]},{"@type":"WebSite","@id":"https:\/\/vof-news.eu\/de\/#website","url":"https:\/\/vof-news.eu\/de\/","name":"vof-news.eu","description":"","potentialAction":[{"@type":"SearchAction","target":{"@type":"EntryPoint","urlTemplate":"https:\/\/vof-news.eu\/de\/?s={search_term_string}"},"query-input":"required name=search_term_string"}],"inLanguage":"de"},{"@type":"Person","@id":"https:\/\/vof-news.eu\/de\/#\/schema\/person\/f6a2a4309f0561835797fd8c19b333ed","name":"Author","image":{"@type":"ImageObject","inLanguage":"de","@id":"https:\/\/vof-news.eu\/de\/#\/schema\/person\/image\/","url":"https:\/\/secure.gravatar.com\/avatar\/b67e614b1b25b3e9c0c239efdd2fde5ab015b5affd6f1c3c85911ca4b384e790?s=96&d=mm&r=g","contentUrl":"https:\/\/secure.gravatar.com\/avatar\/b67e614b1b25b3e9c0c239efdd2fde5ab015b5affd6f1c3c85911ca4b384e790?s=96&d=mm&r=g","caption":"Author"},"sameAs":["http:\/\/vof-news.eu"],"url":"https:\/\/vof-news.eu\/de\/author\/zwt6qxnjulxbnyg\/"}]}},"yoast_meta":{"yoast_wpseo_title":"","yoast_wpseo_metadesc":"","yoast_wpseo_canonical":""},"_links":{"self":[{"href":"https:\/\/vof-news.eu\/de\/wp-json\/wp\/v2\/posts\/268332","targetHints":{"allow":["GET"]}}],"collection":[{"href":"https:\/\/vof-news.eu\/de\/wp-json\/wp\/v2\/posts"}],"about":[{"href":"https:\/\/vof-news.eu\/de\/wp-json\/wp\/v2\/types\/post"}],"author":[{"embeddable":true,"href":"https:\/\/vof-news.eu\/de\/wp-json\/wp\/v2\/users\/1"}],"replies":[{"embeddable":true,"href":"https:\/\/vof-news.eu\/de\/wp-json\/wp\/v2\/comments?post=268332"}],"version-history":[{"count":1,"href":"https:\/\/vof-news.eu\/de\/wp-json\/wp\/v2\/posts\/268332\/revisions"}],"predecessor-version":[{"id":268339,"href":"https:\/\/vof-news.eu\/de\/wp-json\/wp\/v2\/posts\/268332\/revisions\/268339"}],"wp:featuredmedia":[{"embeddable":true,"href":"https:\/\/vof-news.eu\/de\/wp-json\/wp\/v2\/media\/268333"}],"wp:attachment":[{"href":"https:\/\/vof-news.eu\/de\/wp-json\/wp\/v2\/media?parent=268332"}],"wp:term":[{"taxonomy":"category","embeddable":true,"href":"https:\/\/vof-news.eu\/de\/wp-json\/wp\/v2\/categories?post=268332"},{"taxonomy":"post_tag","embeddable":true,"href":"https:\/\/vof-news.eu\/de\/wp-json\/wp\/v2\/tags?post=268332"}],"curies":[{"name":"wp","href":"https:\/\/api.w.org\/{rel}","templated":true}]}}