{"id":268233,"date":"2025-08-27T09:28:09","date_gmt":"2025-08-27T06:28:09","guid":{"rendered":"https:\/\/vof-news.eu\/warum-friedrich-merz-mehr-traumen-sollte\/"},"modified":"2025-08-27T09:29:33","modified_gmt":"2025-08-27T06:29:33","slug":"warum-friedrich-merz-mehr-traumen-sollte","status":"publish","type":"post","link":"https:\/\/vof-news.eu\/de\/warum-friedrich-merz-mehr-traumen-sollte\/","title":{"rendered":"Warum Friedrich Merz mehr tr\u00e4umen sollte"},"content":{"rendered":"<div>\n<p>Wer sich in diesen Sp\u00e4tsommertagen im sogenannten &#8222;politischen Berlin&#8220; umh\u00f6rt, dem schl\u00e4gt eine einhellige Sorge entgegen: Die vom &#8222;Verhetzungspotenzial&#8220;. Was ist damit gemeint?\n<\/p>\n<p>Ende der Woche treffen sich die <a href=\"https:\/\/www.zeit.de\/politik\/deutschland\/2025-08\/schwarz-rote-koalition-union-spd-treffen-fraktionsspitzen\" rel=\"nofollow\">Fraktionsspitzen von Schwarz-Rot zur Klausur<\/a>. Kanzler <span><a href=\"https:\/\/www.zeit.de\/thema\/friedrich-merz\" rel=\"nofollow\">Friedrich Merz<\/a><\/span> hat das Land auf harte Reformen eingeschworen: Der &#8222;Sozialstaat, wie wir ihn heute haben&#8220; sei nicht mehr finanzierbar.\u00a0\n<\/p>\n<p>Also wird gestritten: Soll k\u00fcnftig <a href=\"https:\/\/www.zeit.de\/politik\/deutschland\/2025-08\/markus-soeder-ard-sommerinterview-bundesregierung-reformen-steuererhoehungen\" rel=\"nofollow\">der B\u00fcrgergeld-Empf\u00e4nger den ber\u00fchmten G\u00fcrtel enger schnallen\u00a0<\/a>\u2013 oder die Angestellte, die sich eigentlich auf Ihre wohlverdiente Rente freute, zum Weitermalochen verdonnert werden?\u00a0\u00a0\n<\/p>\n<p>Sollen Reiche, die von Beruf einfach nur Erben sind, mehr Steuern zahlen \u2013 oder wird die Hausbesitzerin beim Kauf einer W\u00e4rmepumpe wegen gestrichener F\u00f6rdergelder schon bald ein paar Tausender drauflegen m\u00fcssen?\n<\/p>\n<p>Kn\u00fcpft man denjenigen unter den Millionen gesetzlich Krankenversicherten, die es \u00fcberhaupt noch schaffen, einen Arzttermin zu ergattern, k\u00fcnftig eine &#8222;Kontaktgeb\u00fchr&#8220; ab, um die Kassen wieder zu f\u00fcllen?\u00a0\u00a0\n<\/p>\n<h2>16 Jahre krankgeschrieben<\/h2>\n<p>Und dann flatterte auch noch die folgende Nachricht herein: Eine <a href=\"https:\/\/www.spiegel.de\/panorama\/lehrerin-16-jahre-krankgeschrieben-schulleiter-soll-ihren-namen-noch-nie-gehoert-haben-a-a20d2b80-ce10-4bfc-a682-ad2653225e9a\" rel=\"nofollow\">Beamtin war 16 Jahre lang bei vollen Bez\u00fcgen (!) krankgeschrieben und dar\u00fcber vergessen worden<\/a>. Keine Amts\u00e4rztin hat sich je ein Bild davon gemacht, ob diese Dauerkrankmeldung eigentlich gerechtfertigt war. W\u00e4hrend ein gesetzlich Versicherter nach sechs Wochen Krankschreibung nicht mehr von seinem Arbeitgeber bezahlt wird, verdiente die Frau, eine Lehrerin, also krankgeschrieben jahrelang genauso gut, wie wenn sie jeden Morgen um 7.30 Uhr auf dem Schulhof gestanden h\u00e4tte.\n<\/p>\n<p>Bei mir wollt ihr sparen, aber die anderen sollen so weiter machen d\u00fcrfen, wie bisher? Diese Klage besteht bei all den aktuell diskutierten Reformen und Ref\u00f6rmchen.\n<\/p>\n<p>Es sind emotionale Themen, zu denen die allermeisten Menschen ihre eigene, ganz dezidierte Meinung haben. Der &#8222;Herbst der Reformen&#8220; wird grundlegende Gerechtigkeitsfragen ber\u00fchren. Und es besteht die konkrete Gefahr, dass neue Ungerechtigkeiten entstehen. All das bietet hervorragendes Aufreger\u2013 oder\u00a0 \u2013 da ist es wieder, das Wort der Stunde: &#8222;Verhetzungspotenzial&#8220;.\u00a0\n<\/p>\n<h2>Der Kanzler hat bisher nur strenge Worte gefunden<\/h2>\n<p>Das B\u00fcndnis Sahra Wagenknecht \u2013 die Partei mit dem Faible f\u00fcr die ganz einfachen Wahrheiten \u2013 macht genau so gerade Kommunalwahlkampf in Nordrhein-Westfalen. &#8222;Rentner in Armut&#8220;, &#8222;kein Geld f\u00fcr Kitas&#8220;, &#8222;Mieten unbezahlbar&#8220;, steht auf den Plakaten \u2013 und dann stets der klagende Zusatz: &#8222;Aber Milliarden f\u00fcr Waffen!&#8220;\u00a0Es ist der alte Slogan, auf den auch die rechtsextreme AfD und selbst Teile der Linkspartei gerne einsteigen: Weil Deutschland die Ukraine unterst\u00fctzt und das viel Geld kostet, darben hierzulande angeblich die &#8222;normalen Menschen&#8220;.\u00a0Das ist nat\u00fcrlich grob verk\u00fcrzt und weitgehend falsch. Das Problem ist aber: Die <span><a href=\"https:\/\/www.zeit.de\/thema\/bundesregierung\" rel=\"nofollow\">Bundesregierung<\/a><\/span> setzt dieser Demagogie gerade kommunikativ nichts entgegen.\u00a0\n<\/p>\n<p>Beginnen wir mit dem Kanzler. Friedrich Merz hat f\u00fcr seine Landsleute bisher vor allem strenge, mahnende Worte gefunden. Er hat ihnen zum Beispiel wiederholt vorgeworfen, zu wenig zu arbeiten und zu oft krank zu sein. Die deutsche Wirtschaft sei zudem wenig innovativ und international einfach  mehr. Eine solche Ansprache senkt die allgemeine Stimmung nat\u00fcrlich eher, als dass sie sie hebt.\u00a0\n<\/p>\n<p>SPD-Finanzminister Lars Klingbeil machte es da nicht besser: Vor einigen Wochen suggerierte er, Steuererh\u00f6hungen brauche es vor allem, um Haushaltsl\u00f6cher zu stopfen. H\u00e4tte er h\u00f6here Steuern f\u00fcr Reiche selbstbewusst zu einem Gerechtigkeitsthema ausgerufen, es h\u00e4tten ihm mehr Menschen zugeh\u00f6rt. \u00a0\u00a0\n<\/p>\n<h2>Was gilt denn nun f\u00fcr die Jugend?<\/h2>\n<p>Besonders gef\u00e4hrlich ist, dass die Bundesregierung gerade nicht klar sagt, wie verpflichtend das neue Wehrpflicht-Modell denn wirklich f\u00fcr alle jungen Erwachsenen sein wird.\u00a0 Und dass sie auch auch dazu schweigt, inwieweit deutsche Soldaten in der <span><a href=\"https:\/\/www.zeit.de\/politik\/ausland\/ukraine-krieg-news-liveblog\" rel=\"nofollow\">Ukraine<\/a><\/span> zur Absicherung eines m\u00f6glichen zuk\u00fcnftigen Friedens gebraucht werden. Das schafft einen Raum der Unsicherheit, den Populisten gen\u00fcsslich f\u00fcllen.\u00a0\n<\/p>\n<p>Zum Beispiel f\u00fcr die rechtsextreme AfD. Sie verbreitet Social-Media-Posts, in denen ein malizi\u00f6s dreinblickender Friedrich Merz mit langen Fingern nach der unschuldigen deutschen Jugend greift. Nicht wenige f\u00fchlten sich an die Propaganda der NS-Jahre erinnert.\u00a0\n<\/p>\n<p>Die Sorge um das &#8222;Verhetzungspotenzial&#8220; der anstehenden Reformen ist also<strong>\u00a0<\/strong>durchaus angebracht.\u00a0\n<\/p>\n<p>Nat\u00fcrlich kann die schwarz-rote Regierung die gewaltigen Herausforderungen (weniger junge Menschen und mehr alte, Kostenexplosion in den Sozialkassen, Wirtschaftsflaute und nat\u00fcrlich die internationale Lage, um nur ein paar zu nennen) nicht einfach ignorieren. Es muss sich etwas \u00e4ndern, sei es bei der Bundeswehr oder beim B\u00fcrgergeld. Aber Union und SPD tun sich schwer damit, notwendige H\u00e4rten so zu kommunizieren, dass sie \u2013 sicher nicht \u00fcberall, aber doch bei den meisten B\u00fcrgerinnen und B\u00fcrgern \u2013 auf Akzeptanz sto\u00dfen.\u00a0\n<\/p>\n<p>Dabei sind Menschen in der Regel bereit, Opfer zu bringen. Sie wollen nur wissen, wof\u00fcr. Friedrich Merz sagt, er w\u00fcnsche sich ein Deutschland, das in der Welt wieder bewundert werde. Doch wie genau ein modernisiertes Land aus seiner Sicht aussehen sollte, l\u00e4sst er offen.\u00a0\u00a0\n<\/p>\n<p>Vielleicht w\u00e4re es daher an der Zeit f\u00fcr den Kanzler, mal \u00f6ffentlich von einer besseren Zukunft zu tr\u00e4umen. Wof\u00fcr genau, f\u00fcr welches Deutschland, sollen wir k\u00e4mpfen? Und warum lohnt es sich aus seiner Sicht, auch mal zur\u00fcckzustecken?\n<\/p>\n<\/div>\n","protected":false},"excerpt":{"rendered":"<p>Wer sich in diesen Sp\u00e4tsommertagen im sogenannten &#8222;politischen Berlin&#8220; umh\u00f6rt, dem schl\u00e4gt eine einhellige Sorge entgegen: Die vom &#8222;Verhetzungspotenzial&#8220;. Was ist damit gemeint? Ende der Woche treffen sich die Fraktionsspitzen von Schwarz-Rot zur Klausur. Kanzler Friedrich Merz hat das Land auf harte Reformen eingeschworen: Der &#8222;Sozialstaat, wie wir ihn heute haben&#8220; sei nicht mehr finanzierbar.\u00a0<\/p>\n","protected":false},"author":1,"featured_media":268234,"comment_status":"open","ping_status":"open","sticky":false,"template":"","format":"standard","meta":{"footnotes":""},"categories":[116],"tags":[],"class_list":["post-268233","post","type-post","status-publish","format-standard","has-post-thumbnail","hentry","category-war-chronicles-de"],"acf":[],"yoast_head":"<!-- This site is optimized with the Yoast SEO plugin v22.9 - https:\/\/yoast.com\/wordpress\/plugins\/seo\/ -->\n<title>Warum Friedrich Merz mehr tr\u00e4umen sollte - vof-news.eu<\/title>\n<meta name=\"description\" content=\"Wer sich in diesen Sp\u00e4tsommertagen im sogenannten &quot;politischen Berlin&quot; umh\u00f6rt, dem schl\u00e4gt eine einhellige Sorge entgegen: Die vom &quot;Verhetzungspotenzial&quot;. Was ist damit gemeint?\" \/>\n<meta name=\"robots\" content=\"noindex, follow, max-snippet:-1, max-image-preview:large, max-video-preview:-1\" \/>\n<meta property=\"og:locale\" content=\"de_DE\" \/>\n<meta property=\"og:type\" content=\"article\" \/>\n<meta property=\"og:title\" content=\"Warum Friedrich Merz mehr tr\u00e4umen sollte - vof-news.eu\" \/>\n<meta property=\"og:description\" content=\"Wer sich in diesen Sp\u00e4tsommertagen im sogenannten &quot;politischen Berlin&quot; umh\u00f6rt, dem schl\u00e4gt eine einhellige Sorge entgegen: Die vom &quot;Verhetzungspotenzial&quot;. Was ist damit gemeint?\" \/>\n<meta property=\"og:url\" content=\"https:\/\/vof-news.eu\/de\/warum-friedrich-merz-mehr-traumen-sollte\/\" \/>\n<meta property=\"og:site_name\" content=\"vof-news.eu\" \/>\n<meta property=\"article:published_time\" content=\"2025-08-27T06:28:09+00:00\" \/>\n<meta property=\"article:modified_time\" content=\"2025-08-27T06:29:33+00:00\" \/>\n<meta property=\"og:image\" content=\"https:\/\/vof-news.eu\/wp-content\/uploads\/2025\/08\/wide__1000x562-90.jpg\" \/>\n\t<meta property=\"og:image:width\" content=\"1000\" \/>\n\t<meta property=\"og:image:height\" content=\"562\" \/>\n\t<meta property=\"og:image:type\" content=\"image\/jpeg\" \/>\n<meta name=\"author\" content=\"Author\" \/>\n<meta name=\"twitter:card\" content=\"summary_large_image\" \/>\n<meta name=\"twitter:label1\" content=\"Verfasst von\" \/>\n\t<meta name=\"twitter:data1\" content=\"Author\" \/>\n\t<meta name=\"twitter:label2\" content=\"Gesch\u00e4tzte Lesezeit\" \/>\n\t<meta name=\"twitter:data2\" content=\"4\u00a0Minuten\" \/>\n<script type=\"application\/ld+json\" class=\"yoast-schema-graph\">{\"@context\":\"https:\/\/schema.org\",\"@graph\":[{\"@type\":\"WebPage\",\"@id\":\"https:\/\/vof-news.eu\/de\/warum-friedrich-merz-mehr-traumen-sollte\/\",\"url\":\"https:\/\/vof-news.eu\/de\/warum-friedrich-merz-mehr-traumen-sollte\/\",\"name\":\"Warum Friedrich Merz mehr tr\u00e4umen sollte - vof-news.eu\",\"isPartOf\":{\"@id\":\"https:\/\/vof-news.eu\/de\/#website\"},\"primaryImageOfPage\":{\"@id\":\"https:\/\/vof-news.eu\/de\/warum-friedrich-merz-mehr-traumen-sollte\/#primaryimage\"},\"image\":{\"@id\":\"https:\/\/vof-news.eu\/de\/warum-friedrich-merz-mehr-traumen-sollte\/#primaryimage\"},\"thumbnailUrl\":\"https:\/\/vof-news.eu\/wp-content\/uploads\/2025\/08\/wide__1000x562-90.jpg\",\"datePublished\":\"2025-08-27T06:28:09+00:00\",\"dateModified\":\"2025-08-27T06:29:33+00:00\",\"author\":{\"@id\":\"https:\/\/vof-news.eu\/de\/#\/schema\/person\/f6a2a4309f0561835797fd8c19b333ed\"},\"description\":\"Wer sich in diesen Sp\u00e4tsommertagen im sogenannten \\\"politischen Berlin\\\" umh\u00f6rt, dem schl\u00e4gt eine einhellige Sorge entgegen: Die vom \\\"Verhetzungspotenzial\\\". Was ist damit gemeint?\",\"breadcrumb\":{\"@id\":\"https:\/\/vof-news.eu\/de\/warum-friedrich-merz-mehr-traumen-sollte\/#breadcrumb\"},\"inLanguage\":\"de\",\"potentialAction\":[{\"@type\":\"ReadAction\",\"target\":[\"https:\/\/vof-news.eu\/de\/warum-friedrich-merz-mehr-traumen-sollte\/\"]}]},{\"@type\":\"ImageObject\",\"inLanguage\":\"de\",\"@id\":\"https:\/\/vof-news.eu\/de\/warum-friedrich-merz-mehr-traumen-sollte\/#primaryimage\",\"url\":\"https:\/\/vof-news.eu\/wp-content\/uploads\/2025\/08\/wide__1000x562-90.jpg\",\"contentUrl\":\"https:\/\/vof-news.eu\/wp-content\/uploads\/2025\/08\/wide__1000x562-90.jpg\",\"width\":1000,\"height\":562},{\"@type\":\"BreadcrumbList\",\"@id\":\"https:\/\/vof-news.eu\/de\/warum-friedrich-merz-mehr-traumen-sollte\/#breadcrumb\",\"itemListElement\":[{\"@type\":\"ListItem\",\"position\":1,\"name\":\"Home\",\"item\":\"https:\/\/vof-news.eu\/de\/\"},{\"@type\":\"ListItem\",\"position\":2,\"name\":\"Warum Friedrich Merz mehr tr\u00e4umen sollte\"}]},{\"@type\":\"WebSite\",\"@id\":\"https:\/\/vof-news.eu\/de\/#website\",\"url\":\"https:\/\/vof-news.eu\/de\/\",\"name\":\"vof-news.eu\",\"description\":\"\",\"potentialAction\":[{\"@type\":\"SearchAction\",\"target\":{\"@type\":\"EntryPoint\",\"urlTemplate\":\"https:\/\/vof-news.eu\/de\/?s={search_term_string}\"},\"query-input\":\"required name=search_term_string\"}],\"inLanguage\":\"de\"},{\"@type\":\"Person\",\"@id\":\"https:\/\/vof-news.eu\/de\/#\/schema\/person\/f6a2a4309f0561835797fd8c19b333ed\",\"name\":\"Author\",\"image\":{\"@type\":\"ImageObject\",\"inLanguage\":\"de\",\"@id\":\"https:\/\/vof-news.eu\/de\/#\/schema\/person\/image\/\",\"url\":\"https:\/\/secure.gravatar.com\/avatar\/b67e614b1b25b3e9c0c239efdd2fde5ab015b5affd6f1c3c85911ca4b384e790?s=96&d=mm&r=g\",\"contentUrl\":\"https:\/\/secure.gravatar.com\/avatar\/b67e614b1b25b3e9c0c239efdd2fde5ab015b5affd6f1c3c85911ca4b384e790?s=96&d=mm&r=g\",\"caption\":\"Author\"},\"sameAs\":[\"http:\/\/vof-news.eu\"],\"url\":\"https:\/\/vof-news.eu\/de\/author\/zwt6qxnjulxbnyg\/\"}]}<\/script>\n<!-- \/ Yoast SEO plugin. -->","yoast_head_json":{"title":"Warum Friedrich Merz mehr tr\u00e4umen sollte - vof-news.eu","description":"Wer sich in diesen Sp\u00e4tsommertagen im sogenannten \"politischen Berlin\" umh\u00f6rt, dem schl\u00e4gt eine einhellige Sorge entgegen: Die vom \"Verhetzungspotenzial\". Was ist damit gemeint?","robots":{"index":"noindex","follow":"follow","max-snippet":"max-snippet:-1","max-image-preview":"max-image-preview:large","max-video-preview":"max-video-preview:-1"},"og_locale":"de_DE","og_type":"article","og_title":"Warum Friedrich Merz mehr tr\u00e4umen sollte - vof-news.eu","og_description":"Wer sich in diesen Sp\u00e4tsommertagen im sogenannten \"politischen Berlin\" umh\u00f6rt, dem schl\u00e4gt eine einhellige Sorge entgegen: Die vom \"Verhetzungspotenzial\". Was ist damit gemeint?","og_url":"https:\/\/vof-news.eu\/de\/warum-friedrich-merz-mehr-traumen-sollte\/","og_site_name":"vof-news.eu","article_published_time":"2025-08-27T06:28:09+00:00","article_modified_time":"2025-08-27T06:29:33+00:00","og_image":[{"width":1000,"height":562,"url":"https:\/\/vof-news.eu\/wp-content\/uploads\/2025\/08\/wide__1000x562-90.jpg","type":"image\/jpeg"}],"author":"Author","twitter_card":"summary_large_image","twitter_misc":{"Verfasst von":"Author","Gesch\u00e4tzte Lesezeit":"4\u00a0Minuten"},"schema":{"@context":"https:\/\/schema.org","@graph":[{"@type":"WebPage","@id":"https:\/\/vof-news.eu\/de\/warum-friedrich-merz-mehr-traumen-sollte\/","url":"https:\/\/vof-news.eu\/de\/warum-friedrich-merz-mehr-traumen-sollte\/","name":"Warum Friedrich Merz mehr tr\u00e4umen sollte - vof-news.eu","isPartOf":{"@id":"https:\/\/vof-news.eu\/de\/#website"},"primaryImageOfPage":{"@id":"https:\/\/vof-news.eu\/de\/warum-friedrich-merz-mehr-traumen-sollte\/#primaryimage"},"image":{"@id":"https:\/\/vof-news.eu\/de\/warum-friedrich-merz-mehr-traumen-sollte\/#primaryimage"},"thumbnailUrl":"https:\/\/vof-news.eu\/wp-content\/uploads\/2025\/08\/wide__1000x562-90.jpg","datePublished":"2025-08-27T06:28:09+00:00","dateModified":"2025-08-27T06:29:33+00:00","author":{"@id":"https:\/\/vof-news.eu\/de\/#\/schema\/person\/f6a2a4309f0561835797fd8c19b333ed"},"description":"Wer sich in diesen Sp\u00e4tsommertagen im sogenannten \"politischen Berlin\" umh\u00f6rt, dem schl\u00e4gt eine einhellige Sorge entgegen: Die vom \"Verhetzungspotenzial\". Was ist damit gemeint?","breadcrumb":{"@id":"https:\/\/vof-news.eu\/de\/warum-friedrich-merz-mehr-traumen-sollte\/#breadcrumb"},"inLanguage":"de","potentialAction":[{"@type":"ReadAction","target":["https:\/\/vof-news.eu\/de\/warum-friedrich-merz-mehr-traumen-sollte\/"]}]},{"@type":"ImageObject","inLanguage":"de","@id":"https:\/\/vof-news.eu\/de\/warum-friedrich-merz-mehr-traumen-sollte\/#primaryimage","url":"https:\/\/vof-news.eu\/wp-content\/uploads\/2025\/08\/wide__1000x562-90.jpg","contentUrl":"https:\/\/vof-news.eu\/wp-content\/uploads\/2025\/08\/wide__1000x562-90.jpg","width":1000,"height":562},{"@type":"BreadcrumbList","@id":"https:\/\/vof-news.eu\/de\/warum-friedrich-merz-mehr-traumen-sollte\/#breadcrumb","itemListElement":[{"@type":"ListItem","position":1,"name":"Home","item":"https:\/\/vof-news.eu\/de\/"},{"@type":"ListItem","position":2,"name":"Warum Friedrich Merz mehr tr\u00e4umen sollte"}]},{"@type":"WebSite","@id":"https:\/\/vof-news.eu\/de\/#website","url":"https:\/\/vof-news.eu\/de\/","name":"vof-news.eu","description":"","potentialAction":[{"@type":"SearchAction","target":{"@type":"EntryPoint","urlTemplate":"https:\/\/vof-news.eu\/de\/?s={search_term_string}"},"query-input":"required name=search_term_string"}],"inLanguage":"de"},{"@type":"Person","@id":"https:\/\/vof-news.eu\/de\/#\/schema\/person\/f6a2a4309f0561835797fd8c19b333ed","name":"Author","image":{"@type":"ImageObject","inLanguage":"de","@id":"https:\/\/vof-news.eu\/de\/#\/schema\/person\/image\/","url":"https:\/\/secure.gravatar.com\/avatar\/b67e614b1b25b3e9c0c239efdd2fde5ab015b5affd6f1c3c85911ca4b384e790?s=96&d=mm&r=g","contentUrl":"https:\/\/secure.gravatar.com\/avatar\/b67e614b1b25b3e9c0c239efdd2fde5ab015b5affd6f1c3c85911ca4b384e790?s=96&d=mm&r=g","caption":"Author"},"sameAs":["http:\/\/vof-news.eu"],"url":"https:\/\/vof-news.eu\/de\/author\/zwt6qxnjulxbnyg\/"}]}},"yoast_meta":{"yoast_wpseo_title":"","yoast_wpseo_metadesc":"","yoast_wpseo_canonical":""},"_links":{"self":[{"href":"https:\/\/vof-news.eu\/de\/wp-json\/wp\/v2\/posts\/268233","targetHints":{"allow":["GET"]}}],"collection":[{"href":"https:\/\/vof-news.eu\/de\/wp-json\/wp\/v2\/posts"}],"about":[{"href":"https:\/\/vof-news.eu\/de\/wp-json\/wp\/v2\/types\/post"}],"author":[{"embeddable":true,"href":"https:\/\/vof-news.eu\/de\/wp-json\/wp\/v2\/users\/1"}],"replies":[{"embeddable":true,"href":"https:\/\/vof-news.eu\/de\/wp-json\/wp\/v2\/comments?post=268233"}],"version-history":[{"count":1,"href":"https:\/\/vof-news.eu\/de\/wp-json\/wp\/v2\/posts\/268233\/revisions"}],"predecessor-version":[{"id":268240,"href":"https:\/\/vof-news.eu\/de\/wp-json\/wp\/v2\/posts\/268233\/revisions\/268240"}],"wp:featuredmedia":[{"embeddable":true,"href":"https:\/\/vof-news.eu\/de\/wp-json\/wp\/v2\/media\/268234"}],"wp:attachment":[{"href":"https:\/\/vof-news.eu\/de\/wp-json\/wp\/v2\/media?parent=268233"}],"wp:term":[{"taxonomy":"category","embeddable":true,"href":"https:\/\/vof-news.eu\/de\/wp-json\/wp\/v2\/categories?post=268233"},{"taxonomy":"post_tag","embeddable":true,"href":"https:\/\/vof-news.eu\/de\/wp-json\/wp\/v2\/tags?post=268233"}],"curies":[{"name":"wp","href":"https:\/\/api.w.org\/{rel}","templated":true}]}}