{"id":268225,"date":"2025-08-27T09:26:55","date_gmt":"2025-08-27T06:26:55","guid":{"rendered":"https:\/\/vof-news.eu\/coca-cola-erhoht-preise-in-deutschland\/"},"modified":"2025-08-27T09:27:20","modified_gmt":"2025-08-27T06:27:20","slug":"coca-cola-erhoht-preise-in-deutschland","status":"publish","type":"post","link":"https:\/\/vof-news.eu\/de\/coca-cola-erhoht-preise-in-deutschland\/","title":{"rendered":"Coca-Cola erh\u00f6ht Preise in Deutschland"},"content":{"rendered":"<p>Verbraucher in Deutschland m\u00fcssen f\u00fcr Getr\u00e4nke von Coca-Cola bald wom\u00f6glich tiefer in die Tasche greifen. \u201eAuch in diesem Jahr wird es im September wieder Preiserh\u00f6hungen geben, die sich an der Inflationsentwicklung orientieren werden\u201c, sagte der Deutschlandchef des Getr\u00e4nkeabf\u00fcllunternehmens Coca-Cola Europacific Partners (CCEP), John Galvin, laut Vorabmeldung der Funke Mediengruppe. <\/p>\n<p>Diese w\u00fcrden \u201einsgesamt im niedrigen einstelligen Prozentbereich\u201c \u00fcber das gesamte Marken- und Packungsangebot des Unternehmens liegen. Ob das Kultgetr\u00e4nk Cola an der Kasse teurer werde, sei letztendlich jedoch eine Entscheidung des H\u00e4ndlers.<\/p>\n<p>Das Unternehmen CCEP \u00fcbernimmt im Auftrag der Coca-Cola Company Abf\u00fcllung und Vertrieb aller Getr\u00e4nkemarken des Konzerns in Deutschland. Der US-Getr\u00e4nkeriese mit Marken wie Fanta, Fuze Tea, Schweppes oder dem Mineralwasser Apollinaris hatte zuletzt im September 2024 die Preise angehoben.<\/p>\n<p>Ausschlaggebend f\u00fcr den erneuten Preisanstieg sei der gestiegene Kostendruck. \u201eDie Energiekosten sind h\u00f6her und auch die Personalkosten steigen\u201c, sagte Galvin. Die momentan g\u00fcnstigen Zuckerpreise k\u00f6nnten das nicht abfedern. <\/p>\n<p>\u201eGrunds\u00e4tzlich kaufen wir viele Rohstoffe wie auch Zucker sehr langfristig ein. Das bedeutet auch, dass wir nicht immer an Schwankungen an den Rohstoffm\u00e4rkten partizipieren.\u201c<\/p>\n","protected":false},"excerpt":{"rendered":"<p>Verbraucher in Deutschland m\u00fcssen f\u00fcr Getr\u00e4nke von Coca-Cola bald wom\u00f6glich tiefer in die Tasche greifen. \u201eAuch in diesem Jahr wird es im September wieder Preiserh\u00f6hungen geben, die sich an der Inflationsentwicklung orientieren werden\u201c, sagte der Deutschlandchef des Getr\u00e4nkeabf\u00fcllunternehmens Coca-Cola Europacific Partners (CCEP), John Galvin, laut Vorabmeldung der Funke Mediengruppe. Diese w\u00fcrden \u201einsgesamt im niedrigen einstelligen<\/p>\n","protected":false},"author":1,"featured_media":268226,"comment_status":"open","ping_status":"open","sticky":false,"template":"","format":"standard","meta":{"footnotes":""},"categories":[59],"tags":[],"class_list":["post-268225","post","type-post","status-publish","format-standard","has-post-thumbnail","hentry","category-business-de"],"acf":[],"yoast_head":"<!-- This site is optimized with the Yoast SEO plugin v22.9 - https:\/\/yoast.com\/wordpress\/plugins\/seo\/ -->\n<title>Coca-Cola erh\u00f6ht Preise in Deutschland - vof-news.eu<\/title>\n<meta name=\"description\" content=\"Verbraucher in Deutschland m\u00fcssen f\u00fcr Getr\u00e4nke von Coca-Cola bald wom\u00f6glich tiefer in die Tasche greifen. \u201eAuch in diesem Jahr wird es im September wieder Preiserh\u00f6hungen geben, die sich an der Inflationsentwicklung orientieren werden\u201c, sagte der Deutschlandchef des Getr\u00e4nkeabf\u00fcllunternehmens Coca-Cola Europacific Partners (CCEP), John Galvin, laut Vorabmeldung der Funke Mediengruppe. Diese w\u00fcrden \u201einsgesamt im niedrigen einstelligen Prozentbereich\u201c \u00fcber das gesamte Marken- und Packungsangebot des Unternehmens liegen. Ob das Kultgetr\u00e4nk Cola an der Kasse teurer werde, sei letztendlich jedoch eine Entscheidung des H\u00e4ndlers.Das Unternehmen CCEP \u00fcbernimmt im Auftrag der Coca-Cola Company Abf\u00fcllung und Vertrieb aller Getr\u00e4nkemarken des Konzerns in Deutschland. Der US-Getr\u00e4nkeriese mit Marken wie Fanta, Fuze Tea, Schweppes oder dem Mineralwasser Apollinaris hatte zuletzt im September 2024 die Preise angehoben.Ausschlaggebend f\u00fcr den erneuten Preisanstieg sei der gestiegene Kostendruck. \u201eDie Energiekosten sind h\u00f6her und auch die Personalkosten steigen\u201c, sagte Galvin. Die momentan g\u00fcnstigen Zuckerpreise k\u00f6nnten das nicht abfedern. \u201eGrunds\u00e4tzlich kaufen wir viele Rohstoffe wie auch Zucker sehr langfristig ein. Das bedeutet auch, dass wir nicht immer an Schwankungen an den Rohstoffm\u00e4rkten partizipieren.\u201c\" \/>\n<meta name=\"robots\" content=\"noindex, follow, max-snippet:-1, max-image-preview:large, max-video-preview:-1\" \/>\n<meta property=\"og:locale\" content=\"de_DE\" \/>\n<meta property=\"og:type\" content=\"article\" \/>\n<meta property=\"og:title\" content=\"Coca-Cola erh\u00f6ht Preise in Deutschland - vof-news.eu\" \/>\n<meta property=\"og:description\" content=\"Verbraucher in Deutschland m\u00fcssen f\u00fcr Getr\u00e4nke von Coca-Cola bald wom\u00f6glich tiefer in die Tasche greifen. \u201eAuch in diesem Jahr wird es im September wieder Preiserh\u00f6hungen geben, die sich an der Inflationsentwicklung orientieren werden\u201c, sagte der Deutschlandchef des Getr\u00e4nkeabf\u00fcllunternehmens Coca-Cola Europacific Partners (CCEP), John Galvin, laut Vorabmeldung der Funke Mediengruppe. Diese w\u00fcrden \u201einsgesamt im niedrigen einstelligen Prozentbereich\u201c \u00fcber das gesamte Marken- und Packungsangebot des Unternehmens liegen. Ob das Kultgetr\u00e4nk Cola an der Kasse teurer werde, sei letztendlich jedoch eine Entscheidung des H\u00e4ndlers.Das Unternehmen CCEP \u00fcbernimmt im Auftrag der Coca-Cola Company Abf\u00fcllung und Vertrieb aller Getr\u00e4nkemarken des Konzerns in Deutschland. Der US-Getr\u00e4nkeriese mit Marken wie Fanta, Fuze Tea, Schweppes oder dem Mineralwasser Apollinaris hatte zuletzt im September 2024 die Preise angehoben.Ausschlaggebend f\u00fcr den erneuten Preisanstieg sei der gestiegene Kostendruck. \u201eDie Energiekosten sind h\u00f6her und auch die Personalkosten steigen\u201c, sagte Galvin. Die momentan g\u00fcnstigen Zuckerpreise k\u00f6nnten das nicht abfedern. \u201eGrunds\u00e4tzlich kaufen wir viele Rohstoffe wie auch Zucker sehr langfristig ein. Das bedeutet auch, dass wir nicht immer an Schwankungen an den Rohstoffm\u00e4rkten partizipieren.\u201c\" \/>\n<meta property=\"og:url\" content=\"https:\/\/vof-news.eu\/de\/coca-cola-erhoht-preise-in-deutschland\/\" \/>\n<meta property=\"og:site_name\" content=\"vof-news.eu\" \/>\n<meta property=\"article:published_time\" content=\"2025-08-27T06:26:55+00:00\" \/>\n<meta property=\"article:modified_time\" content=\"2025-08-27T06:27:20+00:00\" \/>\n<meta property=\"og:image\" content=\"https:\/\/vof-news.eu\/wp-content\/uploads\/2025\/08\/coca-cola-flaschen-im-supermarkt.webp\" \/>\n\t<meta property=\"og:image:width\" content=\"1200\" \/>\n\t<meta property=\"og:image:height\" content=\"574\" \/>\n\t<meta property=\"og:image:type\" content=\"image\/webp\" \/>\n<meta name=\"author\" content=\"Author\" \/>\n<meta name=\"twitter:card\" content=\"summary_large_image\" \/>\n<meta name=\"twitter:label1\" content=\"Verfasst von\" \/>\n\t<meta name=\"twitter:data1\" content=\"Author\" \/>\n\t<meta name=\"twitter:label2\" content=\"Gesch\u00e4tzte Lesezeit\" \/>\n\t<meta name=\"twitter:data2\" content=\"1\u00a0Minute\" \/>\n<script type=\"application\/ld+json\" class=\"yoast-schema-graph\">{\"@context\":\"https:\/\/schema.org\",\"@graph\":[{\"@type\":\"WebPage\",\"@id\":\"https:\/\/vof-news.eu\/de\/coca-cola-erhoht-preise-in-deutschland\/\",\"url\":\"https:\/\/vof-news.eu\/de\/coca-cola-erhoht-preise-in-deutschland\/\",\"name\":\"Coca-Cola erh\u00f6ht Preise in Deutschland - vof-news.eu\",\"isPartOf\":{\"@id\":\"https:\/\/vof-news.eu\/de\/#website\"},\"primaryImageOfPage\":{\"@id\":\"https:\/\/vof-news.eu\/de\/coca-cola-erhoht-preise-in-deutschland\/#primaryimage\"},\"image\":{\"@id\":\"https:\/\/vof-news.eu\/de\/coca-cola-erhoht-preise-in-deutschland\/#primaryimage\"},\"thumbnailUrl\":\"https:\/\/vof-news.eu\/wp-content\/uploads\/2025\/08\/coca-cola-flaschen-im-supermarkt.webp\",\"datePublished\":\"2025-08-27T06:26:55+00:00\",\"dateModified\":\"2025-08-27T06:27:20+00:00\",\"author\":{\"@id\":\"https:\/\/vof-news.eu\/de\/#\/schema\/person\/f6a2a4309f0561835797fd8c19b333ed\"},\"description\":\"Verbraucher in Deutschland m\u00fcssen f\u00fcr Getr\u00e4nke von Coca-Cola bald wom\u00f6glich tiefer in die Tasche greifen. \u201eAuch in diesem Jahr wird es im September wieder Preiserh\u00f6hungen geben, die sich an der Inflationsentwicklung orientieren werden\u201c, sagte der Deutschlandchef des Getr\u00e4nkeabf\u00fcllunternehmens Coca-Cola Europacific Partners (CCEP), John Galvin, laut Vorabmeldung der Funke Mediengruppe. Diese w\u00fcrden \u201einsgesamt im niedrigen einstelligen Prozentbereich\u201c \u00fcber das gesamte Marken- und Packungsangebot des Unternehmens liegen. Ob das Kultgetr\u00e4nk Cola an der Kasse teurer werde, sei letztendlich jedoch eine Entscheidung des H\u00e4ndlers.Das Unternehmen CCEP \u00fcbernimmt im Auftrag der Coca-Cola Company Abf\u00fcllung und Vertrieb aller Getr\u00e4nkemarken des Konzerns in Deutschland. Der US-Getr\u00e4nkeriese mit Marken wie Fanta, Fuze Tea, Schweppes oder dem Mineralwasser Apollinaris hatte zuletzt im September 2024 die Preise angehoben.Ausschlaggebend f\u00fcr den erneuten Preisanstieg sei der gestiegene Kostendruck. \u201eDie Energiekosten sind h\u00f6her und auch die Personalkosten steigen\u201c, sagte Galvin. Die momentan g\u00fcnstigen Zuckerpreise k\u00f6nnten das nicht abfedern. \u201eGrunds\u00e4tzlich kaufen wir viele Rohstoffe wie auch Zucker sehr langfristig ein. Das bedeutet auch, dass wir nicht immer an Schwankungen an den Rohstoffm\u00e4rkten partizipieren.\u201c\",\"breadcrumb\":{\"@id\":\"https:\/\/vof-news.eu\/de\/coca-cola-erhoht-preise-in-deutschland\/#breadcrumb\"},\"inLanguage\":\"de\",\"potentialAction\":[{\"@type\":\"ReadAction\",\"target\":[\"https:\/\/vof-news.eu\/de\/coca-cola-erhoht-preise-in-deutschland\/\"]}]},{\"@type\":\"ImageObject\",\"inLanguage\":\"de\",\"@id\":\"https:\/\/vof-news.eu\/de\/coca-cola-erhoht-preise-in-deutschland\/#primaryimage\",\"url\":\"https:\/\/vof-news.eu\/wp-content\/uploads\/2025\/08\/coca-cola-flaschen-im-supermarkt.webp\",\"contentUrl\":\"https:\/\/vof-news.eu\/wp-content\/uploads\/2025\/08\/coca-cola-flaschen-im-supermarkt.webp\",\"width\":1200,\"height\":574},{\"@type\":\"BreadcrumbList\",\"@id\":\"https:\/\/vof-news.eu\/de\/coca-cola-erhoht-preise-in-deutschland\/#breadcrumb\",\"itemListElement\":[{\"@type\":\"ListItem\",\"position\":1,\"name\":\"Home\",\"item\":\"https:\/\/vof-news.eu\/de\/\"},{\"@type\":\"ListItem\",\"position\":2,\"name\":\"Coca-Cola erh\u00f6ht Preise in Deutschland\"}]},{\"@type\":\"WebSite\",\"@id\":\"https:\/\/vof-news.eu\/de\/#website\",\"url\":\"https:\/\/vof-news.eu\/de\/\",\"name\":\"vof-news.eu\",\"description\":\"\",\"potentialAction\":[{\"@type\":\"SearchAction\",\"target\":{\"@type\":\"EntryPoint\",\"urlTemplate\":\"https:\/\/vof-news.eu\/de\/?s={search_term_string}\"},\"query-input\":\"required name=search_term_string\"}],\"inLanguage\":\"de\"},{\"@type\":\"Person\",\"@id\":\"https:\/\/vof-news.eu\/de\/#\/schema\/person\/f6a2a4309f0561835797fd8c19b333ed\",\"name\":\"Author\",\"image\":{\"@type\":\"ImageObject\",\"inLanguage\":\"de\",\"@id\":\"https:\/\/vof-news.eu\/de\/#\/schema\/person\/image\/\",\"url\":\"https:\/\/secure.gravatar.com\/avatar\/b67e614b1b25b3e9c0c239efdd2fde5ab015b5affd6f1c3c85911ca4b384e790?s=96&d=mm&r=g\",\"contentUrl\":\"https:\/\/secure.gravatar.com\/avatar\/b67e614b1b25b3e9c0c239efdd2fde5ab015b5affd6f1c3c85911ca4b384e790?s=96&d=mm&r=g\",\"caption\":\"Author\"},\"sameAs\":[\"http:\/\/vof-news.eu\"],\"url\":\"https:\/\/vof-news.eu\/de\/author\/zwt6qxnjulxbnyg\/\"}]}<\/script>\n<!-- \/ Yoast SEO plugin. -->","yoast_head_json":{"title":"Coca-Cola erh\u00f6ht Preise in Deutschland - vof-news.eu","description":"Verbraucher in Deutschland m\u00fcssen f\u00fcr Getr\u00e4nke von Coca-Cola bald wom\u00f6glich tiefer in die Tasche greifen. \u201eAuch in diesem Jahr wird es im September wieder Preiserh\u00f6hungen geben, die sich an der Inflationsentwicklung orientieren werden\u201c, sagte der Deutschlandchef des Getr\u00e4nkeabf\u00fcllunternehmens Coca-Cola Europacific Partners (CCEP), John Galvin, laut Vorabmeldung der Funke Mediengruppe. Diese w\u00fcrden \u201einsgesamt im niedrigen einstelligen Prozentbereich\u201c \u00fcber das gesamte Marken- und Packungsangebot des Unternehmens liegen. Ob das Kultgetr\u00e4nk Cola an der Kasse teurer werde, sei letztendlich jedoch eine Entscheidung des H\u00e4ndlers.Das Unternehmen CCEP \u00fcbernimmt im Auftrag der Coca-Cola Company Abf\u00fcllung und Vertrieb aller Getr\u00e4nkemarken des Konzerns in Deutschland. Der US-Getr\u00e4nkeriese mit Marken wie Fanta, Fuze Tea, Schweppes oder dem Mineralwasser Apollinaris hatte zuletzt im September 2024 die Preise angehoben.Ausschlaggebend f\u00fcr den erneuten Preisanstieg sei der gestiegene Kostendruck. \u201eDie Energiekosten sind h\u00f6her und auch die Personalkosten steigen\u201c, sagte Galvin. Die momentan g\u00fcnstigen Zuckerpreise k\u00f6nnten das nicht abfedern. \u201eGrunds\u00e4tzlich kaufen wir viele Rohstoffe wie auch Zucker sehr langfristig ein. Das bedeutet auch, dass wir nicht immer an Schwankungen an den Rohstoffm\u00e4rkten partizipieren.\u201c","robots":{"index":"noindex","follow":"follow","max-snippet":"max-snippet:-1","max-image-preview":"max-image-preview:large","max-video-preview":"max-video-preview:-1"},"og_locale":"de_DE","og_type":"article","og_title":"Coca-Cola erh\u00f6ht Preise in Deutschland - vof-news.eu","og_description":"Verbraucher in Deutschland m\u00fcssen f\u00fcr Getr\u00e4nke von Coca-Cola bald wom\u00f6glich tiefer in die Tasche greifen. \u201eAuch in diesem Jahr wird es im September wieder Preiserh\u00f6hungen geben, die sich an der Inflationsentwicklung orientieren werden\u201c, sagte der Deutschlandchef des Getr\u00e4nkeabf\u00fcllunternehmens Coca-Cola Europacific Partners (CCEP), John Galvin, laut Vorabmeldung der Funke Mediengruppe. Diese w\u00fcrden \u201einsgesamt im niedrigen einstelligen Prozentbereich\u201c \u00fcber das gesamte Marken- und Packungsangebot des Unternehmens liegen. Ob das Kultgetr\u00e4nk Cola an der Kasse teurer werde, sei letztendlich jedoch eine Entscheidung des H\u00e4ndlers.Das Unternehmen CCEP \u00fcbernimmt im Auftrag der Coca-Cola Company Abf\u00fcllung und Vertrieb aller Getr\u00e4nkemarken des Konzerns in Deutschland. Der US-Getr\u00e4nkeriese mit Marken wie Fanta, Fuze Tea, Schweppes oder dem Mineralwasser Apollinaris hatte zuletzt im September 2024 die Preise angehoben.Ausschlaggebend f\u00fcr den erneuten Preisanstieg sei der gestiegene Kostendruck. \u201eDie Energiekosten sind h\u00f6her und auch die Personalkosten steigen\u201c, sagte Galvin. Die momentan g\u00fcnstigen Zuckerpreise k\u00f6nnten das nicht abfedern. \u201eGrunds\u00e4tzlich kaufen wir viele Rohstoffe wie auch Zucker sehr langfristig ein. Das bedeutet auch, dass wir nicht immer an Schwankungen an den Rohstoffm\u00e4rkten partizipieren.\u201c","og_url":"https:\/\/vof-news.eu\/de\/coca-cola-erhoht-preise-in-deutschland\/","og_site_name":"vof-news.eu","article_published_time":"2025-08-27T06:26:55+00:00","article_modified_time":"2025-08-27T06:27:20+00:00","og_image":[{"width":1200,"height":574,"url":"https:\/\/vof-news.eu\/wp-content\/uploads\/2025\/08\/coca-cola-flaschen-im-supermarkt.webp","type":"image\/webp"}],"author":"Author","twitter_card":"summary_large_image","twitter_misc":{"Verfasst von":"Author","Gesch\u00e4tzte Lesezeit":"1\u00a0Minute"},"schema":{"@context":"https:\/\/schema.org","@graph":[{"@type":"WebPage","@id":"https:\/\/vof-news.eu\/de\/coca-cola-erhoht-preise-in-deutschland\/","url":"https:\/\/vof-news.eu\/de\/coca-cola-erhoht-preise-in-deutschland\/","name":"Coca-Cola erh\u00f6ht Preise in Deutschland - vof-news.eu","isPartOf":{"@id":"https:\/\/vof-news.eu\/de\/#website"},"primaryImageOfPage":{"@id":"https:\/\/vof-news.eu\/de\/coca-cola-erhoht-preise-in-deutschland\/#primaryimage"},"image":{"@id":"https:\/\/vof-news.eu\/de\/coca-cola-erhoht-preise-in-deutschland\/#primaryimage"},"thumbnailUrl":"https:\/\/vof-news.eu\/wp-content\/uploads\/2025\/08\/coca-cola-flaschen-im-supermarkt.webp","datePublished":"2025-08-27T06:26:55+00:00","dateModified":"2025-08-27T06:27:20+00:00","author":{"@id":"https:\/\/vof-news.eu\/de\/#\/schema\/person\/f6a2a4309f0561835797fd8c19b333ed"},"description":"Verbraucher in Deutschland m\u00fcssen f\u00fcr Getr\u00e4nke von Coca-Cola bald wom\u00f6glich tiefer in die Tasche greifen. \u201eAuch in diesem Jahr wird es im September wieder Preiserh\u00f6hungen geben, die sich an der Inflationsentwicklung orientieren werden\u201c, sagte der Deutschlandchef des Getr\u00e4nkeabf\u00fcllunternehmens Coca-Cola Europacific Partners (CCEP), John Galvin, laut Vorabmeldung der Funke Mediengruppe. Diese w\u00fcrden \u201einsgesamt im niedrigen einstelligen Prozentbereich\u201c \u00fcber das gesamte Marken- und Packungsangebot des Unternehmens liegen. Ob das Kultgetr\u00e4nk Cola an der Kasse teurer werde, sei letztendlich jedoch eine Entscheidung des H\u00e4ndlers.Das Unternehmen CCEP \u00fcbernimmt im Auftrag der Coca-Cola Company Abf\u00fcllung und Vertrieb aller Getr\u00e4nkemarken des Konzerns in Deutschland. Der US-Getr\u00e4nkeriese mit Marken wie Fanta, Fuze Tea, Schweppes oder dem Mineralwasser Apollinaris hatte zuletzt im September 2024 die Preise angehoben.Ausschlaggebend f\u00fcr den erneuten Preisanstieg sei der gestiegene Kostendruck. \u201eDie Energiekosten sind h\u00f6her und auch die Personalkosten steigen\u201c, sagte Galvin. Die momentan g\u00fcnstigen Zuckerpreise k\u00f6nnten das nicht abfedern. \u201eGrunds\u00e4tzlich kaufen wir viele Rohstoffe wie auch Zucker sehr langfristig ein. Das bedeutet auch, dass wir nicht immer an Schwankungen an den Rohstoffm\u00e4rkten partizipieren.\u201c","breadcrumb":{"@id":"https:\/\/vof-news.eu\/de\/coca-cola-erhoht-preise-in-deutschland\/#breadcrumb"},"inLanguage":"de","potentialAction":[{"@type":"ReadAction","target":["https:\/\/vof-news.eu\/de\/coca-cola-erhoht-preise-in-deutschland\/"]}]},{"@type":"ImageObject","inLanguage":"de","@id":"https:\/\/vof-news.eu\/de\/coca-cola-erhoht-preise-in-deutschland\/#primaryimage","url":"https:\/\/vof-news.eu\/wp-content\/uploads\/2025\/08\/coca-cola-flaschen-im-supermarkt.webp","contentUrl":"https:\/\/vof-news.eu\/wp-content\/uploads\/2025\/08\/coca-cola-flaschen-im-supermarkt.webp","width":1200,"height":574},{"@type":"BreadcrumbList","@id":"https:\/\/vof-news.eu\/de\/coca-cola-erhoht-preise-in-deutschland\/#breadcrumb","itemListElement":[{"@type":"ListItem","position":1,"name":"Home","item":"https:\/\/vof-news.eu\/de\/"},{"@type":"ListItem","position":2,"name":"Coca-Cola erh\u00f6ht Preise in Deutschland"}]},{"@type":"WebSite","@id":"https:\/\/vof-news.eu\/de\/#website","url":"https:\/\/vof-news.eu\/de\/","name":"vof-news.eu","description":"","potentialAction":[{"@type":"SearchAction","target":{"@type":"EntryPoint","urlTemplate":"https:\/\/vof-news.eu\/de\/?s={search_term_string}"},"query-input":"required name=search_term_string"}],"inLanguage":"de"},{"@type":"Person","@id":"https:\/\/vof-news.eu\/de\/#\/schema\/person\/f6a2a4309f0561835797fd8c19b333ed","name":"Author","image":{"@type":"ImageObject","inLanguage":"de","@id":"https:\/\/vof-news.eu\/de\/#\/schema\/person\/image\/","url":"https:\/\/secure.gravatar.com\/avatar\/b67e614b1b25b3e9c0c239efdd2fde5ab015b5affd6f1c3c85911ca4b384e790?s=96&d=mm&r=g","contentUrl":"https:\/\/secure.gravatar.com\/avatar\/b67e614b1b25b3e9c0c239efdd2fde5ab015b5affd6f1c3c85911ca4b384e790?s=96&d=mm&r=g","caption":"Author"},"sameAs":["http:\/\/vof-news.eu"],"url":"https:\/\/vof-news.eu\/de\/author\/zwt6qxnjulxbnyg\/"}]}},"yoast_meta":{"yoast_wpseo_title":"","yoast_wpseo_metadesc":"","yoast_wpseo_canonical":""},"_links":{"self":[{"href":"https:\/\/vof-news.eu\/de\/wp-json\/wp\/v2\/posts\/268225","targetHints":{"allow":["GET"]}}],"collection":[{"href":"https:\/\/vof-news.eu\/de\/wp-json\/wp\/v2\/posts"}],"about":[{"href":"https:\/\/vof-news.eu\/de\/wp-json\/wp\/v2\/types\/post"}],"author":[{"embeddable":true,"href":"https:\/\/vof-news.eu\/de\/wp-json\/wp\/v2\/users\/1"}],"replies":[{"embeddable":true,"href":"https:\/\/vof-news.eu\/de\/wp-json\/wp\/v2\/comments?post=268225"}],"version-history":[{"count":1,"href":"https:\/\/vof-news.eu\/de\/wp-json\/wp\/v2\/posts\/268225\/revisions"}],"predecessor-version":[{"id":268232,"href":"https:\/\/vof-news.eu\/de\/wp-json\/wp\/v2\/posts\/268225\/revisions\/268232"}],"wp:featuredmedia":[{"embeddable":true,"href":"https:\/\/vof-news.eu\/de\/wp-json\/wp\/v2\/media\/268226"}],"wp:attachment":[{"href":"https:\/\/vof-news.eu\/de\/wp-json\/wp\/v2\/media?parent=268225"}],"wp:term":[{"taxonomy":"category","embeddable":true,"href":"https:\/\/vof-news.eu\/de\/wp-json\/wp\/v2\/categories?post=268225"},{"taxonomy":"post_tag","embeddable":true,"href":"https:\/\/vof-news.eu\/de\/wp-json\/wp\/v2\/tags?post=268225"}],"curies":[{"name":"wp","href":"https:\/\/api.w.org\/{rel}","templated":true}]}}