{"id":268089,"date":"2025-08-26T21:29:19","date_gmt":"2025-08-26T18:29:19","guid":{"rendered":"https:\/\/vof-news.eu\/bomben-gezielt-auf-krankenhauser\/"},"modified":"2025-08-26T21:30:18","modified_gmt":"2025-08-26T18:30:18","slug":"bomben-gezielt-auf-krankenhauser","status":"publish","type":"post","link":"https:\/\/vof-news.eu\/de\/bomben-gezielt-auf-krankenhauser\/","title":{"rendered":"Bomben gezielt auf Krankenh\u00e4user"},"content":{"rendered":"<div>\n<p>Niemand<br \/>\nm\u00fcsste an dieser Krankheit sterben. <span><a href=\"https:\/\/www.zeit.de\/thema\/cholera\" rel=\"nofollow\">Cholera<\/a><\/span> \u2013 so bedrohlich ihr Name klingt, so<br \/>\neinfach ist sie heute zu heilen und ihre Verbreitung zu stoppen. Es braucht<br \/>\nsauberes Trinkwasser, isolierte Krankenbetten f\u00fcr die Infizierten,<br \/>\nTrinkl\u00f6sungen aus Kochsalz, Glucose und weiteren Elektrolyten, um sie zu<br \/>\nrehydrieren. Eventuell Antibiotika und f\u00fcr schwere F\u00e4lle Infusionsl\u00f6sungen,<br \/>\nsterile Nadeln, Schl\u00e4uche. Und nat\u00fcrlich \u00c4rzte und Pfleger. Auch in armen<br \/>\nL\u00e4ndern sind viele Krankenh\u00e4user in der Lage, einen Ausbruch einzud\u00e4mmen.\n<\/p>\n<p>Es sei denn, es fallen Bomben.\n<\/p>\n<p>Den &#8222;<a href=\"https:\/\/www.zeit.de\/gesundheit\/2025-08\/sudan-cholera-tote-impfkampange-krieg\" rel=\"nofollow\">schlimmsten Cholera-Ausbruch seit<br \/>\nJahren<\/a>&#8220; meldet die Organisation \u00c4rzte ohne Grenzen im <span><a href=\"https:\/\/www.zeit.de\/thema\/sudan\" rel=\"nofollow\">Sudan<\/a><\/span>. Knapp 100.000<br \/>\nVerdachtsf\u00e4lle und bis Mitte August rund 2.500 Tote innerhalb eines Jahres. Die<br \/>\nmeisten in der Stadt Tawila in Nord-Darfur. Dorthin sind mehr als 380.000<br \/>\nMenschen vor dem Krieg gefl\u00fcchtet. Seit bald zweieinhalb Jahren verw\u00fcsten die<br \/>\nArmee und die paramilit\u00e4rischen Rapid Support Forces (RSF) das Land in einem<br \/>\nKampf um Macht, Rohstoffe und Schmuggelnetzwerke, unterst\u00fctzt und bewaffnet von<br \/>\nStaaten in der Region. Die Zahl der Toten wird auf bis zu 150.000 gesch\u00e4tzt. 14<br \/>\nMillionen Menschen sind vertrieben. Fast die H\u00e4lfte der rund 50 Millionen<br \/>\nBewohner ist <a href=\"https:\/\/www.zeit.de\/politik\/ausland\/2025-08\/krieg-sudan-hungersnot-aufmerksamkeit-5vor8\" rel=\"nofollow\">von akutem Hunger bedroht<\/a>.\n<\/p>\n<p>Zwei Drittel der Krankenh\u00e4user im Sudan<br \/>\nhaben ihre Arbeit eingestellt. Sie sind zerbombt, niedergebrannt oder so weit<br \/>\nbesch\u00e4digt, dass niemand mehr behandelt werden kann. Medikamente und Ger\u00e4te<br \/>\nwurden ebenso gepl\u00fcndert wie Vorr\u00e4te an energiereichen Pasten und Keksen, mit<br \/>\ndenen man unter\u00adern\u00e4hr\u00adte Kinder wieder aufp\u00e4ppeln kann. Trotzdem dr\u00e4ngen<br \/>\nFl\u00fcchtlinge oft in die N\u00e4he von Spit\u00e4lern oder improvisierten Kliniken, auch<br \/>\nweil sie dort mehr Sicherheit vor Drohnen, Kampfbombern und Artilleriefeuer zu<br \/>\nfinden hoffen.\n<\/p>\n<p>Aber diese Sicherheit gibt es nicht. Allein<br \/>\nim ersten Halbjahr 2025 sind im Sudan rund 1.000 Menschen bei Angriffen auf<br \/>\nGesundheitseinrichtungen get\u00f6tet worden. Verwundete, Kranke, \u00c4rzte, Sanit\u00e4ter<br \/>\nsind ebenso Kriegsziel wie die zivile Infrastruktur: Krankenh\u00e4user, Schulen,<br \/>\nTrinkwasseranlagen. Der j\u00fcngste Cholera-Ausbruch im Sudan ist keine Trag\u00f6die,<br \/>\nsondern eine Folge von <span><a href=\"https:\/\/www.zeit.de\/thema\/kriegsverbrechen\" rel=\"nofollow\">Kriegsverbrechen<\/a><\/span>.\n<\/p>\n<p>Der Schutz von Kranken und Verwundeten in<br \/>\nbewaffneten Konflikten gilt als S\u00e4ule des humanit\u00e4ren V\u00f6lkerrechts. Erstmals<br \/>\nfestgelegt wurde er im Genfer Abkommen von 1864. Die Genfer Konventionen von<br \/>\n1949, ratifiziert von allen Staaten der Welt, und weitere Vertr\u00e4ge haben diesen<br \/>\nSchutz auf Krankenh\u00e4user, medizinisches Personal und andere Helfer ausgeweitet.\n<\/p>\n<p>2025, knapp 80 Jahre sp\u00e4ter, meldet<br \/>\nReliefWeb, das Informationsportal des UN-B\u00fcros f\u00fcr Nothilfe, eine &#8222;komplette<br \/>\nErosion der Achtung f\u00fcr das humanit\u00e4re V\u00f6lkerrecht und die Schutzverantwortung<br \/>\nf\u00fcr Gesundheitseinrichtungen&#8220;. Ob in <span><a href=\"https:\/\/www.zeit.de\/thema\/gazastreifen\" rel=\"nofollow\">Gaza<\/a><\/span>, im Sudan, in Myanmar oder in der<br \/>\n<a href=\"https:\/\/www.zeit.de\/2024\/31\/angriff-kinderkrankenhaus-kiew-ohmatdyt-kinderklinik-aerzte\" rel=\"nofollow\">Ukraine<\/a> \u2013 Kriegsparteien nehmen gezielt Hospit\u00e4ler ins Visier, t\u00f6ten \u00c4rzte und<br \/>\nSanit\u00e4ter, blockieren den Nachschub mit Medikamenten, verhindern die<br \/>\nEvakuierung von Verletzten, erschie\u00dfen Patienten in ihren Betten.\n<\/p>\n<p>Erosionen<br \/>\nbeginnen schleichend. \u00c4rzte und Nothelfer sind in den vergangenen Jahrzehnten<br \/>\nimmer wieder zwischen die Fronten geraten, wurden von Kriegsfraktionen der<br \/>\nParteilichkeit f\u00fcr die andere Seite beschuldigt, entf\u00fchrt, verhaftet, manchmal<br \/>\nermordet. Von der  \u2013<br \/>\nalso dem Missbrauch der Gesundheitsversorgung als Kriegswaffe \u2013 sprach die<br \/>\nmedizinische Fachzeitschrift  zum ersten<br \/>\nMal 2017 im Fall von Syrien. Das Assad-Regime hatte gleich zu Beginn der<br \/>\nMassenproteste im Jahr 2011 \u00c4rzte verhaften, foltern und erschie\u00dfen lassen,<br \/>\nweil sie verwundete Demonstranten behandelt hatten. Wenig sp\u00e4ter wurde per<br \/>\nGesetz jede medizinische Hilfe f\u00fcr Menschen unter Strafe gestellt, die von<br \/>\nregimetreuen Kr\u00e4ften verletzt worden waren. In den folgenden Jahren stoppte<br \/>\nAssad Impfkampagnen sowie die Trinkwasseraufbereitung in oppositionellen<br \/>\nGebieten. Krankenh\u00e4user wurden gezielt bombardiert, oft mit sogenannten : Auf einen ersten Bombenangriff mit m\u00f6glichst<br \/>\nvielen Opfern folgt ein zweiter, sobald Rettungssanit\u00e4ter vor Ort versuchen,<br \/>\nVerletzte zu bergen.\n<\/p>\n<p>Eine Taktik, die auch der russischen<br \/>\nLuftwaffe in der Ukraine und der israelischen Armee in Gaza vorgeworfen wird.<br \/>\nAm vergangenen Montag starben nach pal\u00e4stinensischen Angaben <a href=\"https:\/\/www.zeit.de\/politik\/2025-08\/gaza-krieg-israel-nasser-krankenhaus-getoetete-journalisten\" rel=\"nofollow\">bei einem  auf ein Krankenhaus in Khan Younis 20 Menschen<\/a>,<br \/>\ndarunter Sanit\u00e4ter und Journalisten, die nach dem ersten Bombenabwurf dorthin<br \/>\ngeeilt waren. Juristen und Hilfsorganisationen fordern, solche<br \/>\nVerbrechen vor internationalen Gerichten anzuklagen oder T\u00e4ter mit Sanktionen<br \/>\nzu belegen. Das ist schwierig in einem globalen politischen Umfeld, in dem das<br \/>\nV\u00f6lkerrecht immer weniger respektiert wird. Die betroffenen Menschen k\u00f6nnen<br \/>\ndarauf ohnehin nicht warten. In Syrien hatte man Krankenh\u00e4user in<br \/>\noppositionellen Gebieten irgendwann unter die Erde verlegt. Im Sudan f\u00fchren<br \/>\ninzwischen Pfleger Operationen durch, wenn keine \u00c4rzte mehr da sind, w\u00e4hrend<br \/>\ndie Bombardements weitergehen. Doch diese Improvisations- und \u00dcberlebenskunst<br \/>\nst\u00f6\u00dft immer schneller an ihre Grenzen. Nicht nur, weil Kriegsparteien das<br \/>\nV\u00f6lkerrecht missachten. Sondern auch, weil internationale Hilfsgelder rapide<br \/>\ngek\u00fcrzt werden. Unterdessen steigt die Zahl der Cholera-Kranken im Sudan.\n<\/p>\n<\/div>\n","protected":false},"excerpt":{"rendered":"<p>Niemand m\u00fcsste an dieser Krankheit sterben. Cholera \u2013 so bedrohlich ihr Name klingt, so einfach ist sie heute zu heilen und ihre Verbreitung zu stoppen. Es braucht sauberes Trinkwasser, isolierte Krankenbetten f\u00fcr die Infizierten, Trinkl\u00f6sungen aus Kochsalz, Glucose und weiteren Elektrolyten, um sie zu rehydrieren. Eventuell Antibiotika und f\u00fcr schwere F\u00e4lle Infusionsl\u00f6sungen, sterile Nadeln, Schl\u00e4uche.<\/p>\n","protected":false},"author":1,"featured_media":268090,"comment_status":"open","ping_status":"open","sticky":false,"template":"","format":"standard","meta":{"footnotes":""},"categories":[116],"tags":[],"class_list":["post-268089","post","type-post","status-publish","format-standard","has-post-thumbnail","hentry","category-war-chronicles-de"],"acf":[],"yoast_head":"<!-- This site is optimized with the Yoast SEO plugin v22.9 - https:\/\/yoast.com\/wordpress\/plugins\/seo\/ -->\n<title>Bomben gezielt auf Krankenh\u00e4user - vof-news.eu<\/title>\n<meta name=\"description\" content=\"Niemand\" \/>\n<meta name=\"robots\" content=\"noindex, follow, max-snippet:-1, max-image-preview:large, max-video-preview:-1\" \/>\n<meta property=\"og:locale\" content=\"de_DE\" \/>\n<meta property=\"og:type\" content=\"article\" \/>\n<meta property=\"og:title\" content=\"Bomben gezielt auf Krankenh\u00e4user - vof-news.eu\" \/>\n<meta property=\"og:description\" content=\"Niemand\" \/>\n<meta property=\"og:url\" content=\"https:\/\/vof-news.eu\/de\/bomben-gezielt-auf-krankenhauser\/\" \/>\n<meta property=\"og:site_name\" content=\"vof-news.eu\" \/>\n<meta property=\"article:published_time\" content=\"2025-08-26T18:29:19+00:00\" \/>\n<meta property=\"article:modified_time\" content=\"2025-08-26T18:30:18+00:00\" \/>\n<meta property=\"og:image\" content=\"https:\/\/vof-news.eu\/wp-content\/uploads\/2025\/08\/wide__1000x562-89.jpg\" \/>\n\t<meta property=\"og:image:width\" content=\"1000\" \/>\n\t<meta property=\"og:image:height\" content=\"562\" \/>\n\t<meta property=\"og:image:type\" content=\"image\/jpeg\" \/>\n<meta name=\"author\" content=\"Author\" \/>\n<meta name=\"twitter:card\" content=\"summary_large_image\" \/>\n<meta name=\"twitter:label1\" content=\"Verfasst von\" \/>\n\t<meta name=\"twitter:data1\" content=\"Author\" \/>\n\t<meta name=\"twitter:label2\" content=\"Gesch\u00e4tzte Lesezeit\" \/>\n\t<meta name=\"twitter:data2\" content=\"4\u00a0Minuten\" \/>\n<script type=\"application\/ld+json\" class=\"yoast-schema-graph\">{\"@context\":\"https:\/\/schema.org\",\"@graph\":[{\"@type\":\"WebPage\",\"@id\":\"https:\/\/vof-news.eu\/de\/bomben-gezielt-auf-krankenhauser\/\",\"url\":\"https:\/\/vof-news.eu\/de\/bomben-gezielt-auf-krankenhauser\/\",\"name\":\"Bomben gezielt auf Krankenh\u00e4user - vof-news.eu\",\"isPartOf\":{\"@id\":\"https:\/\/vof-news.eu\/de\/#website\"},\"primaryImageOfPage\":{\"@id\":\"https:\/\/vof-news.eu\/de\/bomben-gezielt-auf-krankenhauser\/#primaryimage\"},\"image\":{\"@id\":\"https:\/\/vof-news.eu\/de\/bomben-gezielt-auf-krankenhauser\/#primaryimage\"},\"thumbnailUrl\":\"https:\/\/vof-news.eu\/wp-content\/uploads\/2025\/08\/wide__1000x562-89.jpg\",\"datePublished\":\"2025-08-26T18:29:19+00:00\",\"dateModified\":\"2025-08-26T18:30:18+00:00\",\"author\":{\"@id\":\"https:\/\/vof-news.eu\/de\/#\/schema\/person\/f6a2a4309f0561835797fd8c19b333ed\"},\"description\":\"Niemand\",\"breadcrumb\":{\"@id\":\"https:\/\/vof-news.eu\/de\/bomben-gezielt-auf-krankenhauser\/#breadcrumb\"},\"inLanguage\":\"de\",\"potentialAction\":[{\"@type\":\"ReadAction\",\"target\":[\"https:\/\/vof-news.eu\/de\/bomben-gezielt-auf-krankenhauser\/\"]}]},{\"@type\":\"ImageObject\",\"inLanguage\":\"de\",\"@id\":\"https:\/\/vof-news.eu\/de\/bomben-gezielt-auf-krankenhauser\/#primaryimage\",\"url\":\"https:\/\/vof-news.eu\/wp-content\/uploads\/2025\/08\/wide__1000x562-89.jpg\",\"contentUrl\":\"https:\/\/vof-news.eu\/wp-content\/uploads\/2025\/08\/wide__1000x562-89.jpg\",\"width\":1000,\"height\":562},{\"@type\":\"BreadcrumbList\",\"@id\":\"https:\/\/vof-news.eu\/de\/bomben-gezielt-auf-krankenhauser\/#breadcrumb\",\"itemListElement\":[{\"@type\":\"ListItem\",\"position\":1,\"name\":\"Home\",\"item\":\"https:\/\/vof-news.eu\/de\/\"},{\"@type\":\"ListItem\",\"position\":2,\"name\":\"Bomben gezielt auf Krankenh\u00e4user\"}]},{\"@type\":\"WebSite\",\"@id\":\"https:\/\/vof-news.eu\/de\/#website\",\"url\":\"https:\/\/vof-news.eu\/de\/\",\"name\":\"vof-news.eu\",\"description\":\"\",\"potentialAction\":[{\"@type\":\"SearchAction\",\"target\":{\"@type\":\"EntryPoint\",\"urlTemplate\":\"https:\/\/vof-news.eu\/de\/?s={search_term_string}\"},\"query-input\":\"required name=search_term_string\"}],\"inLanguage\":\"de\"},{\"@type\":\"Person\",\"@id\":\"https:\/\/vof-news.eu\/de\/#\/schema\/person\/f6a2a4309f0561835797fd8c19b333ed\",\"name\":\"Author\",\"image\":{\"@type\":\"ImageObject\",\"inLanguage\":\"de\",\"@id\":\"https:\/\/vof-news.eu\/de\/#\/schema\/person\/image\/\",\"url\":\"https:\/\/secure.gravatar.com\/avatar\/b67e614b1b25b3e9c0c239efdd2fde5ab015b5affd6f1c3c85911ca4b384e790?s=96&d=mm&r=g\",\"contentUrl\":\"https:\/\/secure.gravatar.com\/avatar\/b67e614b1b25b3e9c0c239efdd2fde5ab015b5affd6f1c3c85911ca4b384e790?s=96&d=mm&r=g\",\"caption\":\"Author\"},\"sameAs\":[\"http:\/\/vof-news.eu\"],\"url\":\"https:\/\/vof-news.eu\/de\/author\/zwt6qxnjulxbnyg\/\"}]}<\/script>\n<!-- \/ Yoast SEO plugin. -->","yoast_head_json":{"title":"Bomben gezielt auf Krankenh\u00e4user - vof-news.eu","description":"Niemand","robots":{"index":"noindex","follow":"follow","max-snippet":"max-snippet:-1","max-image-preview":"max-image-preview:large","max-video-preview":"max-video-preview:-1"},"og_locale":"de_DE","og_type":"article","og_title":"Bomben gezielt auf Krankenh\u00e4user - vof-news.eu","og_description":"Niemand","og_url":"https:\/\/vof-news.eu\/de\/bomben-gezielt-auf-krankenhauser\/","og_site_name":"vof-news.eu","article_published_time":"2025-08-26T18:29:19+00:00","article_modified_time":"2025-08-26T18:30:18+00:00","og_image":[{"width":1000,"height":562,"url":"https:\/\/vof-news.eu\/wp-content\/uploads\/2025\/08\/wide__1000x562-89.jpg","type":"image\/jpeg"}],"author":"Author","twitter_card":"summary_large_image","twitter_misc":{"Verfasst von":"Author","Gesch\u00e4tzte Lesezeit":"4\u00a0Minuten"},"schema":{"@context":"https:\/\/schema.org","@graph":[{"@type":"WebPage","@id":"https:\/\/vof-news.eu\/de\/bomben-gezielt-auf-krankenhauser\/","url":"https:\/\/vof-news.eu\/de\/bomben-gezielt-auf-krankenhauser\/","name":"Bomben gezielt auf Krankenh\u00e4user - vof-news.eu","isPartOf":{"@id":"https:\/\/vof-news.eu\/de\/#website"},"primaryImageOfPage":{"@id":"https:\/\/vof-news.eu\/de\/bomben-gezielt-auf-krankenhauser\/#primaryimage"},"image":{"@id":"https:\/\/vof-news.eu\/de\/bomben-gezielt-auf-krankenhauser\/#primaryimage"},"thumbnailUrl":"https:\/\/vof-news.eu\/wp-content\/uploads\/2025\/08\/wide__1000x562-89.jpg","datePublished":"2025-08-26T18:29:19+00:00","dateModified":"2025-08-26T18:30:18+00:00","author":{"@id":"https:\/\/vof-news.eu\/de\/#\/schema\/person\/f6a2a4309f0561835797fd8c19b333ed"},"description":"Niemand","breadcrumb":{"@id":"https:\/\/vof-news.eu\/de\/bomben-gezielt-auf-krankenhauser\/#breadcrumb"},"inLanguage":"de","potentialAction":[{"@type":"ReadAction","target":["https:\/\/vof-news.eu\/de\/bomben-gezielt-auf-krankenhauser\/"]}]},{"@type":"ImageObject","inLanguage":"de","@id":"https:\/\/vof-news.eu\/de\/bomben-gezielt-auf-krankenhauser\/#primaryimage","url":"https:\/\/vof-news.eu\/wp-content\/uploads\/2025\/08\/wide__1000x562-89.jpg","contentUrl":"https:\/\/vof-news.eu\/wp-content\/uploads\/2025\/08\/wide__1000x562-89.jpg","width":1000,"height":562},{"@type":"BreadcrumbList","@id":"https:\/\/vof-news.eu\/de\/bomben-gezielt-auf-krankenhauser\/#breadcrumb","itemListElement":[{"@type":"ListItem","position":1,"name":"Home","item":"https:\/\/vof-news.eu\/de\/"},{"@type":"ListItem","position":2,"name":"Bomben gezielt auf Krankenh\u00e4user"}]},{"@type":"WebSite","@id":"https:\/\/vof-news.eu\/de\/#website","url":"https:\/\/vof-news.eu\/de\/","name":"vof-news.eu","description":"","potentialAction":[{"@type":"SearchAction","target":{"@type":"EntryPoint","urlTemplate":"https:\/\/vof-news.eu\/de\/?s={search_term_string}"},"query-input":"required name=search_term_string"}],"inLanguage":"de"},{"@type":"Person","@id":"https:\/\/vof-news.eu\/de\/#\/schema\/person\/f6a2a4309f0561835797fd8c19b333ed","name":"Author","image":{"@type":"ImageObject","inLanguage":"de","@id":"https:\/\/vof-news.eu\/de\/#\/schema\/person\/image\/","url":"https:\/\/secure.gravatar.com\/avatar\/b67e614b1b25b3e9c0c239efdd2fde5ab015b5affd6f1c3c85911ca4b384e790?s=96&d=mm&r=g","contentUrl":"https:\/\/secure.gravatar.com\/avatar\/b67e614b1b25b3e9c0c239efdd2fde5ab015b5affd6f1c3c85911ca4b384e790?s=96&d=mm&r=g","caption":"Author"},"sameAs":["http:\/\/vof-news.eu"],"url":"https:\/\/vof-news.eu\/de\/author\/zwt6qxnjulxbnyg\/"}]}},"yoast_meta":{"yoast_wpseo_title":"","yoast_wpseo_metadesc":"","yoast_wpseo_canonical":""},"_links":{"self":[{"href":"https:\/\/vof-news.eu\/de\/wp-json\/wp\/v2\/posts\/268089","targetHints":{"allow":["GET"]}}],"collection":[{"href":"https:\/\/vof-news.eu\/de\/wp-json\/wp\/v2\/posts"}],"about":[{"href":"https:\/\/vof-news.eu\/de\/wp-json\/wp\/v2\/types\/post"}],"author":[{"embeddable":true,"href":"https:\/\/vof-news.eu\/de\/wp-json\/wp\/v2\/users\/1"}],"replies":[{"embeddable":true,"href":"https:\/\/vof-news.eu\/de\/wp-json\/wp\/v2\/comments?post=268089"}],"version-history":[{"count":1,"href":"https:\/\/vof-news.eu\/de\/wp-json\/wp\/v2\/posts\/268089\/revisions"}],"predecessor-version":[{"id":268096,"href":"https:\/\/vof-news.eu\/de\/wp-json\/wp\/v2\/posts\/268089\/revisions\/268096"}],"wp:featuredmedia":[{"embeddable":true,"href":"https:\/\/vof-news.eu\/de\/wp-json\/wp\/v2\/media\/268090"}],"wp:attachment":[{"href":"https:\/\/vof-news.eu\/de\/wp-json\/wp\/v2\/media?parent=268089"}],"wp:term":[{"taxonomy":"category","embeddable":true,"href":"https:\/\/vof-news.eu\/de\/wp-json\/wp\/v2\/categories?post=268089"},{"taxonomy":"post_tag","embeddable":true,"href":"https:\/\/vof-news.eu\/de\/wp-json\/wp\/v2\/tags?post=268089"}],"curies":[{"name":"wp","href":"https:\/\/api.w.org\/{rel}","templated":true}]}}