{"id":267502,"date":"2025-08-24T19:28:14","date_gmt":"2025-08-24T16:28:14","guid":{"rendered":"https:\/\/vof-news.eu\/selenskyj-bestreitet-abstimmungspflicht-uber-waffeneinsatz-mit-usa\/"},"modified":"2025-08-24T19:29:44","modified_gmt":"2025-08-24T16:29:44","slug":"selenskyj-bestreitet-abstimmungspflicht-uber-waffeneinsatz-mit-usa","status":"publish","type":"post","link":"https:\/\/vof-news.eu\/de\/selenskyj-bestreitet-abstimmungspflicht-uber-waffeneinsatz-mit-usa\/","title":{"rendered":"Selenskyj bestreitet Abstimmungspflicht \u00fcber Waffeneinsatz mit USA"},"content":{"rendered":"<div>\n<p>In der Diskussion um m\u00f6gliche US-Verbote f\u00fcr den<br \/>\nEinsatz weitreichender amerikanischer Waffen gegen Ziele in Russland<br \/>\nsieht der ukrainische Pr\u00e4sident <span><a href=\"https:\/\/www.zeit.de\/thema\/wolodymyr-selenskyj\" rel=\"nofollow\">Wolodymyr Selenskyj<\/a><\/span> keinen Redebedarf<br \/>\nmit der Regierung in Washington, D. C. &#8222;Wir setzen unsere im Inland hergestellten<br \/>\nLangstreckenwaffen ein&#8220;, sagte Selenskyj w\u00e4hrend einer Pressekonferenz mit dem kanadischen Premierminister Mark Carney. &#8222;In<br \/>\nletzter Zeit haben wir solche Dinge nicht mit den USA diskutiert, das<br \/>\nwar mal fr\u00fcher.&#8220;\u00a0\n<\/p>\n<p>Das  hatte unter Berufung<br \/>\nauf US-Beamte berichtet, <a href=\"https:\/\/www.zeit.de\/politik\/ausland\/2025-08\/ukraine-russland-usa-langstreckenwaffen-krieg\" rel=\"nofollow\">das US-Verteidigungsministerium blockiere seit Monaten den Einsatz<br \/>\n von Raketen mit gr\u00f6\u00dferer Reichweite durch die Ukraine<\/a> f\u00fcr Angriffe auf<br \/>\nZiele in <span><a href=\"https:\/\/www.zeit.de\/thema\/russland\" rel=\"nofollow\">Russland<\/a><\/span>.\n<\/p>\n<p>Ein Genehmigungsverfahren des<br \/>\nVerteidigungsministeriums habe die <span><a href=\"https:\/\/www.zeit.de\/politik\/ausland\/ukraine-krieg-news-liveblog\" rel=\"nofollow\">Ukraine<\/a><\/span> seit dem sp\u00e4ten Fr\u00fchjahr<br \/>\ndaran gehindert, die von den USA gelieferten ATACMS-Raketen gegen Ziele<br \/>\nin <a href=\"https:\/\/www.zeit.de\/thema\/russland\" rel=\"nofollow\">Russland<\/a> einzusetzen, werden die Beamten zitiert.\u00a0\n<\/p>\n<p>Unter Pr\u00e4sident Joe Biden hatten die <span><a href=\"https:\/\/www.zeit.de\/thema\/usa\" rel=\"nofollow\">USA<\/a><\/span> der<br \/>\nUkraine im vergangenen Jahr Angriffe mit weitreichenden Waffen gegen<br \/>\nmilit\u00e4rische Objekte in Russland erlaubt. Trump hatte vergangene Woche<br \/>\ngepostet, es sei sehr schwer, wenn nicht unm\u00f6glich, einen Krieg zu<br \/>\ngewinnen, ohne das Land des Invasors anzugreifen.\n<\/p>\n<p>Die <a href=\"https:\/\/www.zeit.de\/politik\/ausland\/ukraine-krieg-news-liveblog\" rel=\"nofollow\">Ukraine<\/a> hat zuletzt ihr eigenes Bauprogramm<br \/>\n f\u00fcr Drohnen verst\u00e4rkt und mit Flamingo auch eine neue Rakete<br \/>\npr\u00e4sentiert, die angeblich eine Reichweite von bis zu 3.000 Kilometern<br \/>\nhaben soll. Damit w\u00e4ren selbst Ziele weit hinter dem Uralgebirge in<br \/>\nReichweite ukrainischer Waffen. Noch befindet sich die Rakete in der<br \/>\nTestphase \u2013 bis Jahresende will sich die Ukraine aber ein gr\u00f6\u00dferes Arsenal<br \/>\nsolcher Waffen zugelegt haben.\n<\/p>\n<\/div>\n","protected":false},"excerpt":{"rendered":"<p>In der Diskussion um m\u00f6gliche US-Verbote f\u00fcr den Einsatz weitreichender amerikanischer Waffen gegen Ziele in Russland sieht der ukrainische Pr\u00e4sident Wolodymyr Selenskyj keinen Redebedarf mit der Regierung in Washington, D. C. &#8222;Wir setzen unsere im Inland hergestellten Langstreckenwaffen ein&#8220;, sagte Selenskyj w\u00e4hrend einer Pressekonferenz mit dem kanadischen Premierminister Mark Carney. &#8222;In letzter Zeit haben wir<\/p>\n","protected":false},"author":1,"featured_media":267503,"comment_status":"open","ping_status":"open","sticky":false,"template":"","format":"standard","meta":{"footnotes":""},"categories":[116],"tags":[],"class_list":["post-267502","post","type-post","status-publish","format-standard","has-post-thumbnail","hentry","category-war-chronicles-de"],"acf":[],"yoast_head":"<!-- This site is optimized with the Yoast SEO plugin v22.9 - https:\/\/yoast.com\/wordpress\/plugins\/seo\/ -->\n<title>Selenskyj bestreitet Abstimmungspflicht \u00fcber Waffeneinsatz mit USA - vof-news.eu<\/title>\n<meta name=\"description\" content=\"In der Diskussion um m\u00f6gliche US-Verbote f\u00fcr den\" \/>\n<meta name=\"robots\" content=\"noindex, follow, max-snippet:-1, max-image-preview:large, max-video-preview:-1\" \/>\n<meta property=\"og:locale\" content=\"de_DE\" \/>\n<meta property=\"og:type\" content=\"article\" \/>\n<meta property=\"og:title\" content=\"Selenskyj bestreitet Abstimmungspflicht \u00fcber Waffeneinsatz mit USA - vof-news.eu\" \/>\n<meta property=\"og:description\" content=\"In der Diskussion um m\u00f6gliche US-Verbote f\u00fcr den\" \/>\n<meta property=\"og:url\" content=\"https:\/\/vof-news.eu\/de\/selenskyj-bestreitet-abstimmungspflicht-uber-waffeneinsatz-mit-usa\/\" \/>\n<meta property=\"og:site_name\" content=\"vof-news.eu\" \/>\n<meta property=\"article:published_time\" content=\"2025-08-24T16:28:14+00:00\" \/>\n<meta property=\"article:modified_time\" content=\"2025-08-24T16:29:44+00:00\" \/>\n<meta property=\"og:image\" content=\"https:\/\/vof-news.eu\/wp-content\/uploads\/2025\/08\/wide__1000x562-84.jpg\" \/>\n\t<meta property=\"og:image:width\" content=\"1000\" \/>\n\t<meta property=\"og:image:height\" content=\"562\" \/>\n\t<meta property=\"og:image:type\" content=\"image\/jpeg\" \/>\n<meta name=\"author\" content=\"Author\" \/>\n<meta name=\"twitter:card\" content=\"summary_large_image\" \/>\n<meta name=\"twitter:label1\" content=\"Verfasst von\" \/>\n\t<meta name=\"twitter:data1\" content=\"Author\" \/>\n\t<meta name=\"twitter:label2\" content=\"Gesch\u00e4tzte Lesezeit\" \/>\n\t<meta name=\"twitter:data2\" content=\"1\u00a0Minute\" \/>\n<script type=\"application\/ld+json\" class=\"yoast-schema-graph\">{\"@context\":\"https:\/\/schema.org\",\"@graph\":[{\"@type\":\"WebPage\",\"@id\":\"https:\/\/vof-news.eu\/de\/selenskyj-bestreitet-abstimmungspflicht-uber-waffeneinsatz-mit-usa\/\",\"url\":\"https:\/\/vof-news.eu\/de\/selenskyj-bestreitet-abstimmungspflicht-uber-waffeneinsatz-mit-usa\/\",\"name\":\"Selenskyj bestreitet Abstimmungspflicht \u00fcber Waffeneinsatz mit USA - vof-news.eu\",\"isPartOf\":{\"@id\":\"https:\/\/vof-news.eu\/de\/#website\"},\"primaryImageOfPage\":{\"@id\":\"https:\/\/vof-news.eu\/de\/selenskyj-bestreitet-abstimmungspflicht-uber-waffeneinsatz-mit-usa\/#primaryimage\"},\"image\":{\"@id\":\"https:\/\/vof-news.eu\/de\/selenskyj-bestreitet-abstimmungspflicht-uber-waffeneinsatz-mit-usa\/#primaryimage\"},\"thumbnailUrl\":\"https:\/\/vof-news.eu\/wp-content\/uploads\/2025\/08\/wide__1000x562-84.jpg\",\"datePublished\":\"2025-08-24T16:28:14+00:00\",\"dateModified\":\"2025-08-24T16:29:44+00:00\",\"author\":{\"@id\":\"https:\/\/vof-news.eu\/de\/#\/schema\/person\/f6a2a4309f0561835797fd8c19b333ed\"},\"description\":\"In der Diskussion um m\u00f6gliche US-Verbote f\u00fcr den\",\"breadcrumb\":{\"@id\":\"https:\/\/vof-news.eu\/de\/selenskyj-bestreitet-abstimmungspflicht-uber-waffeneinsatz-mit-usa\/#breadcrumb\"},\"inLanguage\":\"de\",\"potentialAction\":[{\"@type\":\"ReadAction\",\"target\":[\"https:\/\/vof-news.eu\/de\/selenskyj-bestreitet-abstimmungspflicht-uber-waffeneinsatz-mit-usa\/\"]}]},{\"@type\":\"ImageObject\",\"inLanguage\":\"de\",\"@id\":\"https:\/\/vof-news.eu\/de\/selenskyj-bestreitet-abstimmungspflicht-uber-waffeneinsatz-mit-usa\/#primaryimage\",\"url\":\"https:\/\/vof-news.eu\/wp-content\/uploads\/2025\/08\/wide__1000x562-84.jpg\",\"contentUrl\":\"https:\/\/vof-news.eu\/wp-content\/uploads\/2025\/08\/wide__1000x562-84.jpg\",\"width\":1000,\"height\":562},{\"@type\":\"BreadcrumbList\",\"@id\":\"https:\/\/vof-news.eu\/de\/selenskyj-bestreitet-abstimmungspflicht-uber-waffeneinsatz-mit-usa\/#breadcrumb\",\"itemListElement\":[{\"@type\":\"ListItem\",\"position\":1,\"name\":\"Home\",\"item\":\"https:\/\/vof-news.eu\/de\/\"},{\"@type\":\"ListItem\",\"position\":2,\"name\":\"Selenskyj bestreitet Abstimmungspflicht \u00fcber Waffeneinsatz mit USA\"}]},{\"@type\":\"WebSite\",\"@id\":\"https:\/\/vof-news.eu\/de\/#website\",\"url\":\"https:\/\/vof-news.eu\/de\/\",\"name\":\"vof-news.eu\",\"description\":\"\",\"potentialAction\":[{\"@type\":\"SearchAction\",\"target\":{\"@type\":\"EntryPoint\",\"urlTemplate\":\"https:\/\/vof-news.eu\/de\/?s={search_term_string}\"},\"query-input\":\"required name=search_term_string\"}],\"inLanguage\":\"de\"},{\"@type\":\"Person\",\"@id\":\"https:\/\/vof-news.eu\/de\/#\/schema\/person\/f6a2a4309f0561835797fd8c19b333ed\",\"name\":\"Author\",\"image\":{\"@type\":\"ImageObject\",\"inLanguage\":\"de\",\"@id\":\"https:\/\/vof-news.eu\/de\/#\/schema\/person\/image\/\",\"url\":\"https:\/\/secure.gravatar.com\/avatar\/b67e614b1b25b3e9c0c239efdd2fde5ab015b5affd6f1c3c85911ca4b384e790?s=96&d=mm&r=g\",\"contentUrl\":\"https:\/\/secure.gravatar.com\/avatar\/b67e614b1b25b3e9c0c239efdd2fde5ab015b5affd6f1c3c85911ca4b384e790?s=96&d=mm&r=g\",\"caption\":\"Author\"},\"sameAs\":[\"http:\/\/vof-news.eu\"],\"url\":\"https:\/\/vof-news.eu\/de\/author\/zwt6qxnjulxbnyg\/\"}]}<\/script>\n<!-- \/ Yoast SEO plugin. -->","yoast_head_json":{"title":"Selenskyj bestreitet Abstimmungspflicht \u00fcber Waffeneinsatz mit USA - vof-news.eu","description":"In der Diskussion um m\u00f6gliche US-Verbote f\u00fcr den","robots":{"index":"noindex","follow":"follow","max-snippet":"max-snippet:-1","max-image-preview":"max-image-preview:large","max-video-preview":"max-video-preview:-1"},"og_locale":"de_DE","og_type":"article","og_title":"Selenskyj bestreitet Abstimmungspflicht \u00fcber Waffeneinsatz mit USA - vof-news.eu","og_description":"In der Diskussion um m\u00f6gliche US-Verbote f\u00fcr den","og_url":"https:\/\/vof-news.eu\/de\/selenskyj-bestreitet-abstimmungspflicht-uber-waffeneinsatz-mit-usa\/","og_site_name":"vof-news.eu","article_published_time":"2025-08-24T16:28:14+00:00","article_modified_time":"2025-08-24T16:29:44+00:00","og_image":[{"width":1000,"height":562,"url":"https:\/\/vof-news.eu\/wp-content\/uploads\/2025\/08\/wide__1000x562-84.jpg","type":"image\/jpeg"}],"author":"Author","twitter_card":"summary_large_image","twitter_misc":{"Verfasst von":"Author","Gesch\u00e4tzte Lesezeit":"1\u00a0Minute"},"schema":{"@context":"https:\/\/schema.org","@graph":[{"@type":"WebPage","@id":"https:\/\/vof-news.eu\/de\/selenskyj-bestreitet-abstimmungspflicht-uber-waffeneinsatz-mit-usa\/","url":"https:\/\/vof-news.eu\/de\/selenskyj-bestreitet-abstimmungspflicht-uber-waffeneinsatz-mit-usa\/","name":"Selenskyj bestreitet Abstimmungspflicht \u00fcber Waffeneinsatz mit USA - vof-news.eu","isPartOf":{"@id":"https:\/\/vof-news.eu\/de\/#website"},"primaryImageOfPage":{"@id":"https:\/\/vof-news.eu\/de\/selenskyj-bestreitet-abstimmungspflicht-uber-waffeneinsatz-mit-usa\/#primaryimage"},"image":{"@id":"https:\/\/vof-news.eu\/de\/selenskyj-bestreitet-abstimmungspflicht-uber-waffeneinsatz-mit-usa\/#primaryimage"},"thumbnailUrl":"https:\/\/vof-news.eu\/wp-content\/uploads\/2025\/08\/wide__1000x562-84.jpg","datePublished":"2025-08-24T16:28:14+00:00","dateModified":"2025-08-24T16:29:44+00:00","author":{"@id":"https:\/\/vof-news.eu\/de\/#\/schema\/person\/f6a2a4309f0561835797fd8c19b333ed"},"description":"In der Diskussion um m\u00f6gliche US-Verbote f\u00fcr den","breadcrumb":{"@id":"https:\/\/vof-news.eu\/de\/selenskyj-bestreitet-abstimmungspflicht-uber-waffeneinsatz-mit-usa\/#breadcrumb"},"inLanguage":"de","potentialAction":[{"@type":"ReadAction","target":["https:\/\/vof-news.eu\/de\/selenskyj-bestreitet-abstimmungspflicht-uber-waffeneinsatz-mit-usa\/"]}]},{"@type":"ImageObject","inLanguage":"de","@id":"https:\/\/vof-news.eu\/de\/selenskyj-bestreitet-abstimmungspflicht-uber-waffeneinsatz-mit-usa\/#primaryimage","url":"https:\/\/vof-news.eu\/wp-content\/uploads\/2025\/08\/wide__1000x562-84.jpg","contentUrl":"https:\/\/vof-news.eu\/wp-content\/uploads\/2025\/08\/wide__1000x562-84.jpg","width":1000,"height":562},{"@type":"BreadcrumbList","@id":"https:\/\/vof-news.eu\/de\/selenskyj-bestreitet-abstimmungspflicht-uber-waffeneinsatz-mit-usa\/#breadcrumb","itemListElement":[{"@type":"ListItem","position":1,"name":"Home","item":"https:\/\/vof-news.eu\/de\/"},{"@type":"ListItem","position":2,"name":"Selenskyj bestreitet Abstimmungspflicht \u00fcber Waffeneinsatz mit USA"}]},{"@type":"WebSite","@id":"https:\/\/vof-news.eu\/de\/#website","url":"https:\/\/vof-news.eu\/de\/","name":"vof-news.eu","description":"","potentialAction":[{"@type":"SearchAction","target":{"@type":"EntryPoint","urlTemplate":"https:\/\/vof-news.eu\/de\/?s={search_term_string}"},"query-input":"required name=search_term_string"}],"inLanguage":"de"},{"@type":"Person","@id":"https:\/\/vof-news.eu\/de\/#\/schema\/person\/f6a2a4309f0561835797fd8c19b333ed","name":"Author","image":{"@type":"ImageObject","inLanguage":"de","@id":"https:\/\/vof-news.eu\/de\/#\/schema\/person\/image\/","url":"https:\/\/secure.gravatar.com\/avatar\/b67e614b1b25b3e9c0c239efdd2fde5ab015b5affd6f1c3c85911ca4b384e790?s=96&d=mm&r=g","contentUrl":"https:\/\/secure.gravatar.com\/avatar\/b67e614b1b25b3e9c0c239efdd2fde5ab015b5affd6f1c3c85911ca4b384e790?s=96&d=mm&r=g","caption":"Author"},"sameAs":["http:\/\/vof-news.eu"],"url":"https:\/\/vof-news.eu\/de\/author\/zwt6qxnjulxbnyg\/"}]}},"yoast_meta":{"yoast_wpseo_title":"","yoast_wpseo_metadesc":"","yoast_wpseo_canonical":""},"_links":{"self":[{"href":"https:\/\/vof-news.eu\/de\/wp-json\/wp\/v2\/posts\/267502","targetHints":{"allow":["GET"]}}],"collection":[{"href":"https:\/\/vof-news.eu\/de\/wp-json\/wp\/v2\/posts"}],"about":[{"href":"https:\/\/vof-news.eu\/de\/wp-json\/wp\/v2\/types\/post"}],"author":[{"embeddable":true,"href":"https:\/\/vof-news.eu\/de\/wp-json\/wp\/v2\/users\/1"}],"replies":[{"embeddable":true,"href":"https:\/\/vof-news.eu\/de\/wp-json\/wp\/v2\/comments?post=267502"}],"version-history":[{"count":1,"href":"https:\/\/vof-news.eu\/de\/wp-json\/wp\/v2\/posts\/267502\/revisions"}],"predecessor-version":[{"id":267509,"href":"https:\/\/vof-news.eu\/de\/wp-json\/wp\/v2\/posts\/267502\/revisions\/267509"}],"wp:featuredmedia":[{"embeddable":true,"href":"https:\/\/vof-news.eu\/de\/wp-json\/wp\/v2\/media\/267503"}],"wp:attachment":[{"href":"https:\/\/vof-news.eu\/de\/wp-json\/wp\/v2\/media?parent=267502"}],"wp:term":[{"taxonomy":"category","embeddable":true,"href":"https:\/\/vof-news.eu\/de\/wp-json\/wp\/v2\/categories?post=267502"},{"taxonomy":"post_tag","embeddable":true,"href":"https:\/\/vof-news.eu\/de\/wp-json\/wp\/v2\/tags?post=267502"}],"curies":[{"name":"wp","href":"https:\/\/api.w.org\/{rel}","templated":true}]}}