{"id":267238,"date":"2025-08-23T11:26:14","date_gmt":"2025-08-23T08:26:14","guid":{"rendered":"https:\/\/vof-news.eu\/dummlich-respektlos-sozialverbande-laufen-sturm-gegen-vorstos-zu-pflichtjahr-fur-rentner\/"},"modified":"2025-08-23T11:26:29","modified_gmt":"2025-08-23T08:26:29","slug":"dummlich-respektlos-sozialverbande-laufen-sturm-gegen-vorstos-zu-pflichtjahr-fur-rentner","status":"publish","type":"post","link":"https:\/\/vof-news.eu\/de\/dummlich-respektlos-sozialverbande-laufen-sturm-gegen-vorstos-zu-pflichtjahr-fur-rentner\/","title":{"rendered":"\u201eD\u00fcmmlich\u201c, \u201erespektlos\u201c \u2013 Sozialverb\u00e4nde laufen Sturm gegen Vorsto\u00df zu Pflichtjahr f\u00fcr Rentner"},"content":{"rendered":"<p>Sozial- und Seniorenverb\u00e4nde haben die m\u00f6gliche Einf\u00fchrung eines sozialen Pflichtjahres f\u00fcr Rentner kritisiert. \u201eWir sollten zur Abwechslung mal anerkennen, was \u00e4ltere Menschen in diesem Land leisten, anstatt ihnen das Gef\u00fchl zu vermitteln, dass sie faul sind und der Gesellschaft auf der Tasche liegen\u201c, sagte Verena Bentele, Pr\u00e4sidentin des Sozialverbands VdK, dem Redaktionsnetzwerk Deutschland. <\/p>\n<p>DIW-Pr\u00e4sident Fratzscher<a class=\"is-link c-block-items__link c-link--rich-text-renderer\" data-internal-tracking='{\"action\":\"click\",\"label\":\"link\",\"name\":\"Inline Element\",\"data\":{\"source\":\"\",\"target\":\"https:\/\/www.welt.de\/wirtschaft\/article68a80a11b9644528ccf3d594\/Oekonom-Fratzscher-fordert-verpflichtendes-soziales-Jahr-fuer-Rentner-Sozialverbaende-empoert.html\",\"trackingName\":\"\",\"trackingLabel\":\"\"}}' data-internal-tracking-enabled=\"true\" href=\"https:\/\/www.welt.de\/wirtschaft\/article68a80a11b9644528ccf3d594\/Oekonom-Fratzscher-fordert-verpflichtendes-soziales-Jahr-fuer-Rentner-Sozialverbaende-empoert.html\"> hatte zuvor ein \u201everpflichtendes soziales Jahr f\u00fcr alle Rentnerinnen und Rentner\u201c gefordert.<\/a> Die \u00e4ltere Generation m\u00fcsse sich gesellschaftlich \u201est\u00e4rker einbringen\u201c. Die sogenannte Boomer-Generation (zwischen Mitte der 1950er bis Ende der 1960er Jahre Geborene) habe zu wenig Kinder bekommen. \u201eWieso sollten ausschlie\u00dflich die Jungen f\u00fcr diese Lebensentscheidungen der Babyboomer geradestehen?\u201c, hatte Fratzscher gefragt.<\/p>\n<p>Laut Bentele pflegen viele Rentner Familienangeh\u00f6rige oder k\u00fcmmern sich um Enkel, damit Eltern arbeiten k\u00f6nnen. Andere engagierten sich in Vereinen und Initiativen und handelten so im Sinne einer solidarischen Gesellschaft. \u201eDa braucht es kein verordnetes soziales Pflichtjahr\u201c, so Bentele.<\/p>\n<p>\u00c4hnlich \u00e4u\u00dferte sich Joachim Lautensack vom baden-w\u00fcrttembergischen Seniorenverband \u00d6ffentlicher Dienst. Fast 44 Prozent der 65- bis 74-J\u00e4hrigen seien ehrenamtlich aktiv, sagte er dem RND. Fratzschers Idee, \u00fcber ein soziales Jahr von Rentnern mehr Generationengerechtigkeit zu schaffen, sei eine \u201ed\u00fcmmlich Forderung\u201c.<\/p>\n<p>In Baden-W\u00fcrttemberg w\u00fcrden bereits weit mehr als ein Drittel der Senioren ehrenamtlich t\u00e4tig sein, in der Altersgruppe zwischen 65 und 74 laut Deutschem Freiwilligen-Survey 2019 sogar fast jeder Zweite (43,9 Prozent). \u201eHinzu kommen sicherlich noch sehr viele ebenfalls unverzichtbare Unterst\u00fctzungsleistungen im famili\u00e4ren Bereich, die statistisch kaum zu erfassen sind\u201c, sagte Lautensack.<\/p>\n<h3>\u201eMillionen Menschen daraus einen Strick zu drehen, empfinden wir als respektlos\u201c<\/h3>\n<p>Der Sozialverband Deutschland (SoVD) hatte den Vorschlag Fratzschers bereits am Freitag scharf kritisiert. \u201eDie \u201aLebensentscheidung\u2018, keine vier Kinder zu bekommen, erfolgte bei Millionen Menschen auch aus finanziellen Gr\u00fcnden\u201c, sagte SoVD-Chefin Michaela Engelmeier und verwies auf eine gestiegene Notwendigkeit zur Erwerbsarbeit f\u00fcr beide Partner wegen steigender Kosten. \u201eIhnen nun daraus einen Strick zu drehen, dass man sich zur Strafe gef\u00e4lligst im Rentenalter engagieren m\u00fcsse, empfinden wir als respektlos\u201c, f\u00fcgte Engelmeier hinzu.<\/p>\n<p>Kritik kam auch vom Deutschen Gewerkschaftsbund (DGB): \u201eEin Pflichtjahr f\u00fcr Rentner lehnen wir ab. Wer jahrzehntelang gearbeitet hat, hat seinen Ruhestand unbedingt verdient. Wir warnen davor, mit solchen Vorschl\u00e4gen Generationen gegeneinander auszuspielen\u201c, sagte DGB-Vorstandsmitglied Anja Piel. \u201eDie Frage, wer tats\u00e4chlich auf wessen Kosten lebt, ist in allererster Linie eine Frage zwischen Reich und Arm, also zwischen Kapital und Arbeit, und nicht etwa zwischen den Generationen.\u201c<\/p>\n","protected":false},"excerpt":{"rendered":"<p>Sozial- und Seniorenverb\u00e4nde haben die m\u00f6gliche Einf\u00fchrung eines sozialen Pflichtjahres f\u00fcr Rentner kritisiert. \u201eWir sollten zur Abwechslung mal anerkennen, was \u00e4ltere Menschen in diesem Land leisten, anstatt ihnen das Gef\u00fchl zu vermitteln, dass sie faul sind und der Gesellschaft auf der Tasche liegen\u201c, sagte Verena Bentele, Pr\u00e4sidentin des Sozialverbands VdK, dem Redaktionsnetzwerk Deutschland. DIW-Pr\u00e4sident Fratzscher<\/p>\n","protected":false},"author":1,"featured_media":0,"comment_status":"open","ping_status":"open","sticky":false,"template":"","format":"standard","meta":{"footnotes":""},"categories":[59],"tags":[],"class_list":["post-267238","post","type-post","status-publish","format-standard","hentry","category-business-de"],"acf":[],"yoast_head":"<!-- This site is optimized with the Yoast SEO plugin v22.9 - https:\/\/yoast.com\/wordpress\/plugins\/seo\/ -->\n<title>\u201eD\u00fcmmlich\u201c, \u201erespektlos\u201c \u2013 Sozialverb\u00e4nde laufen Sturm gegen Vorsto\u00df zu Pflichtjahr f\u00fcr Rentner - vof-news.eu<\/title>\n<meta name=\"description\" content=\"Sozial- und Seniorenverb\u00e4nde haben die m\u00f6gliche Einf\u00fchrung eines sozialen Pflichtjahres f\u00fcr Rentner kritisiert. \u201eWir sollten zur Abwechslung mal anerkennen, was \u00e4ltere Menschen in diesem Land leisten, anstatt ihnen das Gef\u00fchl zu vermitteln, dass sie faul sind und der Gesellschaft auf der Tasche liegen\u201c, sagte Verena Bentele, Pr\u00e4sidentin des Sozialverbands VdK, dem Redaktionsnetzwerk Deutschland. DIW-Pr\u00e4sident Fratzscher hatte zuvor ein \u201everpflichtendes soziales Jahr f\u00fcr alle Rentnerinnen und Rentner\u201c gefordert. Die \u00e4ltere Generation m\u00fcsse sich gesellschaftlich \u201est\u00e4rker einbringen\u201c. Die sogenannte Boomer-Generation (zwischen Mitte der 1950er bis Ende der 1960er Jahre Geborene) habe zu wenig Kinder bekommen. \u201eWieso sollten ausschlie\u00dflich die Jungen f\u00fcr diese Lebensentscheidungen der Babyboomer geradestehen?\u201c, hatte Fratzscher gefragt.Laut Bentele pflegen viele Rentner Familienangeh\u00f6rige oder k\u00fcmmern sich um Enkel, damit Eltern arbeiten k\u00f6nnen. Andere engagierten sich in Vereinen und Initiativen und handelten so im Sinne einer solidarischen Gesellschaft. \u201eDa braucht es kein verordnetes soziales Pflichtjahr\u201c, so Bentele.\u00c4hnlich \u00e4u\u00dferte sich Joachim Lautensack vom baden-w\u00fcrttembergischen Seniorenverband \u00d6ffentlicher Dienst. Fast 44 Prozent der 65- bis 74-J\u00e4hrigen seien ehrenamtlich aktiv, sagte er dem RND. Fratzschers Idee, \u00fcber ein soziales Jahr von Rentnern mehr Generationengerechtigkeit zu schaffen, sei eine \u201ed\u00fcmmlich Forderung\u201c.In Baden-W\u00fcrttemberg w\u00fcrden bereits weit mehr als ein Drittel der Senioren ehrenamtlich t\u00e4tig sein, in der Altersgruppe zwischen 65 und 74 laut Deutschem Freiwilligen-Survey 2019 sogar fast jeder Zweite (43,9 Prozent). \u201eHinzu kommen sicherlich noch sehr viele ebenfalls unverzichtbare Unterst\u00fctzungsleistungen im famili\u00e4ren Bereich, die statistisch kaum zu erfassen sind\u201c, sagte Lautensack.\u201eMillionen Menschen daraus einen Strick zu drehen, empfinden wir als respektlos\u201cDer Sozialverband Deutschland (SoVD) hatte den Vorschlag Fratzschers bereits am Freitag scharf kritisiert. \u201eDie \u201aLebensentscheidung\u2018, keine vier Kinder zu bekommen, erfolgte bei Millionen Menschen auch aus finanziellen Gr\u00fcnden\u201c, sagte SoVD-Chefin Michaela Engelmeier und verwies auf eine gestiegene Notwendigkeit zur Erwerbsarbeit f\u00fcr beide Partner wegen steigender Kosten. \u201eIhnen nun daraus einen Strick zu drehen, dass man sich zur Strafe gef\u00e4lligst im Rentenalter engagieren m\u00fcsse, empfinden wir als respektlos\u201c, f\u00fcgte Engelmeier hinzu.Kritik kam auch vom Deutschen Gewerkschaftsbund (DGB): \u201eEin Pflichtjahr f\u00fcr Rentner lehnen wir ab. Wer jahrzehntelang gearbeitet hat, hat seinen Ruhestand unbedingt verdient. Wir warnen davor, mit solchen Vorschl\u00e4gen Generationen gegeneinander auszuspielen\u201c, sagte DGB-Vorstandsmitglied Anja Piel. \u201eDie Frage, wer tats\u00e4chlich auf wessen Kosten lebt, ist in allererster Linie eine Frage zwischen Reich und Arm, also zwischen Kapital und Arbeit, und nicht etwa zwischen den Generationen.\u201c\" \/>\n<meta name=\"robots\" content=\"noindex, follow, max-snippet:-1, max-image-preview:large, max-video-preview:-1\" \/>\n<meta property=\"og:locale\" content=\"de_DE\" \/>\n<meta property=\"og:type\" content=\"article\" \/>\n<meta property=\"og:title\" content=\"\u201eD\u00fcmmlich\u201c, \u201erespektlos\u201c \u2013 Sozialverb\u00e4nde laufen Sturm gegen Vorsto\u00df zu Pflichtjahr f\u00fcr Rentner - vof-news.eu\" \/>\n<meta property=\"og:description\" content=\"Sozial- und Seniorenverb\u00e4nde haben die m\u00f6gliche Einf\u00fchrung eines sozialen Pflichtjahres f\u00fcr Rentner kritisiert. \u201eWir sollten zur Abwechslung mal anerkennen, was \u00e4ltere Menschen in diesem Land leisten, anstatt ihnen das Gef\u00fchl zu vermitteln, dass sie faul sind und der Gesellschaft auf der Tasche liegen\u201c, sagte Verena Bentele, Pr\u00e4sidentin des Sozialverbands VdK, dem Redaktionsnetzwerk Deutschland. DIW-Pr\u00e4sident Fratzscher hatte zuvor ein \u201everpflichtendes soziales Jahr f\u00fcr alle Rentnerinnen und Rentner\u201c gefordert. Die \u00e4ltere Generation m\u00fcsse sich gesellschaftlich \u201est\u00e4rker einbringen\u201c. Die sogenannte Boomer-Generation (zwischen Mitte der 1950er bis Ende der 1960er Jahre Geborene) habe zu wenig Kinder bekommen. \u201eWieso sollten ausschlie\u00dflich die Jungen f\u00fcr diese Lebensentscheidungen der Babyboomer geradestehen?\u201c, hatte Fratzscher gefragt.Laut Bentele pflegen viele Rentner Familienangeh\u00f6rige oder k\u00fcmmern sich um Enkel, damit Eltern arbeiten k\u00f6nnen. Andere engagierten sich in Vereinen und Initiativen und handelten so im Sinne einer solidarischen Gesellschaft. \u201eDa braucht es kein verordnetes soziales Pflichtjahr\u201c, so Bentele.\u00c4hnlich \u00e4u\u00dferte sich Joachim Lautensack vom baden-w\u00fcrttembergischen Seniorenverband \u00d6ffentlicher Dienst. Fast 44 Prozent der 65- bis 74-J\u00e4hrigen seien ehrenamtlich aktiv, sagte er dem RND. Fratzschers Idee, \u00fcber ein soziales Jahr von Rentnern mehr Generationengerechtigkeit zu schaffen, sei eine \u201ed\u00fcmmlich Forderung\u201c.In Baden-W\u00fcrttemberg w\u00fcrden bereits weit mehr als ein Drittel der Senioren ehrenamtlich t\u00e4tig sein, in der Altersgruppe zwischen 65 und 74 laut Deutschem Freiwilligen-Survey 2019 sogar fast jeder Zweite (43,9 Prozent). \u201eHinzu kommen sicherlich noch sehr viele ebenfalls unverzichtbare Unterst\u00fctzungsleistungen im famili\u00e4ren Bereich, die statistisch kaum zu erfassen sind\u201c, sagte Lautensack.\u201eMillionen Menschen daraus einen Strick zu drehen, empfinden wir als respektlos\u201cDer Sozialverband Deutschland (SoVD) hatte den Vorschlag Fratzschers bereits am Freitag scharf kritisiert. \u201eDie \u201aLebensentscheidung\u2018, keine vier Kinder zu bekommen, erfolgte bei Millionen Menschen auch aus finanziellen Gr\u00fcnden\u201c, sagte SoVD-Chefin Michaela Engelmeier und verwies auf eine gestiegene Notwendigkeit zur Erwerbsarbeit f\u00fcr beide Partner wegen steigender Kosten. \u201eIhnen nun daraus einen Strick zu drehen, dass man sich zur Strafe gef\u00e4lligst im Rentenalter engagieren m\u00fcsse, empfinden wir als respektlos\u201c, f\u00fcgte Engelmeier hinzu.Kritik kam auch vom Deutschen Gewerkschaftsbund (DGB): \u201eEin Pflichtjahr f\u00fcr Rentner lehnen wir ab. Wer jahrzehntelang gearbeitet hat, hat seinen Ruhestand unbedingt verdient. Wir warnen davor, mit solchen Vorschl\u00e4gen Generationen gegeneinander auszuspielen\u201c, sagte DGB-Vorstandsmitglied Anja Piel. \u201eDie Frage, wer tats\u00e4chlich auf wessen Kosten lebt, ist in allererster Linie eine Frage zwischen Reich und Arm, also zwischen Kapital und Arbeit, und nicht etwa zwischen den Generationen.\u201c\" \/>\n<meta property=\"og:url\" content=\"https:\/\/vof-news.eu\/de\/dummlich-respektlos-sozialverbande-laufen-sturm-gegen-vorstos-zu-pflichtjahr-fur-rentner\/\" \/>\n<meta property=\"og:site_name\" content=\"vof-news.eu\" \/>\n<meta property=\"article:published_time\" content=\"2025-08-23T08:26:14+00:00\" \/>\n<meta property=\"article:modified_time\" content=\"2025-08-23T08:26:29+00:00\" \/>\n<meta name=\"author\" content=\"Author\" \/>\n<meta name=\"twitter:card\" content=\"summary_large_image\" \/>\n<meta name=\"twitter:label1\" content=\"Verfasst von\" \/>\n\t<meta name=\"twitter:data1\" content=\"Author\" \/>\n\t<meta name=\"twitter:label2\" content=\"Gesch\u00e4tzte Lesezeit\" \/>\n\t<meta name=\"twitter:data2\" content=\"2\u00a0Minuten\" \/>\n<script type=\"application\/ld+json\" class=\"yoast-schema-graph\">{\"@context\":\"https:\/\/schema.org\",\"@graph\":[{\"@type\":\"WebPage\",\"@id\":\"https:\/\/vof-news.eu\/de\/dummlich-respektlos-sozialverbande-laufen-sturm-gegen-vorstos-zu-pflichtjahr-fur-rentner\/\",\"url\":\"https:\/\/vof-news.eu\/de\/dummlich-respektlos-sozialverbande-laufen-sturm-gegen-vorstos-zu-pflichtjahr-fur-rentner\/\",\"name\":\"\u201eD\u00fcmmlich\u201c, \u201erespektlos\u201c \u2013 Sozialverb\u00e4nde laufen Sturm gegen Vorsto\u00df zu Pflichtjahr f\u00fcr Rentner - vof-news.eu\",\"isPartOf\":{\"@id\":\"https:\/\/vof-news.eu\/de\/#website\"},\"datePublished\":\"2025-08-23T08:26:14+00:00\",\"dateModified\":\"2025-08-23T08:26:29+00:00\",\"author\":{\"@id\":\"https:\/\/vof-news.eu\/de\/#\/schema\/person\/f6a2a4309f0561835797fd8c19b333ed\"},\"description\":\"Sozial- und Seniorenverb\u00e4nde haben die m\u00f6gliche Einf\u00fchrung eines sozialen Pflichtjahres f\u00fcr Rentner kritisiert. \u201eWir sollten zur Abwechslung mal anerkennen, was \u00e4ltere Menschen in diesem Land leisten, anstatt ihnen das Gef\u00fchl zu vermitteln, dass sie faul sind und der Gesellschaft auf der Tasche liegen\u201c, sagte Verena Bentele, Pr\u00e4sidentin des Sozialverbands VdK, dem Redaktionsnetzwerk Deutschland. DIW-Pr\u00e4sident Fratzscher hatte zuvor ein \u201everpflichtendes soziales Jahr f\u00fcr alle Rentnerinnen und Rentner\u201c gefordert. Die \u00e4ltere Generation m\u00fcsse sich gesellschaftlich \u201est\u00e4rker einbringen\u201c. Die sogenannte Boomer-Generation (zwischen Mitte der 1950er bis Ende der 1960er Jahre Geborene) habe zu wenig Kinder bekommen. \u201eWieso sollten ausschlie\u00dflich die Jungen f\u00fcr diese Lebensentscheidungen der Babyboomer geradestehen?\u201c, hatte Fratzscher gefragt.Laut Bentele pflegen viele Rentner Familienangeh\u00f6rige oder k\u00fcmmern sich um Enkel, damit Eltern arbeiten k\u00f6nnen. Andere engagierten sich in Vereinen und Initiativen und handelten so im Sinne einer solidarischen Gesellschaft. \u201eDa braucht es kein verordnetes soziales Pflichtjahr\u201c, so Bentele.\u00c4hnlich \u00e4u\u00dferte sich Joachim Lautensack vom baden-w\u00fcrttembergischen Seniorenverband \u00d6ffentlicher Dienst. Fast 44 Prozent der 65- bis 74-J\u00e4hrigen seien ehrenamtlich aktiv, sagte er dem RND. Fratzschers Idee, \u00fcber ein soziales Jahr von Rentnern mehr Generationengerechtigkeit zu schaffen, sei eine \u201ed\u00fcmmlich Forderung\u201c.In Baden-W\u00fcrttemberg w\u00fcrden bereits weit mehr als ein Drittel der Senioren ehrenamtlich t\u00e4tig sein, in der Altersgruppe zwischen 65 und 74 laut Deutschem Freiwilligen-Survey 2019 sogar fast jeder Zweite (43,9 Prozent). \u201eHinzu kommen sicherlich noch sehr viele ebenfalls unverzichtbare Unterst\u00fctzungsleistungen im famili\u00e4ren Bereich, die statistisch kaum zu erfassen sind\u201c, sagte Lautensack.\u201eMillionen Menschen daraus einen Strick zu drehen, empfinden wir als respektlos\u201cDer Sozialverband Deutschland (SoVD) hatte den Vorschlag Fratzschers bereits am Freitag scharf kritisiert. \u201eDie \u201aLebensentscheidung\u2018, keine vier Kinder zu bekommen, erfolgte bei Millionen Menschen auch aus finanziellen Gr\u00fcnden\u201c, sagte SoVD-Chefin Michaela Engelmeier und verwies auf eine gestiegene Notwendigkeit zur Erwerbsarbeit f\u00fcr beide Partner wegen steigender Kosten. \u201eIhnen nun daraus einen Strick zu drehen, dass man sich zur Strafe gef\u00e4lligst im Rentenalter engagieren m\u00fcsse, empfinden wir als respektlos\u201c, f\u00fcgte Engelmeier hinzu.Kritik kam auch vom Deutschen Gewerkschaftsbund (DGB): \u201eEin Pflichtjahr f\u00fcr Rentner lehnen wir ab. Wer jahrzehntelang gearbeitet hat, hat seinen Ruhestand unbedingt verdient. Wir warnen davor, mit solchen Vorschl\u00e4gen Generationen gegeneinander auszuspielen\u201c, sagte DGB-Vorstandsmitglied Anja Piel. \u201eDie Frage, wer tats\u00e4chlich auf wessen Kosten lebt, ist in allererster Linie eine Frage zwischen Reich und Arm, also zwischen Kapital und Arbeit, und nicht etwa zwischen den Generationen.\u201c\",\"breadcrumb\":{\"@id\":\"https:\/\/vof-news.eu\/de\/dummlich-respektlos-sozialverbande-laufen-sturm-gegen-vorstos-zu-pflichtjahr-fur-rentner\/#breadcrumb\"},\"inLanguage\":\"de\",\"potentialAction\":[{\"@type\":\"ReadAction\",\"target\":[\"https:\/\/vof-news.eu\/de\/dummlich-respektlos-sozialverbande-laufen-sturm-gegen-vorstos-zu-pflichtjahr-fur-rentner\/\"]}]},{\"@type\":\"BreadcrumbList\",\"@id\":\"https:\/\/vof-news.eu\/de\/dummlich-respektlos-sozialverbande-laufen-sturm-gegen-vorstos-zu-pflichtjahr-fur-rentner\/#breadcrumb\",\"itemListElement\":[{\"@type\":\"ListItem\",\"position\":1,\"name\":\"Home\",\"item\":\"https:\/\/vof-news.eu\/de\/\"},{\"@type\":\"ListItem\",\"position\":2,\"name\":\"\u201eD\u00fcmmlich\u201c, \u201erespektlos\u201c \u2013 Sozialverb\u00e4nde laufen Sturm gegen Vorsto\u00df zu Pflichtjahr f\u00fcr Rentner\"}]},{\"@type\":\"WebSite\",\"@id\":\"https:\/\/vof-news.eu\/de\/#website\",\"url\":\"https:\/\/vof-news.eu\/de\/\",\"name\":\"vof-news.eu\",\"description\":\"\",\"potentialAction\":[{\"@type\":\"SearchAction\",\"target\":{\"@type\":\"EntryPoint\",\"urlTemplate\":\"https:\/\/vof-news.eu\/de\/?s={search_term_string}\"},\"query-input\":\"required name=search_term_string\"}],\"inLanguage\":\"de\"},{\"@type\":\"Person\",\"@id\":\"https:\/\/vof-news.eu\/de\/#\/schema\/person\/f6a2a4309f0561835797fd8c19b333ed\",\"name\":\"Author\",\"image\":{\"@type\":\"ImageObject\",\"inLanguage\":\"de\",\"@id\":\"https:\/\/vof-news.eu\/de\/#\/schema\/person\/image\/\",\"url\":\"https:\/\/secure.gravatar.com\/avatar\/b67e614b1b25b3e9c0c239efdd2fde5ab015b5affd6f1c3c85911ca4b384e790?s=96&d=mm&r=g\",\"contentUrl\":\"https:\/\/secure.gravatar.com\/avatar\/b67e614b1b25b3e9c0c239efdd2fde5ab015b5affd6f1c3c85911ca4b384e790?s=96&d=mm&r=g\",\"caption\":\"Author\"},\"sameAs\":[\"http:\/\/vof-news.eu\"],\"url\":\"https:\/\/vof-news.eu\/de\/author\/zwt6qxnjulxbnyg\/\"}]}<\/script>\n<!-- \/ Yoast SEO plugin. -->","yoast_head_json":{"title":"\u201eD\u00fcmmlich\u201c, \u201erespektlos\u201c \u2013 Sozialverb\u00e4nde laufen Sturm gegen Vorsto\u00df zu Pflichtjahr f\u00fcr Rentner - vof-news.eu","description":"Sozial- und Seniorenverb\u00e4nde haben die m\u00f6gliche Einf\u00fchrung eines sozialen Pflichtjahres f\u00fcr Rentner kritisiert. \u201eWir sollten zur Abwechslung mal anerkennen, was \u00e4ltere Menschen in diesem Land leisten, anstatt ihnen das Gef\u00fchl zu vermitteln, dass sie faul sind und der Gesellschaft auf der Tasche liegen\u201c, sagte Verena Bentele, Pr\u00e4sidentin des Sozialverbands VdK, dem Redaktionsnetzwerk Deutschland. DIW-Pr\u00e4sident Fratzscher hatte zuvor ein \u201everpflichtendes soziales Jahr f\u00fcr alle Rentnerinnen und Rentner\u201c gefordert. Die \u00e4ltere Generation m\u00fcsse sich gesellschaftlich \u201est\u00e4rker einbringen\u201c. Die sogenannte Boomer-Generation (zwischen Mitte der 1950er bis Ende der 1960er Jahre Geborene) habe zu wenig Kinder bekommen. \u201eWieso sollten ausschlie\u00dflich die Jungen f\u00fcr diese Lebensentscheidungen der Babyboomer geradestehen?\u201c, hatte Fratzscher gefragt.Laut Bentele pflegen viele Rentner Familienangeh\u00f6rige oder k\u00fcmmern sich um Enkel, damit Eltern arbeiten k\u00f6nnen. Andere engagierten sich in Vereinen und Initiativen und handelten so im Sinne einer solidarischen Gesellschaft. \u201eDa braucht es kein verordnetes soziales Pflichtjahr\u201c, so Bentele.\u00c4hnlich \u00e4u\u00dferte sich Joachim Lautensack vom baden-w\u00fcrttembergischen Seniorenverband \u00d6ffentlicher Dienst. Fast 44 Prozent der 65- bis 74-J\u00e4hrigen seien ehrenamtlich aktiv, sagte er dem RND. Fratzschers Idee, \u00fcber ein soziales Jahr von Rentnern mehr Generationengerechtigkeit zu schaffen, sei eine \u201ed\u00fcmmlich Forderung\u201c.In Baden-W\u00fcrttemberg w\u00fcrden bereits weit mehr als ein Drittel der Senioren ehrenamtlich t\u00e4tig sein, in der Altersgruppe zwischen 65 und 74 laut Deutschem Freiwilligen-Survey 2019 sogar fast jeder Zweite (43,9 Prozent). \u201eHinzu kommen sicherlich noch sehr viele ebenfalls unverzichtbare Unterst\u00fctzungsleistungen im famili\u00e4ren Bereich, die statistisch kaum zu erfassen sind\u201c, sagte Lautensack.\u201eMillionen Menschen daraus einen Strick zu drehen, empfinden wir als respektlos\u201cDer Sozialverband Deutschland (SoVD) hatte den Vorschlag Fratzschers bereits am Freitag scharf kritisiert. \u201eDie \u201aLebensentscheidung\u2018, keine vier Kinder zu bekommen, erfolgte bei Millionen Menschen auch aus finanziellen Gr\u00fcnden\u201c, sagte SoVD-Chefin Michaela Engelmeier und verwies auf eine gestiegene Notwendigkeit zur Erwerbsarbeit f\u00fcr beide Partner wegen steigender Kosten. \u201eIhnen nun daraus einen Strick zu drehen, dass man sich zur Strafe gef\u00e4lligst im Rentenalter engagieren m\u00fcsse, empfinden wir als respektlos\u201c, f\u00fcgte Engelmeier hinzu.Kritik kam auch vom Deutschen Gewerkschaftsbund (DGB): \u201eEin Pflichtjahr f\u00fcr Rentner lehnen wir ab. Wer jahrzehntelang gearbeitet hat, hat seinen Ruhestand unbedingt verdient. Wir warnen davor, mit solchen Vorschl\u00e4gen Generationen gegeneinander auszuspielen\u201c, sagte DGB-Vorstandsmitglied Anja Piel. \u201eDie Frage, wer tats\u00e4chlich auf wessen Kosten lebt, ist in allererster Linie eine Frage zwischen Reich und Arm, also zwischen Kapital und Arbeit, und nicht etwa zwischen den Generationen.\u201c","robots":{"index":"noindex","follow":"follow","max-snippet":"max-snippet:-1","max-image-preview":"max-image-preview:large","max-video-preview":"max-video-preview:-1"},"og_locale":"de_DE","og_type":"article","og_title":"\u201eD\u00fcmmlich\u201c, \u201erespektlos\u201c \u2013 Sozialverb\u00e4nde laufen Sturm gegen Vorsto\u00df zu Pflichtjahr f\u00fcr Rentner - vof-news.eu","og_description":"Sozial- und Seniorenverb\u00e4nde haben die m\u00f6gliche Einf\u00fchrung eines sozialen Pflichtjahres f\u00fcr Rentner kritisiert. \u201eWir sollten zur Abwechslung mal anerkennen, was \u00e4ltere Menschen in diesem Land leisten, anstatt ihnen das Gef\u00fchl zu vermitteln, dass sie faul sind und der Gesellschaft auf der Tasche liegen\u201c, sagte Verena Bentele, Pr\u00e4sidentin des Sozialverbands VdK, dem Redaktionsnetzwerk Deutschland. DIW-Pr\u00e4sident Fratzscher hatte zuvor ein \u201everpflichtendes soziales Jahr f\u00fcr alle Rentnerinnen und Rentner\u201c gefordert. Die \u00e4ltere Generation m\u00fcsse sich gesellschaftlich \u201est\u00e4rker einbringen\u201c. Die sogenannte Boomer-Generation (zwischen Mitte der 1950er bis Ende der 1960er Jahre Geborene) habe zu wenig Kinder bekommen. \u201eWieso sollten ausschlie\u00dflich die Jungen f\u00fcr diese Lebensentscheidungen der Babyboomer geradestehen?\u201c, hatte Fratzscher gefragt.Laut Bentele pflegen viele Rentner Familienangeh\u00f6rige oder k\u00fcmmern sich um Enkel, damit Eltern arbeiten k\u00f6nnen. Andere engagierten sich in Vereinen und Initiativen und handelten so im Sinne einer solidarischen Gesellschaft. \u201eDa braucht es kein verordnetes soziales Pflichtjahr\u201c, so Bentele.\u00c4hnlich \u00e4u\u00dferte sich Joachim Lautensack vom baden-w\u00fcrttembergischen Seniorenverband \u00d6ffentlicher Dienst. Fast 44 Prozent der 65- bis 74-J\u00e4hrigen seien ehrenamtlich aktiv, sagte er dem RND. Fratzschers Idee, \u00fcber ein soziales Jahr von Rentnern mehr Generationengerechtigkeit zu schaffen, sei eine \u201ed\u00fcmmlich Forderung\u201c.In Baden-W\u00fcrttemberg w\u00fcrden bereits weit mehr als ein Drittel der Senioren ehrenamtlich t\u00e4tig sein, in der Altersgruppe zwischen 65 und 74 laut Deutschem Freiwilligen-Survey 2019 sogar fast jeder Zweite (43,9 Prozent). \u201eHinzu kommen sicherlich noch sehr viele ebenfalls unverzichtbare Unterst\u00fctzungsleistungen im famili\u00e4ren Bereich, die statistisch kaum zu erfassen sind\u201c, sagte Lautensack.\u201eMillionen Menschen daraus einen Strick zu drehen, empfinden wir als respektlos\u201cDer Sozialverband Deutschland (SoVD) hatte den Vorschlag Fratzschers bereits am Freitag scharf kritisiert. \u201eDie \u201aLebensentscheidung\u2018, keine vier Kinder zu bekommen, erfolgte bei Millionen Menschen auch aus finanziellen Gr\u00fcnden\u201c, sagte SoVD-Chefin Michaela Engelmeier und verwies auf eine gestiegene Notwendigkeit zur Erwerbsarbeit f\u00fcr beide Partner wegen steigender Kosten. \u201eIhnen nun daraus einen Strick zu drehen, dass man sich zur Strafe gef\u00e4lligst im Rentenalter engagieren m\u00fcsse, empfinden wir als respektlos\u201c, f\u00fcgte Engelmeier hinzu.Kritik kam auch vom Deutschen Gewerkschaftsbund (DGB): \u201eEin Pflichtjahr f\u00fcr Rentner lehnen wir ab. Wer jahrzehntelang gearbeitet hat, hat seinen Ruhestand unbedingt verdient. Wir warnen davor, mit solchen Vorschl\u00e4gen Generationen gegeneinander auszuspielen\u201c, sagte DGB-Vorstandsmitglied Anja Piel. \u201eDie Frage, wer tats\u00e4chlich auf wessen Kosten lebt, ist in allererster Linie eine Frage zwischen Reich und Arm, also zwischen Kapital und Arbeit, und nicht etwa zwischen den Generationen.\u201c","og_url":"https:\/\/vof-news.eu\/de\/dummlich-respektlos-sozialverbande-laufen-sturm-gegen-vorstos-zu-pflichtjahr-fur-rentner\/","og_site_name":"vof-news.eu","article_published_time":"2025-08-23T08:26:14+00:00","article_modified_time":"2025-08-23T08:26:29+00:00","author":"Author","twitter_card":"summary_large_image","twitter_misc":{"Verfasst von":"Author","Gesch\u00e4tzte Lesezeit":"2\u00a0Minuten"},"schema":{"@context":"https:\/\/schema.org","@graph":[{"@type":"WebPage","@id":"https:\/\/vof-news.eu\/de\/dummlich-respektlos-sozialverbande-laufen-sturm-gegen-vorstos-zu-pflichtjahr-fur-rentner\/","url":"https:\/\/vof-news.eu\/de\/dummlich-respektlos-sozialverbande-laufen-sturm-gegen-vorstos-zu-pflichtjahr-fur-rentner\/","name":"\u201eD\u00fcmmlich\u201c, \u201erespektlos\u201c \u2013 Sozialverb\u00e4nde laufen Sturm gegen Vorsto\u00df zu Pflichtjahr f\u00fcr Rentner - vof-news.eu","isPartOf":{"@id":"https:\/\/vof-news.eu\/de\/#website"},"datePublished":"2025-08-23T08:26:14+00:00","dateModified":"2025-08-23T08:26:29+00:00","author":{"@id":"https:\/\/vof-news.eu\/de\/#\/schema\/person\/f6a2a4309f0561835797fd8c19b333ed"},"description":"Sozial- und Seniorenverb\u00e4nde haben die m\u00f6gliche Einf\u00fchrung eines sozialen Pflichtjahres f\u00fcr Rentner kritisiert. \u201eWir sollten zur Abwechslung mal anerkennen, was \u00e4ltere Menschen in diesem Land leisten, anstatt ihnen das Gef\u00fchl zu vermitteln, dass sie faul sind und der Gesellschaft auf der Tasche liegen\u201c, sagte Verena Bentele, Pr\u00e4sidentin des Sozialverbands VdK, dem Redaktionsnetzwerk Deutschland. DIW-Pr\u00e4sident Fratzscher hatte zuvor ein \u201everpflichtendes soziales Jahr f\u00fcr alle Rentnerinnen und Rentner\u201c gefordert. Die \u00e4ltere Generation m\u00fcsse sich gesellschaftlich \u201est\u00e4rker einbringen\u201c. Die sogenannte Boomer-Generation (zwischen Mitte der 1950er bis Ende der 1960er Jahre Geborene) habe zu wenig Kinder bekommen. \u201eWieso sollten ausschlie\u00dflich die Jungen f\u00fcr diese Lebensentscheidungen der Babyboomer geradestehen?\u201c, hatte Fratzscher gefragt.Laut Bentele pflegen viele Rentner Familienangeh\u00f6rige oder k\u00fcmmern sich um Enkel, damit Eltern arbeiten k\u00f6nnen. Andere engagierten sich in Vereinen und Initiativen und handelten so im Sinne einer solidarischen Gesellschaft. \u201eDa braucht es kein verordnetes soziales Pflichtjahr\u201c, so Bentele.\u00c4hnlich \u00e4u\u00dferte sich Joachim Lautensack vom baden-w\u00fcrttembergischen Seniorenverband \u00d6ffentlicher Dienst. Fast 44 Prozent der 65- bis 74-J\u00e4hrigen seien ehrenamtlich aktiv, sagte er dem RND. Fratzschers Idee, \u00fcber ein soziales Jahr von Rentnern mehr Generationengerechtigkeit zu schaffen, sei eine \u201ed\u00fcmmlich Forderung\u201c.In Baden-W\u00fcrttemberg w\u00fcrden bereits weit mehr als ein Drittel der Senioren ehrenamtlich t\u00e4tig sein, in der Altersgruppe zwischen 65 und 74 laut Deutschem Freiwilligen-Survey 2019 sogar fast jeder Zweite (43,9 Prozent). \u201eHinzu kommen sicherlich noch sehr viele ebenfalls unverzichtbare Unterst\u00fctzungsleistungen im famili\u00e4ren Bereich, die statistisch kaum zu erfassen sind\u201c, sagte Lautensack.\u201eMillionen Menschen daraus einen Strick zu drehen, empfinden wir als respektlos\u201cDer Sozialverband Deutschland (SoVD) hatte den Vorschlag Fratzschers bereits am Freitag scharf kritisiert. \u201eDie \u201aLebensentscheidung\u2018, keine vier Kinder zu bekommen, erfolgte bei Millionen Menschen auch aus finanziellen Gr\u00fcnden\u201c, sagte SoVD-Chefin Michaela Engelmeier und verwies auf eine gestiegene Notwendigkeit zur Erwerbsarbeit f\u00fcr beide Partner wegen steigender Kosten. \u201eIhnen nun daraus einen Strick zu drehen, dass man sich zur Strafe gef\u00e4lligst im Rentenalter engagieren m\u00fcsse, empfinden wir als respektlos\u201c, f\u00fcgte Engelmeier hinzu.Kritik kam auch vom Deutschen Gewerkschaftsbund (DGB): \u201eEin Pflichtjahr f\u00fcr Rentner lehnen wir ab. Wer jahrzehntelang gearbeitet hat, hat seinen Ruhestand unbedingt verdient. Wir warnen davor, mit solchen Vorschl\u00e4gen Generationen gegeneinander auszuspielen\u201c, sagte DGB-Vorstandsmitglied Anja Piel. \u201eDie Frage, wer tats\u00e4chlich auf wessen Kosten lebt, ist in allererster Linie eine Frage zwischen Reich und Arm, also zwischen Kapital und Arbeit, und nicht etwa zwischen den Generationen.\u201c","breadcrumb":{"@id":"https:\/\/vof-news.eu\/de\/dummlich-respektlos-sozialverbande-laufen-sturm-gegen-vorstos-zu-pflichtjahr-fur-rentner\/#breadcrumb"},"inLanguage":"de","potentialAction":[{"@type":"ReadAction","target":["https:\/\/vof-news.eu\/de\/dummlich-respektlos-sozialverbande-laufen-sturm-gegen-vorstos-zu-pflichtjahr-fur-rentner\/"]}]},{"@type":"BreadcrumbList","@id":"https:\/\/vof-news.eu\/de\/dummlich-respektlos-sozialverbande-laufen-sturm-gegen-vorstos-zu-pflichtjahr-fur-rentner\/#breadcrumb","itemListElement":[{"@type":"ListItem","position":1,"name":"Home","item":"https:\/\/vof-news.eu\/de\/"},{"@type":"ListItem","position":2,"name":"\u201eD\u00fcmmlich\u201c, \u201erespektlos\u201c \u2013 Sozialverb\u00e4nde laufen Sturm gegen Vorsto\u00df zu Pflichtjahr f\u00fcr Rentner"}]},{"@type":"WebSite","@id":"https:\/\/vof-news.eu\/de\/#website","url":"https:\/\/vof-news.eu\/de\/","name":"vof-news.eu","description":"","potentialAction":[{"@type":"SearchAction","target":{"@type":"EntryPoint","urlTemplate":"https:\/\/vof-news.eu\/de\/?s={search_term_string}"},"query-input":"required name=search_term_string"}],"inLanguage":"de"},{"@type":"Person","@id":"https:\/\/vof-news.eu\/de\/#\/schema\/person\/f6a2a4309f0561835797fd8c19b333ed","name":"Author","image":{"@type":"ImageObject","inLanguage":"de","@id":"https:\/\/vof-news.eu\/de\/#\/schema\/person\/image\/","url":"https:\/\/secure.gravatar.com\/avatar\/b67e614b1b25b3e9c0c239efdd2fde5ab015b5affd6f1c3c85911ca4b384e790?s=96&d=mm&r=g","contentUrl":"https:\/\/secure.gravatar.com\/avatar\/b67e614b1b25b3e9c0c239efdd2fde5ab015b5affd6f1c3c85911ca4b384e790?s=96&d=mm&r=g","caption":"Author"},"sameAs":["http:\/\/vof-news.eu"],"url":"https:\/\/vof-news.eu\/de\/author\/zwt6qxnjulxbnyg\/"}]}},"yoast_meta":{"yoast_wpseo_title":"","yoast_wpseo_metadesc":"","yoast_wpseo_canonical":""},"_links":{"self":[{"href":"https:\/\/vof-news.eu\/de\/wp-json\/wp\/v2\/posts\/267238","targetHints":{"allow":["GET"]}}],"collection":[{"href":"https:\/\/vof-news.eu\/de\/wp-json\/wp\/v2\/posts"}],"about":[{"href":"https:\/\/vof-news.eu\/de\/wp-json\/wp\/v2\/types\/post"}],"author":[{"embeddable":true,"href":"https:\/\/vof-news.eu\/de\/wp-json\/wp\/v2\/users\/1"}],"replies":[{"embeddable":true,"href":"https:\/\/vof-news.eu\/de\/wp-json\/wp\/v2\/comments?post=267238"}],"version-history":[{"count":1,"href":"https:\/\/vof-news.eu\/de\/wp-json\/wp\/v2\/posts\/267238\/revisions"}],"predecessor-version":[{"id":267239,"href":"https:\/\/vof-news.eu\/de\/wp-json\/wp\/v2\/posts\/267238\/revisions\/267239"}],"wp:attachment":[{"href":"https:\/\/vof-news.eu\/de\/wp-json\/wp\/v2\/media?parent=267238"}],"wp:term":[{"taxonomy":"category","embeddable":true,"href":"https:\/\/vof-news.eu\/de\/wp-json\/wp\/v2\/categories?post=267238"},{"taxonomy":"post_tag","embeddable":true,"href":"https:\/\/vof-news.eu\/de\/wp-json\/wp\/v2\/tags?post=267238"}],"curies":[{"name":"wp","href":"https:\/\/api.w.org\/{rel}","templated":true}]}}