{"id":267180,"date":"2025-08-23T03:26:47","date_gmt":"2025-08-23T00:26:47","guid":{"rendered":"https:\/\/vof-news.eu\/ex-verkehrsminister-scheuer-grundet-beratungsfirma-fur-kunstliche-intelligenz\/"},"modified":"2025-08-23T03:27:11","modified_gmt":"2025-08-23T00:27:11","slug":"ex-verkehrsminister-scheuer-grundet-beratungsfirma-fur-kunstliche-intelligenz","status":"publish","type":"post","link":"https:\/\/vof-news.eu\/de\/ex-verkehrsminister-scheuer-grundet-beratungsfirma-fur-kunstliche-intelligenz\/","title":{"rendered":"Ex-Verkehrsminister Scheuer gr\u00fcndet Beratungsfirma f\u00fcr k\u00fcnstliche Intelligenz"},"content":{"rendered":"<p>Der fr\u00fchere Verkehrsminister Andreas Scheuer (CSU) baut sein Beratungsgesch\u00e4ft aus. Er beteiligte sich \u00fcber seine Holding Positanis an der Gr\u00fcndung der Prosperita GmbH. Scheuer ist zudem Gesch\u00e4ftsf\u00fchrer der neuen Gesellschaft. <\/p>\n<p>Das Unternehmen soll \u201eBeratungsleistungen im Bereich neuer und innovativer Technologien, insbesondere in den Bereichen Digitalisierung, Informationstechnologie, k\u00fcnstliche Intelligenz, Automatisierung, nachhaltige Technologien sowie angrenzender Technologiefelder\u201c erbringen. Das geht aus Unterlagen im Handelsregister hervor, die WELT AM SONNTAG vorliegen. <\/p>\n<p>Die Gr\u00fcndung fand laut den Dokumenten bereits Mitte Juli statt und damit bevor bekannt wurde, dass die Berliner Staatsanwaltschaft Anklage gegen Scheuer wegen des Verdachts der uneidlichen Falschaussage erhoben hat. Dem fr\u00fcheren Minister wird vorgeworfen, <a class=\"is-link c-block-items__link c-link--rich-text-renderer\" data-internal-tracking='{\"action\":\"click\",\"label\":\"link\",\"name\":\"Inline Element\",\"data\":{\"source\":\"\",\"target\":\"https:\/\/www.welt.de\/politik\/deutschland\/article68a551757e2e0843ffaa4910\/andreas-scheuer-und-das-pkw-maut-debakel-staatsanwaltschaft-erhebt-anklage-gegen-ex-verkehrsminister.html\",\"trackingName\":\"\",\"trackingLabel\":\"\"}}' data-internal-tracking-enabled=\"true\" href=\"https:\/\/www.welt.de\/politik\/deutschland\/article68a551757e2e0843ffaa4910\/andreas-scheuer-und-das-pkw-maut-debakel-staatsanwaltschaft-erhebt-anklage-gegen-ex-verkehrsminister.html\">im Untersuchungsausschuss zur gescheiterten Pkw-Maut vor dem Deutschen Bundestag die Unwahrheit<\/a> gesagt zu haben. Scheuer bestreitet die Vorw\u00fcrfe.<\/p>\n<p>Scheuers Holding geh\u00f6ren laut den Unterlagen 48,5 Prozent der neuen Firma, 46,5 Prozent sind in Besitz einer Schweizer Aktiengesellschaft, weitere f\u00fcnf Prozent geh\u00f6ren einem deutschen Unternehmer. <\/p>\n<p>Als Firmensitz der neuen Gesellschaft wird die gleiche Adresse in unmittelbarer N\u00e4he des Brandenburger Tores in Berlin genannt, an der auch die Holding sowie die erste Beratungsfirma von Scheuer gemeldet sind. Sowohl Scheuer als auch seine Gesch\u00e4ftspartner lie\u00dfen Anfragen zur Firmengr\u00fcndung unbeantwortet.<\/p>\n<p><b><em>Dieser Artikel wurde f\u00fcr das Wirtschaftskompetenzzentrum von WELT und <\/em><\/b><a class=\"is-link c-block-items__link c-link--rich-text-renderer\" data-internal-tracking='{\"action\":\"click\",\"label\":\"link\",\"name\":\"Inline Element\",\"data\":{\"source\":\"\",\"target\":\"https:\/\/www.businessinsider.de\/\",\"trackingName\":\"\",\"trackingLabel\":\"\"}}' data-internal-tracking-enabled=\"true\" href=\"https:\/\/www.businessinsider.de\/\"><b><em>Business Insider<\/em><\/b><\/a><b><em> erstellt.<\/em><\/b><\/p>\n<p><a class=\"is-link c-block-items__link c-link--rich-text-renderer\" data-internal-tracking='{\"action\":\"click\",\"label\":\"link\",\"name\":\"Inline Element\",\"data\":{\"source\":\"\",\"target\":\"https:\/\/www.welt.de\/autor\/philipp-vetter\/\",\"trackingName\":\"\",\"trackingLabel\":\"\"}}' data-internal-tracking-enabled=\"true\" href=\"https:\/\/www.welt.de\/autor\/philipp-vetter\/\"><b><em>Philipp Vetter<\/em><\/b><\/a><b><em> ist Teamleiter im Wirtschaftskompetenzzentrum von WELT und Business Insider.<\/em><\/b><\/p>\n","protected":false},"excerpt":{"rendered":"<p>Der fr\u00fchere Verkehrsminister Andreas Scheuer (CSU) baut sein Beratungsgesch\u00e4ft aus. Er beteiligte sich \u00fcber seine Holding Positanis an der Gr\u00fcndung der Prosperita GmbH. Scheuer ist zudem Gesch\u00e4ftsf\u00fchrer der neuen Gesellschaft. Das Unternehmen soll \u201eBeratungsleistungen im Bereich neuer und innovativer Technologien, insbesondere in den Bereichen Digitalisierung, Informationstechnologie, k\u00fcnstliche Intelligenz, Automatisierung, nachhaltige Technologien sowie angrenzender Technologiefelder\u201c erbringen.<\/p>\n","protected":false},"author":1,"featured_media":267181,"comment_status":"open","ping_status":"open","sticky":false,"template":"","format":"standard","meta":{"footnotes":""},"categories":[59],"tags":[],"class_list":["post-267180","post","type-post","status-publish","format-standard","has-post-thumbnail","hentry","category-business-de"],"acf":[],"yoast_head":"<!-- This site is optimized with the Yoast SEO plugin v22.9 - https:\/\/yoast.com\/wordpress\/plugins\/seo\/ -->\n<title>Ex-Verkehrsminister Scheuer gr\u00fcndet Beratungsfirma f\u00fcr k\u00fcnstliche Intelligenz - vof-news.eu<\/title>\n<meta name=\"description\" content=\"Der fr\u00fchere Verkehrsminister Andreas Scheuer (CSU) baut sein Beratungsgesch\u00e4ft aus. Er beteiligte sich \u00fcber seine Holding Positanis an der Gr\u00fcndung der Prosperita GmbH. Scheuer ist zudem Gesch\u00e4ftsf\u00fchrer der neuen Gesellschaft. Das Unternehmen soll \u201eBeratungsleistungen im Bereich neuer und innovativer Technologien, insbesondere in den Bereichen Digitalisierung, Informationstechnologie, k\u00fcnstliche Intelligenz, Automatisierung, nachhaltige Technologien sowie angrenzender Technologiefelder\u201c erbringen. Das geht aus Unterlagen im Handelsregister hervor, die WELT AM SONNTAG vorliegen. Die Gr\u00fcndung fand laut den Dokumenten bereits Mitte Juli statt und damit bevor bekannt wurde, dass die Berliner Staatsanwaltschaft Anklage gegen Scheuer wegen des Verdachts der uneidlichen Falschaussage erhoben hat. Dem fr\u00fcheren Minister wird vorgeworfen, im Untersuchungsausschuss zur gescheiterten Pkw-Maut vor dem Deutschen Bundestag die Unwahrheit gesagt zu haben. Scheuer bestreitet die Vorw\u00fcrfe.Scheuers Holding geh\u00f6ren laut den Unterlagen 48,5 Prozent der neuen Firma, 46,5 Prozent sind in Besitz einer Schweizer Aktiengesellschaft, weitere f\u00fcnf Prozent geh\u00f6ren einem deutschen Unternehmer. Als Firmensitz der neuen Gesellschaft wird die gleiche Adresse in unmittelbarer N\u00e4he des Brandenburger Tores in Berlin genannt, an der auch die Holding sowie die erste Beratungsfirma von Scheuer gemeldet sind. Sowohl Scheuer als auch seine Gesch\u00e4ftspartner lie\u00dfen Anfragen zur Firmengr\u00fcndung unbeantwortet.Dieser Artikel wurde f\u00fcr das Wirtschaftskompetenzzentrum von WELT und Business Insider erstellt.Philipp Vetter ist Teamleiter im Wirtschaftskompetenzzentrum von WELT und Business Insider.\" \/>\n<meta name=\"robots\" content=\"noindex, follow, max-snippet:-1, max-image-preview:large, max-video-preview:-1\" \/>\n<meta property=\"og:locale\" content=\"de_DE\" \/>\n<meta property=\"og:type\" content=\"article\" \/>\n<meta property=\"og:title\" content=\"Ex-Verkehrsminister Scheuer gr\u00fcndet Beratungsfirma f\u00fcr k\u00fcnstliche Intelligenz - vof-news.eu\" \/>\n<meta property=\"og:description\" content=\"Der fr\u00fchere Verkehrsminister Andreas Scheuer (CSU) baut sein Beratungsgesch\u00e4ft aus. Er beteiligte sich \u00fcber seine Holding Positanis an der Gr\u00fcndung der Prosperita GmbH. Scheuer ist zudem Gesch\u00e4ftsf\u00fchrer der neuen Gesellschaft. Das Unternehmen soll \u201eBeratungsleistungen im Bereich neuer und innovativer Technologien, insbesondere in den Bereichen Digitalisierung, Informationstechnologie, k\u00fcnstliche Intelligenz, Automatisierung, nachhaltige Technologien sowie angrenzender Technologiefelder\u201c erbringen. Das geht aus Unterlagen im Handelsregister hervor, die WELT AM SONNTAG vorliegen. Die Gr\u00fcndung fand laut den Dokumenten bereits Mitte Juli statt und damit bevor bekannt wurde, dass die Berliner Staatsanwaltschaft Anklage gegen Scheuer wegen des Verdachts der uneidlichen Falschaussage erhoben hat. Dem fr\u00fcheren Minister wird vorgeworfen, im Untersuchungsausschuss zur gescheiterten Pkw-Maut vor dem Deutschen Bundestag die Unwahrheit gesagt zu haben. Scheuer bestreitet die Vorw\u00fcrfe.Scheuers Holding geh\u00f6ren laut den Unterlagen 48,5 Prozent der neuen Firma, 46,5 Prozent sind in Besitz einer Schweizer Aktiengesellschaft, weitere f\u00fcnf Prozent geh\u00f6ren einem deutschen Unternehmer. Als Firmensitz der neuen Gesellschaft wird die gleiche Adresse in unmittelbarer N\u00e4he des Brandenburger Tores in Berlin genannt, an der auch die Holding sowie die erste Beratungsfirma von Scheuer gemeldet sind. Sowohl Scheuer als auch seine Gesch\u00e4ftspartner lie\u00dfen Anfragen zur Firmengr\u00fcndung unbeantwortet.Dieser Artikel wurde f\u00fcr das Wirtschaftskompetenzzentrum von WELT und Business Insider erstellt.Philipp Vetter ist Teamleiter im Wirtschaftskompetenzzentrum von WELT und Business Insider.\" \/>\n<meta property=\"og:url\" content=\"https:\/\/vof-news.eu\/de\/ex-verkehrsminister-scheuer-grundet-beratungsfirma-fur-kunstliche-intelligenz\/\" \/>\n<meta property=\"og:site_name\" content=\"vof-news.eu\" \/>\n<meta property=\"article:published_time\" content=\"2025-08-23T00:26:47+00:00\" \/>\n<meta property=\"article:modified_time\" content=\"2025-08-23T00:27:11+00:00\" \/>\n<meta property=\"og:image\" content=\"https:\/\/vof-news.eu\/wp-content\/uploads\/2025\/08\/gemeinsame-sitzung-der-praesidien-von-cdu-und-csu-am-30-juni-2023-in-der-csu-landesleitung-in-muenchen.webp\" \/>\n\t<meta property=\"og:image:width\" content=\"1200\" \/>\n\t<meta property=\"og:image:height\" content=\"574\" \/>\n\t<meta property=\"og:image:type\" content=\"image\/webp\" \/>\n<meta name=\"author\" content=\"Author\" \/>\n<meta name=\"twitter:card\" content=\"summary_large_image\" \/>\n<meta name=\"twitter:label1\" content=\"Verfasst von\" \/>\n\t<meta name=\"twitter:data1\" content=\"Author\" \/>\n\t<meta name=\"twitter:label2\" content=\"Gesch\u00e4tzte Lesezeit\" \/>\n\t<meta name=\"twitter:data2\" content=\"1\u00a0Minute\" \/>\n<script type=\"application\/ld+json\" class=\"yoast-schema-graph\">{\"@context\":\"https:\/\/schema.org\",\"@graph\":[{\"@type\":\"WebPage\",\"@id\":\"https:\/\/vof-news.eu\/de\/ex-verkehrsminister-scheuer-grundet-beratungsfirma-fur-kunstliche-intelligenz\/\",\"url\":\"https:\/\/vof-news.eu\/de\/ex-verkehrsminister-scheuer-grundet-beratungsfirma-fur-kunstliche-intelligenz\/\",\"name\":\"Ex-Verkehrsminister Scheuer gr\u00fcndet Beratungsfirma f\u00fcr k\u00fcnstliche Intelligenz - vof-news.eu\",\"isPartOf\":{\"@id\":\"https:\/\/vof-news.eu\/de\/#website\"},\"primaryImageOfPage\":{\"@id\":\"https:\/\/vof-news.eu\/de\/ex-verkehrsminister-scheuer-grundet-beratungsfirma-fur-kunstliche-intelligenz\/#primaryimage\"},\"image\":{\"@id\":\"https:\/\/vof-news.eu\/de\/ex-verkehrsminister-scheuer-grundet-beratungsfirma-fur-kunstliche-intelligenz\/#primaryimage\"},\"thumbnailUrl\":\"https:\/\/vof-news.eu\/wp-content\/uploads\/2025\/08\/gemeinsame-sitzung-der-praesidien-von-cdu-und-csu-am-30-juni-2023-in-der-csu-landesleitung-in-muenchen.webp\",\"datePublished\":\"2025-08-23T00:26:47+00:00\",\"dateModified\":\"2025-08-23T00:27:11+00:00\",\"author\":{\"@id\":\"https:\/\/vof-news.eu\/de\/#\/schema\/person\/f6a2a4309f0561835797fd8c19b333ed\"},\"description\":\"Der fr\u00fchere Verkehrsminister Andreas Scheuer (CSU) baut sein Beratungsgesch\u00e4ft aus. Er beteiligte sich \u00fcber seine Holding Positanis an der Gr\u00fcndung der Prosperita GmbH. Scheuer ist zudem Gesch\u00e4ftsf\u00fchrer der neuen Gesellschaft. Das Unternehmen soll \u201eBeratungsleistungen im Bereich neuer und innovativer Technologien, insbesondere in den Bereichen Digitalisierung, Informationstechnologie, k\u00fcnstliche Intelligenz, Automatisierung, nachhaltige Technologien sowie angrenzender Technologiefelder\u201c erbringen. Das geht aus Unterlagen im Handelsregister hervor, die WELT AM SONNTAG vorliegen. Die Gr\u00fcndung fand laut den Dokumenten bereits Mitte Juli statt und damit bevor bekannt wurde, dass die Berliner Staatsanwaltschaft Anklage gegen Scheuer wegen des Verdachts der uneidlichen Falschaussage erhoben hat. Dem fr\u00fcheren Minister wird vorgeworfen, im Untersuchungsausschuss zur gescheiterten Pkw-Maut vor dem Deutschen Bundestag die Unwahrheit gesagt zu haben. Scheuer bestreitet die Vorw\u00fcrfe.Scheuers Holding geh\u00f6ren laut den Unterlagen 48,5 Prozent der neuen Firma, 46,5 Prozent sind in Besitz einer Schweizer Aktiengesellschaft, weitere f\u00fcnf Prozent geh\u00f6ren einem deutschen Unternehmer. Als Firmensitz der neuen Gesellschaft wird die gleiche Adresse in unmittelbarer N\u00e4he des Brandenburger Tores in Berlin genannt, an der auch die Holding sowie die erste Beratungsfirma von Scheuer gemeldet sind. Sowohl Scheuer als auch seine Gesch\u00e4ftspartner lie\u00dfen Anfragen zur Firmengr\u00fcndung unbeantwortet.Dieser Artikel wurde f\u00fcr das Wirtschaftskompetenzzentrum von WELT und Business Insider erstellt.Philipp Vetter ist Teamleiter im Wirtschaftskompetenzzentrum von WELT und Business Insider.\",\"breadcrumb\":{\"@id\":\"https:\/\/vof-news.eu\/de\/ex-verkehrsminister-scheuer-grundet-beratungsfirma-fur-kunstliche-intelligenz\/#breadcrumb\"},\"inLanguage\":\"de\",\"potentialAction\":[{\"@type\":\"ReadAction\",\"target\":[\"https:\/\/vof-news.eu\/de\/ex-verkehrsminister-scheuer-grundet-beratungsfirma-fur-kunstliche-intelligenz\/\"]}]},{\"@type\":\"ImageObject\",\"inLanguage\":\"de\",\"@id\":\"https:\/\/vof-news.eu\/de\/ex-verkehrsminister-scheuer-grundet-beratungsfirma-fur-kunstliche-intelligenz\/#primaryimage\",\"url\":\"https:\/\/vof-news.eu\/wp-content\/uploads\/2025\/08\/gemeinsame-sitzung-der-praesidien-von-cdu-und-csu-am-30-juni-2023-in-der-csu-landesleitung-in-muenchen.webp\",\"contentUrl\":\"https:\/\/vof-news.eu\/wp-content\/uploads\/2025\/08\/gemeinsame-sitzung-der-praesidien-von-cdu-und-csu-am-30-juni-2023-in-der-csu-landesleitung-in-muenchen.webp\",\"width\":1200,\"height\":574},{\"@type\":\"BreadcrumbList\",\"@id\":\"https:\/\/vof-news.eu\/de\/ex-verkehrsminister-scheuer-grundet-beratungsfirma-fur-kunstliche-intelligenz\/#breadcrumb\",\"itemListElement\":[{\"@type\":\"ListItem\",\"position\":1,\"name\":\"Home\",\"item\":\"https:\/\/vof-news.eu\/de\/\"},{\"@type\":\"ListItem\",\"position\":2,\"name\":\"Ex-Verkehrsminister Scheuer gr\u00fcndet Beratungsfirma f\u00fcr k\u00fcnstliche Intelligenz\"}]},{\"@type\":\"WebSite\",\"@id\":\"https:\/\/vof-news.eu\/de\/#website\",\"url\":\"https:\/\/vof-news.eu\/de\/\",\"name\":\"vof-news.eu\",\"description\":\"\",\"potentialAction\":[{\"@type\":\"SearchAction\",\"target\":{\"@type\":\"EntryPoint\",\"urlTemplate\":\"https:\/\/vof-news.eu\/de\/?s={search_term_string}\"},\"query-input\":\"required name=search_term_string\"}],\"inLanguage\":\"de\"},{\"@type\":\"Person\",\"@id\":\"https:\/\/vof-news.eu\/de\/#\/schema\/person\/f6a2a4309f0561835797fd8c19b333ed\",\"name\":\"Author\",\"image\":{\"@type\":\"ImageObject\",\"inLanguage\":\"de\",\"@id\":\"https:\/\/vof-news.eu\/de\/#\/schema\/person\/image\/\",\"url\":\"https:\/\/secure.gravatar.com\/avatar\/b67e614b1b25b3e9c0c239efdd2fde5ab015b5affd6f1c3c85911ca4b384e790?s=96&d=mm&r=g\",\"contentUrl\":\"https:\/\/secure.gravatar.com\/avatar\/b67e614b1b25b3e9c0c239efdd2fde5ab015b5affd6f1c3c85911ca4b384e790?s=96&d=mm&r=g\",\"caption\":\"Author\"},\"sameAs\":[\"http:\/\/vof-news.eu\"],\"url\":\"https:\/\/vof-news.eu\/de\/author\/zwt6qxnjulxbnyg\/\"}]}<\/script>\n<!-- \/ Yoast SEO plugin. -->","yoast_head_json":{"title":"Ex-Verkehrsminister Scheuer gr\u00fcndet Beratungsfirma f\u00fcr k\u00fcnstliche Intelligenz - vof-news.eu","description":"Der fr\u00fchere Verkehrsminister Andreas Scheuer (CSU) baut sein Beratungsgesch\u00e4ft aus. Er beteiligte sich \u00fcber seine Holding Positanis an der Gr\u00fcndung der Prosperita GmbH. Scheuer ist zudem Gesch\u00e4ftsf\u00fchrer der neuen Gesellschaft. Das Unternehmen soll \u201eBeratungsleistungen im Bereich neuer und innovativer Technologien, insbesondere in den Bereichen Digitalisierung, Informationstechnologie, k\u00fcnstliche Intelligenz, Automatisierung, nachhaltige Technologien sowie angrenzender Technologiefelder\u201c erbringen. Das geht aus Unterlagen im Handelsregister hervor, die WELT AM SONNTAG vorliegen. Die Gr\u00fcndung fand laut den Dokumenten bereits Mitte Juli statt und damit bevor bekannt wurde, dass die Berliner Staatsanwaltschaft Anklage gegen Scheuer wegen des Verdachts der uneidlichen Falschaussage erhoben hat. Dem fr\u00fcheren Minister wird vorgeworfen, im Untersuchungsausschuss zur gescheiterten Pkw-Maut vor dem Deutschen Bundestag die Unwahrheit gesagt zu haben. Scheuer bestreitet die Vorw\u00fcrfe.Scheuers Holding geh\u00f6ren laut den Unterlagen 48,5 Prozent der neuen Firma, 46,5 Prozent sind in Besitz einer Schweizer Aktiengesellschaft, weitere f\u00fcnf Prozent geh\u00f6ren einem deutschen Unternehmer. Als Firmensitz der neuen Gesellschaft wird die gleiche Adresse in unmittelbarer N\u00e4he des Brandenburger Tores in Berlin genannt, an der auch die Holding sowie die erste Beratungsfirma von Scheuer gemeldet sind. Sowohl Scheuer als auch seine Gesch\u00e4ftspartner lie\u00dfen Anfragen zur Firmengr\u00fcndung unbeantwortet.Dieser Artikel wurde f\u00fcr das Wirtschaftskompetenzzentrum von WELT und Business Insider erstellt.Philipp Vetter ist Teamleiter im Wirtschaftskompetenzzentrum von WELT und Business Insider.","robots":{"index":"noindex","follow":"follow","max-snippet":"max-snippet:-1","max-image-preview":"max-image-preview:large","max-video-preview":"max-video-preview:-1"},"og_locale":"de_DE","og_type":"article","og_title":"Ex-Verkehrsminister Scheuer gr\u00fcndet Beratungsfirma f\u00fcr k\u00fcnstliche Intelligenz - vof-news.eu","og_description":"Der fr\u00fchere Verkehrsminister Andreas Scheuer (CSU) baut sein Beratungsgesch\u00e4ft aus. Er beteiligte sich \u00fcber seine Holding Positanis an der Gr\u00fcndung der Prosperita GmbH. Scheuer ist zudem Gesch\u00e4ftsf\u00fchrer der neuen Gesellschaft. Das Unternehmen soll \u201eBeratungsleistungen im Bereich neuer und innovativer Technologien, insbesondere in den Bereichen Digitalisierung, Informationstechnologie, k\u00fcnstliche Intelligenz, Automatisierung, nachhaltige Technologien sowie angrenzender Technologiefelder\u201c erbringen. Das geht aus Unterlagen im Handelsregister hervor, die WELT AM SONNTAG vorliegen. Die Gr\u00fcndung fand laut den Dokumenten bereits Mitte Juli statt und damit bevor bekannt wurde, dass die Berliner Staatsanwaltschaft Anklage gegen Scheuer wegen des Verdachts der uneidlichen Falschaussage erhoben hat. Dem fr\u00fcheren Minister wird vorgeworfen, im Untersuchungsausschuss zur gescheiterten Pkw-Maut vor dem Deutschen Bundestag die Unwahrheit gesagt zu haben. Scheuer bestreitet die Vorw\u00fcrfe.Scheuers Holding geh\u00f6ren laut den Unterlagen 48,5 Prozent der neuen Firma, 46,5 Prozent sind in Besitz einer Schweizer Aktiengesellschaft, weitere f\u00fcnf Prozent geh\u00f6ren einem deutschen Unternehmer. Als Firmensitz der neuen Gesellschaft wird die gleiche Adresse in unmittelbarer N\u00e4he des Brandenburger Tores in Berlin genannt, an der auch die Holding sowie die erste Beratungsfirma von Scheuer gemeldet sind. Sowohl Scheuer als auch seine Gesch\u00e4ftspartner lie\u00dfen Anfragen zur Firmengr\u00fcndung unbeantwortet.Dieser Artikel wurde f\u00fcr das Wirtschaftskompetenzzentrum von WELT und Business Insider erstellt.Philipp Vetter ist Teamleiter im Wirtschaftskompetenzzentrum von WELT und Business Insider.","og_url":"https:\/\/vof-news.eu\/de\/ex-verkehrsminister-scheuer-grundet-beratungsfirma-fur-kunstliche-intelligenz\/","og_site_name":"vof-news.eu","article_published_time":"2025-08-23T00:26:47+00:00","article_modified_time":"2025-08-23T00:27:11+00:00","og_image":[{"width":1200,"height":574,"url":"https:\/\/vof-news.eu\/wp-content\/uploads\/2025\/08\/gemeinsame-sitzung-der-praesidien-von-cdu-und-csu-am-30-juni-2023-in-der-csu-landesleitung-in-muenchen.webp","type":"image\/webp"}],"author":"Author","twitter_card":"summary_large_image","twitter_misc":{"Verfasst von":"Author","Gesch\u00e4tzte Lesezeit":"1\u00a0Minute"},"schema":{"@context":"https:\/\/schema.org","@graph":[{"@type":"WebPage","@id":"https:\/\/vof-news.eu\/de\/ex-verkehrsminister-scheuer-grundet-beratungsfirma-fur-kunstliche-intelligenz\/","url":"https:\/\/vof-news.eu\/de\/ex-verkehrsminister-scheuer-grundet-beratungsfirma-fur-kunstliche-intelligenz\/","name":"Ex-Verkehrsminister Scheuer gr\u00fcndet Beratungsfirma f\u00fcr k\u00fcnstliche Intelligenz - vof-news.eu","isPartOf":{"@id":"https:\/\/vof-news.eu\/de\/#website"},"primaryImageOfPage":{"@id":"https:\/\/vof-news.eu\/de\/ex-verkehrsminister-scheuer-grundet-beratungsfirma-fur-kunstliche-intelligenz\/#primaryimage"},"image":{"@id":"https:\/\/vof-news.eu\/de\/ex-verkehrsminister-scheuer-grundet-beratungsfirma-fur-kunstliche-intelligenz\/#primaryimage"},"thumbnailUrl":"https:\/\/vof-news.eu\/wp-content\/uploads\/2025\/08\/gemeinsame-sitzung-der-praesidien-von-cdu-und-csu-am-30-juni-2023-in-der-csu-landesleitung-in-muenchen.webp","datePublished":"2025-08-23T00:26:47+00:00","dateModified":"2025-08-23T00:27:11+00:00","author":{"@id":"https:\/\/vof-news.eu\/de\/#\/schema\/person\/f6a2a4309f0561835797fd8c19b333ed"},"description":"Der fr\u00fchere Verkehrsminister Andreas Scheuer (CSU) baut sein Beratungsgesch\u00e4ft aus. Er beteiligte sich \u00fcber seine Holding Positanis an der Gr\u00fcndung der Prosperita GmbH. Scheuer ist zudem Gesch\u00e4ftsf\u00fchrer der neuen Gesellschaft. Das Unternehmen soll \u201eBeratungsleistungen im Bereich neuer und innovativer Technologien, insbesondere in den Bereichen Digitalisierung, Informationstechnologie, k\u00fcnstliche Intelligenz, Automatisierung, nachhaltige Technologien sowie angrenzender Technologiefelder\u201c erbringen. Das geht aus Unterlagen im Handelsregister hervor, die WELT AM SONNTAG vorliegen. Die Gr\u00fcndung fand laut den Dokumenten bereits Mitte Juli statt und damit bevor bekannt wurde, dass die Berliner Staatsanwaltschaft Anklage gegen Scheuer wegen des Verdachts der uneidlichen Falschaussage erhoben hat. Dem fr\u00fcheren Minister wird vorgeworfen, im Untersuchungsausschuss zur gescheiterten Pkw-Maut vor dem Deutschen Bundestag die Unwahrheit gesagt zu haben. Scheuer bestreitet die Vorw\u00fcrfe.Scheuers Holding geh\u00f6ren laut den Unterlagen 48,5 Prozent der neuen Firma, 46,5 Prozent sind in Besitz einer Schweizer Aktiengesellschaft, weitere f\u00fcnf Prozent geh\u00f6ren einem deutschen Unternehmer. Als Firmensitz der neuen Gesellschaft wird die gleiche Adresse in unmittelbarer N\u00e4he des Brandenburger Tores in Berlin genannt, an der auch die Holding sowie die erste Beratungsfirma von Scheuer gemeldet sind. Sowohl Scheuer als auch seine Gesch\u00e4ftspartner lie\u00dfen Anfragen zur Firmengr\u00fcndung unbeantwortet.Dieser Artikel wurde f\u00fcr das Wirtschaftskompetenzzentrum von WELT und Business Insider erstellt.Philipp Vetter ist Teamleiter im Wirtschaftskompetenzzentrum von WELT und Business Insider.","breadcrumb":{"@id":"https:\/\/vof-news.eu\/de\/ex-verkehrsminister-scheuer-grundet-beratungsfirma-fur-kunstliche-intelligenz\/#breadcrumb"},"inLanguage":"de","potentialAction":[{"@type":"ReadAction","target":["https:\/\/vof-news.eu\/de\/ex-verkehrsminister-scheuer-grundet-beratungsfirma-fur-kunstliche-intelligenz\/"]}]},{"@type":"ImageObject","inLanguage":"de","@id":"https:\/\/vof-news.eu\/de\/ex-verkehrsminister-scheuer-grundet-beratungsfirma-fur-kunstliche-intelligenz\/#primaryimage","url":"https:\/\/vof-news.eu\/wp-content\/uploads\/2025\/08\/gemeinsame-sitzung-der-praesidien-von-cdu-und-csu-am-30-juni-2023-in-der-csu-landesleitung-in-muenchen.webp","contentUrl":"https:\/\/vof-news.eu\/wp-content\/uploads\/2025\/08\/gemeinsame-sitzung-der-praesidien-von-cdu-und-csu-am-30-juni-2023-in-der-csu-landesleitung-in-muenchen.webp","width":1200,"height":574},{"@type":"BreadcrumbList","@id":"https:\/\/vof-news.eu\/de\/ex-verkehrsminister-scheuer-grundet-beratungsfirma-fur-kunstliche-intelligenz\/#breadcrumb","itemListElement":[{"@type":"ListItem","position":1,"name":"Home","item":"https:\/\/vof-news.eu\/de\/"},{"@type":"ListItem","position":2,"name":"Ex-Verkehrsminister Scheuer gr\u00fcndet Beratungsfirma f\u00fcr k\u00fcnstliche Intelligenz"}]},{"@type":"WebSite","@id":"https:\/\/vof-news.eu\/de\/#website","url":"https:\/\/vof-news.eu\/de\/","name":"vof-news.eu","description":"","potentialAction":[{"@type":"SearchAction","target":{"@type":"EntryPoint","urlTemplate":"https:\/\/vof-news.eu\/de\/?s={search_term_string}"},"query-input":"required name=search_term_string"}],"inLanguage":"de"},{"@type":"Person","@id":"https:\/\/vof-news.eu\/de\/#\/schema\/person\/f6a2a4309f0561835797fd8c19b333ed","name":"Author","image":{"@type":"ImageObject","inLanguage":"de","@id":"https:\/\/vof-news.eu\/de\/#\/schema\/person\/image\/","url":"https:\/\/secure.gravatar.com\/avatar\/b67e614b1b25b3e9c0c239efdd2fde5ab015b5affd6f1c3c85911ca4b384e790?s=96&d=mm&r=g","contentUrl":"https:\/\/secure.gravatar.com\/avatar\/b67e614b1b25b3e9c0c239efdd2fde5ab015b5affd6f1c3c85911ca4b384e790?s=96&d=mm&r=g","caption":"Author"},"sameAs":["http:\/\/vof-news.eu"],"url":"https:\/\/vof-news.eu\/de\/author\/zwt6qxnjulxbnyg\/"}]}},"yoast_meta":{"yoast_wpseo_title":"","yoast_wpseo_metadesc":"","yoast_wpseo_canonical":""},"_links":{"self":[{"href":"https:\/\/vof-news.eu\/de\/wp-json\/wp\/v2\/posts\/267180","targetHints":{"allow":["GET"]}}],"collection":[{"href":"https:\/\/vof-news.eu\/de\/wp-json\/wp\/v2\/posts"}],"about":[{"href":"https:\/\/vof-news.eu\/de\/wp-json\/wp\/v2\/types\/post"}],"author":[{"embeddable":true,"href":"https:\/\/vof-news.eu\/de\/wp-json\/wp\/v2\/users\/1"}],"replies":[{"embeddable":true,"href":"https:\/\/vof-news.eu\/de\/wp-json\/wp\/v2\/comments?post=267180"}],"version-history":[{"count":1,"href":"https:\/\/vof-news.eu\/de\/wp-json\/wp\/v2\/posts\/267180\/revisions"}],"predecessor-version":[{"id":267187,"href":"https:\/\/vof-news.eu\/de\/wp-json\/wp\/v2\/posts\/267180\/revisions\/267187"}],"wp:featuredmedia":[{"embeddable":true,"href":"https:\/\/vof-news.eu\/de\/wp-json\/wp\/v2\/media\/267181"}],"wp:attachment":[{"href":"https:\/\/vof-news.eu\/de\/wp-json\/wp\/v2\/media?parent=267180"}],"wp:term":[{"taxonomy":"category","embeddable":true,"href":"https:\/\/vof-news.eu\/de\/wp-json\/wp\/v2\/categories?post=267180"},{"taxonomy":"post_tag","embeddable":true,"href":"https:\/\/vof-news.eu\/de\/wp-json\/wp\/v2\/tags?post=267180"}],"curies":[{"name":"wp","href":"https:\/\/api.w.org\/{rel}","templated":true}]}}