{"id":267156,"date":"2025-08-22T23:28:11","date_gmt":"2025-08-22T20:28:11","guid":{"rendered":"https:\/\/vof-news.eu\/das-weis-man-uber-den-mutmaslichen-nord-stream-saboteur\/"},"modified":"2025-08-22T23:28:58","modified_gmt":"2025-08-22T20:28:58","slug":"das-weis-man-uber-den-mutmaslichen-nord-stream-saboteur","status":"publish","type":"post","link":"https:\/\/vof-news.eu\/de\/das-weis-man-uber-den-mutmaslichen-nord-stream-saboteur\/","title":{"rendered":"Das wei\u00df man \u00fcber den mutma\u00dflichen Nord-Stream-Saboteur"},"content":{"rendered":"<div>\n<p>Er hatte eingecheckt in einem 3-Sterne-Resort in dem kleinen Ort Sant&#8217;Andrea in Casale in der N\u00e4he von Rimini: Bungalows mit eigenen Whirlpools, ein Teich zum Angeln, ein reichhaltiges Fr\u00fchst\u00fccksbuffet, so pr\u00e4sentiert sich die Anlage im Internet. F\u00fcnfzehn Autominuten entfernt von der Adriak\u00fcste wollte Serhij K., ein 49-j\u00e4hriger Ukrainer, hier mit seiner Frau und seinen beiden Kindern diese Woche in Ruhe seinen f\u00fcnft\u00e4gigen Urlaub zu Ende bringen. Doch deutsche Ermittler hatten seine Reisebewegungen beobachtet und einen internationalen Haftbefehl beantragt. In der Nacht <a href=\"https:\/\/www.zeit.de\/politik\/2025-08\/nord-stream-italien-ostsee-verdaechtiger\" rel=\"nofollow\">zu Donnerstag nahmen ihn italienische Polizeibeamte des Reviers Misano Adriatico fest<\/a>, er soll keinen Widerstand geleistet haben.\n<\/p>\n<p>Laut Generalbundesanwalt ist er dringend der verfassungsfeindlichen Sabotage verd\u00e4chtig, der Zerst\u00f6rung von Bauwerken, namentlich der Nord-Stream-R\u00f6hren auf dem Grund der <span><a href=\"https:\/\/www.zeit.de\/thema\/ostsee\" rel=\"nofollow\">Ostsee<\/a><\/span>, an denen er gemeinsam mit anderen eine Sprengstoffexplosion herbeigef\u00fchrt haben soll. Serhij K.s Anwalt wollte am Telefon gegen\u00fcber der ZEIT nicht zu den Vorw\u00fcrfen Stellung nehmen. In <a href=\"https:\/\/corrieredibologna.corriere.it\/notizie\/cronaca\/25_agosto_22\/nord-stream-l-udienza-di-convalida-a-bologna-l-arrestato-fa-gesto-del-tridente-ucraino-a7bfb58d-ed3e-420a-9a5d-f835b8fd8xlk.shtml\" rel=\"nofollow\">der italienischen Presse<\/a> sagte er, sein Mandant bestreite sie.\n<\/p>\n<h2>Nach einem Film benannt<\/h2>\n<p>Es ist die erste Festnahme im Fall der gesprengten Nord-Stream-R\u00f6hren, <a href=\"https:\/\/www.zeit.de\/2024\/35\/nordstream-anschlag-ermittlungen-festnahme\" rel=\"nofollow\">einem der politisch heikelsten Sabotagef\u00e4lle der letzten Jahrzehnte<\/a>. Sie sollten Deutschland mit russischem Gas versorgen, doch das Gesch\u00e4ft stoppte nach Russlands \u00dcberfall auf die <span><a href=\"https:\/\/www.zeit.de\/thema\/krieg-in-ukraine\" rel=\"nofollow\">Ukraine<\/a><\/span>. Am 26. September 2022 schlie\u00dflich sprengten Unbekannte drei der vier R\u00f6hren mit Bomben, Bilder einer vor Gas blubbernden Ostsee gingen um die Welt. Ebenso die Nachricht, dass die wichtigsten Spuren, die die Ermittler danach verfolgten, ausgerechnet in die Ukraine f\u00fchrten. In ein mit Deutschland verb\u00fcndetes Land also, das im Kampf gegen den Angreifer Russland Hilfe ben\u00f6tigt.\n<\/p>\n<p>Der Mann, der nun festgenommen wurde, scheint sogar Verbindungen zu staatlichen ukrainischen Stellen zu haben. Nach Informationen des  soll er bis vor etwa zehn Jahren f\u00fcr den ukrainischen Geheimdienst SBU gearbeitet haben. Laut Unternehmensdaten, die die ZEIT einsehen konnte, ist er zudem bis heute in einem Verband von Sicherheitsdienst-Reservisten aktiv.\u00a0\n<\/p>\n<p>Nach seiner aktiven Geheimdienstzeit aber scheint er in die Privatwirtschaft gewechselt zu sein, er f\u00fchrt jetzt Energieunternehmen, betreibt Solarkraftwerke und eine Porzellanfabrik. Im Internet hat er sich teils nach Korben Dallas benannt, dem Protagonisten des Science-Fiction-Films , in dem ein ehemaliger Soldat der Spezialkr\u00e4fte die Welt rettet.\u00a0\n<\/p>\n<p>Anders als Dallas in dem Hollywood-Streifen soll Serhij K. im Fall der Nord-Stream-Sabotage aber eher als Koordinator t\u00e4tig gewesen sein, f\u00fcr eine siebenk\u00f6pfige ukrainische Crew: Neben Serhij K. sollen f\u00fcnf weitere M\u00e4nner und eine Frau dazu geh\u00f6rt haben. Sie sollen im Sp\u00e4tsommer 2022 mit falschen P\u00e4ssen <a href=\"https:\/\/www.zeit.de\/politik\/deutschland\/2024-07\/nordstream-anschlag-ermittlungen-festnahme\" rel=\"nofollow\">ein Boot namens  gemietet haben und zu den Pipelines gesegelt sein<\/a>. Nach \u00dcberzeugung der Ermittler brachten dann Taucher die Bomben am Meeresgrund an.\n<\/p>\n<h2>Nach Haftbefehl in die Ukraine geflohen<\/h2>\n<p>Bereits im vergangenen Sommer hatte ein Ermittlungsrichter am Bundesgerichtshof einen Haftbefehl gegen einen von ihnen ausgestellt: gegen Wolodymyr S. Er wohnte mit seiner Familie in der N\u00e4he von Warschau. Nachdem die deutschen Ermittler ihren Haftbefehl an die polnischen Beh\u00f6rden \u00fcbermittelt hatten, wurde der Taucher jedoch gewarnt, er floh \u00fcber die Grenze in die Ukraine.\n<\/p>\n<p>Jetzt gibt es mit der Festnahme Serhij K.s eine weitere M\u00f6glichkeit, den Fall Nord-Stream f\u00fcr die \u00d6ffentlichkeit aufzukl\u00e4ren. Bis mindestens Anfang September, so hei\u00dft es seitens der italienischen Beh\u00f6rden, soll er dort in Untersuchungshaft bleiben. Danach k\u00f6nnte er nach Deutschland \u00fcberstellt und von Ermittlern befragt werden, voraussichtlich auch von einem deutschen Gericht. Die Ergebnisse werden der \u00d6ffentlichkeit pr\u00e4sentiert werden.\n<\/p>\n<\/p>\n<\/div>\n","protected":false},"excerpt":{"rendered":"<p>Er hatte eingecheckt in einem 3-Sterne-Resort in dem kleinen Ort Sant&#8217;Andrea in Casale in der N\u00e4he von Rimini: Bungalows mit eigenen Whirlpools, ein Teich zum Angeln, ein reichhaltiges Fr\u00fchst\u00fccksbuffet, so pr\u00e4sentiert sich die Anlage im Internet. F\u00fcnfzehn Autominuten entfernt von der Adriak\u00fcste wollte Serhij K., ein 49-j\u00e4hriger Ukrainer, hier mit seiner Frau und seinen beiden<\/p>\n","protected":false},"author":1,"featured_media":267157,"comment_status":"open","ping_status":"open","sticky":false,"template":"","format":"standard","meta":{"footnotes":""},"categories":[116],"tags":[],"class_list":["post-267156","post","type-post","status-publish","format-standard","has-post-thumbnail","hentry","category-war-chronicles-de"],"acf":[],"yoast_head":"<!-- This site is optimized with the Yoast SEO plugin v22.9 - https:\/\/yoast.com\/wordpress\/plugins\/seo\/ -->\n<title>Das wei\u00df man \u00fcber den mutma\u00dflichen Nord-Stream-Saboteur - vof-news.eu<\/title>\n<meta name=\"description\" content=\"Er hatte eingecheckt in einem 3-Sterne-Resort in dem kleinen Ort Sant&#039;Andrea in Casale in der N\u00e4he von Rimini: Bungalows mit eigenen Whirlpools, ein Teich zum Angeln, ein reichhaltiges Fr\u00fchst\u00fccksbuffet, so pr\u00e4sentiert sich die Anlage im Internet. F\u00fcnfzehn Autominuten entfernt von der Adriak\u00fcste wollte Serhij K., ein 49-j\u00e4hriger Ukrainer, hier mit seiner Frau und seinen beiden Kindern diese Woche in Ruhe seinen f\u00fcnft\u00e4gigen Urlaub zu Ende bringen. Doch deutsche Ermittler hatten seine Reisebewegungen beobachtet und einen internationalen Haftbefehl beantragt. In der Nacht zu Donnerstag nahmen ihn italienische Polizeibeamte des Reviers Misano Adriatico fest, er soll keinen Widerstand geleistet haben.\" \/>\n<meta name=\"robots\" content=\"noindex, follow, max-snippet:-1, max-image-preview:large, max-video-preview:-1\" \/>\n<meta property=\"og:locale\" content=\"de_DE\" \/>\n<meta property=\"og:type\" content=\"article\" \/>\n<meta property=\"og:title\" content=\"Das wei\u00df man \u00fcber den mutma\u00dflichen Nord-Stream-Saboteur - vof-news.eu\" \/>\n<meta property=\"og:description\" content=\"Er hatte eingecheckt in einem 3-Sterne-Resort in dem kleinen Ort Sant&#039;Andrea in Casale in der N\u00e4he von Rimini: Bungalows mit eigenen Whirlpools, ein Teich zum Angeln, ein reichhaltiges Fr\u00fchst\u00fccksbuffet, so pr\u00e4sentiert sich die Anlage im Internet. F\u00fcnfzehn Autominuten entfernt von der Adriak\u00fcste wollte Serhij K., ein 49-j\u00e4hriger Ukrainer, hier mit seiner Frau und seinen beiden Kindern diese Woche in Ruhe seinen f\u00fcnft\u00e4gigen Urlaub zu Ende bringen. Doch deutsche Ermittler hatten seine Reisebewegungen beobachtet und einen internationalen Haftbefehl beantragt. In der Nacht zu Donnerstag nahmen ihn italienische Polizeibeamte des Reviers Misano Adriatico fest, er soll keinen Widerstand geleistet haben.\" \/>\n<meta property=\"og:url\" content=\"https:\/\/vof-news.eu\/de\/das-weis-man-uber-den-mutmaslichen-nord-stream-saboteur\/\" \/>\n<meta property=\"og:site_name\" content=\"vof-news.eu\" \/>\n<meta property=\"article:published_time\" content=\"2025-08-22T20:28:11+00:00\" \/>\n<meta property=\"article:modified_time\" content=\"2025-08-22T20:28:58+00:00\" \/>\n<meta property=\"og:image\" content=\"https:\/\/vof-news.eu\/wp-content\/uploads\/2025\/08\/wide__1000x562-9.png\" \/>\n\t<meta property=\"og:image:width\" content=\"1000\" \/>\n\t<meta property=\"og:image:height\" content=\"562\" \/>\n\t<meta property=\"og:image:type\" content=\"image\/png\" \/>\n<meta name=\"author\" content=\"Author\" \/>\n<meta name=\"twitter:card\" content=\"summary_large_image\" \/>\n<meta name=\"twitter:label1\" content=\"Verfasst von\" \/>\n\t<meta name=\"twitter:data1\" content=\"Author\" \/>\n\t<meta name=\"twitter:label2\" content=\"Gesch\u00e4tzte Lesezeit\" \/>\n\t<meta name=\"twitter:data2\" content=\"3\u00a0Minuten\" \/>\n<script type=\"application\/ld+json\" class=\"yoast-schema-graph\">{\"@context\":\"https:\/\/schema.org\",\"@graph\":[{\"@type\":\"WebPage\",\"@id\":\"https:\/\/vof-news.eu\/de\/das-weis-man-uber-den-mutmaslichen-nord-stream-saboteur\/\",\"url\":\"https:\/\/vof-news.eu\/de\/das-weis-man-uber-den-mutmaslichen-nord-stream-saboteur\/\",\"name\":\"Das wei\u00df man \u00fcber den mutma\u00dflichen Nord-Stream-Saboteur - vof-news.eu\",\"isPartOf\":{\"@id\":\"https:\/\/vof-news.eu\/de\/#website\"},\"primaryImageOfPage\":{\"@id\":\"https:\/\/vof-news.eu\/de\/das-weis-man-uber-den-mutmaslichen-nord-stream-saboteur\/#primaryimage\"},\"image\":{\"@id\":\"https:\/\/vof-news.eu\/de\/das-weis-man-uber-den-mutmaslichen-nord-stream-saboteur\/#primaryimage\"},\"thumbnailUrl\":\"https:\/\/vof-news.eu\/wp-content\/uploads\/2025\/08\/wide__1000x562-9.png\",\"datePublished\":\"2025-08-22T20:28:11+00:00\",\"dateModified\":\"2025-08-22T20:28:58+00:00\",\"author\":{\"@id\":\"https:\/\/vof-news.eu\/de\/#\/schema\/person\/f6a2a4309f0561835797fd8c19b333ed\"},\"description\":\"Er hatte eingecheckt in einem 3-Sterne-Resort in dem kleinen Ort Sant'Andrea in Casale in der N\u00e4he von Rimini: Bungalows mit eigenen Whirlpools, ein Teich zum Angeln, ein reichhaltiges Fr\u00fchst\u00fccksbuffet, so pr\u00e4sentiert sich die Anlage im Internet. F\u00fcnfzehn Autominuten entfernt von der Adriak\u00fcste wollte Serhij K., ein 49-j\u00e4hriger Ukrainer, hier mit seiner Frau und seinen beiden Kindern diese Woche in Ruhe seinen f\u00fcnft\u00e4gigen Urlaub zu Ende bringen. Doch deutsche Ermittler hatten seine Reisebewegungen beobachtet und einen internationalen Haftbefehl beantragt. In der Nacht zu Donnerstag nahmen ihn italienische Polizeibeamte des Reviers Misano Adriatico fest, er soll keinen Widerstand geleistet haben.\",\"breadcrumb\":{\"@id\":\"https:\/\/vof-news.eu\/de\/das-weis-man-uber-den-mutmaslichen-nord-stream-saboteur\/#breadcrumb\"},\"inLanguage\":\"de\",\"potentialAction\":[{\"@type\":\"ReadAction\",\"target\":[\"https:\/\/vof-news.eu\/de\/das-weis-man-uber-den-mutmaslichen-nord-stream-saboteur\/\"]}]},{\"@type\":\"ImageObject\",\"inLanguage\":\"de\",\"@id\":\"https:\/\/vof-news.eu\/de\/das-weis-man-uber-den-mutmaslichen-nord-stream-saboteur\/#primaryimage\",\"url\":\"https:\/\/vof-news.eu\/wp-content\/uploads\/2025\/08\/wide__1000x562-9.png\",\"contentUrl\":\"https:\/\/vof-news.eu\/wp-content\/uploads\/2025\/08\/wide__1000x562-9.png\",\"width\":1000,\"height\":562},{\"@type\":\"BreadcrumbList\",\"@id\":\"https:\/\/vof-news.eu\/de\/das-weis-man-uber-den-mutmaslichen-nord-stream-saboteur\/#breadcrumb\",\"itemListElement\":[{\"@type\":\"ListItem\",\"position\":1,\"name\":\"Home\",\"item\":\"https:\/\/vof-news.eu\/de\/\"},{\"@type\":\"ListItem\",\"position\":2,\"name\":\"Das wei\u00df man \u00fcber den mutma\u00dflichen Nord-Stream-Saboteur\"}]},{\"@type\":\"WebSite\",\"@id\":\"https:\/\/vof-news.eu\/de\/#website\",\"url\":\"https:\/\/vof-news.eu\/de\/\",\"name\":\"vof-news.eu\",\"description\":\"\",\"potentialAction\":[{\"@type\":\"SearchAction\",\"target\":{\"@type\":\"EntryPoint\",\"urlTemplate\":\"https:\/\/vof-news.eu\/de\/?s={search_term_string}\"},\"query-input\":\"required name=search_term_string\"}],\"inLanguage\":\"de\"},{\"@type\":\"Person\",\"@id\":\"https:\/\/vof-news.eu\/de\/#\/schema\/person\/f6a2a4309f0561835797fd8c19b333ed\",\"name\":\"Author\",\"image\":{\"@type\":\"ImageObject\",\"inLanguage\":\"de\",\"@id\":\"https:\/\/vof-news.eu\/de\/#\/schema\/person\/image\/\",\"url\":\"https:\/\/secure.gravatar.com\/avatar\/b67e614b1b25b3e9c0c239efdd2fde5ab015b5affd6f1c3c85911ca4b384e790?s=96&d=mm&r=g\",\"contentUrl\":\"https:\/\/secure.gravatar.com\/avatar\/b67e614b1b25b3e9c0c239efdd2fde5ab015b5affd6f1c3c85911ca4b384e790?s=96&d=mm&r=g\",\"caption\":\"Author\"},\"sameAs\":[\"http:\/\/vof-news.eu\"],\"url\":\"https:\/\/vof-news.eu\/de\/author\/zwt6qxnjulxbnyg\/\"}]}<\/script>\n<!-- \/ Yoast SEO plugin. -->","yoast_head_json":{"title":"Das wei\u00df man \u00fcber den mutma\u00dflichen Nord-Stream-Saboteur - vof-news.eu","description":"Er hatte eingecheckt in einem 3-Sterne-Resort in dem kleinen Ort Sant'Andrea in Casale in der N\u00e4he von Rimini: Bungalows mit eigenen Whirlpools, ein Teich zum Angeln, ein reichhaltiges Fr\u00fchst\u00fccksbuffet, so pr\u00e4sentiert sich die Anlage im Internet. F\u00fcnfzehn Autominuten entfernt von der Adriak\u00fcste wollte Serhij K., ein 49-j\u00e4hriger Ukrainer, hier mit seiner Frau und seinen beiden Kindern diese Woche in Ruhe seinen f\u00fcnft\u00e4gigen Urlaub zu Ende bringen. Doch deutsche Ermittler hatten seine Reisebewegungen beobachtet und einen internationalen Haftbefehl beantragt. In der Nacht zu Donnerstag nahmen ihn italienische Polizeibeamte des Reviers Misano Adriatico fest, er soll keinen Widerstand geleistet haben.","robots":{"index":"noindex","follow":"follow","max-snippet":"max-snippet:-1","max-image-preview":"max-image-preview:large","max-video-preview":"max-video-preview:-1"},"og_locale":"de_DE","og_type":"article","og_title":"Das wei\u00df man \u00fcber den mutma\u00dflichen Nord-Stream-Saboteur - vof-news.eu","og_description":"Er hatte eingecheckt in einem 3-Sterne-Resort in dem kleinen Ort Sant'Andrea in Casale in der N\u00e4he von Rimini: Bungalows mit eigenen Whirlpools, ein Teich zum Angeln, ein reichhaltiges Fr\u00fchst\u00fccksbuffet, so pr\u00e4sentiert sich die Anlage im Internet. F\u00fcnfzehn Autominuten entfernt von der Adriak\u00fcste wollte Serhij K., ein 49-j\u00e4hriger Ukrainer, hier mit seiner Frau und seinen beiden Kindern diese Woche in Ruhe seinen f\u00fcnft\u00e4gigen Urlaub zu Ende bringen. Doch deutsche Ermittler hatten seine Reisebewegungen beobachtet und einen internationalen Haftbefehl beantragt. In der Nacht zu Donnerstag nahmen ihn italienische Polizeibeamte des Reviers Misano Adriatico fest, er soll keinen Widerstand geleistet haben.","og_url":"https:\/\/vof-news.eu\/de\/das-weis-man-uber-den-mutmaslichen-nord-stream-saboteur\/","og_site_name":"vof-news.eu","article_published_time":"2025-08-22T20:28:11+00:00","article_modified_time":"2025-08-22T20:28:58+00:00","og_image":[{"width":1000,"height":562,"url":"https:\/\/vof-news.eu\/wp-content\/uploads\/2025\/08\/wide__1000x562-9.png","type":"image\/png"}],"author":"Author","twitter_card":"summary_large_image","twitter_misc":{"Verfasst von":"Author","Gesch\u00e4tzte Lesezeit":"3\u00a0Minuten"},"schema":{"@context":"https:\/\/schema.org","@graph":[{"@type":"WebPage","@id":"https:\/\/vof-news.eu\/de\/das-weis-man-uber-den-mutmaslichen-nord-stream-saboteur\/","url":"https:\/\/vof-news.eu\/de\/das-weis-man-uber-den-mutmaslichen-nord-stream-saboteur\/","name":"Das wei\u00df man \u00fcber den mutma\u00dflichen Nord-Stream-Saboteur - vof-news.eu","isPartOf":{"@id":"https:\/\/vof-news.eu\/de\/#website"},"primaryImageOfPage":{"@id":"https:\/\/vof-news.eu\/de\/das-weis-man-uber-den-mutmaslichen-nord-stream-saboteur\/#primaryimage"},"image":{"@id":"https:\/\/vof-news.eu\/de\/das-weis-man-uber-den-mutmaslichen-nord-stream-saboteur\/#primaryimage"},"thumbnailUrl":"https:\/\/vof-news.eu\/wp-content\/uploads\/2025\/08\/wide__1000x562-9.png","datePublished":"2025-08-22T20:28:11+00:00","dateModified":"2025-08-22T20:28:58+00:00","author":{"@id":"https:\/\/vof-news.eu\/de\/#\/schema\/person\/f6a2a4309f0561835797fd8c19b333ed"},"description":"Er hatte eingecheckt in einem 3-Sterne-Resort in dem kleinen Ort Sant'Andrea in Casale in der N\u00e4he von Rimini: Bungalows mit eigenen Whirlpools, ein Teich zum Angeln, ein reichhaltiges Fr\u00fchst\u00fccksbuffet, so pr\u00e4sentiert sich die Anlage im Internet. F\u00fcnfzehn Autominuten entfernt von der Adriak\u00fcste wollte Serhij K., ein 49-j\u00e4hriger Ukrainer, hier mit seiner Frau und seinen beiden Kindern diese Woche in Ruhe seinen f\u00fcnft\u00e4gigen Urlaub zu Ende bringen. Doch deutsche Ermittler hatten seine Reisebewegungen beobachtet und einen internationalen Haftbefehl beantragt. In der Nacht zu Donnerstag nahmen ihn italienische Polizeibeamte des Reviers Misano Adriatico fest, er soll keinen Widerstand geleistet haben.","breadcrumb":{"@id":"https:\/\/vof-news.eu\/de\/das-weis-man-uber-den-mutmaslichen-nord-stream-saboteur\/#breadcrumb"},"inLanguage":"de","potentialAction":[{"@type":"ReadAction","target":["https:\/\/vof-news.eu\/de\/das-weis-man-uber-den-mutmaslichen-nord-stream-saboteur\/"]}]},{"@type":"ImageObject","inLanguage":"de","@id":"https:\/\/vof-news.eu\/de\/das-weis-man-uber-den-mutmaslichen-nord-stream-saboteur\/#primaryimage","url":"https:\/\/vof-news.eu\/wp-content\/uploads\/2025\/08\/wide__1000x562-9.png","contentUrl":"https:\/\/vof-news.eu\/wp-content\/uploads\/2025\/08\/wide__1000x562-9.png","width":1000,"height":562},{"@type":"BreadcrumbList","@id":"https:\/\/vof-news.eu\/de\/das-weis-man-uber-den-mutmaslichen-nord-stream-saboteur\/#breadcrumb","itemListElement":[{"@type":"ListItem","position":1,"name":"Home","item":"https:\/\/vof-news.eu\/de\/"},{"@type":"ListItem","position":2,"name":"Das wei\u00df man \u00fcber den mutma\u00dflichen Nord-Stream-Saboteur"}]},{"@type":"WebSite","@id":"https:\/\/vof-news.eu\/de\/#website","url":"https:\/\/vof-news.eu\/de\/","name":"vof-news.eu","description":"","potentialAction":[{"@type":"SearchAction","target":{"@type":"EntryPoint","urlTemplate":"https:\/\/vof-news.eu\/de\/?s={search_term_string}"},"query-input":"required name=search_term_string"}],"inLanguage":"de"},{"@type":"Person","@id":"https:\/\/vof-news.eu\/de\/#\/schema\/person\/f6a2a4309f0561835797fd8c19b333ed","name":"Author","image":{"@type":"ImageObject","inLanguage":"de","@id":"https:\/\/vof-news.eu\/de\/#\/schema\/person\/image\/","url":"https:\/\/secure.gravatar.com\/avatar\/b67e614b1b25b3e9c0c239efdd2fde5ab015b5affd6f1c3c85911ca4b384e790?s=96&d=mm&r=g","contentUrl":"https:\/\/secure.gravatar.com\/avatar\/b67e614b1b25b3e9c0c239efdd2fde5ab015b5affd6f1c3c85911ca4b384e790?s=96&d=mm&r=g","caption":"Author"},"sameAs":["http:\/\/vof-news.eu"],"url":"https:\/\/vof-news.eu\/de\/author\/zwt6qxnjulxbnyg\/"}]}},"yoast_meta":{"yoast_wpseo_title":"","yoast_wpseo_metadesc":"","yoast_wpseo_canonical":""},"_links":{"self":[{"href":"https:\/\/vof-news.eu\/de\/wp-json\/wp\/v2\/posts\/267156","targetHints":{"allow":["GET"]}}],"collection":[{"href":"https:\/\/vof-news.eu\/de\/wp-json\/wp\/v2\/posts"}],"about":[{"href":"https:\/\/vof-news.eu\/de\/wp-json\/wp\/v2\/types\/post"}],"author":[{"embeddable":true,"href":"https:\/\/vof-news.eu\/de\/wp-json\/wp\/v2\/users\/1"}],"replies":[{"embeddable":true,"href":"https:\/\/vof-news.eu\/de\/wp-json\/wp\/v2\/comments?post=267156"}],"version-history":[{"count":1,"href":"https:\/\/vof-news.eu\/de\/wp-json\/wp\/v2\/posts\/267156\/revisions"}],"predecessor-version":[{"id":267163,"href":"https:\/\/vof-news.eu\/de\/wp-json\/wp\/v2\/posts\/267156\/revisions\/267163"}],"wp:featuredmedia":[{"embeddable":true,"href":"https:\/\/vof-news.eu\/de\/wp-json\/wp\/v2\/media\/267157"}],"wp:attachment":[{"href":"https:\/\/vof-news.eu\/de\/wp-json\/wp\/v2\/media?parent=267156"}],"wp:term":[{"taxonomy":"category","embeddable":true,"href":"https:\/\/vof-news.eu\/de\/wp-json\/wp\/v2\/categories?post=267156"},{"taxonomy":"post_tag","embeddable":true,"href":"https:\/\/vof-news.eu\/de\/wp-json\/wp\/v2\/tags?post=267156"}],"curies":[{"name":"wp","href":"https:\/\/api.w.org\/{rel}","templated":true}]}}