{"id":266428,"date":"2025-08-20T17:28:12","date_gmt":"2025-08-20T14:28:12","guid":{"rendered":"https:\/\/vof-news.eu\/das-sind-mogliche-orte-fur-ein-treffen-zwischen-putin-und-selenskyj\/"},"modified":"2025-08-20T17:29:52","modified_gmt":"2025-08-20T14:29:52","slug":"das-sind-mogliche-orte-fur-ein-treffen-zwischen-putin-und-selenskyj","status":"publish","type":"post","link":"https:\/\/vof-news.eu\/de\/das-sind-mogliche-orte-fur-ein-treffen-zwischen-putin-und-selenskyj\/","title":{"rendered":"Das sind m\u00f6gliche Orte f\u00fcr ein Treffen zwischen Putin und Selenskyj"},"content":{"rendered":"<div>\n<\/p>\n<nav>\n<h2>Alle Fragen im \u00dcberblick:<\/h2>\n<ul>\n<li>\n<a href=\"https:\/\/www.zeit.de#welche-stadt-koennte-das-gipfeltreffen-ausrichten\" rel=\"nofollow\"><br \/>\n<span>Welche Stadt k\u00f6nnte das Gipfeltreffen ausrichten?<\/span><\/p>\n<p><\/a>\n<\/li>\n<li>\n<a href=\"https:\/\/www.zeit.de#warum-ist-es-wichtig-wo-der-gipfel-stattfindet\" rel=\"nofollow\"><br \/>\n<span>Warum ist es wichtig, wo der Gipfel stattfindet?<\/span><\/p>\n<p><\/a>\n<\/li>\n<li>\n<a href=\"https:\/\/www.zeit.de#welche-bedingungen-muss-ein-moeglicher-gipfelort-erfuellen\" rel=\"nofollow\"><br \/>\n<span>Welche Bedingungen muss ein m\u00f6glicher Gipfelort erf\u00fcllen?<\/span><\/p>\n<p><\/a>\n<\/li>\n<li>\n<a href=\"https:\/\/www.zeit.de#was-spricht-fuer-genf\" rel=\"nofollow\"><br \/>\n<span>Was spricht f\u00fcr Genf?<\/span><\/p>\n<p><\/a>\n<\/li>\n<li>\n<a href=\"https:\/\/www.zeit.de#welche-argumente-hat-wien-auf-seiner-seite\" rel=\"nofollow\"><br \/>\n<span>Welche Argumente hat Wien auf seiner Seite?\u00a0<\/span><\/p>\n<p><\/a>\n<\/li>\n<li>\n<a href=\"https:\/\/www.zeit.de#warum-ist-budapest-eine-option\" rel=\"nofollow\"><br \/>\n<span>Warum ist Budapest eine Option?<\/span><\/p>\n<p><\/a>\n<\/li>\n<li>\n<a href=\"https:\/\/www.zeit.de#was-wuerde-ein-gipfel-in-moskau-bedeuten\" rel=\"nofollow\"><br \/>\n<span>Was w\u00fcrde ein Gipfel in Moskau bedeuten?<\/span><\/p>\n<p><\/a>\n<\/li>\n<\/ul>\n<\/nav>\n<\/div>\n","protected":false},"excerpt":{"rendered":"<p>Alle Fragen im \u00dcberblick: Welche Stadt k\u00f6nnte das Gipfeltreffen ausrichten? Warum ist es wichtig, wo der Gipfel stattfindet? Welche Bedingungen muss ein m\u00f6glicher Gipfelort erf\u00fcllen? Was spricht f\u00fcr Genf? Welche Argumente hat Wien auf seiner Seite?\u00a0 Warum ist Budapest eine Option? Was w\u00fcrde ein Gipfel in Moskau bedeuten?<\/p>\n","protected":false},"author":1,"featured_media":266429,"comment_status":"open","ping_status":"open","sticky":false,"template":"","format":"standard","meta":{"footnotes":""},"categories":[116],"tags":[],"class_list":["post-266428","post","type-post","status-publish","format-standard","has-post-thumbnail","hentry","category-war-chronicles-de"],"acf":[],"yoast_head":"<!-- This site is optimized with the Yoast SEO plugin v22.9 - https:\/\/yoast.com\/wordpress\/plugins\/seo\/ -->\n<title>Das sind m\u00f6gliche Orte f\u00fcr ein Treffen zwischen Putin und Selenskyj - vof-news.eu<\/title>\n<meta name=\"description\" content=\"Alle Fragen im \u00dcberblick:\" \/>\n<meta name=\"robots\" content=\"noindex, follow, max-snippet:-1, max-image-preview:large, max-video-preview:-1\" \/>\n<meta property=\"og:locale\" content=\"de_DE\" \/>\n<meta property=\"og:type\" content=\"article\" \/>\n<meta property=\"og:title\" content=\"Das sind m\u00f6gliche Orte f\u00fcr ein Treffen zwischen Putin und Selenskyj - vof-news.eu\" \/>\n<meta property=\"og:description\" content=\"Alle Fragen im \u00dcberblick:\" \/>\n<meta property=\"og:url\" content=\"https:\/\/vof-news.eu\/de\/das-sind-mogliche-orte-fur-ein-treffen-zwischen-putin-und-selenskyj\/\" \/>\n<meta property=\"og:site_name\" content=\"vof-news.eu\" \/>\n<meta property=\"article:published_time\" content=\"2025-08-20T14:28:12+00:00\" \/>\n<meta property=\"article:modified_time\" content=\"2025-08-20T14:29:52+00:00\" \/>\n<meta property=\"og:image\" content=\"https:\/\/vof-news.eu\/wp-content\/uploads\/2025\/08\/wide__1000x562-72.jpg\" \/>\n\t<meta property=\"og:image:width\" content=\"1000\" \/>\n\t<meta property=\"og:image:height\" content=\"562\" \/>\n\t<meta property=\"og:image:type\" content=\"image\/jpeg\" \/>\n<meta name=\"author\" content=\"Author\" \/>\n<meta name=\"twitter:card\" content=\"summary_large_image\" \/>\n<meta name=\"twitter:label1\" content=\"Verfasst von\" \/>\n\t<meta name=\"twitter:data1\" content=\"Author\" \/>\n<script type=\"application\/ld+json\" class=\"yoast-schema-graph\">{\"@context\":\"https:\/\/schema.org\",\"@graph\":[{\"@type\":\"WebPage\",\"@id\":\"https:\/\/vof-news.eu\/de\/das-sind-mogliche-orte-fur-ein-treffen-zwischen-putin-und-selenskyj\/\",\"url\":\"https:\/\/vof-news.eu\/de\/das-sind-mogliche-orte-fur-ein-treffen-zwischen-putin-und-selenskyj\/\",\"name\":\"Das sind m\u00f6gliche Orte f\u00fcr ein Treffen zwischen Putin und Selenskyj - vof-news.eu\",\"isPartOf\":{\"@id\":\"https:\/\/vof-news.eu\/de\/#website\"},\"primaryImageOfPage\":{\"@id\":\"https:\/\/vof-news.eu\/de\/das-sind-mogliche-orte-fur-ein-treffen-zwischen-putin-und-selenskyj\/#primaryimage\"},\"image\":{\"@id\":\"https:\/\/vof-news.eu\/de\/das-sind-mogliche-orte-fur-ein-treffen-zwischen-putin-und-selenskyj\/#primaryimage\"},\"thumbnailUrl\":\"https:\/\/vof-news.eu\/wp-content\/uploads\/2025\/08\/wide__1000x562-72.jpg\",\"datePublished\":\"2025-08-20T14:28:12+00:00\",\"dateModified\":\"2025-08-20T14:29:52+00:00\",\"author\":{\"@id\":\"https:\/\/vof-news.eu\/de\/#\/schema\/person\/f6a2a4309f0561835797fd8c19b333ed\"},\"description\":\"Alle Fragen im \u00dcberblick:\",\"breadcrumb\":{\"@id\":\"https:\/\/vof-news.eu\/de\/das-sind-mogliche-orte-fur-ein-treffen-zwischen-putin-und-selenskyj\/#breadcrumb\"},\"inLanguage\":\"de\",\"potentialAction\":[{\"@type\":\"ReadAction\",\"target\":[\"https:\/\/vof-news.eu\/de\/das-sind-mogliche-orte-fur-ein-treffen-zwischen-putin-und-selenskyj\/\"]}]},{\"@type\":\"ImageObject\",\"inLanguage\":\"de\",\"@id\":\"https:\/\/vof-news.eu\/de\/das-sind-mogliche-orte-fur-ein-treffen-zwischen-putin-und-selenskyj\/#primaryimage\",\"url\":\"https:\/\/vof-news.eu\/wp-content\/uploads\/2025\/08\/wide__1000x562-72.jpg\",\"contentUrl\":\"https:\/\/vof-news.eu\/wp-content\/uploads\/2025\/08\/wide__1000x562-72.jpg\",\"width\":1000,\"height\":562},{\"@type\":\"BreadcrumbList\",\"@id\":\"https:\/\/vof-news.eu\/de\/das-sind-mogliche-orte-fur-ein-treffen-zwischen-putin-und-selenskyj\/#breadcrumb\",\"itemListElement\":[{\"@type\":\"ListItem\",\"position\":1,\"name\":\"Home\",\"item\":\"https:\/\/vof-news.eu\/de\/\"},{\"@type\":\"ListItem\",\"position\":2,\"name\":\"Das sind m\u00f6gliche Orte f\u00fcr ein Treffen zwischen Putin und Selenskyj\"}]},{\"@type\":\"WebSite\",\"@id\":\"https:\/\/vof-news.eu\/de\/#website\",\"url\":\"https:\/\/vof-news.eu\/de\/\",\"name\":\"vof-news.eu\",\"description\":\"\",\"potentialAction\":[{\"@type\":\"SearchAction\",\"target\":{\"@type\":\"EntryPoint\",\"urlTemplate\":\"https:\/\/vof-news.eu\/de\/?s={search_term_string}\"},\"query-input\":\"required name=search_term_string\"}],\"inLanguage\":\"de\"},{\"@type\":\"Person\",\"@id\":\"https:\/\/vof-news.eu\/de\/#\/schema\/person\/f6a2a4309f0561835797fd8c19b333ed\",\"name\":\"Author\",\"image\":{\"@type\":\"ImageObject\",\"inLanguage\":\"de\",\"@id\":\"https:\/\/vof-news.eu\/de\/#\/schema\/person\/image\/\",\"url\":\"https:\/\/secure.gravatar.com\/avatar\/b67e614b1b25b3e9c0c239efdd2fde5ab015b5affd6f1c3c85911ca4b384e790?s=96&d=mm&r=g\",\"contentUrl\":\"https:\/\/secure.gravatar.com\/avatar\/b67e614b1b25b3e9c0c239efdd2fde5ab015b5affd6f1c3c85911ca4b384e790?s=96&d=mm&r=g\",\"caption\":\"Author\"},\"sameAs\":[\"http:\/\/vof-news.eu\"],\"url\":\"https:\/\/vof-news.eu\/de\/author\/zwt6qxnjulxbnyg\/\"}]}<\/script>\n<!-- \/ Yoast SEO plugin. -->","yoast_head_json":{"title":"Das sind m\u00f6gliche Orte f\u00fcr ein Treffen zwischen Putin und Selenskyj - vof-news.eu","description":"Alle Fragen im \u00dcberblick:","robots":{"index":"noindex","follow":"follow","max-snippet":"max-snippet:-1","max-image-preview":"max-image-preview:large","max-video-preview":"max-video-preview:-1"},"og_locale":"de_DE","og_type":"article","og_title":"Das sind m\u00f6gliche Orte f\u00fcr ein Treffen zwischen Putin und Selenskyj - vof-news.eu","og_description":"Alle Fragen im \u00dcberblick:","og_url":"https:\/\/vof-news.eu\/de\/das-sind-mogliche-orte-fur-ein-treffen-zwischen-putin-und-selenskyj\/","og_site_name":"vof-news.eu","article_published_time":"2025-08-20T14:28:12+00:00","article_modified_time":"2025-08-20T14:29:52+00:00","og_image":[{"width":1000,"height":562,"url":"https:\/\/vof-news.eu\/wp-content\/uploads\/2025\/08\/wide__1000x562-72.jpg","type":"image\/jpeg"}],"author":"Author","twitter_card":"summary_large_image","twitter_misc":{"Verfasst von":"Author"},"schema":{"@context":"https:\/\/schema.org","@graph":[{"@type":"WebPage","@id":"https:\/\/vof-news.eu\/de\/das-sind-mogliche-orte-fur-ein-treffen-zwischen-putin-und-selenskyj\/","url":"https:\/\/vof-news.eu\/de\/das-sind-mogliche-orte-fur-ein-treffen-zwischen-putin-und-selenskyj\/","name":"Das sind m\u00f6gliche Orte f\u00fcr ein Treffen zwischen Putin und Selenskyj - vof-news.eu","isPartOf":{"@id":"https:\/\/vof-news.eu\/de\/#website"},"primaryImageOfPage":{"@id":"https:\/\/vof-news.eu\/de\/das-sind-mogliche-orte-fur-ein-treffen-zwischen-putin-und-selenskyj\/#primaryimage"},"image":{"@id":"https:\/\/vof-news.eu\/de\/das-sind-mogliche-orte-fur-ein-treffen-zwischen-putin-und-selenskyj\/#primaryimage"},"thumbnailUrl":"https:\/\/vof-news.eu\/wp-content\/uploads\/2025\/08\/wide__1000x562-72.jpg","datePublished":"2025-08-20T14:28:12+00:00","dateModified":"2025-08-20T14:29:52+00:00","author":{"@id":"https:\/\/vof-news.eu\/de\/#\/schema\/person\/f6a2a4309f0561835797fd8c19b333ed"},"description":"Alle Fragen im \u00dcberblick:","breadcrumb":{"@id":"https:\/\/vof-news.eu\/de\/das-sind-mogliche-orte-fur-ein-treffen-zwischen-putin-und-selenskyj\/#breadcrumb"},"inLanguage":"de","potentialAction":[{"@type":"ReadAction","target":["https:\/\/vof-news.eu\/de\/das-sind-mogliche-orte-fur-ein-treffen-zwischen-putin-und-selenskyj\/"]}]},{"@type":"ImageObject","inLanguage":"de","@id":"https:\/\/vof-news.eu\/de\/das-sind-mogliche-orte-fur-ein-treffen-zwischen-putin-und-selenskyj\/#primaryimage","url":"https:\/\/vof-news.eu\/wp-content\/uploads\/2025\/08\/wide__1000x562-72.jpg","contentUrl":"https:\/\/vof-news.eu\/wp-content\/uploads\/2025\/08\/wide__1000x562-72.jpg","width":1000,"height":562},{"@type":"BreadcrumbList","@id":"https:\/\/vof-news.eu\/de\/das-sind-mogliche-orte-fur-ein-treffen-zwischen-putin-und-selenskyj\/#breadcrumb","itemListElement":[{"@type":"ListItem","position":1,"name":"Home","item":"https:\/\/vof-news.eu\/de\/"},{"@type":"ListItem","position":2,"name":"Das sind m\u00f6gliche Orte f\u00fcr ein Treffen zwischen Putin und Selenskyj"}]},{"@type":"WebSite","@id":"https:\/\/vof-news.eu\/de\/#website","url":"https:\/\/vof-news.eu\/de\/","name":"vof-news.eu","description":"","potentialAction":[{"@type":"SearchAction","target":{"@type":"EntryPoint","urlTemplate":"https:\/\/vof-news.eu\/de\/?s={search_term_string}"},"query-input":"required name=search_term_string"}],"inLanguage":"de"},{"@type":"Person","@id":"https:\/\/vof-news.eu\/de\/#\/schema\/person\/f6a2a4309f0561835797fd8c19b333ed","name":"Author","image":{"@type":"ImageObject","inLanguage":"de","@id":"https:\/\/vof-news.eu\/de\/#\/schema\/person\/image\/","url":"https:\/\/secure.gravatar.com\/avatar\/b67e614b1b25b3e9c0c239efdd2fde5ab015b5affd6f1c3c85911ca4b384e790?s=96&d=mm&r=g","contentUrl":"https:\/\/secure.gravatar.com\/avatar\/b67e614b1b25b3e9c0c239efdd2fde5ab015b5affd6f1c3c85911ca4b384e790?s=96&d=mm&r=g","caption":"Author"},"sameAs":["http:\/\/vof-news.eu"],"url":"https:\/\/vof-news.eu\/de\/author\/zwt6qxnjulxbnyg\/"}]}},"yoast_meta":{"yoast_wpseo_title":"","yoast_wpseo_metadesc":"","yoast_wpseo_canonical":""},"_links":{"self":[{"href":"https:\/\/vof-news.eu\/de\/wp-json\/wp\/v2\/posts\/266428","targetHints":{"allow":["GET"]}}],"collection":[{"href":"https:\/\/vof-news.eu\/de\/wp-json\/wp\/v2\/posts"}],"about":[{"href":"https:\/\/vof-news.eu\/de\/wp-json\/wp\/v2\/types\/post"}],"author":[{"embeddable":true,"href":"https:\/\/vof-news.eu\/de\/wp-json\/wp\/v2\/users\/1"}],"replies":[{"embeddable":true,"href":"https:\/\/vof-news.eu\/de\/wp-json\/wp\/v2\/comments?post=266428"}],"version-history":[{"count":1,"href":"https:\/\/vof-news.eu\/de\/wp-json\/wp\/v2\/posts\/266428\/revisions"}],"predecessor-version":[{"id":266435,"href":"https:\/\/vof-news.eu\/de\/wp-json\/wp\/v2\/posts\/266428\/revisions\/266435"}],"wp:featuredmedia":[{"embeddable":true,"href":"https:\/\/vof-news.eu\/de\/wp-json\/wp\/v2\/media\/266429"}],"wp:attachment":[{"href":"https:\/\/vof-news.eu\/de\/wp-json\/wp\/v2\/media?parent=266428"}],"wp:term":[{"taxonomy":"category","embeddable":true,"href":"https:\/\/vof-news.eu\/de\/wp-json\/wp\/v2\/categories?post=266428"},{"taxonomy":"post_tag","embeddable":true,"href":"https:\/\/vof-news.eu\/de\/wp-json\/wp\/v2\/tags?post=266428"}],"curies":[{"name":"wp","href":"https:\/\/api.w.org\/{rel}","templated":true}]}}