{"id":266220,"date":"2025-08-20T03:28:11","date_gmt":"2025-08-20T00:28:11","guid":{"rendered":"https:\/\/vof-news.eu\/osterreichs-kanzler-schlagt-wien-fur-selenskyj-putin-gesprach-vor\/"},"modified":"2025-08-20T03:29:25","modified_gmt":"2025-08-20T00:29:25","slug":"osterreichs-kanzler-schlagt-wien-fur-selenskyj-putin-gesprach-vor","status":"publish","type":"post","link":"https:\/\/vof-news.eu\/de\/osterreichs-kanzler-schlagt-wien-fur-selenskyj-putin-gesprach-vor\/","title":{"rendered":"\u00d6sterreichs Kanzler schl\u00e4gt Wien f\u00fcr Selenskyj-Putin-Gespr\u00e4ch vor"},"content":{"rendered":"<div>\n<p>\u00d6sterreichs Bundeskanzler Christian Stocker hat sein Land als Ort f\u00fcr Gespr\u00e4che zwischen dem ukrainischen und dem russischen Pr\u00e4sidenten vorgeschlagen.\u00a0Sollten<br \/>\nFriedensverhandlungen in <span><a href=\"https:\/\/www.zeit.de\/thema\/wien\" rel=\"nofollow\">Wien<\/a><\/span> stattfinden, werde seine Regierung mit<br \/>\n dem Internationalen Strafgerichtshof (IStGH) in Kontakt treten, um <a href=\"https:\/\/www.zeit.de\/thema\/wladimir-putin\" rel=\"nofollow\">Russlands Pr\u00e4sident Wladimir Putin<\/a> eine Teilnahme zu erm\u00f6glichen, sagte Stocker.\u00a0Stocker verwies in<br \/>\neiner Erkl\u00e4rung auf die &#8222;lange Tradition&#8220; der Hauptstadt Wien als &#8222;Ort<br \/>\ndes Dialogs&#8220;.\n<\/p>\n<p>Gegen Putin liegt seit M\u00e4rz 2023 ein Haftbefehl des <span><a href=\"https:\/\/www.zeit.de\/thema\/istgh\" rel=\"nofollow\">Internationalen<br \/>\nStrafgerichtshofs<\/a><\/span> (IStGH) vor. Ihm wird die Zwangsverschleppung<br \/>\nukrainischer Kinder vorgeworfen.\n<\/p>\n<p><a href=\"https:\/\/www.zeit.de\/politik\/ausland\/2025-08\/russland-ukraine-gipfel-schweiz-treffen-wladimir-putin-immunitaet\" rel=\"nofollow\">Die Schweiz hatte sich ebenfalls als Ort f\u00fcr die Gespr\u00e4che angeboten<\/a>. Wie der schweizerische Au\u00dfenminister Ignazio<br \/>\nCassis sagte, w\u00fcrde sein Land Putin trotz des gegen ihn vorliegenden<br \/>\ninternationalen Haftbefehls Immunit\u00e4t gew\u00e4hren, sollte er ins Land<br \/>\nkommen und an einer Ukrainefriedenskonferenz teilnehmen.\n<\/p>\n<p>Frankreichs Pr\u00e4sident Emmanuel Macron hatte<br \/>\nzuvor Genf vorgeschlagen. Aus Macrons Sicht sollte ein &#8222;neutrales Land&#8220; ein<br \/>\nsolches Treffen ausrichten. Das Treffen solle in Europa stattfinden,<br \/>\ndar\u00fcber seien sich alle Teilnehmer des Gipfeltreffens zwischen den europ\u00e4ischen<br \/>\nSpitzen, Selenskyj und US-Pr\u00e4sident <span><a href=\"https:\/\/www.zeit.de\/thema\/donald-trump\" rel=\"nofollow\">Donald Trump<\/a><\/span> in Washington am<br \/>\nMontag einig gewesen.\u00a0\n<\/p>\n<h2>Trump spricht mit Orb\u00e1n \u00fcber Gipfel in Budapest<\/h2>\n<p>Trump hat unterdessen\u00a0mit dem ungarischen Ministerpr\u00e4sidenten Viktor Orb\u00e1n \u00fcber die M\u00f6glichkeit gesprochen, das Putin-Selenskyj-Gespr\u00e4ch in der ungarischen Hauptstadt <span><a href=\"https:\/\/www.zeit.de\/thema\/budapest\" rel=\"nofollow\">Budapest<\/a><\/span> stattfinden zu lassen. Das teilte das US-Pr\u00e4sidialamt mit. Weitere Details zu dem Gespr\u00e4ch waren zun\u00e4chst nicht bekannt. Ungarn ist EU-Mitglied, verfolgte in der Vergangenheit aber einen eigenen Kurs in der Politik gegen\u00fcber der Ukraine und<br \/>\nRussland.\n<\/p>\n<p>Ein m\u00f6gliches Treffen Selenskyjs mit Putin war eines der zentralen Themen beim Ukrainegipfel am Montag. Trump k\u00fcndigte an, er wolle zuerst ein Zweiertreffen der<br \/>\n beiden Pr\u00e4sidenten organisieren, danach solle es einen Dreiergipfel mit<br \/>\n ihm selbst geben.\u00a0<a href=\"https:\/\/www.zeit.de\/politik\/ausland\/2025-08\/trump-selenskyj-ukraine-gipfel-krieg\" rel=\"nofollow\">Selenskyj signalisierte seine Bereitschaft zur Teilnahme, insbesondere an einem Dreiertreffen mit Putin und Trump<\/a>. <span><a href=\"https:\/\/www.zeit.de\/thema\/russland\" rel=\"nofollow\">Russland<\/a><\/span> bremste nach dem Gipfel, der russische Au\u00dfenminister <a href=\"https:\/\/www.zeit.de\/politik\/ausland\/2025-08\/russland-bedingungen-gipfel-putin-selenskyj-ukraine\" rel=\"nofollow\">Sergej Lawrow pochte auf eine sorgf\u00e4ltige Vorbereitung<\/a>.\n<\/p>\n<p>Trump sagte am Dienstag, dass Putin und Selenskyj dabei seien, ein Treffen zu vereinbaren. &#8222;Sie sind dabei, es zu vereinbaren&#8220;, sagte Trump in einem Radiointerview in der . Trumps Sprecherin\u00a0Karoline Leavitt zufolge soll Putin versprochen haben, Selenskyj zu treffen.\n<\/p>\n<p><a href=\"https:\/\/www.zeit.de\/politik\/ausland\/ukraine-krieg-news-liveblog\" rel=\"nofollow\"><\/a>\n<\/p>\n<\/div>\n","protected":false},"excerpt":{"rendered":"<p>\u00d6sterreichs Bundeskanzler Christian Stocker hat sein Land als Ort f\u00fcr Gespr\u00e4che zwischen dem ukrainischen und dem russischen Pr\u00e4sidenten vorgeschlagen.\u00a0Sollten Friedensverhandlungen in Wien stattfinden, werde seine Regierung mit dem Internationalen Strafgerichtshof (IStGH) in Kontakt treten, um Russlands Pr\u00e4sident Wladimir Putin eine Teilnahme zu erm\u00f6glichen, sagte Stocker.\u00a0Stocker verwies in einer Erkl\u00e4rung auf die &#8222;lange Tradition&#8220; der Hauptstadt<\/p>\n","protected":false},"author":1,"featured_media":266221,"comment_status":"open","ping_status":"open","sticky":false,"template":"","format":"standard","meta":{"footnotes":""},"categories":[116],"tags":[],"class_list":["post-266220","post","type-post","status-publish","format-standard","has-post-thumbnail","hentry","category-war-chronicles-de"],"acf":[],"yoast_head":"<!-- This site is optimized with the Yoast SEO plugin v22.9 - https:\/\/yoast.com\/wordpress\/plugins\/seo\/ -->\n<title>\u00d6sterreichs Kanzler schl\u00e4gt Wien f\u00fcr Selenskyj-Putin-Gespr\u00e4ch vor - vof-news.eu<\/title>\n<meta name=\"description\" content=\"\u00d6sterreichs Bundeskanzler Christian Stocker hat sein Land als Ort f\u00fcr Gespr\u00e4che zwischen dem ukrainischen und dem russischen Pr\u00e4sidenten vorgeschlagen.\u00a0Sollten\" \/>\n<meta name=\"robots\" content=\"noindex, follow, max-snippet:-1, max-image-preview:large, max-video-preview:-1\" \/>\n<meta property=\"og:locale\" content=\"de_DE\" \/>\n<meta property=\"og:type\" content=\"article\" \/>\n<meta property=\"og:title\" content=\"\u00d6sterreichs Kanzler schl\u00e4gt Wien f\u00fcr Selenskyj-Putin-Gespr\u00e4ch vor - vof-news.eu\" \/>\n<meta property=\"og:description\" content=\"\u00d6sterreichs Bundeskanzler Christian Stocker hat sein Land als Ort f\u00fcr Gespr\u00e4che zwischen dem ukrainischen und dem russischen Pr\u00e4sidenten vorgeschlagen.\u00a0Sollten\" \/>\n<meta property=\"og:url\" content=\"https:\/\/vof-news.eu\/de\/osterreichs-kanzler-schlagt-wien-fur-selenskyj-putin-gesprach-vor\/\" \/>\n<meta property=\"og:site_name\" content=\"vof-news.eu\" \/>\n<meta property=\"article:published_time\" content=\"2025-08-20T00:28:11+00:00\" \/>\n<meta property=\"article:modified_time\" content=\"2025-08-20T00:29:25+00:00\" \/>\n<meta property=\"og:image\" content=\"https:\/\/vof-news.eu\/wp-content\/uploads\/2025\/08\/wide__1000x562-68.jpg\" \/>\n\t<meta property=\"og:image:width\" content=\"1000\" \/>\n\t<meta property=\"og:image:height\" content=\"562\" \/>\n\t<meta property=\"og:image:type\" content=\"image\/jpeg\" \/>\n<meta name=\"author\" content=\"Author\" \/>\n<meta name=\"twitter:card\" content=\"summary_large_image\" \/>\n<meta name=\"twitter:label1\" content=\"Verfasst von\" \/>\n\t<meta name=\"twitter:data1\" content=\"Author\" \/>\n\t<meta name=\"twitter:label2\" content=\"Gesch\u00e4tzte Lesezeit\" \/>\n\t<meta name=\"twitter:data2\" content=\"2\u00a0Minuten\" \/>\n<script type=\"application\/ld+json\" class=\"yoast-schema-graph\">{\"@context\":\"https:\/\/schema.org\",\"@graph\":[{\"@type\":\"WebPage\",\"@id\":\"https:\/\/vof-news.eu\/de\/osterreichs-kanzler-schlagt-wien-fur-selenskyj-putin-gesprach-vor\/\",\"url\":\"https:\/\/vof-news.eu\/de\/osterreichs-kanzler-schlagt-wien-fur-selenskyj-putin-gesprach-vor\/\",\"name\":\"\u00d6sterreichs Kanzler schl\u00e4gt Wien f\u00fcr Selenskyj-Putin-Gespr\u00e4ch vor - vof-news.eu\",\"isPartOf\":{\"@id\":\"https:\/\/vof-news.eu\/de\/#website\"},\"primaryImageOfPage\":{\"@id\":\"https:\/\/vof-news.eu\/de\/osterreichs-kanzler-schlagt-wien-fur-selenskyj-putin-gesprach-vor\/#primaryimage\"},\"image\":{\"@id\":\"https:\/\/vof-news.eu\/de\/osterreichs-kanzler-schlagt-wien-fur-selenskyj-putin-gesprach-vor\/#primaryimage\"},\"thumbnailUrl\":\"https:\/\/vof-news.eu\/wp-content\/uploads\/2025\/08\/wide__1000x562-68.jpg\",\"datePublished\":\"2025-08-20T00:28:11+00:00\",\"dateModified\":\"2025-08-20T00:29:25+00:00\",\"author\":{\"@id\":\"https:\/\/vof-news.eu\/de\/#\/schema\/person\/f6a2a4309f0561835797fd8c19b333ed\"},\"description\":\"\u00d6sterreichs Bundeskanzler Christian Stocker hat sein Land als Ort f\u00fcr Gespr\u00e4che zwischen dem ukrainischen und dem russischen Pr\u00e4sidenten vorgeschlagen.\u00a0Sollten\",\"breadcrumb\":{\"@id\":\"https:\/\/vof-news.eu\/de\/osterreichs-kanzler-schlagt-wien-fur-selenskyj-putin-gesprach-vor\/#breadcrumb\"},\"inLanguage\":\"de\",\"potentialAction\":[{\"@type\":\"ReadAction\",\"target\":[\"https:\/\/vof-news.eu\/de\/osterreichs-kanzler-schlagt-wien-fur-selenskyj-putin-gesprach-vor\/\"]}]},{\"@type\":\"ImageObject\",\"inLanguage\":\"de\",\"@id\":\"https:\/\/vof-news.eu\/de\/osterreichs-kanzler-schlagt-wien-fur-selenskyj-putin-gesprach-vor\/#primaryimage\",\"url\":\"https:\/\/vof-news.eu\/wp-content\/uploads\/2025\/08\/wide__1000x562-68.jpg\",\"contentUrl\":\"https:\/\/vof-news.eu\/wp-content\/uploads\/2025\/08\/wide__1000x562-68.jpg\",\"width\":1000,\"height\":562},{\"@type\":\"BreadcrumbList\",\"@id\":\"https:\/\/vof-news.eu\/de\/osterreichs-kanzler-schlagt-wien-fur-selenskyj-putin-gesprach-vor\/#breadcrumb\",\"itemListElement\":[{\"@type\":\"ListItem\",\"position\":1,\"name\":\"Home\",\"item\":\"https:\/\/vof-news.eu\/de\/\"},{\"@type\":\"ListItem\",\"position\":2,\"name\":\"\u00d6sterreichs Kanzler schl\u00e4gt Wien f\u00fcr Selenskyj-Putin-Gespr\u00e4ch vor\"}]},{\"@type\":\"WebSite\",\"@id\":\"https:\/\/vof-news.eu\/de\/#website\",\"url\":\"https:\/\/vof-news.eu\/de\/\",\"name\":\"vof-news.eu\",\"description\":\"\",\"potentialAction\":[{\"@type\":\"SearchAction\",\"target\":{\"@type\":\"EntryPoint\",\"urlTemplate\":\"https:\/\/vof-news.eu\/de\/?s={search_term_string}\"},\"query-input\":\"required name=search_term_string\"}],\"inLanguage\":\"de\"},{\"@type\":\"Person\",\"@id\":\"https:\/\/vof-news.eu\/de\/#\/schema\/person\/f6a2a4309f0561835797fd8c19b333ed\",\"name\":\"Author\",\"image\":{\"@type\":\"ImageObject\",\"inLanguage\":\"de\",\"@id\":\"https:\/\/vof-news.eu\/de\/#\/schema\/person\/image\/\",\"url\":\"https:\/\/secure.gravatar.com\/avatar\/b67e614b1b25b3e9c0c239efdd2fde5ab015b5affd6f1c3c85911ca4b384e790?s=96&d=mm&r=g\",\"contentUrl\":\"https:\/\/secure.gravatar.com\/avatar\/b67e614b1b25b3e9c0c239efdd2fde5ab015b5affd6f1c3c85911ca4b384e790?s=96&d=mm&r=g\",\"caption\":\"Author\"},\"sameAs\":[\"http:\/\/vof-news.eu\"],\"url\":\"https:\/\/vof-news.eu\/de\/author\/zwt6qxnjulxbnyg\/\"}]}<\/script>\n<!-- \/ Yoast SEO plugin. -->","yoast_head_json":{"title":"\u00d6sterreichs Kanzler schl\u00e4gt Wien f\u00fcr Selenskyj-Putin-Gespr\u00e4ch vor - vof-news.eu","description":"\u00d6sterreichs Bundeskanzler Christian Stocker hat sein Land als Ort f\u00fcr Gespr\u00e4che zwischen dem ukrainischen und dem russischen Pr\u00e4sidenten vorgeschlagen.\u00a0Sollten","robots":{"index":"noindex","follow":"follow","max-snippet":"max-snippet:-1","max-image-preview":"max-image-preview:large","max-video-preview":"max-video-preview:-1"},"og_locale":"de_DE","og_type":"article","og_title":"\u00d6sterreichs Kanzler schl\u00e4gt Wien f\u00fcr Selenskyj-Putin-Gespr\u00e4ch vor - vof-news.eu","og_description":"\u00d6sterreichs Bundeskanzler Christian Stocker hat sein Land als Ort f\u00fcr Gespr\u00e4che zwischen dem ukrainischen und dem russischen Pr\u00e4sidenten vorgeschlagen.\u00a0Sollten","og_url":"https:\/\/vof-news.eu\/de\/osterreichs-kanzler-schlagt-wien-fur-selenskyj-putin-gesprach-vor\/","og_site_name":"vof-news.eu","article_published_time":"2025-08-20T00:28:11+00:00","article_modified_time":"2025-08-20T00:29:25+00:00","og_image":[{"width":1000,"height":562,"url":"https:\/\/vof-news.eu\/wp-content\/uploads\/2025\/08\/wide__1000x562-68.jpg","type":"image\/jpeg"}],"author":"Author","twitter_card":"summary_large_image","twitter_misc":{"Verfasst von":"Author","Gesch\u00e4tzte Lesezeit":"2\u00a0Minuten"},"schema":{"@context":"https:\/\/schema.org","@graph":[{"@type":"WebPage","@id":"https:\/\/vof-news.eu\/de\/osterreichs-kanzler-schlagt-wien-fur-selenskyj-putin-gesprach-vor\/","url":"https:\/\/vof-news.eu\/de\/osterreichs-kanzler-schlagt-wien-fur-selenskyj-putin-gesprach-vor\/","name":"\u00d6sterreichs Kanzler schl\u00e4gt Wien f\u00fcr Selenskyj-Putin-Gespr\u00e4ch vor - vof-news.eu","isPartOf":{"@id":"https:\/\/vof-news.eu\/de\/#website"},"primaryImageOfPage":{"@id":"https:\/\/vof-news.eu\/de\/osterreichs-kanzler-schlagt-wien-fur-selenskyj-putin-gesprach-vor\/#primaryimage"},"image":{"@id":"https:\/\/vof-news.eu\/de\/osterreichs-kanzler-schlagt-wien-fur-selenskyj-putin-gesprach-vor\/#primaryimage"},"thumbnailUrl":"https:\/\/vof-news.eu\/wp-content\/uploads\/2025\/08\/wide__1000x562-68.jpg","datePublished":"2025-08-20T00:28:11+00:00","dateModified":"2025-08-20T00:29:25+00:00","author":{"@id":"https:\/\/vof-news.eu\/de\/#\/schema\/person\/f6a2a4309f0561835797fd8c19b333ed"},"description":"\u00d6sterreichs Bundeskanzler Christian Stocker hat sein Land als Ort f\u00fcr Gespr\u00e4che zwischen dem ukrainischen und dem russischen Pr\u00e4sidenten vorgeschlagen.\u00a0Sollten","breadcrumb":{"@id":"https:\/\/vof-news.eu\/de\/osterreichs-kanzler-schlagt-wien-fur-selenskyj-putin-gesprach-vor\/#breadcrumb"},"inLanguage":"de","potentialAction":[{"@type":"ReadAction","target":["https:\/\/vof-news.eu\/de\/osterreichs-kanzler-schlagt-wien-fur-selenskyj-putin-gesprach-vor\/"]}]},{"@type":"ImageObject","inLanguage":"de","@id":"https:\/\/vof-news.eu\/de\/osterreichs-kanzler-schlagt-wien-fur-selenskyj-putin-gesprach-vor\/#primaryimage","url":"https:\/\/vof-news.eu\/wp-content\/uploads\/2025\/08\/wide__1000x562-68.jpg","contentUrl":"https:\/\/vof-news.eu\/wp-content\/uploads\/2025\/08\/wide__1000x562-68.jpg","width":1000,"height":562},{"@type":"BreadcrumbList","@id":"https:\/\/vof-news.eu\/de\/osterreichs-kanzler-schlagt-wien-fur-selenskyj-putin-gesprach-vor\/#breadcrumb","itemListElement":[{"@type":"ListItem","position":1,"name":"Home","item":"https:\/\/vof-news.eu\/de\/"},{"@type":"ListItem","position":2,"name":"\u00d6sterreichs Kanzler schl\u00e4gt Wien f\u00fcr Selenskyj-Putin-Gespr\u00e4ch vor"}]},{"@type":"WebSite","@id":"https:\/\/vof-news.eu\/de\/#website","url":"https:\/\/vof-news.eu\/de\/","name":"vof-news.eu","description":"","potentialAction":[{"@type":"SearchAction","target":{"@type":"EntryPoint","urlTemplate":"https:\/\/vof-news.eu\/de\/?s={search_term_string}"},"query-input":"required name=search_term_string"}],"inLanguage":"de"},{"@type":"Person","@id":"https:\/\/vof-news.eu\/de\/#\/schema\/person\/f6a2a4309f0561835797fd8c19b333ed","name":"Author","image":{"@type":"ImageObject","inLanguage":"de","@id":"https:\/\/vof-news.eu\/de\/#\/schema\/person\/image\/","url":"https:\/\/secure.gravatar.com\/avatar\/b67e614b1b25b3e9c0c239efdd2fde5ab015b5affd6f1c3c85911ca4b384e790?s=96&d=mm&r=g","contentUrl":"https:\/\/secure.gravatar.com\/avatar\/b67e614b1b25b3e9c0c239efdd2fde5ab015b5affd6f1c3c85911ca4b384e790?s=96&d=mm&r=g","caption":"Author"},"sameAs":["http:\/\/vof-news.eu"],"url":"https:\/\/vof-news.eu\/de\/author\/zwt6qxnjulxbnyg\/"}]}},"yoast_meta":{"yoast_wpseo_title":"","yoast_wpseo_metadesc":"","yoast_wpseo_canonical":""},"_links":{"self":[{"href":"https:\/\/vof-news.eu\/de\/wp-json\/wp\/v2\/posts\/266220","targetHints":{"allow":["GET"]}}],"collection":[{"href":"https:\/\/vof-news.eu\/de\/wp-json\/wp\/v2\/posts"}],"about":[{"href":"https:\/\/vof-news.eu\/de\/wp-json\/wp\/v2\/types\/post"}],"author":[{"embeddable":true,"href":"https:\/\/vof-news.eu\/de\/wp-json\/wp\/v2\/users\/1"}],"replies":[{"embeddable":true,"href":"https:\/\/vof-news.eu\/de\/wp-json\/wp\/v2\/comments?post=266220"}],"version-history":[{"count":1,"href":"https:\/\/vof-news.eu\/de\/wp-json\/wp\/v2\/posts\/266220\/revisions"}],"predecessor-version":[{"id":266227,"href":"https:\/\/vof-news.eu\/de\/wp-json\/wp\/v2\/posts\/266220\/revisions\/266227"}],"wp:featuredmedia":[{"embeddable":true,"href":"https:\/\/vof-news.eu\/de\/wp-json\/wp\/v2\/media\/266221"}],"wp:attachment":[{"href":"https:\/\/vof-news.eu\/de\/wp-json\/wp\/v2\/media?parent=266220"}],"wp:term":[{"taxonomy":"category","embeddable":true,"href":"https:\/\/vof-news.eu\/de\/wp-json\/wp\/v2\/categories?post=266220"},{"taxonomy":"post_tag","embeddable":true,"href":"https:\/\/vof-news.eu\/de\/wp-json\/wp\/v2\/tags?post=266220"}],"curies":[{"name":"wp","href":"https:\/\/api.w.org\/{rel}","templated":true}]}}