{"id":265880,"date":"2025-08-18T21:28:14","date_gmt":"2025-08-18T18:28:14","guid":{"rendered":"https:\/\/vof-news.eu\/wolodymyr-selenskyj-zu-beratungen-mit-donald-trump-im-weisen-haus\/"},"modified":"2025-08-18T21:29:13","modified_gmt":"2025-08-18T18:29:13","slug":"wolodymyr-selenskyj-zu-beratungen-mit-donald-trump-im-weisen-haus","status":"publish","type":"post","link":"https:\/\/vof-news.eu\/de\/wolodymyr-selenskyj-zu-beratungen-mit-donald-trump-im-weisen-haus\/","title":{"rendered":"Wolodymyr Selenskyj zu Beratungen mit Donald Trump im Wei\u00dfen Haus"},"content":{"rendered":"<div>\n<p>Der ukrainische Pr\u00e4sident Wolodymyr Selenskyj ist mit seinem US-amerikanischen Amtskollegen <span><a href=\"https:\/\/www.zeit.de\/thema\/donald-trump\" rel=\"nofollow\">Donald Trump<\/a><\/span> im Wei\u00dfen Haus zusammengekommen. Zuvor waren unter anderem Bundeskanzler Friedrich Merz,\u00a0Frankreichs Pr\u00e4sident Emmanuel Macron, der britische Premier Keir Starmer und Italiens Ministerpr\u00e4sidentin Giorgia Meloni sowie\u00a0Nato-Generalsekret\u00e4r Mark Rutte und EU-Kommissionspr\u00e4sidentin Ursula von der Leyen in Washington, D. C. eingetroffen.\n<\/p>\n<p>Gemeinsam mit Trump wollen die europ\u00e4ischen Spitzenpolitikerinnen und -politiker \u00fcber ein m\u00f6gliches Ende des russischen Angriffskriegs gegen die Ukraine beraten. Vergangenen Freitag <a href=\"https:\/\/www.zeit.de\/politik\/ausland\/2025-08\/donald-trump-sieht-noch-keinen-deal-zur-ukraine-erreicht\" rel=\"nofollow\">hatte sich Trump mit dem russischen Staatschef Wladimir Putin zu einem Ukrainegipfel im US-Bundesstaat Alaska getroffen<\/a>.\n<\/p>\n<h2>Trump bestreitet Notwendigkeit von Waffenruhe f\u00fcr Verhandlungen<\/h2>\n<p>Im Oval Office sprachen Trump und <span><a href=\"https:\/\/www.zeit.de\/thema\/wolodymyr-selenskyj\" rel=\"nofollow\">Selenskyj<\/a><\/span> zu Beginn ihres Treffens vor Pressevertretern. Dabei zeigte sich Selenskyj bereit f\u00fcr eine trilaterale Zusammenarbeit zwischen seinem Land, den USA und Russland. Bei Trump bedankte sich Selenskyj f\u00fcr dessen Bem\u00fchung um einen Frieden.\n<\/p>\n<p>Trump sagte, er glaube, dass Putin Frieden wolle. Zudem k\u00fcndigte er an, dass die USA sich an der Sicherung eines m\u00f6glichen Friedens in der Ukraine beteiligen w\u00fcrden. Wie die Beteiligung der USA aussehen k\u00f6nnte, erl\u00e4uterte er zun\u00e4chst nicht. Zugleich bestritt Trump\u00a0die Notwendigkeit einer Waffenruhe in der Ukraine als Voraussetzung f\u00fcr Friedensverhandlungen.&#8220;Wir k\u00f6nnen an einem Deal arbeiten, w\u00e4hrend sie k\u00e4mpfen&#8220;, sagte der US-Pr\u00e4sident. Im Anschluss an das Treffen mit Selenskyj und den europ\u00e4ischen Partnern werde er mit\u00a0Putin telefonieren, k\u00fcndigte Trump im Oval Office an.\n<\/p>\n<h2>Ukraine laut Selenskyj bereit f\u00fcr &#8222;neue Sicherheitsarchitektur&#8220;<\/h2>\n<p>Kurz vor seiner Ankunft im Wei\u00dfen Haus hatte Selenskyj betont, Ziel der Gespr\u00e4che sei ein &#8222;zuverl\u00e4ssiger und dauerhafter Frieden f\u00fcr die Ukraine und f\u00fcr ganz Europa&#8220;. Notwendig sei daher, dass gemeinsam Druck auf den russischen Staatschef Wladimir Putin ausge\u00fcbt werde, &#8222;von den Vereinigten Staaten und Europa ebenso wie von allen Menschen weltweit, die das Recht auf Leben und die internationale Ordnung achten&#8220;.\n<\/p>\n<p>&#8222;Wir m\u00fcssen das T\u00f6ten beenden&#8220;, sagte der ukrainische Pr\u00e4sident \u2013 und dankte seinen Partnern, die sich gemeinsam mit der Ukraine f\u00fcr einen verl\u00e4sslichen und w\u00fcrdigen Frieden einsetzten. &#8222;Die Ukraine ist bereit f\u00fcr einen echten Waffenstillstand und f\u00fcr eine neue Sicherheitsarchitektur. Wir brauchen Frieden&#8220;, sagte Selenskyj.\n<\/p>\n<p>Trump hatte vor dem Gipfel gesagt, es sei &#8222;eine gro\u00dfe Ehre f\u00fcr Amerika&#8220;, dass so viele westliche Staatschefs gleichzeitig ins Wei\u00dfe Haus k\u00e4men. &#8222;Mal sehen, was dabei herauskommt&#8220;, sagte der Republikaner \u00fcber das Treffen mit den Europ\u00e4ern.\n<\/p>\n<\/p>\n<\/div>\n","protected":false},"excerpt":{"rendered":"<p>Der ukrainische Pr\u00e4sident Wolodymyr Selenskyj ist mit seinem US-amerikanischen Amtskollegen Donald Trump im Wei\u00dfen Haus zusammengekommen. Zuvor waren unter anderem Bundeskanzler Friedrich Merz,\u00a0Frankreichs Pr\u00e4sident Emmanuel Macron, der britische Premier Keir Starmer und Italiens Ministerpr\u00e4sidentin Giorgia Meloni sowie\u00a0Nato-Generalsekret\u00e4r Mark Rutte und EU-Kommissionspr\u00e4sidentin Ursula von der Leyen in Washington, D. C. eingetroffen. Gemeinsam mit Trump wollen die<\/p>\n","protected":false},"author":1,"featured_media":265881,"comment_status":"open","ping_status":"open","sticky":false,"template":"","format":"standard","meta":{"footnotes":""},"categories":[116],"tags":[],"class_list":["post-265880","post","type-post","status-publish","format-standard","has-post-thumbnail","hentry","category-war-chronicles-de"],"acf":[],"yoast_head":"<!-- This site is optimized with the Yoast SEO plugin v22.9 - https:\/\/yoast.com\/wordpress\/plugins\/seo\/ -->\n<title>Wolodymyr Selenskyj zu Beratungen mit Donald Trump im Wei\u00dfen Haus - vof-news.eu<\/title>\n<meta name=\"description\" content=\"Der ukrainische Pr\u00e4sident Wolodymyr Selenskyj ist mit seinem US-amerikanischen Amtskollegen Donald Trump im Wei\u00dfen Haus zusammengekommen. Zuvor waren unter anderem Bundeskanzler Friedrich Merz,\u00a0Frankreichs Pr\u00e4sident Emmanuel Macron, der britische Premier Keir Starmer und Italiens Ministerpr\u00e4sidentin Giorgia Meloni sowie\u00a0Nato-Generalsekret\u00e4r Mark Rutte und EU-Kommissionspr\u00e4sidentin Ursula von der Leyen in Washington, D. C. eingetroffen.\" \/>\n<meta name=\"robots\" content=\"noindex, follow, max-snippet:-1, max-image-preview:large, max-video-preview:-1\" \/>\n<meta property=\"og:locale\" content=\"de_DE\" \/>\n<meta property=\"og:type\" content=\"article\" \/>\n<meta property=\"og:title\" content=\"Wolodymyr Selenskyj zu Beratungen mit Donald Trump im Wei\u00dfen Haus - vof-news.eu\" \/>\n<meta property=\"og:description\" content=\"Der ukrainische Pr\u00e4sident Wolodymyr Selenskyj ist mit seinem US-amerikanischen Amtskollegen Donald Trump im Wei\u00dfen Haus zusammengekommen. Zuvor waren unter anderem Bundeskanzler Friedrich Merz,\u00a0Frankreichs Pr\u00e4sident Emmanuel Macron, der britische Premier Keir Starmer und Italiens Ministerpr\u00e4sidentin Giorgia Meloni sowie\u00a0Nato-Generalsekret\u00e4r Mark Rutte und EU-Kommissionspr\u00e4sidentin Ursula von der Leyen in Washington, D. C. eingetroffen.\" \/>\n<meta property=\"og:url\" content=\"https:\/\/vof-news.eu\/de\/wolodymyr-selenskyj-zu-beratungen-mit-donald-trump-im-weisen-haus\/\" \/>\n<meta property=\"og:site_name\" content=\"vof-news.eu\" \/>\n<meta property=\"article:published_time\" content=\"2025-08-18T18:28:14+00:00\" \/>\n<meta property=\"article:modified_time\" content=\"2025-08-18T18:29:13+00:00\" \/>\n<meta property=\"og:image\" content=\"https:\/\/vof-news.eu\/wp-content\/uploads\/2025\/08\/wide__1000x562-63.jpg\" \/>\n\t<meta property=\"og:image:width\" content=\"1000\" \/>\n\t<meta property=\"og:image:height\" content=\"562\" \/>\n\t<meta property=\"og:image:type\" content=\"image\/jpeg\" \/>\n<meta name=\"author\" content=\"Author\" \/>\n<meta name=\"twitter:card\" content=\"summary_large_image\" \/>\n<meta name=\"twitter:label1\" content=\"Verfasst von\" \/>\n\t<meta name=\"twitter:data1\" content=\"Author\" \/>\n\t<meta name=\"twitter:label2\" content=\"Gesch\u00e4tzte Lesezeit\" \/>\n\t<meta name=\"twitter:data2\" content=\"2\u00a0Minuten\" \/>\n<script type=\"application\/ld+json\" class=\"yoast-schema-graph\">{\"@context\":\"https:\/\/schema.org\",\"@graph\":[{\"@type\":\"WebPage\",\"@id\":\"https:\/\/vof-news.eu\/de\/wolodymyr-selenskyj-zu-beratungen-mit-donald-trump-im-weisen-haus\/\",\"url\":\"https:\/\/vof-news.eu\/de\/wolodymyr-selenskyj-zu-beratungen-mit-donald-trump-im-weisen-haus\/\",\"name\":\"Wolodymyr Selenskyj zu Beratungen mit Donald Trump im Wei\u00dfen Haus - vof-news.eu\",\"isPartOf\":{\"@id\":\"https:\/\/vof-news.eu\/de\/#website\"},\"primaryImageOfPage\":{\"@id\":\"https:\/\/vof-news.eu\/de\/wolodymyr-selenskyj-zu-beratungen-mit-donald-trump-im-weisen-haus\/#primaryimage\"},\"image\":{\"@id\":\"https:\/\/vof-news.eu\/de\/wolodymyr-selenskyj-zu-beratungen-mit-donald-trump-im-weisen-haus\/#primaryimage\"},\"thumbnailUrl\":\"https:\/\/vof-news.eu\/wp-content\/uploads\/2025\/08\/wide__1000x562-63.jpg\",\"datePublished\":\"2025-08-18T18:28:14+00:00\",\"dateModified\":\"2025-08-18T18:29:13+00:00\",\"author\":{\"@id\":\"https:\/\/vof-news.eu\/de\/#\/schema\/person\/f6a2a4309f0561835797fd8c19b333ed\"},\"description\":\"Der ukrainische Pr\u00e4sident Wolodymyr Selenskyj ist mit seinem US-amerikanischen Amtskollegen Donald Trump im Wei\u00dfen Haus zusammengekommen. Zuvor waren unter anderem Bundeskanzler Friedrich Merz,\u00a0Frankreichs Pr\u00e4sident Emmanuel Macron, der britische Premier Keir Starmer und Italiens Ministerpr\u00e4sidentin Giorgia Meloni sowie\u00a0Nato-Generalsekret\u00e4r Mark Rutte und EU-Kommissionspr\u00e4sidentin Ursula von der Leyen in Washington, D. C. eingetroffen.\",\"breadcrumb\":{\"@id\":\"https:\/\/vof-news.eu\/de\/wolodymyr-selenskyj-zu-beratungen-mit-donald-trump-im-weisen-haus\/#breadcrumb\"},\"inLanguage\":\"de\",\"potentialAction\":[{\"@type\":\"ReadAction\",\"target\":[\"https:\/\/vof-news.eu\/de\/wolodymyr-selenskyj-zu-beratungen-mit-donald-trump-im-weisen-haus\/\"]}]},{\"@type\":\"ImageObject\",\"inLanguage\":\"de\",\"@id\":\"https:\/\/vof-news.eu\/de\/wolodymyr-selenskyj-zu-beratungen-mit-donald-trump-im-weisen-haus\/#primaryimage\",\"url\":\"https:\/\/vof-news.eu\/wp-content\/uploads\/2025\/08\/wide__1000x562-63.jpg\",\"contentUrl\":\"https:\/\/vof-news.eu\/wp-content\/uploads\/2025\/08\/wide__1000x562-63.jpg\",\"width\":1000,\"height\":562},{\"@type\":\"BreadcrumbList\",\"@id\":\"https:\/\/vof-news.eu\/de\/wolodymyr-selenskyj-zu-beratungen-mit-donald-trump-im-weisen-haus\/#breadcrumb\",\"itemListElement\":[{\"@type\":\"ListItem\",\"position\":1,\"name\":\"Home\",\"item\":\"https:\/\/vof-news.eu\/de\/\"},{\"@type\":\"ListItem\",\"position\":2,\"name\":\"Wolodymyr Selenskyj zu Beratungen mit Donald Trump im Wei\u00dfen Haus\"}]},{\"@type\":\"WebSite\",\"@id\":\"https:\/\/vof-news.eu\/de\/#website\",\"url\":\"https:\/\/vof-news.eu\/de\/\",\"name\":\"vof-news.eu\",\"description\":\"\",\"potentialAction\":[{\"@type\":\"SearchAction\",\"target\":{\"@type\":\"EntryPoint\",\"urlTemplate\":\"https:\/\/vof-news.eu\/de\/?s={search_term_string}\"},\"query-input\":\"required name=search_term_string\"}],\"inLanguage\":\"de\"},{\"@type\":\"Person\",\"@id\":\"https:\/\/vof-news.eu\/de\/#\/schema\/person\/f6a2a4309f0561835797fd8c19b333ed\",\"name\":\"Author\",\"image\":{\"@type\":\"ImageObject\",\"inLanguage\":\"de\",\"@id\":\"https:\/\/vof-news.eu\/de\/#\/schema\/person\/image\/\",\"url\":\"https:\/\/secure.gravatar.com\/avatar\/b67e614b1b25b3e9c0c239efdd2fde5ab015b5affd6f1c3c85911ca4b384e790?s=96&d=mm&r=g\",\"contentUrl\":\"https:\/\/secure.gravatar.com\/avatar\/b67e614b1b25b3e9c0c239efdd2fde5ab015b5affd6f1c3c85911ca4b384e790?s=96&d=mm&r=g\",\"caption\":\"Author\"},\"sameAs\":[\"http:\/\/vof-news.eu\"],\"url\":\"https:\/\/vof-news.eu\/de\/author\/zwt6qxnjulxbnyg\/\"}]}<\/script>\n<!-- \/ Yoast SEO plugin. -->","yoast_head_json":{"title":"Wolodymyr Selenskyj zu Beratungen mit Donald Trump im Wei\u00dfen Haus - vof-news.eu","description":"Der ukrainische Pr\u00e4sident Wolodymyr Selenskyj ist mit seinem US-amerikanischen Amtskollegen Donald Trump im Wei\u00dfen Haus zusammengekommen. Zuvor waren unter anderem Bundeskanzler Friedrich Merz,\u00a0Frankreichs Pr\u00e4sident Emmanuel Macron, der britische Premier Keir Starmer und Italiens Ministerpr\u00e4sidentin Giorgia Meloni sowie\u00a0Nato-Generalsekret\u00e4r Mark Rutte und EU-Kommissionspr\u00e4sidentin Ursula von der Leyen in Washington, D. C. eingetroffen.","robots":{"index":"noindex","follow":"follow","max-snippet":"max-snippet:-1","max-image-preview":"max-image-preview:large","max-video-preview":"max-video-preview:-1"},"og_locale":"de_DE","og_type":"article","og_title":"Wolodymyr Selenskyj zu Beratungen mit Donald Trump im Wei\u00dfen Haus - vof-news.eu","og_description":"Der ukrainische Pr\u00e4sident Wolodymyr Selenskyj ist mit seinem US-amerikanischen Amtskollegen Donald Trump im Wei\u00dfen Haus zusammengekommen. Zuvor waren unter anderem Bundeskanzler Friedrich Merz,\u00a0Frankreichs Pr\u00e4sident Emmanuel Macron, der britische Premier Keir Starmer und Italiens Ministerpr\u00e4sidentin Giorgia Meloni sowie\u00a0Nato-Generalsekret\u00e4r Mark Rutte und EU-Kommissionspr\u00e4sidentin Ursula von der Leyen in Washington, D. C. eingetroffen.","og_url":"https:\/\/vof-news.eu\/de\/wolodymyr-selenskyj-zu-beratungen-mit-donald-trump-im-weisen-haus\/","og_site_name":"vof-news.eu","article_published_time":"2025-08-18T18:28:14+00:00","article_modified_time":"2025-08-18T18:29:13+00:00","og_image":[{"width":1000,"height":562,"url":"https:\/\/vof-news.eu\/wp-content\/uploads\/2025\/08\/wide__1000x562-63.jpg","type":"image\/jpeg"}],"author":"Author","twitter_card":"summary_large_image","twitter_misc":{"Verfasst von":"Author","Gesch\u00e4tzte Lesezeit":"2\u00a0Minuten"},"schema":{"@context":"https:\/\/schema.org","@graph":[{"@type":"WebPage","@id":"https:\/\/vof-news.eu\/de\/wolodymyr-selenskyj-zu-beratungen-mit-donald-trump-im-weisen-haus\/","url":"https:\/\/vof-news.eu\/de\/wolodymyr-selenskyj-zu-beratungen-mit-donald-trump-im-weisen-haus\/","name":"Wolodymyr Selenskyj zu Beratungen mit Donald Trump im Wei\u00dfen Haus - vof-news.eu","isPartOf":{"@id":"https:\/\/vof-news.eu\/de\/#website"},"primaryImageOfPage":{"@id":"https:\/\/vof-news.eu\/de\/wolodymyr-selenskyj-zu-beratungen-mit-donald-trump-im-weisen-haus\/#primaryimage"},"image":{"@id":"https:\/\/vof-news.eu\/de\/wolodymyr-selenskyj-zu-beratungen-mit-donald-trump-im-weisen-haus\/#primaryimage"},"thumbnailUrl":"https:\/\/vof-news.eu\/wp-content\/uploads\/2025\/08\/wide__1000x562-63.jpg","datePublished":"2025-08-18T18:28:14+00:00","dateModified":"2025-08-18T18:29:13+00:00","author":{"@id":"https:\/\/vof-news.eu\/de\/#\/schema\/person\/f6a2a4309f0561835797fd8c19b333ed"},"description":"Der ukrainische Pr\u00e4sident Wolodymyr Selenskyj ist mit seinem US-amerikanischen Amtskollegen Donald Trump im Wei\u00dfen Haus zusammengekommen. Zuvor waren unter anderem Bundeskanzler Friedrich Merz,\u00a0Frankreichs Pr\u00e4sident Emmanuel Macron, der britische Premier Keir Starmer und Italiens Ministerpr\u00e4sidentin Giorgia Meloni sowie\u00a0Nato-Generalsekret\u00e4r Mark Rutte und EU-Kommissionspr\u00e4sidentin Ursula von der Leyen in Washington, D. C. eingetroffen.","breadcrumb":{"@id":"https:\/\/vof-news.eu\/de\/wolodymyr-selenskyj-zu-beratungen-mit-donald-trump-im-weisen-haus\/#breadcrumb"},"inLanguage":"de","potentialAction":[{"@type":"ReadAction","target":["https:\/\/vof-news.eu\/de\/wolodymyr-selenskyj-zu-beratungen-mit-donald-trump-im-weisen-haus\/"]}]},{"@type":"ImageObject","inLanguage":"de","@id":"https:\/\/vof-news.eu\/de\/wolodymyr-selenskyj-zu-beratungen-mit-donald-trump-im-weisen-haus\/#primaryimage","url":"https:\/\/vof-news.eu\/wp-content\/uploads\/2025\/08\/wide__1000x562-63.jpg","contentUrl":"https:\/\/vof-news.eu\/wp-content\/uploads\/2025\/08\/wide__1000x562-63.jpg","width":1000,"height":562},{"@type":"BreadcrumbList","@id":"https:\/\/vof-news.eu\/de\/wolodymyr-selenskyj-zu-beratungen-mit-donald-trump-im-weisen-haus\/#breadcrumb","itemListElement":[{"@type":"ListItem","position":1,"name":"Home","item":"https:\/\/vof-news.eu\/de\/"},{"@type":"ListItem","position":2,"name":"Wolodymyr Selenskyj zu Beratungen mit Donald Trump im Wei\u00dfen Haus"}]},{"@type":"WebSite","@id":"https:\/\/vof-news.eu\/de\/#website","url":"https:\/\/vof-news.eu\/de\/","name":"vof-news.eu","description":"","potentialAction":[{"@type":"SearchAction","target":{"@type":"EntryPoint","urlTemplate":"https:\/\/vof-news.eu\/de\/?s={search_term_string}"},"query-input":"required name=search_term_string"}],"inLanguage":"de"},{"@type":"Person","@id":"https:\/\/vof-news.eu\/de\/#\/schema\/person\/f6a2a4309f0561835797fd8c19b333ed","name":"Author","image":{"@type":"ImageObject","inLanguage":"de","@id":"https:\/\/vof-news.eu\/de\/#\/schema\/person\/image\/","url":"https:\/\/secure.gravatar.com\/avatar\/b67e614b1b25b3e9c0c239efdd2fde5ab015b5affd6f1c3c85911ca4b384e790?s=96&d=mm&r=g","contentUrl":"https:\/\/secure.gravatar.com\/avatar\/b67e614b1b25b3e9c0c239efdd2fde5ab015b5affd6f1c3c85911ca4b384e790?s=96&d=mm&r=g","caption":"Author"},"sameAs":["http:\/\/vof-news.eu"],"url":"https:\/\/vof-news.eu\/de\/author\/zwt6qxnjulxbnyg\/"}]}},"yoast_meta":{"yoast_wpseo_title":"","yoast_wpseo_metadesc":"","yoast_wpseo_canonical":""},"_links":{"self":[{"href":"https:\/\/vof-news.eu\/de\/wp-json\/wp\/v2\/posts\/265880","targetHints":{"allow":["GET"]}}],"collection":[{"href":"https:\/\/vof-news.eu\/de\/wp-json\/wp\/v2\/posts"}],"about":[{"href":"https:\/\/vof-news.eu\/de\/wp-json\/wp\/v2\/types\/post"}],"author":[{"embeddable":true,"href":"https:\/\/vof-news.eu\/de\/wp-json\/wp\/v2\/users\/1"}],"replies":[{"embeddable":true,"href":"https:\/\/vof-news.eu\/de\/wp-json\/wp\/v2\/comments?post=265880"}],"version-history":[{"count":1,"href":"https:\/\/vof-news.eu\/de\/wp-json\/wp\/v2\/posts\/265880\/revisions"}],"predecessor-version":[{"id":265887,"href":"https:\/\/vof-news.eu\/de\/wp-json\/wp\/v2\/posts\/265880\/revisions\/265887"}],"wp:featuredmedia":[{"embeddable":true,"href":"https:\/\/vof-news.eu\/de\/wp-json\/wp\/v2\/media\/265881"}],"wp:attachment":[{"href":"https:\/\/vof-news.eu\/de\/wp-json\/wp\/v2\/media?parent=265880"}],"wp:term":[{"taxonomy":"category","embeddable":true,"href":"https:\/\/vof-news.eu\/de\/wp-json\/wp\/v2\/categories?post=265880"},{"taxonomy":"post_tag","embeddable":true,"href":"https:\/\/vof-news.eu\/de\/wp-json\/wp\/v2\/tags?post=265880"}],"curies":[{"name":"wp","href":"https:\/\/api.w.org\/{rel}","templated":true}]}}