{"id":265758,"date":"2025-08-18T13:28:13","date_gmt":"2025-08-18T10:28:13","guid":{"rendered":"https:\/\/vof-news.eu\/woruber-trump-selenskyj-und-die-europaer-in-washington-verhandeln\/"},"modified":"2025-08-18T13:29:24","modified_gmt":"2025-08-18T10:29:24","slug":"woruber-trump-selenskyj-und-die-europaer-in-washington-verhandeln","status":"publish","type":"post","link":"https:\/\/vof-news.eu\/de\/woruber-trump-selenskyj-und-die-europaer-in-washington-verhandeln\/","title":{"rendered":"Wor\u00fcber Trump, Selenskyj und die Europ\u00e4er in Washington verhandeln"},"content":{"rendered":"<div>\n<p>\u2013\u00a0 d\n<\/p>\n<nav>\n<h2>Alle Fragen im \u00dcberblick:<\/h2>\n<ul>\n<li>\n<a href=\"https:\/\/www.zeit.de#wer-trifft-sich-heute-im-weissen-haus\" rel=\"nofollow\"><br \/>\n<span>Wer trifft sich heute im Wei\u00dfen Haus?<\/span><\/p>\n<p><\/a>\n<\/li>\n<li>\n<a href=\"https:\/\/www.zeit.de#wie-ist-der-zeitplan\" rel=\"nofollow\"><br \/>\n<span>Wie ist der Zeitplan?<\/span><\/p>\n<p><\/a>\n<\/li>\n<li>\n<a href=\"https:\/\/www.zeit.de#was-ist-das-uebergeordnete-ziel-des-treffens\" rel=\"nofollow\"><br \/>\n<span>Was ist das \u00fcbergeordnete Ziel des Treffens?<\/span><\/p>\n<p><\/a>\n<\/li>\n<li>\n<a href=\"https:\/\/www.zeit.de#welche-themen-werden-besprochen\" rel=\"nofollow\"><br \/>\n<span>Welche Themen werden besprochen?<\/span><\/p>\n<p><\/a>\n<\/li>\n<li>\n<a href=\"https:\/\/www.zeit.de#was-ist-vorab-an-positionen-schon-bekannt\" rel=\"nofollow\"><br \/>\n<span>Was ist vorab an Positionen schon bekannt?<\/span><\/p>\n<p><\/a>\n<\/li>\n<li>\n<a href=\"https:\/\/www.zeit.de#wie-geht-es-nach-dem-treffen-im-weissen-haus-weiter\" rel=\"nofollow\"><br \/>\n<span>Wie geht es nach dem Treffen im Wei\u00dfen Haus weiter?<\/span><\/p>\n<p><\/a>\n<\/li>\n<\/ul>\n<\/nav>\n<\/div>\n","protected":false},"excerpt":{"rendered":"<p>\u2013\u00a0 d Alle Fragen im \u00dcberblick: Wer trifft sich heute im Wei\u00dfen Haus? Wie ist der Zeitplan? Was ist das \u00fcbergeordnete Ziel des Treffens? Welche Themen werden besprochen? Was ist vorab an Positionen schon bekannt? Wie geht es nach dem Treffen im Wei\u00dfen Haus weiter?<\/p>\n","protected":false},"author":1,"featured_media":265759,"comment_status":"open","ping_status":"open","sticky":false,"template":"","format":"standard","meta":{"footnotes":""},"categories":[116],"tags":[],"class_list":["post-265758","post","type-post","status-publish","format-standard","has-post-thumbnail","hentry","category-war-chronicles-de"],"acf":[],"yoast_head":"<!-- This site is optimized with the Yoast SEO plugin v22.9 - https:\/\/yoast.com\/wordpress\/plugins\/seo\/ -->\n<title>Wor\u00fcber Trump, Selenskyj und die Europ\u00e4er in Washington verhandeln - vof-news.eu<\/title>\n<meta name=\"description\" content=\"\u2013\u00a0 d\" \/>\n<meta name=\"robots\" content=\"noindex, follow, max-snippet:-1, max-image-preview:large, max-video-preview:-1\" \/>\n<meta property=\"og:locale\" content=\"de_DE\" \/>\n<meta property=\"og:type\" content=\"article\" \/>\n<meta property=\"og:title\" content=\"Wor\u00fcber Trump, Selenskyj und die Europ\u00e4er in Washington verhandeln - vof-news.eu\" \/>\n<meta property=\"og:description\" content=\"\u2013\u00a0 d\" \/>\n<meta property=\"og:url\" content=\"https:\/\/vof-news.eu\/de\/woruber-trump-selenskyj-und-die-europaer-in-washington-verhandeln\/\" \/>\n<meta property=\"og:site_name\" content=\"vof-news.eu\" \/>\n<meta property=\"article:published_time\" content=\"2025-08-18T10:28:13+00:00\" \/>\n<meta property=\"article:modified_time\" content=\"2025-08-18T10:29:24+00:00\" \/>\n<meta property=\"og:image\" content=\"https:\/\/vof-news.eu\/wp-content\/uploads\/2025\/08\/wide__1000x562-62.jpg\" \/>\n\t<meta property=\"og:image:width\" content=\"1000\" \/>\n\t<meta property=\"og:image:height\" content=\"562\" \/>\n\t<meta property=\"og:image:type\" content=\"image\/jpeg\" \/>\n<meta name=\"author\" content=\"Author\" \/>\n<meta name=\"twitter:card\" content=\"summary_large_image\" \/>\n<meta name=\"twitter:label1\" content=\"Verfasst von\" \/>\n\t<meta name=\"twitter:data1\" content=\"Author\" \/>\n<script type=\"application\/ld+json\" class=\"yoast-schema-graph\">{\"@context\":\"https:\/\/schema.org\",\"@graph\":[{\"@type\":\"WebPage\",\"@id\":\"https:\/\/vof-news.eu\/de\/woruber-trump-selenskyj-und-die-europaer-in-washington-verhandeln\/\",\"url\":\"https:\/\/vof-news.eu\/de\/woruber-trump-selenskyj-und-die-europaer-in-washington-verhandeln\/\",\"name\":\"Wor\u00fcber Trump, Selenskyj und die Europ\u00e4er in Washington verhandeln - vof-news.eu\",\"isPartOf\":{\"@id\":\"https:\/\/vof-news.eu\/de\/#website\"},\"primaryImageOfPage\":{\"@id\":\"https:\/\/vof-news.eu\/de\/woruber-trump-selenskyj-und-die-europaer-in-washington-verhandeln\/#primaryimage\"},\"image\":{\"@id\":\"https:\/\/vof-news.eu\/de\/woruber-trump-selenskyj-und-die-europaer-in-washington-verhandeln\/#primaryimage\"},\"thumbnailUrl\":\"https:\/\/vof-news.eu\/wp-content\/uploads\/2025\/08\/wide__1000x562-62.jpg\",\"datePublished\":\"2025-08-18T10:28:13+00:00\",\"dateModified\":\"2025-08-18T10:29:24+00:00\",\"author\":{\"@id\":\"https:\/\/vof-news.eu\/de\/#\/schema\/person\/f6a2a4309f0561835797fd8c19b333ed\"},\"description\":\"\u2013\u00a0 d\",\"breadcrumb\":{\"@id\":\"https:\/\/vof-news.eu\/de\/woruber-trump-selenskyj-und-die-europaer-in-washington-verhandeln\/#breadcrumb\"},\"inLanguage\":\"de\",\"potentialAction\":[{\"@type\":\"ReadAction\",\"target\":[\"https:\/\/vof-news.eu\/de\/woruber-trump-selenskyj-und-die-europaer-in-washington-verhandeln\/\"]}]},{\"@type\":\"ImageObject\",\"inLanguage\":\"de\",\"@id\":\"https:\/\/vof-news.eu\/de\/woruber-trump-selenskyj-und-die-europaer-in-washington-verhandeln\/#primaryimage\",\"url\":\"https:\/\/vof-news.eu\/wp-content\/uploads\/2025\/08\/wide__1000x562-62.jpg\",\"contentUrl\":\"https:\/\/vof-news.eu\/wp-content\/uploads\/2025\/08\/wide__1000x562-62.jpg\",\"width\":1000,\"height\":562},{\"@type\":\"BreadcrumbList\",\"@id\":\"https:\/\/vof-news.eu\/de\/woruber-trump-selenskyj-und-die-europaer-in-washington-verhandeln\/#breadcrumb\",\"itemListElement\":[{\"@type\":\"ListItem\",\"position\":1,\"name\":\"Home\",\"item\":\"https:\/\/vof-news.eu\/de\/\"},{\"@type\":\"ListItem\",\"position\":2,\"name\":\"Wor\u00fcber Trump, Selenskyj und die Europ\u00e4er in Washington verhandeln\"}]},{\"@type\":\"WebSite\",\"@id\":\"https:\/\/vof-news.eu\/de\/#website\",\"url\":\"https:\/\/vof-news.eu\/de\/\",\"name\":\"vof-news.eu\",\"description\":\"\",\"potentialAction\":[{\"@type\":\"SearchAction\",\"target\":{\"@type\":\"EntryPoint\",\"urlTemplate\":\"https:\/\/vof-news.eu\/de\/?s={search_term_string}\"},\"query-input\":\"required name=search_term_string\"}],\"inLanguage\":\"de\"},{\"@type\":\"Person\",\"@id\":\"https:\/\/vof-news.eu\/de\/#\/schema\/person\/f6a2a4309f0561835797fd8c19b333ed\",\"name\":\"Author\",\"image\":{\"@type\":\"ImageObject\",\"inLanguage\":\"de\",\"@id\":\"https:\/\/vof-news.eu\/de\/#\/schema\/person\/image\/\",\"url\":\"https:\/\/secure.gravatar.com\/avatar\/b67e614b1b25b3e9c0c239efdd2fde5ab015b5affd6f1c3c85911ca4b384e790?s=96&d=mm&r=g\",\"contentUrl\":\"https:\/\/secure.gravatar.com\/avatar\/b67e614b1b25b3e9c0c239efdd2fde5ab015b5affd6f1c3c85911ca4b384e790?s=96&d=mm&r=g\",\"caption\":\"Author\"},\"sameAs\":[\"http:\/\/vof-news.eu\"],\"url\":\"https:\/\/vof-news.eu\/de\/author\/zwt6qxnjulxbnyg\/\"}]}<\/script>\n<!-- \/ Yoast SEO plugin. -->","yoast_head_json":{"title":"Wor\u00fcber Trump, Selenskyj und die Europ\u00e4er in Washington verhandeln - vof-news.eu","description":"\u2013\u00a0 d","robots":{"index":"noindex","follow":"follow","max-snippet":"max-snippet:-1","max-image-preview":"max-image-preview:large","max-video-preview":"max-video-preview:-1"},"og_locale":"de_DE","og_type":"article","og_title":"Wor\u00fcber Trump, Selenskyj und die Europ\u00e4er in Washington verhandeln - vof-news.eu","og_description":"\u2013\u00a0 d","og_url":"https:\/\/vof-news.eu\/de\/woruber-trump-selenskyj-und-die-europaer-in-washington-verhandeln\/","og_site_name":"vof-news.eu","article_published_time":"2025-08-18T10:28:13+00:00","article_modified_time":"2025-08-18T10:29:24+00:00","og_image":[{"width":1000,"height":562,"url":"https:\/\/vof-news.eu\/wp-content\/uploads\/2025\/08\/wide__1000x562-62.jpg","type":"image\/jpeg"}],"author":"Author","twitter_card":"summary_large_image","twitter_misc":{"Verfasst von":"Author"},"schema":{"@context":"https:\/\/schema.org","@graph":[{"@type":"WebPage","@id":"https:\/\/vof-news.eu\/de\/woruber-trump-selenskyj-und-die-europaer-in-washington-verhandeln\/","url":"https:\/\/vof-news.eu\/de\/woruber-trump-selenskyj-und-die-europaer-in-washington-verhandeln\/","name":"Wor\u00fcber Trump, Selenskyj und die Europ\u00e4er in Washington verhandeln - vof-news.eu","isPartOf":{"@id":"https:\/\/vof-news.eu\/de\/#website"},"primaryImageOfPage":{"@id":"https:\/\/vof-news.eu\/de\/woruber-trump-selenskyj-und-die-europaer-in-washington-verhandeln\/#primaryimage"},"image":{"@id":"https:\/\/vof-news.eu\/de\/woruber-trump-selenskyj-und-die-europaer-in-washington-verhandeln\/#primaryimage"},"thumbnailUrl":"https:\/\/vof-news.eu\/wp-content\/uploads\/2025\/08\/wide__1000x562-62.jpg","datePublished":"2025-08-18T10:28:13+00:00","dateModified":"2025-08-18T10:29:24+00:00","author":{"@id":"https:\/\/vof-news.eu\/de\/#\/schema\/person\/f6a2a4309f0561835797fd8c19b333ed"},"description":"\u2013\u00a0 d","breadcrumb":{"@id":"https:\/\/vof-news.eu\/de\/woruber-trump-selenskyj-und-die-europaer-in-washington-verhandeln\/#breadcrumb"},"inLanguage":"de","potentialAction":[{"@type":"ReadAction","target":["https:\/\/vof-news.eu\/de\/woruber-trump-selenskyj-und-die-europaer-in-washington-verhandeln\/"]}]},{"@type":"ImageObject","inLanguage":"de","@id":"https:\/\/vof-news.eu\/de\/woruber-trump-selenskyj-und-die-europaer-in-washington-verhandeln\/#primaryimage","url":"https:\/\/vof-news.eu\/wp-content\/uploads\/2025\/08\/wide__1000x562-62.jpg","contentUrl":"https:\/\/vof-news.eu\/wp-content\/uploads\/2025\/08\/wide__1000x562-62.jpg","width":1000,"height":562},{"@type":"BreadcrumbList","@id":"https:\/\/vof-news.eu\/de\/woruber-trump-selenskyj-und-die-europaer-in-washington-verhandeln\/#breadcrumb","itemListElement":[{"@type":"ListItem","position":1,"name":"Home","item":"https:\/\/vof-news.eu\/de\/"},{"@type":"ListItem","position":2,"name":"Wor\u00fcber Trump, Selenskyj und die Europ\u00e4er in Washington verhandeln"}]},{"@type":"WebSite","@id":"https:\/\/vof-news.eu\/de\/#website","url":"https:\/\/vof-news.eu\/de\/","name":"vof-news.eu","description":"","potentialAction":[{"@type":"SearchAction","target":{"@type":"EntryPoint","urlTemplate":"https:\/\/vof-news.eu\/de\/?s={search_term_string}"},"query-input":"required name=search_term_string"}],"inLanguage":"de"},{"@type":"Person","@id":"https:\/\/vof-news.eu\/de\/#\/schema\/person\/f6a2a4309f0561835797fd8c19b333ed","name":"Author","image":{"@type":"ImageObject","inLanguage":"de","@id":"https:\/\/vof-news.eu\/de\/#\/schema\/person\/image\/","url":"https:\/\/secure.gravatar.com\/avatar\/b67e614b1b25b3e9c0c239efdd2fde5ab015b5affd6f1c3c85911ca4b384e790?s=96&d=mm&r=g","contentUrl":"https:\/\/secure.gravatar.com\/avatar\/b67e614b1b25b3e9c0c239efdd2fde5ab015b5affd6f1c3c85911ca4b384e790?s=96&d=mm&r=g","caption":"Author"},"sameAs":["http:\/\/vof-news.eu"],"url":"https:\/\/vof-news.eu\/de\/author\/zwt6qxnjulxbnyg\/"}]}},"yoast_meta":{"yoast_wpseo_title":"","yoast_wpseo_metadesc":"","yoast_wpseo_canonical":""},"_links":{"self":[{"href":"https:\/\/vof-news.eu\/de\/wp-json\/wp\/v2\/posts\/265758","targetHints":{"allow":["GET"]}}],"collection":[{"href":"https:\/\/vof-news.eu\/de\/wp-json\/wp\/v2\/posts"}],"about":[{"href":"https:\/\/vof-news.eu\/de\/wp-json\/wp\/v2\/types\/post"}],"author":[{"embeddable":true,"href":"https:\/\/vof-news.eu\/de\/wp-json\/wp\/v2\/users\/1"}],"replies":[{"embeddable":true,"href":"https:\/\/vof-news.eu\/de\/wp-json\/wp\/v2\/comments?post=265758"}],"version-history":[{"count":1,"href":"https:\/\/vof-news.eu\/de\/wp-json\/wp\/v2\/posts\/265758\/revisions"}],"predecessor-version":[{"id":265765,"href":"https:\/\/vof-news.eu\/de\/wp-json\/wp\/v2\/posts\/265758\/revisions\/265765"}],"wp:featuredmedia":[{"embeddable":true,"href":"https:\/\/vof-news.eu\/de\/wp-json\/wp\/v2\/media\/265759"}],"wp:attachment":[{"href":"https:\/\/vof-news.eu\/de\/wp-json\/wp\/v2\/media?parent=265758"}],"wp:term":[{"taxonomy":"category","embeddable":true,"href":"https:\/\/vof-news.eu\/de\/wp-json\/wp\/v2\/categories?post=265758"},{"taxonomy":"post_tag","embeddable":true,"href":"https:\/\/vof-news.eu\/de\/wp-json\/wp\/v2\/tags?post=265758"}],"curies":[{"name":"wp","href":"https:\/\/api.w.org\/{rel}","templated":true}]}}