{"id":265750,"date":"2025-08-18T13:26:51","date_gmt":"2025-08-18T10:26:51","guid":{"rendered":"https:\/\/vof-news.eu\/er-pragt-das-intelligence-age-axel-springer-award-2025-fur-sam-altman\/"},"modified":"2025-08-18T13:27:09","modified_gmt":"2025-08-18T10:27:09","slug":"er-pragt-das-intelligence-age-axel-springer-award-2025-fur-sam-altman","status":"publish","type":"post","link":"https:\/\/vof-news.eu\/de\/er-pragt-das-intelligence-age-axel-springer-award-2025-fur-sam-altman\/","title":{"rendered":"Er pr\u00e4gt das \u201eIntelligence Age\u201c \u2013 Axel Springer Award 2025 f\u00fcr Sam Altman"},"content":{"rendered":"<p>Sam Altman wird mit dem Axel Springer Award 2025 geehrt. Axel Springer (WELT, \u201eBusiness Insider\u201c, \u201ePolitico\u201c, \u201eBild\u201c) w\u00fcrdigt mit dem Award Pers\u00f6nlichkeiten, die in herausragender Weise als Unternehmer, M\u00e4rkte ver\u00e4ndern und gesellschaftliche Verantwortung \u00fcbernehmen. Altman vereine all diese Qualit\u00e4ten in einzigartiger Weise, hei\u00dft es in der Begr\u00fcndung: \u201eAls Gr\u00fcnder, als Forscher, als \u00f6ffentlicher Intellektueller.\u201c Die Preisverleihung findet am 24. September in Berlin statt.<\/p>\n<p>Der CEO von OpenAI sei nicht nur ein \u201eVordenker der K\u00fcnstlichen Intelligenz\u201c, sondern Gestalter eines neuen Zeitalters: des \u201eIntelligence Age\u201c. Altman stehe in einer \u00c4ra, in der technologische Entwicklungen unsere Gesellschaft in atemberaubendem Tempo ver\u00e4nderten, f\u00fcr einen Fortschritt, der nicht nur \u201eeffizient, sondern auch ethisch gedacht wird\u201c.<\/p>\n<p>So habe Altman wiederholt die Notwendigkeit hervorgehoben, \u201epotenzielle Risiken im Umgang mit KI zu minimieren\u201c. Au\u00dferdem spreche er sich f\u00fcr klare und effektive Regulierungen aus. Er \u00e4u\u00dferte unter anderem seine Unterst\u00fctzung f\u00fcr den EU-Verhaltenskodex, der einen verantwortungsvollen Umgang mit der Technologie f\u00f6rdern soll.  <\/p>\n<h3>D\u00f6pfner: \u201eSam Altman verk\u00f6rpert Innovationskraft gepaart mit Reflexion\u201c<\/h3>\n<p>Mit seinem unternehmerischen Mut und seiner F\u00e4higkeit, Menschen f\u00fcr gro\u00dfe Ideen zu begeistern, habe der 40-j\u00e4hrige Amerikaner ma\u00dfgeblich dazu beigetragen, K\u00fcnstliche Intelligenz aus Forschungslaboren in den Alltag zu \u00fcberf\u00fchren. Mathias D\u00f6pfner, Vorstandsvorsitzender von Axel Springer sagte: \u201eSam Altman verk\u00f6rpert Innovationskraft gepaart mit Reflexion. Seine Arbeit bei OpenAI hat das Denken \u00fcber Technologie, und wie diese menschlichen F\u00e4higkeiten erweitern kann, fundamental ver\u00e4ndert. Wir freuen uns, Sam Altman mit dem Axel Springer Award auszuzeichnen.\u201c<\/p>\n<h3>\u00dcber den Axel Springer Award<\/h3>\n<p>Der Axel Springer Award ist ein ideeller Preis ohne Preisgeld. Sam Altman ist der bislang neunte Preistr\u00e4ger. In der Vergangenheit ausgezeichnet wurden <a class=\"is-link c-block-items__link c-link--rich-text-renderer\" data-internal-tracking='{\"action\":\"click\",\"label\":\"link\",\"name\":\"Inline Element\",\"data\":{\"source\":\"\",\"target\":\"https:\/\/www.welt.de\/wirtschaft\/gallery152665947\/Mark-Zuckerberg-erhaelt-ersten-Axel-Springer-Award.html\",\"trackingName\":\"\",\"trackingLabel\":\"\"}}' data-internal-tracking-enabled=\"true\" href=\"https:\/\/www.welt.de\/wirtschaft\/gallery152665947\/Mark-Zuckerberg-erhaelt-ersten-Axel-Springer-Award.html\">Mark Zuckerberg<\/a> (Gr\u00fcnder und CEO von Facebook), <a class=\"is-link c-block-items__link c-link--rich-text-renderer\" data-internal-tracking='{\"action\":\"click\",\"label\":\"link\",\"name\":\"Inline Element\",\"data\":{\"source\":\"\",\"target\":\"https:\/\/www.welt.de\/kultur\/article163190708\/Sir-Timothy-Berners-Lee-Axel-Springer-Award-fuer-den-Erfinder-des-World-Wide-Web.html\",\"trackingName\":\"\",\"trackingLabel\":\"\"}}' data-internal-tracking-enabled=\"true\" href=\"https:\/\/www.welt.de\/kultur\/article163190708\/Sir-Timothy-Berners-Lee-Axel-Springer-Award-fuer-den-Erfinder-des-World-Wide-Web.html\">Sir Tim Berners-Lee<\/a> (Erfinder des World Wide Web), <a class=\"is-link c-block-items__link c-link--rich-text-renderer\" data-internal-tracking='{\"action\":\"click\",\"label\":\"link\",\"name\":\"Inline Element\",\"data\":{\"source\":\"\",\"target\":\"https:\/\/www.welt.de\/wirtschaft\/article175795322\/Jeff-Bezos-Wenn-Kritiker-Recht-haben-Aendere-dich.html\",\"trackingName\":\"\",\"trackingLabel\":\"\"}}' data-internal-tracking-enabled=\"true\" href=\"https:\/\/www.welt.de\/wirtschaft\/article175795322\/Jeff-Bezos-Wenn-Kritiker-Recht-haben-Aendere-dich.html\">Jeff Bezos<\/a> (Gr\u00fcnder und CEO von Amazon und Eigent\u00fcmer der \u201eWashington Post\u201c), die Wirtschaftswissenschaftlerin und Autorin <a class=\"is-link c-block-items__link c-link--rich-text-renderer\" data-internal-tracking='{\"action\":\"click\",\"label\":\"link\",\"name\":\"Inline Element\",\"data\":{\"source\":\"\",\"target\":\"https:\/\/www.welt.de\/wirtschaft\/article203213488\/Axel-Springer-Award-Oekonomin-Shoshana-Zuboff-in-Berlin-ausgezeichnet.html\",\"trackingName\":\"\",\"trackingLabel\":\"\"}}' data-internal-tracking-enabled=\"true\" href=\"https:\/\/www.welt.de\/wirtschaft\/article203213488\/Axel-Springer-Award-Oekonomin-Shoshana-Zuboff-in-Berlin-ausgezeichnet.html\">Shoshana Zuboff<\/a>, <a class=\"is-link c-block-items__link c-link--rich-text-renderer\" data-internal-tracking='{\"action\":\"click\",\"label\":\"link\",\"name\":\"Inline Element\",\"data\":{\"source\":\"\",\"target\":\"https:\/\/www.welt.de\/wirtschaft\/article221560384\/Axel-Springer-Award-In-sechs-Jahren-will-Elon-Musk-zum-Mars.html\",\"trackingName\":\"\",\"trackingLabel\":\"\"}}' data-internal-tracking-enabled=\"true\" href=\"https:\/\/www.welt.de\/wirtschaft\/article221560384\/Axel-Springer-Award-In-sechs-Jahren-will-Elon-Musk-zum-Mars.html\">Elon Musk<\/a> (CEO unter anderem von Tesla und SpaceX) die BioNTech-Gr\u00fcnder <a class=\"is-link c-block-items__link c-link--rich-text-renderer\" data-internal-tracking='{\"action\":\"click\",\"label\":\"link\",\"name\":\"Inline Element\",\"data\":{\"source\":\"\",\"target\":\"https:\/\/www.welt.de\/wirtschaft\/article228680095\/Biontech-Gruender-Brauchen-Pragmatismus-bei-der-Verteilung-des-Impfstoffs.html\",\"trackingName\":\"\",\"trackingLabel\":\"\"}}' data-internal-tracking-enabled=\"true\" href=\"https:\/\/www.welt.de\/wirtschaft\/article228680095\/Biontech-Gruender-Brauchen-Pragmatismus-bei-der-Verteilung-des-Impfstoffs.html\">\u00d6zlem T\u00fcreci und U\u011fur \u015eahin<\/a>, der ukrainische Pr\u00e4sident <a class=\"is-link c-block-items__link c-link--rich-text-renderer\" data-internal-tracking='{\"action\":\"click\",\"label\":\"link\",\"name\":\"Inline Element\",\"data\":{\"source\":\"\",\"target\":\"https:\/\/www.welt.de\/politik\/ausland\/article237263385\/Selenskyj-Ukrainischer-Praesident-wird-mit-Axel-Springer-Award-ausgezeichnet.html\",\"trackingName\":\"\",\"trackingLabel\":\"\"}}' data-internal-tracking-enabled=\"true\" href=\"https:\/\/www.welt.de\/politik\/ausland\/article237263385\/Selenskyj-Ukrainischer-Praesident-wird-mit-Axel-Springer-Award-ausgezeichnet.html\">Wolodymyr Selenskyj<\/a> und zuletzt Microsoft CEO Satya Nadella.<\/p>\n","protected":false},"excerpt":{"rendered":"<p>Sam Altman wird mit dem Axel Springer Award 2025 geehrt. Axel Springer (WELT, \u201eBusiness Insider\u201c, \u201ePolitico\u201c, \u201eBild\u201c) w\u00fcrdigt mit dem Award Pers\u00f6nlichkeiten, die in herausragender Weise als Unternehmer, M\u00e4rkte ver\u00e4ndern und gesellschaftliche Verantwortung \u00fcbernehmen. Altman vereine all diese Qualit\u00e4ten in einzigartiger Weise, hei\u00dft es in der Begr\u00fcndung: \u201eAls Gr\u00fcnder, als Forscher, als \u00f6ffentlicher Intellektueller.\u201c Die<\/p>\n","protected":false},"author":1,"featured_media":265751,"comment_status":"open","ping_status":"open","sticky":false,"template":"","format":"standard","meta":{"footnotes":""},"categories":[59],"tags":[],"class_list":["post-265750","post","type-post","status-publish","format-standard","has-post-thumbnail","hentry","category-business-de"],"acf":[],"yoast_head":"<!-- This site is optimized with the Yoast SEO plugin v22.9 - https:\/\/yoast.com\/wordpress\/plugins\/seo\/ -->\n<title>Er pr\u00e4gt das \u201eIntelligence Age\u201c \u2013 Axel Springer Award 2025 f\u00fcr Sam Altman - vof-news.eu<\/title>\n<meta name=\"description\" content=\"Sam Altman wird mit dem Axel Springer Award 2025 geehrt. Axel Springer (WELT, \u201eBusiness Insider\u201c, \u201ePolitico\u201c, \u201eBild\u201c) w\u00fcrdigt mit dem Award Pers\u00f6nlichkeiten, die in herausragender Weise als Unternehmer, M\u00e4rkte ver\u00e4ndern und gesellschaftliche Verantwortung \u00fcbernehmen. Altman vereine all diese Qualit\u00e4ten in einzigartiger Weise, hei\u00dft es in der Begr\u00fcndung: \u201eAls Gr\u00fcnder, als Forscher, als \u00f6ffentlicher Intellektueller.\u201c Die Preisverleihung findet am 24. September in Berlin statt.Der CEO von OpenAI sei nicht nur ein \u201eVordenker der K\u00fcnstlichen Intelligenz\u201c, sondern Gestalter eines neuen Zeitalters: des \u201eIntelligence Age\u201c. Altman stehe in einer \u00c4ra, in der technologische Entwicklungen unsere Gesellschaft in atemberaubendem Tempo ver\u00e4nderten, f\u00fcr einen Fortschritt, der nicht nur \u201eeffizient, sondern auch ethisch gedacht wird\u201c.So habe Altman wiederholt die Notwendigkeit hervorgehoben, \u201epotenzielle Risiken im Umgang mit KI zu minimieren\u201c. Au\u00dferdem spreche er sich f\u00fcr klare und effektive Regulierungen aus. Er \u00e4u\u00dferte unter anderem seine Unterst\u00fctzung f\u00fcr den EU-Verhaltenskodex, der einen verantwortungsvollen Umgang mit der Technologie f\u00f6rdern soll. D\u00f6pfner: \u201eSam Altman verk\u00f6rpert Innovationskraft gepaart mit Reflexion\u201cMit seinem unternehmerischen Mut und seiner F\u00e4higkeit, Menschen f\u00fcr gro\u00dfe Ideen zu begeistern, habe der 40-j\u00e4hrige Amerikaner ma\u00dfgeblich dazu beigetragen, K\u00fcnstliche Intelligenz aus Forschungslaboren in den Alltag zu \u00fcberf\u00fchren. Mathias D\u00f6pfner, Vorstandsvorsitzender von Axel Springer sagte: \u201eSam Altman verk\u00f6rpert Innovationskraft gepaart mit Reflexion. Seine Arbeit bei OpenAI hat das Denken \u00fcber Technologie, und wie diese menschlichen F\u00e4higkeiten erweitern kann, fundamental ver\u00e4ndert. Wir freuen uns, Sam Altman mit dem Axel Springer Award auszuzeichnen.\u201c\u00dcber den Axel Springer AwardDer Axel Springer Award ist ein ideeller Preis ohne Preisgeld. Sam Altman ist der bislang neunte Preistr\u00e4ger. In der Vergangenheit ausgezeichnet wurden Mark Zuckerberg (Gr\u00fcnder und CEO von Facebook), Sir Tim Berners-Lee (Erfinder des World Wide Web), Jeff Bezos (Gr\u00fcnder und CEO von Amazon und Eigent\u00fcmer der \u201eWashington Post\u201c), die Wirtschaftswissenschaftlerin und Autorin Shoshana Zuboff, Elon Musk (CEO unter anderem von Tesla und SpaceX) die BioNTech-Gr\u00fcnder \u00d6zlem T\u00fcreci und U\u011fur \u015eahin, der ukrainische Pr\u00e4sident Wolodymyr Selenskyj und zuletzt Microsoft CEO Satya Nadella.\" \/>\n<meta name=\"robots\" content=\"noindex, follow, max-snippet:-1, max-image-preview:large, max-video-preview:-1\" \/>\n<meta property=\"og:locale\" content=\"de_DE\" \/>\n<meta property=\"og:type\" content=\"article\" \/>\n<meta property=\"og:title\" content=\"Er pr\u00e4gt das \u201eIntelligence Age\u201c \u2013 Axel Springer Award 2025 f\u00fcr Sam Altman - vof-news.eu\" \/>\n<meta property=\"og:description\" content=\"Sam Altman wird mit dem Axel Springer Award 2025 geehrt. Axel Springer (WELT, \u201eBusiness Insider\u201c, \u201ePolitico\u201c, \u201eBild\u201c) w\u00fcrdigt mit dem Award Pers\u00f6nlichkeiten, die in herausragender Weise als Unternehmer, M\u00e4rkte ver\u00e4ndern und gesellschaftliche Verantwortung \u00fcbernehmen. Altman vereine all diese Qualit\u00e4ten in einzigartiger Weise, hei\u00dft es in der Begr\u00fcndung: \u201eAls Gr\u00fcnder, als Forscher, als \u00f6ffentlicher Intellektueller.\u201c Die Preisverleihung findet am 24. September in Berlin statt.Der CEO von OpenAI sei nicht nur ein \u201eVordenker der K\u00fcnstlichen Intelligenz\u201c, sondern Gestalter eines neuen Zeitalters: des \u201eIntelligence Age\u201c. Altman stehe in einer \u00c4ra, in der technologische Entwicklungen unsere Gesellschaft in atemberaubendem Tempo ver\u00e4nderten, f\u00fcr einen Fortschritt, der nicht nur \u201eeffizient, sondern auch ethisch gedacht wird\u201c.So habe Altman wiederholt die Notwendigkeit hervorgehoben, \u201epotenzielle Risiken im Umgang mit KI zu minimieren\u201c. Au\u00dferdem spreche er sich f\u00fcr klare und effektive Regulierungen aus. Er \u00e4u\u00dferte unter anderem seine Unterst\u00fctzung f\u00fcr den EU-Verhaltenskodex, der einen verantwortungsvollen Umgang mit der Technologie f\u00f6rdern soll. D\u00f6pfner: \u201eSam Altman verk\u00f6rpert Innovationskraft gepaart mit Reflexion\u201cMit seinem unternehmerischen Mut und seiner F\u00e4higkeit, Menschen f\u00fcr gro\u00dfe Ideen zu begeistern, habe der 40-j\u00e4hrige Amerikaner ma\u00dfgeblich dazu beigetragen, K\u00fcnstliche Intelligenz aus Forschungslaboren in den Alltag zu \u00fcberf\u00fchren. Mathias D\u00f6pfner, Vorstandsvorsitzender von Axel Springer sagte: \u201eSam Altman verk\u00f6rpert Innovationskraft gepaart mit Reflexion. Seine Arbeit bei OpenAI hat das Denken \u00fcber Technologie, und wie diese menschlichen F\u00e4higkeiten erweitern kann, fundamental ver\u00e4ndert. Wir freuen uns, Sam Altman mit dem Axel Springer Award auszuzeichnen.\u201c\u00dcber den Axel Springer AwardDer Axel Springer Award ist ein ideeller Preis ohne Preisgeld. Sam Altman ist der bislang neunte Preistr\u00e4ger. In der Vergangenheit ausgezeichnet wurden Mark Zuckerberg (Gr\u00fcnder und CEO von Facebook), Sir Tim Berners-Lee (Erfinder des World Wide Web), Jeff Bezos (Gr\u00fcnder und CEO von Amazon und Eigent\u00fcmer der \u201eWashington Post\u201c), die Wirtschaftswissenschaftlerin und Autorin Shoshana Zuboff, Elon Musk (CEO unter anderem von Tesla und SpaceX) die BioNTech-Gr\u00fcnder \u00d6zlem T\u00fcreci und U\u011fur \u015eahin, der ukrainische Pr\u00e4sident Wolodymyr Selenskyj und zuletzt Microsoft CEO Satya Nadella.\" \/>\n<meta property=\"og:url\" content=\"https:\/\/vof-news.eu\/de\/er-pragt-das-intelligence-age-axel-springer-award-2025-fur-sam-altman\/\" \/>\n<meta property=\"og:site_name\" content=\"vof-news.eu\" \/>\n<meta property=\"article:published_time\" content=\"2025-08-18T10:26:51+00:00\" \/>\n<meta property=\"article:modified_time\" content=\"2025-08-18T10:27:09+00:00\" \/>\n<meta property=\"og:image\" content=\"https:\/\/vof-news.eu\/wp-content\/uploads\/2025\/08\/openai-releases-models-open-to-tweaking-as-it-faces-pressure-to-be-more-revealing-about-the-workings-of-its-artificial-intelligence-technology.webp\" \/>\n\t<meta property=\"og:image:width\" content=\"1200\" \/>\n\t<meta property=\"og:image:height\" content=\"574\" \/>\n\t<meta property=\"og:image:type\" content=\"image\/webp\" \/>\n<meta name=\"author\" content=\"Author\" \/>\n<meta name=\"twitter:card\" content=\"summary_large_image\" \/>\n<meta name=\"twitter:label1\" content=\"Verfasst von\" \/>\n\t<meta name=\"twitter:data1\" content=\"Author\" \/>\n\t<meta name=\"twitter:label2\" content=\"Gesch\u00e4tzte Lesezeit\" \/>\n\t<meta name=\"twitter:data2\" content=\"2\u00a0Minuten\" \/>\n<script type=\"application\/ld+json\" class=\"yoast-schema-graph\">{\"@context\":\"https:\/\/schema.org\",\"@graph\":[{\"@type\":\"WebPage\",\"@id\":\"https:\/\/vof-news.eu\/de\/er-pragt-das-intelligence-age-axel-springer-award-2025-fur-sam-altman\/\",\"url\":\"https:\/\/vof-news.eu\/de\/er-pragt-das-intelligence-age-axel-springer-award-2025-fur-sam-altman\/\",\"name\":\"Er pr\u00e4gt das \u201eIntelligence Age\u201c \u2013 Axel Springer Award 2025 f\u00fcr Sam Altman - vof-news.eu\",\"isPartOf\":{\"@id\":\"https:\/\/vof-news.eu\/de\/#website\"},\"primaryImageOfPage\":{\"@id\":\"https:\/\/vof-news.eu\/de\/er-pragt-das-intelligence-age-axel-springer-award-2025-fur-sam-altman\/#primaryimage\"},\"image\":{\"@id\":\"https:\/\/vof-news.eu\/de\/er-pragt-das-intelligence-age-axel-springer-award-2025-fur-sam-altman\/#primaryimage\"},\"thumbnailUrl\":\"https:\/\/vof-news.eu\/wp-content\/uploads\/2025\/08\/openai-releases-models-open-to-tweaking-as-it-faces-pressure-to-be-more-revealing-about-the-workings-of-its-artificial-intelligence-technology.webp\",\"datePublished\":\"2025-08-18T10:26:51+00:00\",\"dateModified\":\"2025-08-18T10:27:09+00:00\",\"author\":{\"@id\":\"https:\/\/vof-news.eu\/de\/#\/schema\/person\/f6a2a4309f0561835797fd8c19b333ed\"},\"description\":\"Sam Altman wird mit dem Axel Springer Award 2025 geehrt. Axel Springer (WELT, \u201eBusiness Insider\u201c, \u201ePolitico\u201c, \u201eBild\u201c) w\u00fcrdigt mit dem Award Pers\u00f6nlichkeiten, die in herausragender Weise als Unternehmer, M\u00e4rkte ver\u00e4ndern und gesellschaftliche Verantwortung \u00fcbernehmen. Altman vereine all diese Qualit\u00e4ten in einzigartiger Weise, hei\u00dft es in der Begr\u00fcndung: \u201eAls Gr\u00fcnder, als Forscher, als \u00f6ffentlicher Intellektueller.\u201c Die Preisverleihung findet am 24. September in Berlin statt.Der CEO von OpenAI sei nicht nur ein \u201eVordenker der K\u00fcnstlichen Intelligenz\u201c, sondern Gestalter eines neuen Zeitalters: des \u201eIntelligence Age\u201c. Altman stehe in einer \u00c4ra, in der technologische Entwicklungen unsere Gesellschaft in atemberaubendem Tempo ver\u00e4nderten, f\u00fcr einen Fortschritt, der nicht nur \u201eeffizient, sondern auch ethisch gedacht wird\u201c.So habe Altman wiederholt die Notwendigkeit hervorgehoben, \u201epotenzielle Risiken im Umgang mit KI zu minimieren\u201c. Au\u00dferdem spreche er sich f\u00fcr klare und effektive Regulierungen aus. Er \u00e4u\u00dferte unter anderem seine Unterst\u00fctzung f\u00fcr den EU-Verhaltenskodex, der einen verantwortungsvollen Umgang mit der Technologie f\u00f6rdern soll. D\u00f6pfner: \u201eSam Altman verk\u00f6rpert Innovationskraft gepaart mit Reflexion\u201cMit seinem unternehmerischen Mut und seiner F\u00e4higkeit, Menschen f\u00fcr gro\u00dfe Ideen zu begeistern, habe der 40-j\u00e4hrige Amerikaner ma\u00dfgeblich dazu beigetragen, K\u00fcnstliche Intelligenz aus Forschungslaboren in den Alltag zu \u00fcberf\u00fchren. Mathias D\u00f6pfner, Vorstandsvorsitzender von Axel Springer sagte: \u201eSam Altman verk\u00f6rpert Innovationskraft gepaart mit Reflexion. Seine Arbeit bei OpenAI hat das Denken \u00fcber Technologie, und wie diese menschlichen F\u00e4higkeiten erweitern kann, fundamental ver\u00e4ndert. Wir freuen uns, Sam Altman mit dem Axel Springer Award auszuzeichnen.\u201c\u00dcber den Axel Springer AwardDer Axel Springer Award ist ein ideeller Preis ohne Preisgeld. Sam Altman ist der bislang neunte Preistr\u00e4ger. In der Vergangenheit ausgezeichnet wurden Mark Zuckerberg (Gr\u00fcnder und CEO von Facebook), Sir Tim Berners-Lee (Erfinder des World Wide Web), Jeff Bezos (Gr\u00fcnder und CEO von Amazon und Eigent\u00fcmer der \u201eWashington Post\u201c), die Wirtschaftswissenschaftlerin und Autorin Shoshana Zuboff, Elon Musk (CEO unter anderem von Tesla und SpaceX) die BioNTech-Gr\u00fcnder \u00d6zlem T\u00fcreci und U\u011fur \u015eahin, der ukrainische Pr\u00e4sident Wolodymyr Selenskyj und zuletzt Microsoft CEO Satya Nadella.\",\"breadcrumb\":{\"@id\":\"https:\/\/vof-news.eu\/de\/er-pragt-das-intelligence-age-axel-springer-award-2025-fur-sam-altman\/#breadcrumb\"},\"inLanguage\":\"de\",\"potentialAction\":[{\"@type\":\"ReadAction\",\"target\":[\"https:\/\/vof-news.eu\/de\/er-pragt-das-intelligence-age-axel-springer-award-2025-fur-sam-altman\/\"]}]},{\"@type\":\"ImageObject\",\"inLanguage\":\"de\",\"@id\":\"https:\/\/vof-news.eu\/de\/er-pragt-das-intelligence-age-axel-springer-award-2025-fur-sam-altman\/#primaryimage\",\"url\":\"https:\/\/vof-news.eu\/wp-content\/uploads\/2025\/08\/openai-releases-models-open-to-tweaking-as-it-faces-pressure-to-be-more-revealing-about-the-workings-of-its-artificial-intelligence-technology.webp\",\"contentUrl\":\"https:\/\/vof-news.eu\/wp-content\/uploads\/2025\/08\/openai-releases-models-open-to-tweaking-as-it-faces-pressure-to-be-more-revealing-about-the-workings-of-its-artificial-intelligence-technology.webp\",\"width\":1200,\"height\":574},{\"@type\":\"BreadcrumbList\",\"@id\":\"https:\/\/vof-news.eu\/de\/er-pragt-das-intelligence-age-axel-springer-award-2025-fur-sam-altman\/#breadcrumb\",\"itemListElement\":[{\"@type\":\"ListItem\",\"position\":1,\"name\":\"Home\",\"item\":\"https:\/\/vof-news.eu\/de\/\"},{\"@type\":\"ListItem\",\"position\":2,\"name\":\"Er pr\u00e4gt das \u201eIntelligence Age\u201c \u2013 Axel Springer Award 2025 f\u00fcr Sam Altman\"}]},{\"@type\":\"WebSite\",\"@id\":\"https:\/\/vof-news.eu\/de\/#website\",\"url\":\"https:\/\/vof-news.eu\/de\/\",\"name\":\"vof-news.eu\",\"description\":\"\",\"potentialAction\":[{\"@type\":\"SearchAction\",\"target\":{\"@type\":\"EntryPoint\",\"urlTemplate\":\"https:\/\/vof-news.eu\/de\/?s={search_term_string}\"},\"query-input\":\"required name=search_term_string\"}],\"inLanguage\":\"de\"},{\"@type\":\"Person\",\"@id\":\"https:\/\/vof-news.eu\/de\/#\/schema\/person\/f6a2a4309f0561835797fd8c19b333ed\",\"name\":\"Author\",\"image\":{\"@type\":\"ImageObject\",\"inLanguage\":\"de\",\"@id\":\"https:\/\/vof-news.eu\/de\/#\/schema\/person\/image\/\",\"url\":\"https:\/\/secure.gravatar.com\/avatar\/b67e614b1b25b3e9c0c239efdd2fde5ab015b5affd6f1c3c85911ca4b384e790?s=96&d=mm&r=g\",\"contentUrl\":\"https:\/\/secure.gravatar.com\/avatar\/b67e614b1b25b3e9c0c239efdd2fde5ab015b5affd6f1c3c85911ca4b384e790?s=96&d=mm&r=g\",\"caption\":\"Author\"},\"sameAs\":[\"http:\/\/vof-news.eu\"],\"url\":\"https:\/\/vof-news.eu\/de\/author\/zwt6qxnjulxbnyg\/\"}]}<\/script>\n<!-- \/ Yoast SEO plugin. -->","yoast_head_json":{"title":"Er pr\u00e4gt das \u201eIntelligence Age\u201c \u2013 Axel Springer Award 2025 f\u00fcr Sam Altman - vof-news.eu","description":"Sam Altman wird mit dem Axel Springer Award 2025 geehrt. Axel Springer (WELT, \u201eBusiness Insider\u201c, \u201ePolitico\u201c, \u201eBild\u201c) w\u00fcrdigt mit dem Award Pers\u00f6nlichkeiten, die in herausragender Weise als Unternehmer, M\u00e4rkte ver\u00e4ndern und gesellschaftliche Verantwortung \u00fcbernehmen. Altman vereine all diese Qualit\u00e4ten in einzigartiger Weise, hei\u00dft es in der Begr\u00fcndung: \u201eAls Gr\u00fcnder, als Forscher, als \u00f6ffentlicher Intellektueller.\u201c Die Preisverleihung findet am 24. September in Berlin statt.Der CEO von OpenAI sei nicht nur ein \u201eVordenker der K\u00fcnstlichen Intelligenz\u201c, sondern Gestalter eines neuen Zeitalters: des \u201eIntelligence Age\u201c. Altman stehe in einer \u00c4ra, in der technologische Entwicklungen unsere Gesellschaft in atemberaubendem Tempo ver\u00e4nderten, f\u00fcr einen Fortschritt, der nicht nur \u201eeffizient, sondern auch ethisch gedacht wird\u201c.So habe Altman wiederholt die Notwendigkeit hervorgehoben, \u201epotenzielle Risiken im Umgang mit KI zu minimieren\u201c. Au\u00dferdem spreche er sich f\u00fcr klare und effektive Regulierungen aus. Er \u00e4u\u00dferte unter anderem seine Unterst\u00fctzung f\u00fcr den EU-Verhaltenskodex, der einen verantwortungsvollen Umgang mit der Technologie f\u00f6rdern soll. D\u00f6pfner: \u201eSam Altman verk\u00f6rpert Innovationskraft gepaart mit Reflexion\u201cMit seinem unternehmerischen Mut und seiner F\u00e4higkeit, Menschen f\u00fcr gro\u00dfe Ideen zu begeistern, habe der 40-j\u00e4hrige Amerikaner ma\u00dfgeblich dazu beigetragen, K\u00fcnstliche Intelligenz aus Forschungslaboren in den Alltag zu \u00fcberf\u00fchren. Mathias D\u00f6pfner, Vorstandsvorsitzender von Axel Springer sagte: \u201eSam Altman verk\u00f6rpert Innovationskraft gepaart mit Reflexion. Seine Arbeit bei OpenAI hat das Denken \u00fcber Technologie, und wie diese menschlichen F\u00e4higkeiten erweitern kann, fundamental ver\u00e4ndert. Wir freuen uns, Sam Altman mit dem Axel Springer Award auszuzeichnen.\u201c\u00dcber den Axel Springer AwardDer Axel Springer Award ist ein ideeller Preis ohne Preisgeld. Sam Altman ist der bislang neunte Preistr\u00e4ger. In der Vergangenheit ausgezeichnet wurden Mark Zuckerberg (Gr\u00fcnder und CEO von Facebook), Sir Tim Berners-Lee (Erfinder des World Wide Web), Jeff Bezos (Gr\u00fcnder und CEO von Amazon und Eigent\u00fcmer der \u201eWashington Post\u201c), die Wirtschaftswissenschaftlerin und Autorin Shoshana Zuboff, Elon Musk (CEO unter anderem von Tesla und SpaceX) die BioNTech-Gr\u00fcnder \u00d6zlem T\u00fcreci und U\u011fur \u015eahin, der ukrainische Pr\u00e4sident Wolodymyr Selenskyj und zuletzt Microsoft CEO Satya Nadella.","robots":{"index":"noindex","follow":"follow","max-snippet":"max-snippet:-1","max-image-preview":"max-image-preview:large","max-video-preview":"max-video-preview:-1"},"og_locale":"de_DE","og_type":"article","og_title":"Er pr\u00e4gt das \u201eIntelligence Age\u201c \u2013 Axel Springer Award 2025 f\u00fcr Sam Altman - vof-news.eu","og_description":"Sam Altman wird mit dem Axel Springer Award 2025 geehrt. Axel Springer (WELT, \u201eBusiness Insider\u201c, \u201ePolitico\u201c, \u201eBild\u201c) w\u00fcrdigt mit dem Award Pers\u00f6nlichkeiten, die in herausragender Weise als Unternehmer, M\u00e4rkte ver\u00e4ndern und gesellschaftliche Verantwortung \u00fcbernehmen. Altman vereine all diese Qualit\u00e4ten in einzigartiger Weise, hei\u00dft es in der Begr\u00fcndung: \u201eAls Gr\u00fcnder, als Forscher, als \u00f6ffentlicher Intellektueller.\u201c Die Preisverleihung findet am 24. September in Berlin statt.Der CEO von OpenAI sei nicht nur ein \u201eVordenker der K\u00fcnstlichen Intelligenz\u201c, sondern Gestalter eines neuen Zeitalters: des \u201eIntelligence Age\u201c. Altman stehe in einer \u00c4ra, in der technologische Entwicklungen unsere Gesellschaft in atemberaubendem Tempo ver\u00e4nderten, f\u00fcr einen Fortschritt, der nicht nur \u201eeffizient, sondern auch ethisch gedacht wird\u201c.So habe Altman wiederholt die Notwendigkeit hervorgehoben, \u201epotenzielle Risiken im Umgang mit KI zu minimieren\u201c. Au\u00dferdem spreche er sich f\u00fcr klare und effektive Regulierungen aus. Er \u00e4u\u00dferte unter anderem seine Unterst\u00fctzung f\u00fcr den EU-Verhaltenskodex, der einen verantwortungsvollen Umgang mit der Technologie f\u00f6rdern soll. D\u00f6pfner: \u201eSam Altman verk\u00f6rpert Innovationskraft gepaart mit Reflexion\u201cMit seinem unternehmerischen Mut und seiner F\u00e4higkeit, Menschen f\u00fcr gro\u00dfe Ideen zu begeistern, habe der 40-j\u00e4hrige Amerikaner ma\u00dfgeblich dazu beigetragen, K\u00fcnstliche Intelligenz aus Forschungslaboren in den Alltag zu \u00fcberf\u00fchren. Mathias D\u00f6pfner, Vorstandsvorsitzender von Axel Springer sagte: \u201eSam Altman verk\u00f6rpert Innovationskraft gepaart mit Reflexion. Seine Arbeit bei OpenAI hat das Denken \u00fcber Technologie, und wie diese menschlichen F\u00e4higkeiten erweitern kann, fundamental ver\u00e4ndert. Wir freuen uns, Sam Altman mit dem Axel Springer Award auszuzeichnen.\u201c\u00dcber den Axel Springer AwardDer Axel Springer Award ist ein ideeller Preis ohne Preisgeld. Sam Altman ist der bislang neunte Preistr\u00e4ger. In der Vergangenheit ausgezeichnet wurden Mark Zuckerberg (Gr\u00fcnder und CEO von Facebook), Sir Tim Berners-Lee (Erfinder des World Wide Web), Jeff Bezos (Gr\u00fcnder und CEO von Amazon und Eigent\u00fcmer der \u201eWashington Post\u201c), die Wirtschaftswissenschaftlerin und Autorin Shoshana Zuboff, Elon Musk (CEO unter anderem von Tesla und SpaceX) die BioNTech-Gr\u00fcnder \u00d6zlem T\u00fcreci und U\u011fur \u015eahin, der ukrainische Pr\u00e4sident Wolodymyr Selenskyj und zuletzt Microsoft CEO Satya Nadella.","og_url":"https:\/\/vof-news.eu\/de\/er-pragt-das-intelligence-age-axel-springer-award-2025-fur-sam-altman\/","og_site_name":"vof-news.eu","article_published_time":"2025-08-18T10:26:51+00:00","article_modified_time":"2025-08-18T10:27:09+00:00","og_image":[{"width":1200,"height":574,"url":"https:\/\/vof-news.eu\/wp-content\/uploads\/2025\/08\/openai-releases-models-open-to-tweaking-as-it-faces-pressure-to-be-more-revealing-about-the-workings-of-its-artificial-intelligence-technology.webp","type":"image\/webp"}],"author":"Author","twitter_card":"summary_large_image","twitter_misc":{"Verfasst von":"Author","Gesch\u00e4tzte Lesezeit":"2\u00a0Minuten"},"schema":{"@context":"https:\/\/schema.org","@graph":[{"@type":"WebPage","@id":"https:\/\/vof-news.eu\/de\/er-pragt-das-intelligence-age-axel-springer-award-2025-fur-sam-altman\/","url":"https:\/\/vof-news.eu\/de\/er-pragt-das-intelligence-age-axel-springer-award-2025-fur-sam-altman\/","name":"Er pr\u00e4gt das \u201eIntelligence Age\u201c \u2013 Axel Springer Award 2025 f\u00fcr Sam Altman - vof-news.eu","isPartOf":{"@id":"https:\/\/vof-news.eu\/de\/#website"},"primaryImageOfPage":{"@id":"https:\/\/vof-news.eu\/de\/er-pragt-das-intelligence-age-axel-springer-award-2025-fur-sam-altman\/#primaryimage"},"image":{"@id":"https:\/\/vof-news.eu\/de\/er-pragt-das-intelligence-age-axel-springer-award-2025-fur-sam-altman\/#primaryimage"},"thumbnailUrl":"https:\/\/vof-news.eu\/wp-content\/uploads\/2025\/08\/openai-releases-models-open-to-tweaking-as-it-faces-pressure-to-be-more-revealing-about-the-workings-of-its-artificial-intelligence-technology.webp","datePublished":"2025-08-18T10:26:51+00:00","dateModified":"2025-08-18T10:27:09+00:00","author":{"@id":"https:\/\/vof-news.eu\/de\/#\/schema\/person\/f6a2a4309f0561835797fd8c19b333ed"},"description":"Sam Altman wird mit dem Axel Springer Award 2025 geehrt. Axel Springer (WELT, \u201eBusiness Insider\u201c, \u201ePolitico\u201c, \u201eBild\u201c) w\u00fcrdigt mit dem Award Pers\u00f6nlichkeiten, die in herausragender Weise als Unternehmer, M\u00e4rkte ver\u00e4ndern und gesellschaftliche Verantwortung \u00fcbernehmen. Altman vereine all diese Qualit\u00e4ten in einzigartiger Weise, hei\u00dft es in der Begr\u00fcndung: \u201eAls Gr\u00fcnder, als Forscher, als \u00f6ffentlicher Intellektueller.\u201c Die Preisverleihung findet am 24. September in Berlin statt.Der CEO von OpenAI sei nicht nur ein \u201eVordenker der K\u00fcnstlichen Intelligenz\u201c, sondern Gestalter eines neuen Zeitalters: des \u201eIntelligence Age\u201c. Altman stehe in einer \u00c4ra, in der technologische Entwicklungen unsere Gesellschaft in atemberaubendem Tempo ver\u00e4nderten, f\u00fcr einen Fortschritt, der nicht nur \u201eeffizient, sondern auch ethisch gedacht wird\u201c.So habe Altman wiederholt die Notwendigkeit hervorgehoben, \u201epotenzielle Risiken im Umgang mit KI zu minimieren\u201c. Au\u00dferdem spreche er sich f\u00fcr klare und effektive Regulierungen aus. Er \u00e4u\u00dferte unter anderem seine Unterst\u00fctzung f\u00fcr den EU-Verhaltenskodex, der einen verantwortungsvollen Umgang mit der Technologie f\u00f6rdern soll. D\u00f6pfner: \u201eSam Altman verk\u00f6rpert Innovationskraft gepaart mit Reflexion\u201cMit seinem unternehmerischen Mut und seiner F\u00e4higkeit, Menschen f\u00fcr gro\u00dfe Ideen zu begeistern, habe der 40-j\u00e4hrige Amerikaner ma\u00dfgeblich dazu beigetragen, K\u00fcnstliche Intelligenz aus Forschungslaboren in den Alltag zu \u00fcberf\u00fchren. Mathias D\u00f6pfner, Vorstandsvorsitzender von Axel Springer sagte: \u201eSam Altman verk\u00f6rpert Innovationskraft gepaart mit Reflexion. Seine Arbeit bei OpenAI hat das Denken \u00fcber Technologie, und wie diese menschlichen F\u00e4higkeiten erweitern kann, fundamental ver\u00e4ndert. Wir freuen uns, Sam Altman mit dem Axel Springer Award auszuzeichnen.\u201c\u00dcber den Axel Springer AwardDer Axel Springer Award ist ein ideeller Preis ohne Preisgeld. Sam Altman ist der bislang neunte Preistr\u00e4ger. In der Vergangenheit ausgezeichnet wurden Mark Zuckerberg (Gr\u00fcnder und CEO von Facebook), Sir Tim Berners-Lee (Erfinder des World Wide Web), Jeff Bezos (Gr\u00fcnder und CEO von Amazon und Eigent\u00fcmer der \u201eWashington Post\u201c), die Wirtschaftswissenschaftlerin und Autorin Shoshana Zuboff, Elon Musk (CEO unter anderem von Tesla und SpaceX) die BioNTech-Gr\u00fcnder \u00d6zlem T\u00fcreci und U\u011fur \u015eahin, der ukrainische Pr\u00e4sident Wolodymyr Selenskyj und zuletzt Microsoft CEO Satya Nadella.","breadcrumb":{"@id":"https:\/\/vof-news.eu\/de\/er-pragt-das-intelligence-age-axel-springer-award-2025-fur-sam-altman\/#breadcrumb"},"inLanguage":"de","potentialAction":[{"@type":"ReadAction","target":["https:\/\/vof-news.eu\/de\/er-pragt-das-intelligence-age-axel-springer-award-2025-fur-sam-altman\/"]}]},{"@type":"ImageObject","inLanguage":"de","@id":"https:\/\/vof-news.eu\/de\/er-pragt-das-intelligence-age-axel-springer-award-2025-fur-sam-altman\/#primaryimage","url":"https:\/\/vof-news.eu\/wp-content\/uploads\/2025\/08\/openai-releases-models-open-to-tweaking-as-it-faces-pressure-to-be-more-revealing-about-the-workings-of-its-artificial-intelligence-technology.webp","contentUrl":"https:\/\/vof-news.eu\/wp-content\/uploads\/2025\/08\/openai-releases-models-open-to-tweaking-as-it-faces-pressure-to-be-more-revealing-about-the-workings-of-its-artificial-intelligence-technology.webp","width":1200,"height":574},{"@type":"BreadcrumbList","@id":"https:\/\/vof-news.eu\/de\/er-pragt-das-intelligence-age-axel-springer-award-2025-fur-sam-altman\/#breadcrumb","itemListElement":[{"@type":"ListItem","position":1,"name":"Home","item":"https:\/\/vof-news.eu\/de\/"},{"@type":"ListItem","position":2,"name":"Er pr\u00e4gt das \u201eIntelligence Age\u201c \u2013 Axel Springer Award 2025 f\u00fcr Sam Altman"}]},{"@type":"WebSite","@id":"https:\/\/vof-news.eu\/de\/#website","url":"https:\/\/vof-news.eu\/de\/","name":"vof-news.eu","description":"","potentialAction":[{"@type":"SearchAction","target":{"@type":"EntryPoint","urlTemplate":"https:\/\/vof-news.eu\/de\/?s={search_term_string}"},"query-input":"required name=search_term_string"}],"inLanguage":"de"},{"@type":"Person","@id":"https:\/\/vof-news.eu\/de\/#\/schema\/person\/f6a2a4309f0561835797fd8c19b333ed","name":"Author","image":{"@type":"ImageObject","inLanguage":"de","@id":"https:\/\/vof-news.eu\/de\/#\/schema\/person\/image\/","url":"https:\/\/secure.gravatar.com\/avatar\/b67e614b1b25b3e9c0c239efdd2fde5ab015b5affd6f1c3c85911ca4b384e790?s=96&d=mm&r=g","contentUrl":"https:\/\/secure.gravatar.com\/avatar\/b67e614b1b25b3e9c0c239efdd2fde5ab015b5affd6f1c3c85911ca4b384e790?s=96&d=mm&r=g","caption":"Author"},"sameAs":["http:\/\/vof-news.eu"],"url":"https:\/\/vof-news.eu\/de\/author\/zwt6qxnjulxbnyg\/"}]}},"yoast_meta":{"yoast_wpseo_title":"","yoast_wpseo_metadesc":"","yoast_wpseo_canonical":""},"_links":{"self":[{"href":"https:\/\/vof-news.eu\/de\/wp-json\/wp\/v2\/posts\/265750","targetHints":{"allow":["GET"]}}],"collection":[{"href":"https:\/\/vof-news.eu\/de\/wp-json\/wp\/v2\/posts"}],"about":[{"href":"https:\/\/vof-news.eu\/de\/wp-json\/wp\/v2\/types\/post"}],"author":[{"embeddable":true,"href":"https:\/\/vof-news.eu\/de\/wp-json\/wp\/v2\/users\/1"}],"replies":[{"embeddable":true,"href":"https:\/\/vof-news.eu\/de\/wp-json\/wp\/v2\/comments?post=265750"}],"version-history":[{"count":1,"href":"https:\/\/vof-news.eu\/de\/wp-json\/wp\/v2\/posts\/265750\/revisions"}],"predecessor-version":[{"id":265757,"href":"https:\/\/vof-news.eu\/de\/wp-json\/wp\/v2\/posts\/265750\/revisions\/265757"}],"wp:featuredmedia":[{"embeddable":true,"href":"https:\/\/vof-news.eu\/de\/wp-json\/wp\/v2\/media\/265751"}],"wp:attachment":[{"href":"https:\/\/vof-news.eu\/de\/wp-json\/wp\/v2\/media?parent=265750"}],"wp:term":[{"taxonomy":"category","embeddable":true,"href":"https:\/\/vof-news.eu\/de\/wp-json\/wp\/v2\/categories?post=265750"},{"taxonomy":"post_tag","embeddable":true,"href":"https:\/\/vof-news.eu\/de\/wp-json\/wp\/v2\/tags?post=265750"}],"curies":[{"name":"wp","href":"https:\/\/api.w.org\/{rel}","templated":true}]}}