{"id":265588,"date":"2025-08-17T21:28:29","date_gmt":"2025-08-17T18:28:29","guid":{"rendered":"https:\/\/vof-news.eu\/lars-klingbeil-schliest-steuererhohungen-fur-reiche-nicht-aus\/"},"modified":"2025-08-17T21:29:51","modified_gmt":"2025-08-17T18:29:51","slug":"lars-klingbeil-schliest-steuererhohungen-fur-reiche-nicht-aus","status":"publish","type":"post","link":"https:\/\/vof-news.eu\/de\/lars-klingbeil-schliest-steuererhohungen-fur-reiche-nicht-aus\/","title":{"rendered":"Lars Klingbeil schlie\u00dft Steuererh\u00f6hungen f\u00fcr Reiche nicht aus"},"content":{"rendered":"<div>\n<p>Bundesfinanzminister <a href=\"https:\/\/www.zeit.de\/thema\/lars-klingbeil\" rel=\"nofollow\">Lars\u00a0Klingbeil<\/a> schlie\u00dft h\u00f6here <a href=\"https:\/\/www.zeit.de\/thema\/steuer\" rel=\"nofollow\">Steuern<\/a> f\u00fcr Spitzenverdiener und Verm\u00f6gende nicht aus, um das Haushaltsloch zu stopfen \u2013 auch wenn Koalitionspartner Union das ablehnt.\u00a0Gerade Menschen mit hohen Einkommen und hohen Verm\u00f6gen m\u00fcssten sich<br \/>\nfragen, welchen Teil sie zur Gerechtigkeit in diesem Land beitragen, sagte der SPD-Vorsitzende im ZDF.\u00a0\n<\/p>\n<p>An\u00a0Bundeswirtschaftsministerin Katherina Reiche und ihre Forderung von mehr Arbeit gerichtet sagte Klingbeil: &#8222;Meistens erlebe ich,<br \/>\ndass Menschen mit sehr hohen Einkommen, mit sehr hohen Verm\u00f6gen einen<br \/>\nkr\u00e4ftigen Appell an das ganze Land richten, dass doch jetzt alle mal<br \/>\nmehr arbeiten und l\u00e4nger arbeiten sollen.&#8220; Dies werde der Rentendebatte, &#8222;wie wir sie in Deutschland eigentlich f\u00fchren m\u00fcssten&#8220;, jedoch nicht gerecht.\u00a0\n<\/p>\n<h2>Finanzierungsl\u00fccke von rund 30 Milliarden<\/h2>\n<p>Um die L\u00fccke von 30 Milliarden Euro im<br \/>\nHaushalt 2027 zu f\u00fcllen, sei ein Gesamtpaket n\u00f6tig. In der Koalition w\u00fcrde es daher ebenso um Themen<br \/>\nwie den Subventionsabbau gehen, um Reformen des sozialen<br \/>\nSicherungssystems und Einsparungen in den Ministerien.\n<\/p>\n<p>Klingbeil k\u00fcndigte daf\u00fcr eine &#8222;enorme Kraftanstrengung&#8220; an. Er erwarte von allen Ministerien, dass sie Sparvorschl\u00e4ge vorlegten. &#8222;Das geht nur als Teamleistung.&#8220; In der mittelfristigen Finanzplanung bis 2029 summiert sich die vorgesehene Neuverschuldung auf insgesamt 851 Milliarden Euro. In den Jahren 2027 bis 2029 gibt es noch eine Finanzierungsl\u00fccke von rund 172 Milliarden Euro.\n<\/p>\n<h2>S\u00f6der stellte sich zuvor gegen h\u00f6here Steuern<\/h2>\n<p>Zuvor hatte CSU-Chef <a href=\"https:\/\/www.zeit.de\/thema\/markus-soeder\" rel=\"nofollow\">Markus S\u00f6der<\/a> gesagt, dass es trotz Finanzierungsl\u00fccke keine h\u00f6heren <span><a href=\"https:\/\/www.zeit.de\/thema\/steuer\" rel=\"nofollow\">Steuern<\/a><\/span> geben werde. Klingbeil sagte daraufhin: &#8222;Auch Herr S\u00f6der hat ja nun mit einigen Vorhaben, die ihm wichtig sind, dazu beigetragen, dass eine L\u00fccke im Haushalt gr\u00f6\u00dfer wird.&#8220; Jetzt gehe es darum, sich kollegial an einen Tisch zu setzen und die jeweiligen Vorschl\u00e4ge abzugleichen, um diese L\u00fccke zu verkleinern.\u00a0\n<\/p>\n<p>S\u00f6der hatte in der Koalition durchgesetzt, dass die M\u00fctterrente nochmals ausgebaut, die Mehrwertsteuer in der Gastronomie wieder gesenkt und zur Subventionierung von Agrardiesel zur\u00fcckgekehrt wird. Allein diese drei Vorhaben verursachen jeweils Mehrausgaben oder Steuerausf\u00e4lle von mehreren Milliarden Euro.\n<\/p>\n<h2>Klingbeil fordert Waffenruhe von Putin<\/h2>\n<p>Klingbeil sagte zudem zum Krieg gegen die <span><a href=\"https:\/\/www.zeit.de\/politik\/ausland\/ukraine-krieg-news-liveblog\" rel=\"nofollow\">Ukraine<\/a><\/span>, dass die kommende Woche &#8222;sehr<br \/>\nentscheidend&#8220; sei. Es gehe darum, am Ende eine belastbare Vereinbarung<br \/>\n zu finden. &#8222;Aber jetzt m\u00fcssen erst mal die Amerikaner definieren, was<br \/>\nsie wollen.&#8220;\u00a0\n<\/p>\n<p>Mit Blick auf m\u00f6gliche Sicherheitsgarantien f\u00fcr die <a href=\"https:\/\/www.zeit.de\/thema\/ukraine\" rel=\"nofollow\">Ukraine<\/a> sagte Klingbeil,<br \/>\n Deutschland und Europa m\u00fcssten Verantwortung \u00fcbernehmen. Deutschland<br \/>\ngehe dabei voran. Um welche Art von Garantien es gehe, m\u00fcsse in den<br \/>\nkommenden Tagen gekl\u00e4rt werden. Es sei auch sehr wichtig, &#8222;dass Wladimir Putin die Waffen ruhen l\u00e4sst in<br \/>\nder Ukraine \u2013 da sterben jeden Tag Menschen&#8220;.\u00a0\n<\/p>\n<\/div>\n","protected":false},"excerpt":{"rendered":"<p>Bundesfinanzminister Lars\u00a0Klingbeil schlie\u00dft h\u00f6here Steuern f\u00fcr Spitzenverdiener und Verm\u00f6gende nicht aus, um das Haushaltsloch zu stopfen \u2013 auch wenn Koalitionspartner Union das ablehnt.\u00a0Gerade Menschen mit hohen Einkommen und hohen Verm\u00f6gen m\u00fcssten sich fragen, welchen Teil sie zur Gerechtigkeit in diesem Land beitragen, sagte der SPD-Vorsitzende im ZDF.\u00a0 An\u00a0Bundeswirtschaftsministerin Katherina Reiche und ihre Forderung von mehr<\/p>\n","protected":false},"author":1,"featured_media":265589,"comment_status":"open","ping_status":"open","sticky":false,"template":"","format":"standard","meta":{"footnotes":""},"categories":[116],"tags":[],"class_list":["post-265588","post","type-post","status-publish","format-standard","has-post-thumbnail","hentry","category-war-chronicles-de"],"acf":[],"yoast_head":"<!-- This site is optimized with the Yoast SEO plugin v22.9 - https:\/\/yoast.com\/wordpress\/plugins\/seo\/ -->\n<title>Lars Klingbeil schlie\u00dft Steuererh\u00f6hungen f\u00fcr Reiche nicht aus - vof-news.eu<\/title>\n<meta name=\"description\" content=\"Bundesfinanzminister Lars\u00a0Klingbeil schlie\u00dft h\u00f6here Steuern f\u00fcr Spitzenverdiener und Verm\u00f6gende nicht aus, um das Haushaltsloch zu stopfen \u2013 auch wenn Koalitionspartner Union das ablehnt.\u00a0Gerade Menschen mit hohen Einkommen und hohen Verm\u00f6gen m\u00fcssten sich\" \/>\n<meta name=\"robots\" content=\"noindex, follow, max-snippet:-1, max-image-preview:large, max-video-preview:-1\" \/>\n<meta property=\"og:locale\" content=\"de_DE\" \/>\n<meta property=\"og:type\" content=\"article\" \/>\n<meta property=\"og:title\" content=\"Lars Klingbeil schlie\u00dft Steuererh\u00f6hungen f\u00fcr Reiche nicht aus - vof-news.eu\" \/>\n<meta property=\"og:description\" content=\"Bundesfinanzminister Lars\u00a0Klingbeil schlie\u00dft h\u00f6here Steuern f\u00fcr Spitzenverdiener und Verm\u00f6gende nicht aus, um das Haushaltsloch zu stopfen \u2013 auch wenn Koalitionspartner Union das ablehnt.\u00a0Gerade Menschen mit hohen Einkommen und hohen Verm\u00f6gen m\u00fcssten sich\" \/>\n<meta property=\"og:url\" content=\"https:\/\/vof-news.eu\/de\/lars-klingbeil-schliest-steuererhohungen-fur-reiche-nicht-aus\/\" \/>\n<meta property=\"og:site_name\" content=\"vof-news.eu\" \/>\n<meta property=\"article:published_time\" content=\"2025-08-17T18:28:29+00:00\" \/>\n<meta property=\"article:modified_time\" content=\"2025-08-17T18:29:51+00:00\" \/>\n<meta property=\"og:image\" content=\"https:\/\/vof-news.eu\/wp-content\/uploads\/2025\/08\/wide__1000x562-59.jpg\" \/>\n\t<meta property=\"og:image:width\" content=\"1000\" \/>\n\t<meta property=\"og:image:height\" content=\"562\" \/>\n\t<meta property=\"og:image:type\" content=\"image\/jpeg\" \/>\n<meta name=\"author\" content=\"Author\" \/>\n<meta name=\"twitter:card\" content=\"summary_large_image\" \/>\n<meta name=\"twitter:label1\" content=\"Verfasst von\" \/>\n\t<meta name=\"twitter:data1\" content=\"Author\" \/>\n\t<meta name=\"twitter:label2\" content=\"Gesch\u00e4tzte Lesezeit\" \/>\n\t<meta name=\"twitter:data2\" content=\"2\u00a0Minuten\" \/>\n<script type=\"application\/ld+json\" class=\"yoast-schema-graph\">{\"@context\":\"https:\/\/schema.org\",\"@graph\":[{\"@type\":\"WebPage\",\"@id\":\"https:\/\/vof-news.eu\/de\/lars-klingbeil-schliest-steuererhohungen-fur-reiche-nicht-aus\/\",\"url\":\"https:\/\/vof-news.eu\/de\/lars-klingbeil-schliest-steuererhohungen-fur-reiche-nicht-aus\/\",\"name\":\"Lars Klingbeil schlie\u00dft Steuererh\u00f6hungen f\u00fcr Reiche nicht aus - vof-news.eu\",\"isPartOf\":{\"@id\":\"https:\/\/vof-news.eu\/de\/#website\"},\"primaryImageOfPage\":{\"@id\":\"https:\/\/vof-news.eu\/de\/lars-klingbeil-schliest-steuererhohungen-fur-reiche-nicht-aus\/#primaryimage\"},\"image\":{\"@id\":\"https:\/\/vof-news.eu\/de\/lars-klingbeil-schliest-steuererhohungen-fur-reiche-nicht-aus\/#primaryimage\"},\"thumbnailUrl\":\"https:\/\/vof-news.eu\/wp-content\/uploads\/2025\/08\/wide__1000x562-59.jpg\",\"datePublished\":\"2025-08-17T18:28:29+00:00\",\"dateModified\":\"2025-08-17T18:29:51+00:00\",\"author\":{\"@id\":\"https:\/\/vof-news.eu\/de\/#\/schema\/person\/f6a2a4309f0561835797fd8c19b333ed\"},\"description\":\"Bundesfinanzminister Lars\u00a0Klingbeil schlie\u00dft h\u00f6here Steuern f\u00fcr Spitzenverdiener und Verm\u00f6gende nicht aus, um das Haushaltsloch zu stopfen \u2013 auch wenn Koalitionspartner Union das ablehnt.\u00a0Gerade Menschen mit hohen Einkommen und hohen Verm\u00f6gen m\u00fcssten sich\",\"breadcrumb\":{\"@id\":\"https:\/\/vof-news.eu\/de\/lars-klingbeil-schliest-steuererhohungen-fur-reiche-nicht-aus\/#breadcrumb\"},\"inLanguage\":\"de\",\"potentialAction\":[{\"@type\":\"ReadAction\",\"target\":[\"https:\/\/vof-news.eu\/de\/lars-klingbeil-schliest-steuererhohungen-fur-reiche-nicht-aus\/\"]}]},{\"@type\":\"ImageObject\",\"inLanguage\":\"de\",\"@id\":\"https:\/\/vof-news.eu\/de\/lars-klingbeil-schliest-steuererhohungen-fur-reiche-nicht-aus\/#primaryimage\",\"url\":\"https:\/\/vof-news.eu\/wp-content\/uploads\/2025\/08\/wide__1000x562-59.jpg\",\"contentUrl\":\"https:\/\/vof-news.eu\/wp-content\/uploads\/2025\/08\/wide__1000x562-59.jpg\",\"width\":1000,\"height\":562},{\"@type\":\"BreadcrumbList\",\"@id\":\"https:\/\/vof-news.eu\/de\/lars-klingbeil-schliest-steuererhohungen-fur-reiche-nicht-aus\/#breadcrumb\",\"itemListElement\":[{\"@type\":\"ListItem\",\"position\":1,\"name\":\"Home\",\"item\":\"https:\/\/vof-news.eu\/de\/\"},{\"@type\":\"ListItem\",\"position\":2,\"name\":\"Lars Klingbeil schlie\u00dft Steuererh\u00f6hungen f\u00fcr Reiche nicht aus\"}]},{\"@type\":\"WebSite\",\"@id\":\"https:\/\/vof-news.eu\/de\/#website\",\"url\":\"https:\/\/vof-news.eu\/de\/\",\"name\":\"vof-news.eu\",\"description\":\"\",\"potentialAction\":[{\"@type\":\"SearchAction\",\"target\":{\"@type\":\"EntryPoint\",\"urlTemplate\":\"https:\/\/vof-news.eu\/de\/?s={search_term_string}\"},\"query-input\":\"required name=search_term_string\"}],\"inLanguage\":\"de\"},{\"@type\":\"Person\",\"@id\":\"https:\/\/vof-news.eu\/de\/#\/schema\/person\/f6a2a4309f0561835797fd8c19b333ed\",\"name\":\"Author\",\"image\":{\"@type\":\"ImageObject\",\"inLanguage\":\"de\",\"@id\":\"https:\/\/vof-news.eu\/de\/#\/schema\/person\/image\/\",\"url\":\"https:\/\/secure.gravatar.com\/avatar\/b67e614b1b25b3e9c0c239efdd2fde5ab015b5affd6f1c3c85911ca4b384e790?s=96&d=mm&r=g\",\"contentUrl\":\"https:\/\/secure.gravatar.com\/avatar\/b67e614b1b25b3e9c0c239efdd2fde5ab015b5affd6f1c3c85911ca4b384e790?s=96&d=mm&r=g\",\"caption\":\"Author\"},\"sameAs\":[\"http:\/\/vof-news.eu\"],\"url\":\"https:\/\/vof-news.eu\/de\/author\/zwt6qxnjulxbnyg\/\"}]}<\/script>\n<!-- \/ Yoast SEO plugin. -->","yoast_head_json":{"title":"Lars Klingbeil schlie\u00dft Steuererh\u00f6hungen f\u00fcr Reiche nicht aus - vof-news.eu","description":"Bundesfinanzminister Lars\u00a0Klingbeil schlie\u00dft h\u00f6here Steuern f\u00fcr Spitzenverdiener und Verm\u00f6gende nicht aus, um das Haushaltsloch zu stopfen \u2013 auch wenn Koalitionspartner Union das ablehnt.\u00a0Gerade Menschen mit hohen Einkommen und hohen Verm\u00f6gen m\u00fcssten sich","robots":{"index":"noindex","follow":"follow","max-snippet":"max-snippet:-1","max-image-preview":"max-image-preview:large","max-video-preview":"max-video-preview:-1"},"og_locale":"de_DE","og_type":"article","og_title":"Lars Klingbeil schlie\u00dft Steuererh\u00f6hungen f\u00fcr Reiche nicht aus - vof-news.eu","og_description":"Bundesfinanzminister Lars\u00a0Klingbeil schlie\u00dft h\u00f6here Steuern f\u00fcr Spitzenverdiener und Verm\u00f6gende nicht aus, um das Haushaltsloch zu stopfen \u2013 auch wenn Koalitionspartner Union das ablehnt.\u00a0Gerade Menschen mit hohen Einkommen und hohen Verm\u00f6gen m\u00fcssten sich","og_url":"https:\/\/vof-news.eu\/de\/lars-klingbeil-schliest-steuererhohungen-fur-reiche-nicht-aus\/","og_site_name":"vof-news.eu","article_published_time":"2025-08-17T18:28:29+00:00","article_modified_time":"2025-08-17T18:29:51+00:00","og_image":[{"width":1000,"height":562,"url":"https:\/\/vof-news.eu\/wp-content\/uploads\/2025\/08\/wide__1000x562-59.jpg","type":"image\/jpeg"}],"author":"Author","twitter_card":"summary_large_image","twitter_misc":{"Verfasst von":"Author","Gesch\u00e4tzte Lesezeit":"2\u00a0Minuten"},"schema":{"@context":"https:\/\/schema.org","@graph":[{"@type":"WebPage","@id":"https:\/\/vof-news.eu\/de\/lars-klingbeil-schliest-steuererhohungen-fur-reiche-nicht-aus\/","url":"https:\/\/vof-news.eu\/de\/lars-klingbeil-schliest-steuererhohungen-fur-reiche-nicht-aus\/","name":"Lars Klingbeil schlie\u00dft Steuererh\u00f6hungen f\u00fcr Reiche nicht aus - vof-news.eu","isPartOf":{"@id":"https:\/\/vof-news.eu\/de\/#website"},"primaryImageOfPage":{"@id":"https:\/\/vof-news.eu\/de\/lars-klingbeil-schliest-steuererhohungen-fur-reiche-nicht-aus\/#primaryimage"},"image":{"@id":"https:\/\/vof-news.eu\/de\/lars-klingbeil-schliest-steuererhohungen-fur-reiche-nicht-aus\/#primaryimage"},"thumbnailUrl":"https:\/\/vof-news.eu\/wp-content\/uploads\/2025\/08\/wide__1000x562-59.jpg","datePublished":"2025-08-17T18:28:29+00:00","dateModified":"2025-08-17T18:29:51+00:00","author":{"@id":"https:\/\/vof-news.eu\/de\/#\/schema\/person\/f6a2a4309f0561835797fd8c19b333ed"},"description":"Bundesfinanzminister Lars\u00a0Klingbeil schlie\u00dft h\u00f6here Steuern f\u00fcr Spitzenverdiener und Verm\u00f6gende nicht aus, um das Haushaltsloch zu stopfen \u2013 auch wenn Koalitionspartner Union das ablehnt.\u00a0Gerade Menschen mit hohen Einkommen und hohen Verm\u00f6gen m\u00fcssten sich","breadcrumb":{"@id":"https:\/\/vof-news.eu\/de\/lars-klingbeil-schliest-steuererhohungen-fur-reiche-nicht-aus\/#breadcrumb"},"inLanguage":"de","potentialAction":[{"@type":"ReadAction","target":["https:\/\/vof-news.eu\/de\/lars-klingbeil-schliest-steuererhohungen-fur-reiche-nicht-aus\/"]}]},{"@type":"ImageObject","inLanguage":"de","@id":"https:\/\/vof-news.eu\/de\/lars-klingbeil-schliest-steuererhohungen-fur-reiche-nicht-aus\/#primaryimage","url":"https:\/\/vof-news.eu\/wp-content\/uploads\/2025\/08\/wide__1000x562-59.jpg","contentUrl":"https:\/\/vof-news.eu\/wp-content\/uploads\/2025\/08\/wide__1000x562-59.jpg","width":1000,"height":562},{"@type":"BreadcrumbList","@id":"https:\/\/vof-news.eu\/de\/lars-klingbeil-schliest-steuererhohungen-fur-reiche-nicht-aus\/#breadcrumb","itemListElement":[{"@type":"ListItem","position":1,"name":"Home","item":"https:\/\/vof-news.eu\/de\/"},{"@type":"ListItem","position":2,"name":"Lars Klingbeil schlie\u00dft Steuererh\u00f6hungen f\u00fcr Reiche nicht aus"}]},{"@type":"WebSite","@id":"https:\/\/vof-news.eu\/de\/#website","url":"https:\/\/vof-news.eu\/de\/","name":"vof-news.eu","description":"","potentialAction":[{"@type":"SearchAction","target":{"@type":"EntryPoint","urlTemplate":"https:\/\/vof-news.eu\/de\/?s={search_term_string}"},"query-input":"required name=search_term_string"}],"inLanguage":"de"},{"@type":"Person","@id":"https:\/\/vof-news.eu\/de\/#\/schema\/person\/f6a2a4309f0561835797fd8c19b333ed","name":"Author","image":{"@type":"ImageObject","inLanguage":"de","@id":"https:\/\/vof-news.eu\/de\/#\/schema\/person\/image\/","url":"https:\/\/secure.gravatar.com\/avatar\/b67e614b1b25b3e9c0c239efdd2fde5ab015b5affd6f1c3c85911ca4b384e790?s=96&d=mm&r=g","contentUrl":"https:\/\/secure.gravatar.com\/avatar\/b67e614b1b25b3e9c0c239efdd2fde5ab015b5affd6f1c3c85911ca4b384e790?s=96&d=mm&r=g","caption":"Author"},"sameAs":["http:\/\/vof-news.eu"],"url":"https:\/\/vof-news.eu\/de\/author\/zwt6qxnjulxbnyg\/"}]}},"yoast_meta":{"yoast_wpseo_title":"","yoast_wpseo_metadesc":"","yoast_wpseo_canonical":""},"_links":{"self":[{"href":"https:\/\/vof-news.eu\/de\/wp-json\/wp\/v2\/posts\/265588","targetHints":{"allow":["GET"]}}],"collection":[{"href":"https:\/\/vof-news.eu\/de\/wp-json\/wp\/v2\/posts"}],"about":[{"href":"https:\/\/vof-news.eu\/de\/wp-json\/wp\/v2\/types\/post"}],"author":[{"embeddable":true,"href":"https:\/\/vof-news.eu\/de\/wp-json\/wp\/v2\/users\/1"}],"replies":[{"embeddable":true,"href":"https:\/\/vof-news.eu\/de\/wp-json\/wp\/v2\/comments?post=265588"}],"version-history":[{"count":1,"href":"https:\/\/vof-news.eu\/de\/wp-json\/wp\/v2\/posts\/265588\/revisions"}],"predecessor-version":[{"id":265596,"href":"https:\/\/vof-news.eu\/de\/wp-json\/wp\/v2\/posts\/265588\/revisions\/265596"}],"wp:featuredmedia":[{"embeddable":true,"href":"https:\/\/vof-news.eu\/de\/wp-json\/wp\/v2\/media\/265589"}],"wp:attachment":[{"href":"https:\/\/vof-news.eu\/de\/wp-json\/wp\/v2\/media?parent=265588"}],"wp:term":[{"taxonomy":"category","embeddable":true,"href":"https:\/\/vof-news.eu\/de\/wp-json\/wp\/v2\/categories?post=265588"},{"taxonomy":"post_tag","embeddable":true,"href":"https:\/\/vof-news.eu\/de\/wp-json\/wp\/v2\/tags?post=265588"}],"curies":[{"name":"wp","href":"https:\/\/api.w.org\/{rel}","templated":true}]}}