{"id":265516,"date":"2025-08-17T17:28:14","date_gmt":"2025-08-17T14:28:14","guid":{"rendered":"https:\/\/vof-news.eu\/von-der-leyen-verlangt-gerechten-frieden-fur-die-ukraine\/"},"modified":"2025-08-17T17:29:37","modified_gmt":"2025-08-17T14:29:37","slug":"von-der-leyen-verlangt-gerechten-frieden-fur-die-ukraine","status":"publish","type":"post","link":"https:\/\/vof-news.eu\/de\/von-der-leyen-verlangt-gerechten-frieden-fur-die-ukraine\/","title":{"rendered":"Von der Leyen verlangt &#8222;gerechten Frieden&#8220; f\u00fcr die Ukraine"},"content":{"rendered":"<div>\n<p>EU-Kommissionspr\u00e4sidentin Ursula von der Leyen\u00a0hat betont, dass nur die <span><a href=\"https:\/\/www.zeit.de\/politik\/ausland\/ukraine-krieg-news-liveblog\" rel=\"nofollow\">Ukraine<\/a><\/span> selbst \u00fcber &#8222;ihr eigenes Schicksal&#8220; und die Bedingungen eines Abkommens mit Russlands bestimmen kann. Am Nachmittag traf Von der Leyen den ukrainischen<br \/>\nPr\u00e4sidenten Wolodymyr Selenskyj in Br\u00fcssel.\u00a0\n<\/p>\n<p>Sie versicherte bei der gemeinsamen Pressekonferenz die volle Unterst\u00fctzung der EU f\u00fcr die Ukraine, um einen &#8222;gerechten und dauerhaften Frieden&#8220; zu erreichen. Internationale Grenzen d\u00fcrften nicht durch Gewalt ver\u00e4ndert werden. Es k\u00e4me nicht auf das Wort &#8222;Waffenruhe&#8220; an, sondern darauf, &#8222;das T\u00f6ten zu beenden&#8220;.\n<\/p>\n<h2>&#8222;St\u00e4hlernes Stachelschwein&#8220;<\/h2>\n<p>Von der Leyen sagte, es d\u00fcrfe keine Begrenzung f\u00fcr das ukrainische Milit\u00e4r geben. Die Ukraine m\u00fcsse stattdessen ein &#8222;st\u00e4hlernes Stachelschwein&#8220; werden, das f\u00fcr jeden potenziellen Angreifer &#8222;unverdaulich&#8220; sei. Auch sprach sie die Perspektive einer EU-Mitgliedschaft der Ukraine an. <span><a href=\"https:\/\/www.zeit.de\/thema\/wolodymyr-selenskyj\" rel=\"nofollow\">Selenskyj<\/a><\/span> hob die Bedeutung von Sicherheitsgarantien f\u00fcr die Ukraine ebenfalls hervor.\n<\/p>\n<p>Die EU-Kommissionspr\u00e4sidentin wird gemeinsam mit\u00a0<a href=\"https:\/\/www.zeit.de\/politik\/ausland\/2025-08\/von-der-leyen-selenskyj-treffen-trump-usa-krieg-ukraine\" rel=\"nofollow\">zahlreichen Regierungschefs europ\u00e4ischer Staaten<\/a> nach Washington fliegen, um am Montag mit US-Pr\u00e4sident Donald Trump und Selenskyj zu sprechen.\n<\/p>\n<\/p>\n<\/div>\n","protected":false},"excerpt":{"rendered":"<p>EU-Kommissionspr\u00e4sidentin Ursula von der Leyen\u00a0hat betont, dass nur die Ukraine selbst \u00fcber &#8222;ihr eigenes Schicksal&#8220; und die Bedingungen eines Abkommens mit Russlands bestimmen kann. Am Nachmittag traf Von der Leyen den ukrainischen Pr\u00e4sidenten Wolodymyr Selenskyj in Br\u00fcssel.\u00a0 Sie versicherte bei der gemeinsamen Pressekonferenz die volle Unterst\u00fctzung der EU f\u00fcr die Ukraine, um einen &#8222;gerechten und<\/p>\n","protected":false},"author":1,"featured_media":265517,"comment_status":"open","ping_status":"open","sticky":false,"template":"","format":"standard","meta":{"footnotes":""},"categories":[116],"tags":[],"class_list":["post-265516","post","type-post","status-publish","format-standard","has-post-thumbnail","hentry","category-war-chronicles-de"],"acf":[],"yoast_head":"<!-- This site is optimized with the Yoast SEO plugin v22.9 - https:\/\/yoast.com\/wordpress\/plugins\/seo\/ -->\n<title>Von der Leyen verlangt &quot;gerechten Frieden&quot; f\u00fcr die Ukraine - vof-news.eu<\/title>\n<meta name=\"description\" content=\"EU-Kommissionspr\u00e4sidentin Ursula von der Leyen\u00a0hat betont, dass nur die Ukraine selbst \u00fcber &quot;ihr eigenes Schicksal&quot; und die Bedingungen eines Abkommens mit Russlands bestimmen kann. Am Nachmittag traf Von der Leyen den ukrainischen\" \/>\n<meta name=\"robots\" content=\"noindex, follow, max-snippet:-1, max-image-preview:large, max-video-preview:-1\" \/>\n<meta property=\"og:locale\" content=\"de_DE\" \/>\n<meta property=\"og:type\" content=\"article\" \/>\n<meta property=\"og:title\" content=\"Von der Leyen verlangt &quot;gerechten Frieden&quot; f\u00fcr die Ukraine - vof-news.eu\" \/>\n<meta property=\"og:description\" content=\"EU-Kommissionspr\u00e4sidentin Ursula von der Leyen\u00a0hat betont, dass nur die Ukraine selbst \u00fcber &quot;ihr eigenes Schicksal&quot; und die Bedingungen eines Abkommens mit Russlands bestimmen kann. Am Nachmittag traf Von der Leyen den ukrainischen\" \/>\n<meta property=\"og:url\" content=\"https:\/\/vof-news.eu\/de\/von-der-leyen-verlangt-gerechten-frieden-fur-die-ukraine\/\" \/>\n<meta property=\"og:site_name\" content=\"vof-news.eu\" \/>\n<meta property=\"article:published_time\" content=\"2025-08-17T14:28:14+00:00\" \/>\n<meta property=\"article:modified_time\" content=\"2025-08-17T14:29:37+00:00\" \/>\n<meta property=\"og:image\" content=\"https:\/\/vof-news.eu\/wp-content\/uploads\/2025\/08\/wide__1000x562-57.jpg\" \/>\n\t<meta property=\"og:image:width\" content=\"1000\" \/>\n\t<meta property=\"og:image:height\" content=\"562\" \/>\n\t<meta property=\"og:image:type\" content=\"image\/jpeg\" \/>\n<meta name=\"author\" content=\"Author\" \/>\n<meta name=\"twitter:card\" content=\"summary_large_image\" \/>\n<meta name=\"twitter:label1\" content=\"Verfasst von\" \/>\n\t<meta name=\"twitter:data1\" content=\"Author\" \/>\n\t<meta name=\"twitter:label2\" content=\"Gesch\u00e4tzte Lesezeit\" \/>\n\t<meta name=\"twitter:data2\" content=\"1\u00a0Minute\" \/>\n<script type=\"application\/ld+json\" class=\"yoast-schema-graph\">{\"@context\":\"https:\/\/schema.org\",\"@graph\":[{\"@type\":\"WebPage\",\"@id\":\"https:\/\/vof-news.eu\/de\/von-der-leyen-verlangt-gerechten-frieden-fur-die-ukraine\/\",\"url\":\"https:\/\/vof-news.eu\/de\/von-der-leyen-verlangt-gerechten-frieden-fur-die-ukraine\/\",\"name\":\"Von der Leyen verlangt \\\"gerechten Frieden\\\" f\u00fcr die Ukraine - vof-news.eu\",\"isPartOf\":{\"@id\":\"https:\/\/vof-news.eu\/de\/#website\"},\"primaryImageOfPage\":{\"@id\":\"https:\/\/vof-news.eu\/de\/von-der-leyen-verlangt-gerechten-frieden-fur-die-ukraine\/#primaryimage\"},\"image\":{\"@id\":\"https:\/\/vof-news.eu\/de\/von-der-leyen-verlangt-gerechten-frieden-fur-die-ukraine\/#primaryimage\"},\"thumbnailUrl\":\"https:\/\/vof-news.eu\/wp-content\/uploads\/2025\/08\/wide__1000x562-57.jpg\",\"datePublished\":\"2025-08-17T14:28:14+00:00\",\"dateModified\":\"2025-08-17T14:29:37+00:00\",\"author\":{\"@id\":\"https:\/\/vof-news.eu\/de\/#\/schema\/person\/f6a2a4309f0561835797fd8c19b333ed\"},\"description\":\"EU-Kommissionspr\u00e4sidentin Ursula von der Leyen\u00a0hat betont, dass nur die Ukraine selbst \u00fcber \\\"ihr eigenes Schicksal\\\" und die Bedingungen eines Abkommens mit Russlands bestimmen kann. Am Nachmittag traf Von der Leyen den ukrainischen\",\"breadcrumb\":{\"@id\":\"https:\/\/vof-news.eu\/de\/von-der-leyen-verlangt-gerechten-frieden-fur-die-ukraine\/#breadcrumb\"},\"inLanguage\":\"de\",\"potentialAction\":[{\"@type\":\"ReadAction\",\"target\":[\"https:\/\/vof-news.eu\/de\/von-der-leyen-verlangt-gerechten-frieden-fur-die-ukraine\/\"]}]},{\"@type\":\"ImageObject\",\"inLanguage\":\"de\",\"@id\":\"https:\/\/vof-news.eu\/de\/von-der-leyen-verlangt-gerechten-frieden-fur-die-ukraine\/#primaryimage\",\"url\":\"https:\/\/vof-news.eu\/wp-content\/uploads\/2025\/08\/wide__1000x562-57.jpg\",\"contentUrl\":\"https:\/\/vof-news.eu\/wp-content\/uploads\/2025\/08\/wide__1000x562-57.jpg\",\"width\":1000,\"height\":562},{\"@type\":\"BreadcrumbList\",\"@id\":\"https:\/\/vof-news.eu\/de\/von-der-leyen-verlangt-gerechten-frieden-fur-die-ukraine\/#breadcrumb\",\"itemListElement\":[{\"@type\":\"ListItem\",\"position\":1,\"name\":\"Home\",\"item\":\"https:\/\/vof-news.eu\/de\/\"},{\"@type\":\"ListItem\",\"position\":2,\"name\":\"Von der Leyen verlangt &#8220;gerechten Frieden&#8221; f\u00fcr die Ukraine\"}]},{\"@type\":\"WebSite\",\"@id\":\"https:\/\/vof-news.eu\/de\/#website\",\"url\":\"https:\/\/vof-news.eu\/de\/\",\"name\":\"vof-news.eu\",\"description\":\"\",\"potentialAction\":[{\"@type\":\"SearchAction\",\"target\":{\"@type\":\"EntryPoint\",\"urlTemplate\":\"https:\/\/vof-news.eu\/de\/?s={search_term_string}\"},\"query-input\":\"required name=search_term_string\"}],\"inLanguage\":\"de\"},{\"@type\":\"Person\",\"@id\":\"https:\/\/vof-news.eu\/de\/#\/schema\/person\/f6a2a4309f0561835797fd8c19b333ed\",\"name\":\"Author\",\"image\":{\"@type\":\"ImageObject\",\"inLanguage\":\"de\",\"@id\":\"https:\/\/vof-news.eu\/de\/#\/schema\/person\/image\/\",\"url\":\"https:\/\/secure.gravatar.com\/avatar\/b67e614b1b25b3e9c0c239efdd2fde5ab015b5affd6f1c3c85911ca4b384e790?s=96&d=mm&r=g\",\"contentUrl\":\"https:\/\/secure.gravatar.com\/avatar\/b67e614b1b25b3e9c0c239efdd2fde5ab015b5affd6f1c3c85911ca4b384e790?s=96&d=mm&r=g\",\"caption\":\"Author\"},\"sameAs\":[\"http:\/\/vof-news.eu\"],\"url\":\"https:\/\/vof-news.eu\/de\/author\/zwt6qxnjulxbnyg\/\"}]}<\/script>\n<!-- \/ Yoast SEO plugin. -->","yoast_head_json":{"title":"Von der Leyen verlangt \"gerechten Frieden\" f\u00fcr die Ukraine - vof-news.eu","description":"EU-Kommissionspr\u00e4sidentin Ursula von der Leyen\u00a0hat betont, dass nur die Ukraine selbst \u00fcber \"ihr eigenes Schicksal\" und die Bedingungen eines Abkommens mit Russlands bestimmen kann. Am Nachmittag traf Von der Leyen den ukrainischen","robots":{"index":"noindex","follow":"follow","max-snippet":"max-snippet:-1","max-image-preview":"max-image-preview:large","max-video-preview":"max-video-preview:-1"},"og_locale":"de_DE","og_type":"article","og_title":"Von der Leyen verlangt \"gerechten Frieden\" f\u00fcr die Ukraine - vof-news.eu","og_description":"EU-Kommissionspr\u00e4sidentin Ursula von der Leyen\u00a0hat betont, dass nur die Ukraine selbst \u00fcber \"ihr eigenes Schicksal\" und die Bedingungen eines Abkommens mit Russlands bestimmen kann. Am Nachmittag traf Von der Leyen den ukrainischen","og_url":"https:\/\/vof-news.eu\/de\/von-der-leyen-verlangt-gerechten-frieden-fur-die-ukraine\/","og_site_name":"vof-news.eu","article_published_time":"2025-08-17T14:28:14+00:00","article_modified_time":"2025-08-17T14:29:37+00:00","og_image":[{"width":1000,"height":562,"url":"https:\/\/vof-news.eu\/wp-content\/uploads\/2025\/08\/wide__1000x562-57.jpg","type":"image\/jpeg"}],"author":"Author","twitter_card":"summary_large_image","twitter_misc":{"Verfasst von":"Author","Gesch\u00e4tzte Lesezeit":"1\u00a0Minute"},"schema":{"@context":"https:\/\/schema.org","@graph":[{"@type":"WebPage","@id":"https:\/\/vof-news.eu\/de\/von-der-leyen-verlangt-gerechten-frieden-fur-die-ukraine\/","url":"https:\/\/vof-news.eu\/de\/von-der-leyen-verlangt-gerechten-frieden-fur-die-ukraine\/","name":"Von der Leyen verlangt \"gerechten Frieden\" f\u00fcr die Ukraine - vof-news.eu","isPartOf":{"@id":"https:\/\/vof-news.eu\/de\/#website"},"primaryImageOfPage":{"@id":"https:\/\/vof-news.eu\/de\/von-der-leyen-verlangt-gerechten-frieden-fur-die-ukraine\/#primaryimage"},"image":{"@id":"https:\/\/vof-news.eu\/de\/von-der-leyen-verlangt-gerechten-frieden-fur-die-ukraine\/#primaryimage"},"thumbnailUrl":"https:\/\/vof-news.eu\/wp-content\/uploads\/2025\/08\/wide__1000x562-57.jpg","datePublished":"2025-08-17T14:28:14+00:00","dateModified":"2025-08-17T14:29:37+00:00","author":{"@id":"https:\/\/vof-news.eu\/de\/#\/schema\/person\/f6a2a4309f0561835797fd8c19b333ed"},"description":"EU-Kommissionspr\u00e4sidentin Ursula von der Leyen\u00a0hat betont, dass nur die Ukraine selbst \u00fcber \"ihr eigenes Schicksal\" und die Bedingungen eines Abkommens mit Russlands bestimmen kann. Am Nachmittag traf Von der Leyen den ukrainischen","breadcrumb":{"@id":"https:\/\/vof-news.eu\/de\/von-der-leyen-verlangt-gerechten-frieden-fur-die-ukraine\/#breadcrumb"},"inLanguage":"de","potentialAction":[{"@type":"ReadAction","target":["https:\/\/vof-news.eu\/de\/von-der-leyen-verlangt-gerechten-frieden-fur-die-ukraine\/"]}]},{"@type":"ImageObject","inLanguage":"de","@id":"https:\/\/vof-news.eu\/de\/von-der-leyen-verlangt-gerechten-frieden-fur-die-ukraine\/#primaryimage","url":"https:\/\/vof-news.eu\/wp-content\/uploads\/2025\/08\/wide__1000x562-57.jpg","contentUrl":"https:\/\/vof-news.eu\/wp-content\/uploads\/2025\/08\/wide__1000x562-57.jpg","width":1000,"height":562},{"@type":"BreadcrumbList","@id":"https:\/\/vof-news.eu\/de\/von-der-leyen-verlangt-gerechten-frieden-fur-die-ukraine\/#breadcrumb","itemListElement":[{"@type":"ListItem","position":1,"name":"Home","item":"https:\/\/vof-news.eu\/de\/"},{"@type":"ListItem","position":2,"name":"Von der Leyen verlangt &#8220;gerechten Frieden&#8221; f\u00fcr die Ukraine"}]},{"@type":"WebSite","@id":"https:\/\/vof-news.eu\/de\/#website","url":"https:\/\/vof-news.eu\/de\/","name":"vof-news.eu","description":"","potentialAction":[{"@type":"SearchAction","target":{"@type":"EntryPoint","urlTemplate":"https:\/\/vof-news.eu\/de\/?s={search_term_string}"},"query-input":"required name=search_term_string"}],"inLanguage":"de"},{"@type":"Person","@id":"https:\/\/vof-news.eu\/de\/#\/schema\/person\/f6a2a4309f0561835797fd8c19b333ed","name":"Author","image":{"@type":"ImageObject","inLanguage":"de","@id":"https:\/\/vof-news.eu\/de\/#\/schema\/person\/image\/","url":"https:\/\/secure.gravatar.com\/avatar\/b67e614b1b25b3e9c0c239efdd2fde5ab015b5affd6f1c3c85911ca4b384e790?s=96&d=mm&r=g","contentUrl":"https:\/\/secure.gravatar.com\/avatar\/b67e614b1b25b3e9c0c239efdd2fde5ab015b5affd6f1c3c85911ca4b384e790?s=96&d=mm&r=g","caption":"Author"},"sameAs":["http:\/\/vof-news.eu"],"url":"https:\/\/vof-news.eu\/de\/author\/zwt6qxnjulxbnyg\/"}]}},"yoast_meta":{"yoast_wpseo_title":"","yoast_wpseo_metadesc":"","yoast_wpseo_canonical":""},"_links":{"self":[{"href":"https:\/\/vof-news.eu\/de\/wp-json\/wp\/v2\/posts\/265516","targetHints":{"allow":["GET"]}}],"collection":[{"href":"https:\/\/vof-news.eu\/de\/wp-json\/wp\/v2\/posts"}],"about":[{"href":"https:\/\/vof-news.eu\/de\/wp-json\/wp\/v2\/types\/post"}],"author":[{"embeddable":true,"href":"https:\/\/vof-news.eu\/de\/wp-json\/wp\/v2\/users\/1"}],"replies":[{"embeddable":true,"href":"https:\/\/vof-news.eu\/de\/wp-json\/wp\/v2\/comments?post=265516"}],"version-history":[{"count":1,"href":"https:\/\/vof-news.eu\/de\/wp-json\/wp\/v2\/posts\/265516\/revisions"}],"predecessor-version":[{"id":265523,"href":"https:\/\/vof-news.eu\/de\/wp-json\/wp\/v2\/posts\/265516\/revisions\/265523"}],"wp:featuredmedia":[{"embeddable":true,"href":"https:\/\/vof-news.eu\/de\/wp-json\/wp\/v2\/media\/265517"}],"wp:attachment":[{"href":"https:\/\/vof-news.eu\/de\/wp-json\/wp\/v2\/media?parent=265516"}],"wp:term":[{"taxonomy":"category","embeddable":true,"href":"https:\/\/vof-news.eu\/de\/wp-json\/wp\/v2\/categories?post=265516"},{"taxonomy":"post_tag","embeddable":true,"href":"https:\/\/vof-news.eu\/de\/wp-json\/wp\/v2\/tags?post=265516"}],"curies":[{"name":"wp","href":"https:\/\/api.w.org\/{rel}","templated":true}]}}