{"id":265464,"date":"2025-08-17T13:28:10","date_gmt":"2025-08-17T10:28:10","guid":{"rendered":"https:\/\/vof-news.eu\/von-der-leyen-und-merz-begleiten-selenskyj-zu-treffen-mit-trump\/"},"modified":"2025-08-17T13:29:22","modified_gmt":"2025-08-17T10:29:22","slug":"von-der-leyen-und-merz-begleiten-selenskyj-zu-treffen-mit-trump","status":"publish","type":"post","link":"https:\/\/vof-news.eu\/de\/von-der-leyen-und-merz-begleiten-selenskyj-zu-treffen-mit-trump\/","title":{"rendered":"Von der Leyen und Merz begleiten Selenskyj zu Treffen mit Trump"},"content":{"rendered":"<div>\n<p>EU-Kommissionspr\u00e4sidentin Ursula von der Leyen und Bundeskanzler Friedrich Merz werden <span><a href=\"https:\/\/www.zeit.de\/thema\/wolodymyr-selenskyj\" rel=\"nofollow\">Wolodymyr Selenskyj<\/a><\/span> am Montag zum Treffen mit US-Pr\u00e4sident Donald Trump in die USA begleiten. Das gaben von der Leyen selbst auf X sowie ein Sprecher der Bundesregierung bekannt. Weitere europ\u00e4ische Staatschefs sollen ebenfalls dabei sein. Zuvor werde von der Leyen gemeinsam mit Selenskyj aus Br\u00fcssel an dem Treffen der &#8222;Koalition der Willigen&#8220; teilnehmen, teilte die\u00a0Kommissionspr\u00e4sidentin\u00a0mit.\u00a0\n<\/p>\n<p>Der ukrainische Pr\u00e4sident\u00a0<a href=\"https:\/\/www.zeit.de\/thema\/wolodymyr-selenskyj\" rel=\"nofollow\">Selenskyj<\/a>\u00a0hatte die Gespr\u00e4che mit seinem US-amerikanischen Amtskollegen Donald <span><a href=\"https:\/\/www.zeit.de\/thema\/donald-trump\" rel=\"nofollow\">Trump<\/a><\/span> nach dessen Treffen mit dem russischen Pr\u00e4sidenten Wladimir Putin in Alaska angek\u00fcndigt. Man wolle &#8222;alle Details \u00fcber das Ende der Morde,<br \/>\n\u00fcber das Ende des Krieges&#8220; besprechen. US-Pr\u00e4sident Trump best\u00e4tigte das Treffen und \u00e4u\u00dferte die Hoffnung, im Anschluss ein Treffen zwischen Selenskyj und Putin planen zu k\u00f6nnen.\n<\/p>\n<p>Die EU sowie mehrere europ\u00e4ische L\u00e4nder, darunter Deutschland, Frankreich und die Ukraine selbst, haben immer wieder betont, dass ein gerechter Frieden in der Ukraine nur unter Einbezug des angegriffenen Landes sowie seiner europ\u00e4ischen Partner verhandelt werden k\u00f6nne. &#8222;Territoriale Fragen k\u00f6nnen nur mit dem Einverst\u00e4ndnis der Ukrainer entschieden werden&#8220;, sagte etwa Bundeskanzler Merz vor dem Treffen Trumps und Putins.\n<\/p>\n<\/p>\n<\/div>\n","protected":false},"excerpt":{"rendered":"<p>EU-Kommissionspr\u00e4sidentin Ursula von der Leyen und Bundeskanzler Friedrich Merz werden Wolodymyr Selenskyj am Montag zum Treffen mit US-Pr\u00e4sident Donald Trump in die USA begleiten. Das gaben von der Leyen selbst auf X sowie ein Sprecher der Bundesregierung bekannt. Weitere europ\u00e4ische Staatschefs sollen ebenfalls dabei sein. Zuvor werde von der Leyen gemeinsam mit Selenskyj aus Br\u00fcssel<\/p>\n","protected":false},"author":1,"featured_media":265465,"comment_status":"open","ping_status":"open","sticky":false,"template":"","format":"standard","meta":{"footnotes":""},"categories":[116],"tags":[],"class_list":["post-265464","post","type-post","status-publish","format-standard","has-post-thumbnail","hentry","category-war-chronicles-de"],"acf":[],"yoast_head":"<!-- This site is optimized with the Yoast SEO plugin v22.9 - https:\/\/yoast.com\/wordpress\/plugins\/seo\/ -->\n<title>Von der Leyen und Merz begleiten Selenskyj zu Treffen mit Trump - vof-news.eu<\/title>\n<meta name=\"description\" content=\"EU-Kommissionspr\u00e4sidentin Ursula von der Leyen und Bundeskanzler Friedrich Merz werden Wolodymyr Selenskyj am Montag zum Treffen mit US-Pr\u00e4sident Donald Trump in die USA begleiten. Das gaben von der Leyen selbst auf X sowie ein Sprecher der Bundesregierung bekannt. Weitere europ\u00e4ische Staatschefs sollen ebenfalls dabei sein. Zuvor werde von der Leyen gemeinsam mit Selenskyj aus Br\u00fcssel an dem Treffen der &quot;Koalition der Willigen&quot; teilnehmen, teilte die\u00a0Kommissionspr\u00e4sidentin\u00a0mit.\u00a0\" \/>\n<meta name=\"robots\" content=\"noindex, follow, max-snippet:-1, max-image-preview:large, max-video-preview:-1\" \/>\n<meta property=\"og:locale\" content=\"de_DE\" \/>\n<meta property=\"og:type\" content=\"article\" \/>\n<meta property=\"og:title\" content=\"Von der Leyen und Merz begleiten Selenskyj zu Treffen mit Trump - vof-news.eu\" \/>\n<meta property=\"og:description\" content=\"EU-Kommissionspr\u00e4sidentin Ursula von der Leyen und Bundeskanzler Friedrich Merz werden Wolodymyr Selenskyj am Montag zum Treffen mit US-Pr\u00e4sident Donald Trump in die USA begleiten. Das gaben von der Leyen selbst auf X sowie ein Sprecher der Bundesregierung bekannt. Weitere europ\u00e4ische Staatschefs sollen ebenfalls dabei sein. Zuvor werde von der Leyen gemeinsam mit Selenskyj aus Br\u00fcssel an dem Treffen der &quot;Koalition der Willigen&quot; teilnehmen, teilte die\u00a0Kommissionspr\u00e4sidentin\u00a0mit.\u00a0\" \/>\n<meta property=\"og:url\" content=\"https:\/\/vof-news.eu\/de\/von-der-leyen-und-merz-begleiten-selenskyj-zu-treffen-mit-trump\/\" \/>\n<meta property=\"og:site_name\" content=\"vof-news.eu\" \/>\n<meta property=\"article:published_time\" content=\"2025-08-17T10:28:10+00:00\" \/>\n<meta property=\"article:modified_time\" content=\"2025-08-17T10:29:22+00:00\" \/>\n<meta property=\"og:image\" content=\"https:\/\/vof-news.eu\/wp-content\/uploads\/2025\/08\/wide__1000x562-55.jpg\" \/>\n\t<meta property=\"og:image:width\" content=\"1000\" \/>\n\t<meta property=\"og:image:height\" content=\"562\" \/>\n\t<meta property=\"og:image:type\" content=\"image\/jpeg\" \/>\n<meta name=\"author\" content=\"Author\" \/>\n<meta name=\"twitter:card\" content=\"summary_large_image\" \/>\n<meta name=\"twitter:label1\" content=\"Verfasst von\" \/>\n\t<meta name=\"twitter:data1\" content=\"Author\" \/>\n\t<meta name=\"twitter:label2\" content=\"Gesch\u00e4tzte Lesezeit\" \/>\n\t<meta name=\"twitter:data2\" content=\"1\u00a0Minute\" \/>\n<script type=\"application\/ld+json\" class=\"yoast-schema-graph\">{\"@context\":\"https:\/\/schema.org\",\"@graph\":[{\"@type\":\"WebPage\",\"@id\":\"https:\/\/vof-news.eu\/de\/von-der-leyen-und-merz-begleiten-selenskyj-zu-treffen-mit-trump\/\",\"url\":\"https:\/\/vof-news.eu\/de\/von-der-leyen-und-merz-begleiten-selenskyj-zu-treffen-mit-trump\/\",\"name\":\"Von der Leyen und Merz begleiten Selenskyj zu Treffen mit Trump - vof-news.eu\",\"isPartOf\":{\"@id\":\"https:\/\/vof-news.eu\/de\/#website\"},\"primaryImageOfPage\":{\"@id\":\"https:\/\/vof-news.eu\/de\/von-der-leyen-und-merz-begleiten-selenskyj-zu-treffen-mit-trump\/#primaryimage\"},\"image\":{\"@id\":\"https:\/\/vof-news.eu\/de\/von-der-leyen-und-merz-begleiten-selenskyj-zu-treffen-mit-trump\/#primaryimage\"},\"thumbnailUrl\":\"https:\/\/vof-news.eu\/wp-content\/uploads\/2025\/08\/wide__1000x562-55.jpg\",\"datePublished\":\"2025-08-17T10:28:10+00:00\",\"dateModified\":\"2025-08-17T10:29:22+00:00\",\"author\":{\"@id\":\"https:\/\/vof-news.eu\/de\/#\/schema\/person\/f6a2a4309f0561835797fd8c19b333ed\"},\"description\":\"EU-Kommissionspr\u00e4sidentin Ursula von der Leyen und Bundeskanzler Friedrich Merz werden Wolodymyr Selenskyj am Montag zum Treffen mit US-Pr\u00e4sident Donald Trump in die USA begleiten. Das gaben von der Leyen selbst auf X sowie ein Sprecher der Bundesregierung bekannt. Weitere europ\u00e4ische Staatschefs sollen ebenfalls dabei sein. Zuvor werde von der Leyen gemeinsam mit Selenskyj aus Br\u00fcssel an dem Treffen der \\\"Koalition der Willigen\\\" teilnehmen, teilte die\u00a0Kommissionspr\u00e4sidentin\u00a0mit.\u00a0\",\"breadcrumb\":{\"@id\":\"https:\/\/vof-news.eu\/de\/von-der-leyen-und-merz-begleiten-selenskyj-zu-treffen-mit-trump\/#breadcrumb\"},\"inLanguage\":\"de\",\"potentialAction\":[{\"@type\":\"ReadAction\",\"target\":[\"https:\/\/vof-news.eu\/de\/von-der-leyen-und-merz-begleiten-selenskyj-zu-treffen-mit-trump\/\"]}]},{\"@type\":\"ImageObject\",\"inLanguage\":\"de\",\"@id\":\"https:\/\/vof-news.eu\/de\/von-der-leyen-und-merz-begleiten-selenskyj-zu-treffen-mit-trump\/#primaryimage\",\"url\":\"https:\/\/vof-news.eu\/wp-content\/uploads\/2025\/08\/wide__1000x562-55.jpg\",\"contentUrl\":\"https:\/\/vof-news.eu\/wp-content\/uploads\/2025\/08\/wide__1000x562-55.jpg\",\"width\":1000,\"height\":562},{\"@type\":\"BreadcrumbList\",\"@id\":\"https:\/\/vof-news.eu\/de\/von-der-leyen-und-merz-begleiten-selenskyj-zu-treffen-mit-trump\/#breadcrumb\",\"itemListElement\":[{\"@type\":\"ListItem\",\"position\":1,\"name\":\"Home\",\"item\":\"https:\/\/vof-news.eu\/de\/\"},{\"@type\":\"ListItem\",\"position\":2,\"name\":\"Von der Leyen und Merz begleiten Selenskyj zu Treffen mit Trump\"}]},{\"@type\":\"WebSite\",\"@id\":\"https:\/\/vof-news.eu\/de\/#website\",\"url\":\"https:\/\/vof-news.eu\/de\/\",\"name\":\"vof-news.eu\",\"description\":\"\",\"potentialAction\":[{\"@type\":\"SearchAction\",\"target\":{\"@type\":\"EntryPoint\",\"urlTemplate\":\"https:\/\/vof-news.eu\/de\/?s={search_term_string}\"},\"query-input\":\"required name=search_term_string\"}],\"inLanguage\":\"de\"},{\"@type\":\"Person\",\"@id\":\"https:\/\/vof-news.eu\/de\/#\/schema\/person\/f6a2a4309f0561835797fd8c19b333ed\",\"name\":\"Author\",\"image\":{\"@type\":\"ImageObject\",\"inLanguage\":\"de\",\"@id\":\"https:\/\/vof-news.eu\/de\/#\/schema\/person\/image\/\",\"url\":\"https:\/\/secure.gravatar.com\/avatar\/b67e614b1b25b3e9c0c239efdd2fde5ab015b5affd6f1c3c85911ca4b384e790?s=96&d=mm&r=g\",\"contentUrl\":\"https:\/\/secure.gravatar.com\/avatar\/b67e614b1b25b3e9c0c239efdd2fde5ab015b5affd6f1c3c85911ca4b384e790?s=96&d=mm&r=g\",\"caption\":\"Author\"},\"sameAs\":[\"http:\/\/vof-news.eu\"],\"url\":\"https:\/\/vof-news.eu\/de\/author\/zwt6qxnjulxbnyg\/\"}]}<\/script>\n<!-- \/ Yoast SEO plugin. -->","yoast_head_json":{"title":"Von der Leyen und Merz begleiten Selenskyj zu Treffen mit Trump - vof-news.eu","description":"EU-Kommissionspr\u00e4sidentin Ursula von der Leyen und Bundeskanzler Friedrich Merz werden Wolodymyr Selenskyj am Montag zum Treffen mit US-Pr\u00e4sident Donald Trump in die USA begleiten. Das gaben von der Leyen selbst auf X sowie ein Sprecher der Bundesregierung bekannt. Weitere europ\u00e4ische Staatschefs sollen ebenfalls dabei sein. Zuvor werde von der Leyen gemeinsam mit Selenskyj aus Br\u00fcssel an dem Treffen der \"Koalition der Willigen\" teilnehmen, teilte die\u00a0Kommissionspr\u00e4sidentin\u00a0mit.\u00a0","robots":{"index":"noindex","follow":"follow","max-snippet":"max-snippet:-1","max-image-preview":"max-image-preview:large","max-video-preview":"max-video-preview:-1"},"og_locale":"de_DE","og_type":"article","og_title":"Von der Leyen und Merz begleiten Selenskyj zu Treffen mit Trump - vof-news.eu","og_description":"EU-Kommissionspr\u00e4sidentin Ursula von der Leyen und Bundeskanzler Friedrich Merz werden Wolodymyr Selenskyj am Montag zum Treffen mit US-Pr\u00e4sident Donald Trump in die USA begleiten. Das gaben von der Leyen selbst auf X sowie ein Sprecher der Bundesregierung bekannt. Weitere europ\u00e4ische Staatschefs sollen ebenfalls dabei sein. Zuvor werde von der Leyen gemeinsam mit Selenskyj aus Br\u00fcssel an dem Treffen der \"Koalition der Willigen\" teilnehmen, teilte die\u00a0Kommissionspr\u00e4sidentin\u00a0mit.\u00a0","og_url":"https:\/\/vof-news.eu\/de\/von-der-leyen-und-merz-begleiten-selenskyj-zu-treffen-mit-trump\/","og_site_name":"vof-news.eu","article_published_time":"2025-08-17T10:28:10+00:00","article_modified_time":"2025-08-17T10:29:22+00:00","og_image":[{"width":1000,"height":562,"url":"https:\/\/vof-news.eu\/wp-content\/uploads\/2025\/08\/wide__1000x562-55.jpg","type":"image\/jpeg"}],"author":"Author","twitter_card":"summary_large_image","twitter_misc":{"Verfasst von":"Author","Gesch\u00e4tzte Lesezeit":"1\u00a0Minute"},"schema":{"@context":"https:\/\/schema.org","@graph":[{"@type":"WebPage","@id":"https:\/\/vof-news.eu\/de\/von-der-leyen-und-merz-begleiten-selenskyj-zu-treffen-mit-trump\/","url":"https:\/\/vof-news.eu\/de\/von-der-leyen-und-merz-begleiten-selenskyj-zu-treffen-mit-trump\/","name":"Von der Leyen und Merz begleiten Selenskyj zu Treffen mit Trump - vof-news.eu","isPartOf":{"@id":"https:\/\/vof-news.eu\/de\/#website"},"primaryImageOfPage":{"@id":"https:\/\/vof-news.eu\/de\/von-der-leyen-und-merz-begleiten-selenskyj-zu-treffen-mit-trump\/#primaryimage"},"image":{"@id":"https:\/\/vof-news.eu\/de\/von-der-leyen-und-merz-begleiten-selenskyj-zu-treffen-mit-trump\/#primaryimage"},"thumbnailUrl":"https:\/\/vof-news.eu\/wp-content\/uploads\/2025\/08\/wide__1000x562-55.jpg","datePublished":"2025-08-17T10:28:10+00:00","dateModified":"2025-08-17T10:29:22+00:00","author":{"@id":"https:\/\/vof-news.eu\/de\/#\/schema\/person\/f6a2a4309f0561835797fd8c19b333ed"},"description":"EU-Kommissionspr\u00e4sidentin Ursula von der Leyen und Bundeskanzler Friedrich Merz werden Wolodymyr Selenskyj am Montag zum Treffen mit US-Pr\u00e4sident Donald Trump in die USA begleiten. Das gaben von der Leyen selbst auf X sowie ein Sprecher der Bundesregierung bekannt. Weitere europ\u00e4ische Staatschefs sollen ebenfalls dabei sein. Zuvor werde von der Leyen gemeinsam mit Selenskyj aus Br\u00fcssel an dem Treffen der \"Koalition der Willigen\" teilnehmen, teilte die\u00a0Kommissionspr\u00e4sidentin\u00a0mit.\u00a0","breadcrumb":{"@id":"https:\/\/vof-news.eu\/de\/von-der-leyen-und-merz-begleiten-selenskyj-zu-treffen-mit-trump\/#breadcrumb"},"inLanguage":"de","potentialAction":[{"@type":"ReadAction","target":["https:\/\/vof-news.eu\/de\/von-der-leyen-und-merz-begleiten-selenskyj-zu-treffen-mit-trump\/"]}]},{"@type":"ImageObject","inLanguage":"de","@id":"https:\/\/vof-news.eu\/de\/von-der-leyen-und-merz-begleiten-selenskyj-zu-treffen-mit-trump\/#primaryimage","url":"https:\/\/vof-news.eu\/wp-content\/uploads\/2025\/08\/wide__1000x562-55.jpg","contentUrl":"https:\/\/vof-news.eu\/wp-content\/uploads\/2025\/08\/wide__1000x562-55.jpg","width":1000,"height":562},{"@type":"BreadcrumbList","@id":"https:\/\/vof-news.eu\/de\/von-der-leyen-und-merz-begleiten-selenskyj-zu-treffen-mit-trump\/#breadcrumb","itemListElement":[{"@type":"ListItem","position":1,"name":"Home","item":"https:\/\/vof-news.eu\/de\/"},{"@type":"ListItem","position":2,"name":"Von der Leyen und Merz begleiten Selenskyj zu Treffen mit Trump"}]},{"@type":"WebSite","@id":"https:\/\/vof-news.eu\/de\/#website","url":"https:\/\/vof-news.eu\/de\/","name":"vof-news.eu","description":"","potentialAction":[{"@type":"SearchAction","target":{"@type":"EntryPoint","urlTemplate":"https:\/\/vof-news.eu\/de\/?s={search_term_string}"},"query-input":"required name=search_term_string"}],"inLanguage":"de"},{"@type":"Person","@id":"https:\/\/vof-news.eu\/de\/#\/schema\/person\/f6a2a4309f0561835797fd8c19b333ed","name":"Author","image":{"@type":"ImageObject","inLanguage":"de","@id":"https:\/\/vof-news.eu\/de\/#\/schema\/person\/image\/","url":"https:\/\/secure.gravatar.com\/avatar\/b67e614b1b25b3e9c0c239efdd2fde5ab015b5affd6f1c3c85911ca4b384e790?s=96&d=mm&r=g","contentUrl":"https:\/\/secure.gravatar.com\/avatar\/b67e614b1b25b3e9c0c239efdd2fde5ab015b5affd6f1c3c85911ca4b384e790?s=96&d=mm&r=g","caption":"Author"},"sameAs":["http:\/\/vof-news.eu"],"url":"https:\/\/vof-news.eu\/de\/author\/zwt6qxnjulxbnyg\/"}]}},"yoast_meta":{"yoast_wpseo_title":"","yoast_wpseo_metadesc":"","yoast_wpseo_canonical":""},"_links":{"self":[{"href":"https:\/\/vof-news.eu\/de\/wp-json\/wp\/v2\/posts\/265464","targetHints":{"allow":["GET"]}}],"collection":[{"href":"https:\/\/vof-news.eu\/de\/wp-json\/wp\/v2\/posts"}],"about":[{"href":"https:\/\/vof-news.eu\/de\/wp-json\/wp\/v2\/types\/post"}],"author":[{"embeddable":true,"href":"https:\/\/vof-news.eu\/de\/wp-json\/wp\/v2\/users\/1"}],"replies":[{"embeddable":true,"href":"https:\/\/vof-news.eu\/de\/wp-json\/wp\/v2\/comments?post=265464"}],"version-history":[{"count":1,"href":"https:\/\/vof-news.eu\/de\/wp-json\/wp\/v2\/posts\/265464\/revisions"}],"predecessor-version":[{"id":265471,"href":"https:\/\/vof-news.eu\/de\/wp-json\/wp\/v2\/posts\/265464\/revisions\/265471"}],"wp:featuredmedia":[{"embeddable":true,"href":"https:\/\/vof-news.eu\/de\/wp-json\/wp\/v2\/media\/265465"}],"wp:attachment":[{"href":"https:\/\/vof-news.eu\/de\/wp-json\/wp\/v2\/media?parent=265464"}],"wp:term":[{"taxonomy":"category","embeddable":true,"href":"https:\/\/vof-news.eu\/de\/wp-json\/wp\/v2\/categories?post=265464"},{"taxonomy":"post_tag","embeddable":true,"href":"https:\/\/vof-news.eu\/de\/wp-json\/wp\/v2\/tags?post=265464"}],"curies":[{"name":"wp","href":"https:\/\/api.w.org\/{rel}","templated":true}]}}