{"id":265402,"date":"2025-08-17T07:28:07","date_gmt":"2025-08-17T04:28:07","guid":{"rendered":"https:\/\/vof-news.eu\/europaische-regierungschefs-kommen-zu-ukrainegesprachen-zusammen\/"},"modified":"2025-08-17T07:29:03","modified_gmt":"2025-08-17T04:29:03","slug":"europaische-regierungschefs-kommen-zu-ukrainegesprachen-zusammen","status":"publish","type":"post","link":"https:\/\/vof-news.eu\/de\/europaische-regierungschefs-kommen-zu-ukrainegesprachen-zusammen\/","title":{"rendered":"Europ\u00e4ische Regierungschefs kommen zu Ukrainegespr\u00e4chen zusammen"},"content":{"rendered":"<div>\n<p>Nach dem Gipfeltreffen von US-Pr\u00e4sident <a href=\"https:\/\/www.zeit.de\/thema\/donald-trump\" rel=\"nofollow\">Donald Trump<\/a> und dem russischen Pr\u00e4sidenten <a href=\"https:\/\/www.zeit.de\/thema\/wladimir-putin\" rel=\"nofollow\">Wladimir Putin<\/a> wollen sich am heutigen Nachmittag europ\u00e4ische Staats- und Regierungschefs beraten. Hierzu solle eine Videoschalte der &#8222;Koalition der Willigen&#8220; stattfinden, hie\u00df es aus dem \u00c9lys\u00e9e-Palast in Paris.\u00a0Das Treffen der Ukraineverb\u00fcndeten wird von Bundeskanzler Friedrich Merz (CDU), Frankreichs Pr\u00e4sident Emmanuel Macron und dem britischen Premierminister Keir Starmer organisiert. Ziel ist es unter anderem, politisch einseitige Entscheidungen zulasten der <span><a href=\"https:\/\/www.zeit.de\/politik\/ausland\/ukraine-krieg-news-liveblog\" rel=\"nofollow\">Ukraine<\/a><\/span> zu verhindern.\n<\/p>\n<p>Trump hatte Putin bei dem Gipfeltreffen in Alaska \u00fcberraschend herzlich empfangen. Eine gemeinsame Position zu <span><a href=\"https:\/\/www.zeit.de\/thema\/russland\" rel=\"nofollow\">Russlands<\/a><\/span> Krieg gegen die Ukraine wurde im Anschluss an das Treffen nicht bekannt gegeben.\u00a0Allerdings <a href=\"https:\/\/www.zeit.de\/politik\/ausland\/2025-08\/ukraine-krieg-friedensabkommen-waffenruhe-russland\" rel=\"nofollow\">zog\u00a0<\/a><a href=\"https:\/\/www.zeit.de\/politik\/ausland\/2025-08\/ukraine-krieg-friedensabkommen-waffenruhe-russland\" rel=\"nofollow\">Trump seine bisherige Forderung<\/a> nach einer Waffenruhe vor etwaigen Friedensverhandlungen wieder zur\u00fcck.\u00a0Stattdessen forderte er ein umfassendes &#8222;Friedensabkommen&#8220;.\n<\/p>\n<p>Trump schwenkte teilweise auf Putins Linie ein, ohne dass der russische Pr\u00e4sident selbst sichtbare Zugest\u00e4ndnisse gemacht h\u00e4tte.\u00a0Trump sagte sp\u00e4ter in einem TV-Interview, er rate dem ukrainischen Pr\u00e4sidenten Selenskyj dazu, einem &#8222;Deal&#8220; mit dem milit\u00e4risch \u00fcberlegenen Russland zuzustimmen. Selenskyj wird Trump am Montag in Washington, D. C. treffen.\u00a0\n<\/p>\n<h2>Putin fordert laut US-Medien Abtretung des Donbass<\/h2>\n<p>Besonders heikel ist die Frage m\u00f6glicher Gebietsabtretungen, die die Regierung in Kyjiw bislang strikt ablehnt. US-Medien zufolge soll Putin verlangt haben, den kompletten Donbass im Osten der Ukraine Russland zuzuschlagen. Trump habe diese Forderung an Selenskyj weitergereicht, berichteten die Nachrichtenagentur Bloomberg, die Zeitung  und die Nachrichtenseite  jeweils unter Berufung auf informierte Kreise. Gegenw\u00e4rtig kontrolliert Russland nur Teile des Donbass.\u00a0\n<\/p>\n<p>Nach dem Gipfel informierte Trump die wichtigsten europ\u00e4ischen Staats- und Regierungschefs am Samstagmorgen \u00fcber sein Gespr\u00e4ch mit Putin. Darin habe Trump erfreulicherweise nicht einen einzigen der vorher von den Europ\u00e4ern und Selenskyj festgelegten f\u00fcnf Kernpunkte infrage gestellt, sagte Bundeskanzler Friedrich Merz in einem ZDF-Interview.\n<\/p>\n<p>Mittlerweile h\u00e4lt der CDU-Vorsitzende auch Friedensverhandlungen zwischen der Ukraine und Russland ohne vorherigen Waffenstillstand f\u00fcr vertretbar \u2013 vorausgesetzt, es komme schnell zu einem Abkommen. &#8222;Wenn das gelingt, ist das mehr wert als ein Waffenstillstand, der m\u00f6glicherweise \u00fcber Wochen andauert \u2013 ohne weitere Fortschritte in den politischen, diplomatischen Bem\u00fchungen&#8220;, sagte Merz.\u00a0\n<\/p>\n<p><a href=\"https:\/\/www.zeit.de\/politik\/deutschland\/2025-08\/friedrich-merz-ukraine-usa-sicherheitsgarantien\" rel=\"nofollow\">Im Interview mit n-tv\/RTL<\/a> teilte der CDU-Politiker zudem mit, dass Amerika bereit sei, gemeinsam mit den Europ\u00e4ern Sicherheitsgarantien f\u00fcr die Ukraine abzugeben. Dies sei wahrscheinlich einer der wichtigsten Aspekte und &#8222;ein wirklich gro\u00dfer Fortschritt&#8220;.\n<\/p>\n<\/div>\n","protected":false},"excerpt":{"rendered":"<p>Nach dem Gipfeltreffen von US-Pr\u00e4sident Donald Trump und dem russischen Pr\u00e4sidenten Wladimir Putin wollen sich am heutigen Nachmittag europ\u00e4ische Staats- und Regierungschefs beraten. Hierzu solle eine Videoschalte der &#8222;Koalition der Willigen&#8220; stattfinden, hie\u00df es aus dem \u00c9lys\u00e9e-Palast in Paris.\u00a0Das Treffen der Ukraineverb\u00fcndeten wird von Bundeskanzler Friedrich Merz (CDU), Frankreichs Pr\u00e4sident Emmanuel Macron und dem britischen<\/p>\n","protected":false},"author":1,"featured_media":265403,"comment_status":"open","ping_status":"open","sticky":false,"template":"","format":"standard","meta":{"footnotes":""},"categories":[116],"tags":[],"class_list":["post-265402","post","type-post","status-publish","format-standard","has-post-thumbnail","hentry","category-war-chronicles-de"],"acf":[],"yoast_head":"<!-- This site is optimized with the Yoast SEO plugin v22.9 - https:\/\/yoast.com\/wordpress\/plugins\/seo\/ -->\n<title>Europ\u00e4ische Regierungschefs kommen zu Ukrainegespr\u00e4chen zusammen - vof-news.eu<\/title>\n<meta name=\"description\" content=\"Nach dem Gipfeltreffen von US-Pr\u00e4sident Donald Trump und dem russischen Pr\u00e4sidenten Wladimir Putin wollen sich am heutigen Nachmittag europ\u00e4ische Staats- und Regierungschefs beraten. Hierzu solle eine Videoschalte der &quot;Koalition der Willigen&quot; stattfinden, hie\u00df es aus dem \u00c9lys\u00e9e-Palast in Paris.\u00a0Das Treffen der Ukraineverb\u00fcndeten wird von Bundeskanzler Friedrich Merz (CDU), Frankreichs Pr\u00e4sident Emmanuel Macron und dem britischen Premierminister Keir Starmer organisiert. Ziel ist es unter anderem, politisch einseitige Entscheidungen zulasten der Ukraine zu verhindern.\" \/>\n<meta name=\"robots\" content=\"noindex, follow, max-snippet:-1, max-image-preview:large, max-video-preview:-1\" \/>\n<meta property=\"og:locale\" content=\"de_DE\" \/>\n<meta property=\"og:type\" content=\"article\" \/>\n<meta property=\"og:title\" content=\"Europ\u00e4ische Regierungschefs kommen zu Ukrainegespr\u00e4chen zusammen - vof-news.eu\" \/>\n<meta property=\"og:description\" content=\"Nach dem Gipfeltreffen von US-Pr\u00e4sident Donald Trump und dem russischen Pr\u00e4sidenten Wladimir Putin wollen sich am heutigen Nachmittag europ\u00e4ische Staats- und Regierungschefs beraten. Hierzu solle eine Videoschalte der &quot;Koalition der Willigen&quot; stattfinden, hie\u00df es aus dem \u00c9lys\u00e9e-Palast in Paris.\u00a0Das Treffen der Ukraineverb\u00fcndeten wird von Bundeskanzler Friedrich Merz (CDU), Frankreichs Pr\u00e4sident Emmanuel Macron und dem britischen Premierminister Keir Starmer organisiert. Ziel ist es unter anderem, politisch einseitige Entscheidungen zulasten der Ukraine zu verhindern.\" \/>\n<meta property=\"og:url\" content=\"https:\/\/vof-news.eu\/de\/europaische-regierungschefs-kommen-zu-ukrainegesprachen-zusammen\/\" \/>\n<meta property=\"og:site_name\" content=\"vof-news.eu\" \/>\n<meta property=\"article:published_time\" content=\"2025-08-17T04:28:07+00:00\" \/>\n<meta property=\"article:modified_time\" content=\"2025-08-17T04:29:03+00:00\" \/>\n<meta property=\"og:image\" content=\"https:\/\/vof-news.eu\/wp-content\/uploads\/2025\/08\/wide__1000x562-54.jpg\" \/>\n\t<meta property=\"og:image:width\" content=\"1000\" \/>\n\t<meta property=\"og:image:height\" content=\"562\" \/>\n\t<meta property=\"og:image:type\" content=\"image\/jpeg\" \/>\n<meta name=\"author\" content=\"Author\" \/>\n<meta name=\"twitter:card\" content=\"summary_large_image\" \/>\n<meta name=\"twitter:label1\" content=\"Verfasst von\" \/>\n\t<meta name=\"twitter:data1\" content=\"Author\" \/>\n\t<meta name=\"twitter:label2\" content=\"Gesch\u00e4tzte Lesezeit\" \/>\n\t<meta name=\"twitter:data2\" content=\"2\u00a0Minuten\" \/>\n<script type=\"application\/ld+json\" class=\"yoast-schema-graph\">{\"@context\":\"https:\/\/schema.org\",\"@graph\":[{\"@type\":\"WebPage\",\"@id\":\"https:\/\/vof-news.eu\/de\/europaische-regierungschefs-kommen-zu-ukrainegesprachen-zusammen\/\",\"url\":\"https:\/\/vof-news.eu\/de\/europaische-regierungschefs-kommen-zu-ukrainegesprachen-zusammen\/\",\"name\":\"Europ\u00e4ische Regierungschefs kommen zu Ukrainegespr\u00e4chen zusammen - vof-news.eu\",\"isPartOf\":{\"@id\":\"https:\/\/vof-news.eu\/de\/#website\"},\"primaryImageOfPage\":{\"@id\":\"https:\/\/vof-news.eu\/de\/europaische-regierungschefs-kommen-zu-ukrainegesprachen-zusammen\/#primaryimage\"},\"image\":{\"@id\":\"https:\/\/vof-news.eu\/de\/europaische-regierungschefs-kommen-zu-ukrainegesprachen-zusammen\/#primaryimage\"},\"thumbnailUrl\":\"https:\/\/vof-news.eu\/wp-content\/uploads\/2025\/08\/wide__1000x562-54.jpg\",\"datePublished\":\"2025-08-17T04:28:07+00:00\",\"dateModified\":\"2025-08-17T04:29:03+00:00\",\"author\":{\"@id\":\"https:\/\/vof-news.eu\/de\/#\/schema\/person\/f6a2a4309f0561835797fd8c19b333ed\"},\"description\":\"Nach dem Gipfeltreffen von US-Pr\u00e4sident Donald Trump und dem russischen Pr\u00e4sidenten Wladimir Putin wollen sich am heutigen Nachmittag europ\u00e4ische Staats- und Regierungschefs beraten. Hierzu solle eine Videoschalte der \\\"Koalition der Willigen\\\" stattfinden, hie\u00df es aus dem \u00c9lys\u00e9e-Palast in Paris.\u00a0Das Treffen der Ukraineverb\u00fcndeten wird von Bundeskanzler Friedrich Merz (CDU), Frankreichs Pr\u00e4sident Emmanuel Macron und dem britischen Premierminister Keir Starmer organisiert. Ziel ist es unter anderem, politisch einseitige Entscheidungen zulasten der Ukraine zu verhindern.\",\"breadcrumb\":{\"@id\":\"https:\/\/vof-news.eu\/de\/europaische-regierungschefs-kommen-zu-ukrainegesprachen-zusammen\/#breadcrumb\"},\"inLanguage\":\"de\",\"potentialAction\":[{\"@type\":\"ReadAction\",\"target\":[\"https:\/\/vof-news.eu\/de\/europaische-regierungschefs-kommen-zu-ukrainegesprachen-zusammen\/\"]}]},{\"@type\":\"ImageObject\",\"inLanguage\":\"de\",\"@id\":\"https:\/\/vof-news.eu\/de\/europaische-regierungschefs-kommen-zu-ukrainegesprachen-zusammen\/#primaryimage\",\"url\":\"https:\/\/vof-news.eu\/wp-content\/uploads\/2025\/08\/wide__1000x562-54.jpg\",\"contentUrl\":\"https:\/\/vof-news.eu\/wp-content\/uploads\/2025\/08\/wide__1000x562-54.jpg\",\"width\":1000,\"height\":562},{\"@type\":\"BreadcrumbList\",\"@id\":\"https:\/\/vof-news.eu\/de\/europaische-regierungschefs-kommen-zu-ukrainegesprachen-zusammen\/#breadcrumb\",\"itemListElement\":[{\"@type\":\"ListItem\",\"position\":1,\"name\":\"Home\",\"item\":\"https:\/\/vof-news.eu\/de\/\"},{\"@type\":\"ListItem\",\"position\":2,\"name\":\"Europ\u00e4ische Regierungschefs kommen zu Ukrainegespr\u00e4chen zusammen\"}]},{\"@type\":\"WebSite\",\"@id\":\"https:\/\/vof-news.eu\/de\/#website\",\"url\":\"https:\/\/vof-news.eu\/de\/\",\"name\":\"vof-news.eu\",\"description\":\"\",\"potentialAction\":[{\"@type\":\"SearchAction\",\"target\":{\"@type\":\"EntryPoint\",\"urlTemplate\":\"https:\/\/vof-news.eu\/de\/?s={search_term_string}\"},\"query-input\":\"required name=search_term_string\"}],\"inLanguage\":\"de\"},{\"@type\":\"Person\",\"@id\":\"https:\/\/vof-news.eu\/de\/#\/schema\/person\/f6a2a4309f0561835797fd8c19b333ed\",\"name\":\"Author\",\"image\":{\"@type\":\"ImageObject\",\"inLanguage\":\"de\",\"@id\":\"https:\/\/vof-news.eu\/de\/#\/schema\/person\/image\/\",\"url\":\"https:\/\/secure.gravatar.com\/avatar\/b67e614b1b25b3e9c0c239efdd2fde5ab015b5affd6f1c3c85911ca4b384e790?s=96&d=mm&r=g\",\"contentUrl\":\"https:\/\/secure.gravatar.com\/avatar\/b67e614b1b25b3e9c0c239efdd2fde5ab015b5affd6f1c3c85911ca4b384e790?s=96&d=mm&r=g\",\"caption\":\"Author\"},\"sameAs\":[\"http:\/\/vof-news.eu\"],\"url\":\"https:\/\/vof-news.eu\/de\/author\/zwt6qxnjulxbnyg\/\"}]}<\/script>\n<!-- \/ Yoast SEO plugin. -->","yoast_head_json":{"title":"Europ\u00e4ische Regierungschefs kommen zu Ukrainegespr\u00e4chen zusammen - vof-news.eu","description":"Nach dem Gipfeltreffen von US-Pr\u00e4sident Donald Trump und dem russischen Pr\u00e4sidenten Wladimir Putin wollen sich am heutigen Nachmittag europ\u00e4ische Staats- und Regierungschefs beraten. Hierzu solle eine Videoschalte der \"Koalition der Willigen\" stattfinden, hie\u00df es aus dem \u00c9lys\u00e9e-Palast in Paris.\u00a0Das Treffen der Ukraineverb\u00fcndeten wird von Bundeskanzler Friedrich Merz (CDU), Frankreichs Pr\u00e4sident Emmanuel Macron und dem britischen Premierminister Keir Starmer organisiert. Ziel ist es unter anderem, politisch einseitige Entscheidungen zulasten der Ukraine zu verhindern.","robots":{"index":"noindex","follow":"follow","max-snippet":"max-snippet:-1","max-image-preview":"max-image-preview:large","max-video-preview":"max-video-preview:-1"},"og_locale":"de_DE","og_type":"article","og_title":"Europ\u00e4ische Regierungschefs kommen zu Ukrainegespr\u00e4chen zusammen - vof-news.eu","og_description":"Nach dem Gipfeltreffen von US-Pr\u00e4sident Donald Trump und dem russischen Pr\u00e4sidenten Wladimir Putin wollen sich am heutigen Nachmittag europ\u00e4ische Staats- und Regierungschefs beraten. Hierzu solle eine Videoschalte der \"Koalition der Willigen\" stattfinden, hie\u00df es aus dem \u00c9lys\u00e9e-Palast in Paris.\u00a0Das Treffen der Ukraineverb\u00fcndeten wird von Bundeskanzler Friedrich Merz (CDU), Frankreichs Pr\u00e4sident Emmanuel Macron und dem britischen Premierminister Keir Starmer organisiert. Ziel ist es unter anderem, politisch einseitige Entscheidungen zulasten der Ukraine zu verhindern.","og_url":"https:\/\/vof-news.eu\/de\/europaische-regierungschefs-kommen-zu-ukrainegesprachen-zusammen\/","og_site_name":"vof-news.eu","article_published_time":"2025-08-17T04:28:07+00:00","article_modified_time":"2025-08-17T04:29:03+00:00","og_image":[{"width":1000,"height":562,"url":"https:\/\/vof-news.eu\/wp-content\/uploads\/2025\/08\/wide__1000x562-54.jpg","type":"image\/jpeg"}],"author":"Author","twitter_card":"summary_large_image","twitter_misc":{"Verfasst von":"Author","Gesch\u00e4tzte Lesezeit":"2\u00a0Minuten"},"schema":{"@context":"https:\/\/schema.org","@graph":[{"@type":"WebPage","@id":"https:\/\/vof-news.eu\/de\/europaische-regierungschefs-kommen-zu-ukrainegesprachen-zusammen\/","url":"https:\/\/vof-news.eu\/de\/europaische-regierungschefs-kommen-zu-ukrainegesprachen-zusammen\/","name":"Europ\u00e4ische Regierungschefs kommen zu Ukrainegespr\u00e4chen zusammen - vof-news.eu","isPartOf":{"@id":"https:\/\/vof-news.eu\/de\/#website"},"primaryImageOfPage":{"@id":"https:\/\/vof-news.eu\/de\/europaische-regierungschefs-kommen-zu-ukrainegesprachen-zusammen\/#primaryimage"},"image":{"@id":"https:\/\/vof-news.eu\/de\/europaische-regierungschefs-kommen-zu-ukrainegesprachen-zusammen\/#primaryimage"},"thumbnailUrl":"https:\/\/vof-news.eu\/wp-content\/uploads\/2025\/08\/wide__1000x562-54.jpg","datePublished":"2025-08-17T04:28:07+00:00","dateModified":"2025-08-17T04:29:03+00:00","author":{"@id":"https:\/\/vof-news.eu\/de\/#\/schema\/person\/f6a2a4309f0561835797fd8c19b333ed"},"description":"Nach dem Gipfeltreffen von US-Pr\u00e4sident Donald Trump und dem russischen Pr\u00e4sidenten Wladimir Putin wollen sich am heutigen Nachmittag europ\u00e4ische Staats- und Regierungschefs beraten. Hierzu solle eine Videoschalte der \"Koalition der Willigen\" stattfinden, hie\u00df es aus dem \u00c9lys\u00e9e-Palast in Paris.\u00a0Das Treffen der Ukraineverb\u00fcndeten wird von Bundeskanzler Friedrich Merz (CDU), Frankreichs Pr\u00e4sident Emmanuel Macron und dem britischen Premierminister Keir Starmer organisiert. Ziel ist es unter anderem, politisch einseitige Entscheidungen zulasten der Ukraine zu verhindern.","breadcrumb":{"@id":"https:\/\/vof-news.eu\/de\/europaische-regierungschefs-kommen-zu-ukrainegesprachen-zusammen\/#breadcrumb"},"inLanguage":"de","potentialAction":[{"@type":"ReadAction","target":["https:\/\/vof-news.eu\/de\/europaische-regierungschefs-kommen-zu-ukrainegesprachen-zusammen\/"]}]},{"@type":"ImageObject","inLanguage":"de","@id":"https:\/\/vof-news.eu\/de\/europaische-regierungschefs-kommen-zu-ukrainegesprachen-zusammen\/#primaryimage","url":"https:\/\/vof-news.eu\/wp-content\/uploads\/2025\/08\/wide__1000x562-54.jpg","contentUrl":"https:\/\/vof-news.eu\/wp-content\/uploads\/2025\/08\/wide__1000x562-54.jpg","width":1000,"height":562},{"@type":"BreadcrumbList","@id":"https:\/\/vof-news.eu\/de\/europaische-regierungschefs-kommen-zu-ukrainegesprachen-zusammen\/#breadcrumb","itemListElement":[{"@type":"ListItem","position":1,"name":"Home","item":"https:\/\/vof-news.eu\/de\/"},{"@type":"ListItem","position":2,"name":"Europ\u00e4ische Regierungschefs kommen zu Ukrainegespr\u00e4chen zusammen"}]},{"@type":"WebSite","@id":"https:\/\/vof-news.eu\/de\/#website","url":"https:\/\/vof-news.eu\/de\/","name":"vof-news.eu","description":"","potentialAction":[{"@type":"SearchAction","target":{"@type":"EntryPoint","urlTemplate":"https:\/\/vof-news.eu\/de\/?s={search_term_string}"},"query-input":"required name=search_term_string"}],"inLanguage":"de"},{"@type":"Person","@id":"https:\/\/vof-news.eu\/de\/#\/schema\/person\/f6a2a4309f0561835797fd8c19b333ed","name":"Author","image":{"@type":"ImageObject","inLanguage":"de","@id":"https:\/\/vof-news.eu\/de\/#\/schema\/person\/image\/","url":"https:\/\/secure.gravatar.com\/avatar\/b67e614b1b25b3e9c0c239efdd2fde5ab015b5affd6f1c3c85911ca4b384e790?s=96&d=mm&r=g","contentUrl":"https:\/\/secure.gravatar.com\/avatar\/b67e614b1b25b3e9c0c239efdd2fde5ab015b5affd6f1c3c85911ca4b384e790?s=96&d=mm&r=g","caption":"Author"},"sameAs":["http:\/\/vof-news.eu"],"url":"https:\/\/vof-news.eu\/de\/author\/zwt6qxnjulxbnyg\/"}]}},"yoast_meta":{"yoast_wpseo_title":"","yoast_wpseo_metadesc":"","yoast_wpseo_canonical":""},"_links":{"self":[{"href":"https:\/\/vof-news.eu\/de\/wp-json\/wp\/v2\/posts\/265402","targetHints":{"allow":["GET"]}}],"collection":[{"href":"https:\/\/vof-news.eu\/de\/wp-json\/wp\/v2\/posts"}],"about":[{"href":"https:\/\/vof-news.eu\/de\/wp-json\/wp\/v2\/types\/post"}],"author":[{"embeddable":true,"href":"https:\/\/vof-news.eu\/de\/wp-json\/wp\/v2\/users\/1"}],"replies":[{"embeddable":true,"href":"https:\/\/vof-news.eu\/de\/wp-json\/wp\/v2\/comments?post=265402"}],"version-history":[{"count":1,"href":"https:\/\/vof-news.eu\/de\/wp-json\/wp\/v2\/posts\/265402\/revisions"}],"predecessor-version":[{"id":265409,"href":"https:\/\/vof-news.eu\/de\/wp-json\/wp\/v2\/posts\/265402\/revisions\/265409"}],"wp:featuredmedia":[{"embeddable":true,"href":"https:\/\/vof-news.eu\/de\/wp-json\/wp\/v2\/media\/265403"}],"wp:attachment":[{"href":"https:\/\/vof-news.eu\/de\/wp-json\/wp\/v2\/media?parent=265402"}],"wp:term":[{"taxonomy":"category","embeddable":true,"href":"https:\/\/vof-news.eu\/de\/wp-json\/wp\/v2\/categories?post=265402"},{"taxonomy":"post_tag","embeddable":true,"href":"https:\/\/vof-news.eu\/de\/wp-json\/wp\/v2\/tags?post=265402"}],"curies":[{"name":"wp","href":"https:\/\/api.w.org\/{rel}","templated":true}]}}