{"id":265282,"date":"2025-08-16T13:29:07","date_gmt":"2025-08-16T10:29:07","guid":{"rendered":"https:\/\/vof-news.eu\/selenskyj-und-trump-kundigen-treffen-in-washington-d-c-an\/"},"modified":"2025-08-16T13:30:12","modified_gmt":"2025-08-16T10:30:12","slug":"selenskyj-und-trump-kundigen-treffen-in-washington-d-c-an","status":"publish","type":"post","link":"https:\/\/vof-news.eu\/de\/selenskyj-und-trump-kundigen-treffen-in-washington-d-c-an\/","title":{"rendered":"Selenskyj und Trump k\u00fcndigen Treffen in Washington, D. C. an"},"content":{"rendered":"<div>\n<p>Kommende Woche wird der ukrainische Pr\u00e4sident <span><a href=\"https:\/\/www.zeit.de\/thema\/wolodymyr-selenskyj\" rel=\"nofollow\">Wolodymyr Selenskyj<\/a><\/span> f\u00fcr Gespr\u00e4che zu seinem US-amerikanischen Amtskollegen Donald Trump nach Washington D. C. reisen. &#8222;Alle Details \u00fcber das Ende der Morde, \u00fcber das Ende des Krieges werde ich mit Pr\u00e4sident Trump in Washington am Montag besprechen&#8220;,\u00a0teilte Selenskyj in <a href=\"https:\/\/x.com\/ZelenskyyUa\/status\/1956618668210626884\" rel=\"nofollow\">sozialen Medien<\/a> mit.\n<\/p>\n<p>Der US-Pr\u00e4sident best\u00e4tigte das Treffen. Auf Truth Social schrieb<br \/>\nTrump, dass Selenskyj am Montagnachmittag ins Oval Office in Washington<br \/>\nkommen werde. &#8222;Wenn alles klappt, werden wir dann ein Treffen mit<br \/>\nPr\u00e4sident Putin vereinbaren&#8220;, hie\u00df es in dem Post weiter. &#8222;Der beste<br \/>\nWeg, um den schrecklichen Krieg zwischen Russland und der Ukraine zu<br \/>\nbeenden, ist ein direktes Friedensabkommen, das den Krieg beenden w\u00fcrde,<br \/>\n und nicht nur ein Waffenstillstandsabkommen.&#8220;\n<\/p>\n<p>Er unterst\u00fctze den Vorschlag des US-Pr\u00e4sidenten zu einem Dreiertreffen mit Putin, hie\u00df es in dem Post von Selenskyj weiter. &#8222;Die Ukraine unterstreicht: Die Schl\u00fcsselfragen k\u00f6nnen auf der Ebene der Staatsf\u00fchrer besprochen werden und ein dreiseitiges Format ist dazu geeignet.&#8220; Selenskyj sprach sich zudem f\u00fcr eine Einbeziehung von europ\u00e4ischen Vertretern in alle Phasen der Verhandlungen aus.\u00a0&#8222;Wir haben auch positive Signale von amerikanischer Seite hinsichtlich<br \/>\nder Gew\u00e4hrleistung der Sicherheit der Ukraine besprochen&#8220;, schrieb er.\n<\/p>\n<p>Am Samstagvormittag haben Selenskyj und <span><a href=\"https:\/\/www.zeit.de\/thema\/donald-trump\" rel=\"nofollow\">Trump<\/a><\/span> den Angaben nach etwa eine Stunde telefoniert. Dem insgesamt mehr als anderthalb Stunden dauernden Gespr\u00e4ch seien sp\u00e4ter europ\u00e4ische Staats- und Regierungschefs zugeschaltet worden. Trump habe Selenskyj und seine europ\u00e4ischen Unterst\u00fctzer \u00fcber die &#8222;Hauptgespr\u00e4chspunkte&#8220; mit Putin informiert, teilte der ukrainische Staatschef mit.\n<\/p>\n<h2>Trump zieht Zollank\u00fcndigung zur\u00fcck<\/h2>\n<p>Am Freitag hatte Trump den russischen Staatschef Wladimir Putin in Alaska getroffen, Ergebnisse wurden nicht bekannt. Der US-Pr\u00e4sident sprach zwar von Einigungen in wichtigen Punkten, nannte aber keine Details. Auch Putin erw\u00e4hnte Vereinbarungen, die Ausgangspunkt f\u00fcr eine L\u00f6sung sein k\u00f6nnten, auch er wurde nicht konkret. Im Anschluss an das Treffen\u00a0k\u00fcndigte Trump aber an, die Z\u00f6lle f\u00fcr L\u00e4nder, die russisches \u00d6l kaufen \u2013 anders als angek\u00fcndigt \u2013 <a href=\"https:\/\/www.zeit.de\/politik\/ausland\/2025-08\/zollstreit-donald-trump-wladimir-putin-china\" rel=\"nofollow\">vorerst nicht zu erh\u00f6hen<\/a>.\n<\/p>\n<p>Selenskyj und Trump hatten sich bereits im M\u00e4rz dieses Jahres im Wei\u00dfen Haus getroffen. In den Gespr\u00e4chen war es um Sicherheitsgarantien sowie ein Rohstoffabkommen zwischen den beiden Staaten gegangen. Es endete mit einem<a href=\"https:\/\/www.zeit.de\/politik\/ausland\/2025-03\/ukrainekrieg-donald-trump-wolodymyr-selenskyj-treffen-eskalation\/komplettansicht\" rel=\"nofollow\"> Eklat auf einer Pressekonferenz<\/a>, in welcher Trump und sein Vize JD Vance den ukrainischen Pr\u00e4sidenten teils verh\u00f6hnten.\n<\/p>\n<\/p>\n<\/div>\n","protected":false},"excerpt":{"rendered":"<p>Kommende Woche wird der ukrainische Pr\u00e4sident Wolodymyr Selenskyj f\u00fcr Gespr\u00e4che zu seinem US-amerikanischen Amtskollegen Donald Trump nach Washington D. C. reisen. &#8222;Alle Details \u00fcber das Ende der Morde, \u00fcber das Ende des Krieges werde ich mit Pr\u00e4sident Trump in Washington am Montag besprechen&#8220;,\u00a0teilte Selenskyj in sozialen Medien mit. Der US-Pr\u00e4sident best\u00e4tigte das Treffen. Auf Truth<\/p>\n","protected":false},"author":1,"featured_media":265283,"comment_status":"open","ping_status":"open","sticky":false,"template":"","format":"standard","meta":{"footnotes":""},"categories":[116],"tags":[],"class_list":["post-265282","post","type-post","status-publish","format-standard","has-post-thumbnail","hentry","category-war-chronicles-de"],"acf":[],"yoast_head":"<!-- This site is optimized with the Yoast SEO plugin v22.9 - https:\/\/yoast.com\/wordpress\/plugins\/seo\/ -->\n<title>Selenskyj und Trump k\u00fcndigen Treffen in Washington, D. C. an - vof-news.eu<\/title>\n<meta name=\"description\" content=\"Kommende Woche wird der ukrainische Pr\u00e4sident Wolodymyr Selenskyj f\u00fcr Gespr\u00e4che zu seinem US-amerikanischen Amtskollegen Donald Trump nach Washington D. C. reisen. &quot;Alle Details \u00fcber das Ende der Morde, \u00fcber das Ende des Krieges werde ich mit Pr\u00e4sident Trump in Washington am Montag besprechen&quot;,\u00a0teilte Selenskyj in sozialen Medien mit.\" \/>\n<meta name=\"robots\" content=\"noindex, follow, max-snippet:-1, max-image-preview:large, max-video-preview:-1\" \/>\n<meta property=\"og:locale\" content=\"de_DE\" \/>\n<meta property=\"og:type\" content=\"article\" \/>\n<meta property=\"og:title\" content=\"Selenskyj und Trump k\u00fcndigen Treffen in Washington, D. C. an - vof-news.eu\" \/>\n<meta property=\"og:description\" content=\"Kommende Woche wird der ukrainische Pr\u00e4sident Wolodymyr Selenskyj f\u00fcr Gespr\u00e4che zu seinem US-amerikanischen Amtskollegen Donald Trump nach Washington D. C. reisen. &quot;Alle Details \u00fcber das Ende der Morde, \u00fcber das Ende des Krieges werde ich mit Pr\u00e4sident Trump in Washington am Montag besprechen&quot;,\u00a0teilte Selenskyj in sozialen Medien mit.\" \/>\n<meta property=\"og:url\" content=\"https:\/\/vof-news.eu\/de\/selenskyj-und-trump-kundigen-treffen-in-washington-d-c-an\/\" \/>\n<meta property=\"og:site_name\" content=\"vof-news.eu\" \/>\n<meta property=\"article:published_time\" content=\"2025-08-16T10:29:07+00:00\" \/>\n<meta property=\"article:modified_time\" content=\"2025-08-16T10:30:12+00:00\" \/>\n<meta property=\"og:image\" content=\"https:\/\/vof-news.eu\/wp-content\/uploads\/2025\/08\/wide__1000x562-51.jpg\" \/>\n\t<meta property=\"og:image:width\" content=\"1000\" \/>\n\t<meta property=\"og:image:height\" content=\"562\" \/>\n\t<meta property=\"og:image:type\" content=\"image\/jpeg\" \/>\n<meta name=\"author\" content=\"Author\" \/>\n<meta name=\"twitter:card\" content=\"summary_large_image\" \/>\n<meta name=\"twitter:label1\" content=\"Verfasst von\" \/>\n\t<meta name=\"twitter:data1\" content=\"Author\" \/>\n\t<meta name=\"twitter:label2\" content=\"Gesch\u00e4tzte Lesezeit\" \/>\n\t<meta name=\"twitter:data2\" content=\"2\u00a0Minuten\" \/>\n<script type=\"application\/ld+json\" class=\"yoast-schema-graph\">{\"@context\":\"https:\/\/schema.org\",\"@graph\":[{\"@type\":\"WebPage\",\"@id\":\"https:\/\/vof-news.eu\/de\/selenskyj-und-trump-kundigen-treffen-in-washington-d-c-an\/\",\"url\":\"https:\/\/vof-news.eu\/de\/selenskyj-und-trump-kundigen-treffen-in-washington-d-c-an\/\",\"name\":\"Selenskyj und Trump k\u00fcndigen Treffen in Washington, D. C. an - vof-news.eu\",\"isPartOf\":{\"@id\":\"https:\/\/vof-news.eu\/de\/#website\"},\"primaryImageOfPage\":{\"@id\":\"https:\/\/vof-news.eu\/de\/selenskyj-und-trump-kundigen-treffen-in-washington-d-c-an\/#primaryimage\"},\"image\":{\"@id\":\"https:\/\/vof-news.eu\/de\/selenskyj-und-trump-kundigen-treffen-in-washington-d-c-an\/#primaryimage\"},\"thumbnailUrl\":\"https:\/\/vof-news.eu\/wp-content\/uploads\/2025\/08\/wide__1000x562-51.jpg\",\"datePublished\":\"2025-08-16T10:29:07+00:00\",\"dateModified\":\"2025-08-16T10:30:12+00:00\",\"author\":{\"@id\":\"https:\/\/vof-news.eu\/de\/#\/schema\/person\/f6a2a4309f0561835797fd8c19b333ed\"},\"description\":\"Kommende Woche wird der ukrainische Pr\u00e4sident Wolodymyr Selenskyj f\u00fcr Gespr\u00e4che zu seinem US-amerikanischen Amtskollegen Donald Trump nach Washington D. C. reisen. \\\"Alle Details \u00fcber das Ende der Morde, \u00fcber das Ende des Krieges werde ich mit Pr\u00e4sident Trump in Washington am Montag besprechen\\\",\u00a0teilte Selenskyj in sozialen Medien mit.\",\"breadcrumb\":{\"@id\":\"https:\/\/vof-news.eu\/de\/selenskyj-und-trump-kundigen-treffen-in-washington-d-c-an\/#breadcrumb\"},\"inLanguage\":\"de\",\"potentialAction\":[{\"@type\":\"ReadAction\",\"target\":[\"https:\/\/vof-news.eu\/de\/selenskyj-und-trump-kundigen-treffen-in-washington-d-c-an\/\"]}]},{\"@type\":\"ImageObject\",\"inLanguage\":\"de\",\"@id\":\"https:\/\/vof-news.eu\/de\/selenskyj-und-trump-kundigen-treffen-in-washington-d-c-an\/#primaryimage\",\"url\":\"https:\/\/vof-news.eu\/wp-content\/uploads\/2025\/08\/wide__1000x562-51.jpg\",\"contentUrl\":\"https:\/\/vof-news.eu\/wp-content\/uploads\/2025\/08\/wide__1000x562-51.jpg\",\"width\":1000,\"height\":562},{\"@type\":\"BreadcrumbList\",\"@id\":\"https:\/\/vof-news.eu\/de\/selenskyj-und-trump-kundigen-treffen-in-washington-d-c-an\/#breadcrumb\",\"itemListElement\":[{\"@type\":\"ListItem\",\"position\":1,\"name\":\"Home\",\"item\":\"https:\/\/vof-news.eu\/de\/\"},{\"@type\":\"ListItem\",\"position\":2,\"name\":\"Selenskyj und Trump k\u00fcndigen Treffen in Washington, D. C. an\"}]},{\"@type\":\"WebSite\",\"@id\":\"https:\/\/vof-news.eu\/de\/#website\",\"url\":\"https:\/\/vof-news.eu\/de\/\",\"name\":\"vof-news.eu\",\"description\":\"\",\"potentialAction\":[{\"@type\":\"SearchAction\",\"target\":{\"@type\":\"EntryPoint\",\"urlTemplate\":\"https:\/\/vof-news.eu\/de\/?s={search_term_string}\"},\"query-input\":\"required name=search_term_string\"}],\"inLanguage\":\"de\"},{\"@type\":\"Person\",\"@id\":\"https:\/\/vof-news.eu\/de\/#\/schema\/person\/f6a2a4309f0561835797fd8c19b333ed\",\"name\":\"Author\",\"image\":{\"@type\":\"ImageObject\",\"inLanguage\":\"de\",\"@id\":\"https:\/\/vof-news.eu\/de\/#\/schema\/person\/image\/\",\"url\":\"https:\/\/secure.gravatar.com\/avatar\/b67e614b1b25b3e9c0c239efdd2fde5ab015b5affd6f1c3c85911ca4b384e790?s=96&d=mm&r=g\",\"contentUrl\":\"https:\/\/secure.gravatar.com\/avatar\/b67e614b1b25b3e9c0c239efdd2fde5ab015b5affd6f1c3c85911ca4b384e790?s=96&d=mm&r=g\",\"caption\":\"Author\"},\"sameAs\":[\"http:\/\/vof-news.eu\"],\"url\":\"https:\/\/vof-news.eu\/de\/author\/zwt6qxnjulxbnyg\/\"}]}<\/script>\n<!-- \/ Yoast SEO plugin. -->","yoast_head_json":{"title":"Selenskyj und Trump k\u00fcndigen Treffen in Washington, D. C. an - vof-news.eu","description":"Kommende Woche wird der ukrainische Pr\u00e4sident Wolodymyr Selenskyj f\u00fcr Gespr\u00e4che zu seinem US-amerikanischen Amtskollegen Donald Trump nach Washington D. C. reisen. \"Alle Details \u00fcber das Ende der Morde, \u00fcber das Ende des Krieges werde ich mit Pr\u00e4sident Trump in Washington am Montag besprechen\",\u00a0teilte Selenskyj in sozialen Medien mit.","robots":{"index":"noindex","follow":"follow","max-snippet":"max-snippet:-1","max-image-preview":"max-image-preview:large","max-video-preview":"max-video-preview:-1"},"og_locale":"de_DE","og_type":"article","og_title":"Selenskyj und Trump k\u00fcndigen Treffen in Washington, D. C. an - vof-news.eu","og_description":"Kommende Woche wird der ukrainische Pr\u00e4sident Wolodymyr Selenskyj f\u00fcr Gespr\u00e4che zu seinem US-amerikanischen Amtskollegen Donald Trump nach Washington D. C. reisen. \"Alle Details \u00fcber das Ende der Morde, \u00fcber das Ende des Krieges werde ich mit Pr\u00e4sident Trump in Washington am Montag besprechen\",\u00a0teilte Selenskyj in sozialen Medien mit.","og_url":"https:\/\/vof-news.eu\/de\/selenskyj-und-trump-kundigen-treffen-in-washington-d-c-an\/","og_site_name":"vof-news.eu","article_published_time":"2025-08-16T10:29:07+00:00","article_modified_time":"2025-08-16T10:30:12+00:00","og_image":[{"width":1000,"height":562,"url":"https:\/\/vof-news.eu\/wp-content\/uploads\/2025\/08\/wide__1000x562-51.jpg","type":"image\/jpeg"}],"author":"Author","twitter_card":"summary_large_image","twitter_misc":{"Verfasst von":"Author","Gesch\u00e4tzte Lesezeit":"2\u00a0Minuten"},"schema":{"@context":"https:\/\/schema.org","@graph":[{"@type":"WebPage","@id":"https:\/\/vof-news.eu\/de\/selenskyj-und-trump-kundigen-treffen-in-washington-d-c-an\/","url":"https:\/\/vof-news.eu\/de\/selenskyj-und-trump-kundigen-treffen-in-washington-d-c-an\/","name":"Selenskyj und Trump k\u00fcndigen Treffen in Washington, D. C. an - vof-news.eu","isPartOf":{"@id":"https:\/\/vof-news.eu\/de\/#website"},"primaryImageOfPage":{"@id":"https:\/\/vof-news.eu\/de\/selenskyj-und-trump-kundigen-treffen-in-washington-d-c-an\/#primaryimage"},"image":{"@id":"https:\/\/vof-news.eu\/de\/selenskyj-und-trump-kundigen-treffen-in-washington-d-c-an\/#primaryimage"},"thumbnailUrl":"https:\/\/vof-news.eu\/wp-content\/uploads\/2025\/08\/wide__1000x562-51.jpg","datePublished":"2025-08-16T10:29:07+00:00","dateModified":"2025-08-16T10:30:12+00:00","author":{"@id":"https:\/\/vof-news.eu\/de\/#\/schema\/person\/f6a2a4309f0561835797fd8c19b333ed"},"description":"Kommende Woche wird der ukrainische Pr\u00e4sident Wolodymyr Selenskyj f\u00fcr Gespr\u00e4che zu seinem US-amerikanischen Amtskollegen Donald Trump nach Washington D. C. reisen. \"Alle Details \u00fcber das Ende der Morde, \u00fcber das Ende des Krieges werde ich mit Pr\u00e4sident Trump in Washington am Montag besprechen\",\u00a0teilte Selenskyj in sozialen Medien mit.","breadcrumb":{"@id":"https:\/\/vof-news.eu\/de\/selenskyj-und-trump-kundigen-treffen-in-washington-d-c-an\/#breadcrumb"},"inLanguage":"de","potentialAction":[{"@type":"ReadAction","target":["https:\/\/vof-news.eu\/de\/selenskyj-und-trump-kundigen-treffen-in-washington-d-c-an\/"]}]},{"@type":"ImageObject","inLanguage":"de","@id":"https:\/\/vof-news.eu\/de\/selenskyj-und-trump-kundigen-treffen-in-washington-d-c-an\/#primaryimage","url":"https:\/\/vof-news.eu\/wp-content\/uploads\/2025\/08\/wide__1000x562-51.jpg","contentUrl":"https:\/\/vof-news.eu\/wp-content\/uploads\/2025\/08\/wide__1000x562-51.jpg","width":1000,"height":562},{"@type":"BreadcrumbList","@id":"https:\/\/vof-news.eu\/de\/selenskyj-und-trump-kundigen-treffen-in-washington-d-c-an\/#breadcrumb","itemListElement":[{"@type":"ListItem","position":1,"name":"Home","item":"https:\/\/vof-news.eu\/de\/"},{"@type":"ListItem","position":2,"name":"Selenskyj und Trump k\u00fcndigen Treffen in Washington, D. C. an"}]},{"@type":"WebSite","@id":"https:\/\/vof-news.eu\/de\/#website","url":"https:\/\/vof-news.eu\/de\/","name":"vof-news.eu","description":"","potentialAction":[{"@type":"SearchAction","target":{"@type":"EntryPoint","urlTemplate":"https:\/\/vof-news.eu\/de\/?s={search_term_string}"},"query-input":"required name=search_term_string"}],"inLanguage":"de"},{"@type":"Person","@id":"https:\/\/vof-news.eu\/de\/#\/schema\/person\/f6a2a4309f0561835797fd8c19b333ed","name":"Author","image":{"@type":"ImageObject","inLanguage":"de","@id":"https:\/\/vof-news.eu\/de\/#\/schema\/person\/image\/","url":"https:\/\/secure.gravatar.com\/avatar\/b67e614b1b25b3e9c0c239efdd2fde5ab015b5affd6f1c3c85911ca4b384e790?s=96&d=mm&r=g","contentUrl":"https:\/\/secure.gravatar.com\/avatar\/b67e614b1b25b3e9c0c239efdd2fde5ab015b5affd6f1c3c85911ca4b384e790?s=96&d=mm&r=g","caption":"Author"},"sameAs":["http:\/\/vof-news.eu"],"url":"https:\/\/vof-news.eu\/de\/author\/zwt6qxnjulxbnyg\/"}]}},"yoast_meta":{"yoast_wpseo_title":"","yoast_wpseo_metadesc":"","yoast_wpseo_canonical":""},"_links":{"self":[{"href":"https:\/\/vof-news.eu\/de\/wp-json\/wp\/v2\/posts\/265282","targetHints":{"allow":["GET"]}}],"collection":[{"href":"https:\/\/vof-news.eu\/de\/wp-json\/wp\/v2\/posts"}],"about":[{"href":"https:\/\/vof-news.eu\/de\/wp-json\/wp\/v2\/types\/post"}],"author":[{"embeddable":true,"href":"https:\/\/vof-news.eu\/de\/wp-json\/wp\/v2\/users\/1"}],"replies":[{"embeddable":true,"href":"https:\/\/vof-news.eu\/de\/wp-json\/wp\/v2\/comments?post=265282"}],"version-history":[{"count":1,"href":"https:\/\/vof-news.eu\/de\/wp-json\/wp\/v2\/posts\/265282\/revisions"}],"predecessor-version":[{"id":265289,"href":"https:\/\/vof-news.eu\/de\/wp-json\/wp\/v2\/posts\/265282\/revisions\/265289"}],"wp:featuredmedia":[{"embeddable":true,"href":"https:\/\/vof-news.eu\/de\/wp-json\/wp\/v2\/media\/265283"}],"wp:attachment":[{"href":"https:\/\/vof-news.eu\/de\/wp-json\/wp\/v2\/media?parent=265282"}],"wp:term":[{"taxonomy":"category","embeddable":true,"href":"https:\/\/vof-news.eu\/de\/wp-json\/wp\/v2\/categories?post=265282"},{"taxonomy":"post_tag","embeddable":true,"href":"https:\/\/vof-news.eu\/de\/wp-json\/wp\/v2\/tags?post=265282"}],"curies":[{"name":"wp","href":"https:\/\/api.w.org\/{rel}","templated":true}]}}