{"id":265088,"date":"2025-08-15T23:29:08","date_gmt":"2025-08-15T20:29:08","guid":{"rendered":"https:\/\/vof-news.eu\/donald-trump-empfangt-wladimir-putin-zum-ukraine-gipfel\/"},"modified":"2025-08-15T23:30:43","modified_gmt":"2025-08-15T20:30:43","slug":"donald-trump-empfangt-wladimir-putin-zum-ukraine-gipfel","status":"publish","type":"post","link":"https:\/\/vof-news.eu\/de\/donald-trump-empfangt-wladimir-putin-zum-ukraine-gipfel\/","title":{"rendered":"Donald Trump empf\u00e4ngt Wladimir Putin zum Ukraine-Gipfel"},"content":{"rendered":"<div>\n<p>Nach US-Pr\u00e4sident <a href=\"https:\/\/www.zeit.de\/thema\/donald-trump\" rel=\"nofollow\">Donald Trump<\/a> ist auch der russische Pr\u00e4sident <a href=\"https:\/\/www.zeit.de\/thema\/wladimir-putin\" rel=\"nofollow\">Wladimir Putin<\/a> in Alaska eingetroffen. Trump begr\u00fc\u00dfte Putin nach dessen Landung auf dem Rollfeld. Die beiden Staatsoberh\u00e4upter wollen \u00fcber die<a href=\"https:\/\/www.zeit.de\/thema\/krieg-in-ukraine\" rel=\"nofollow\"> Zukunft der Ukraine<\/a> sprechen. Das Land selbst ist bei dem Gipfel nicht vertreten.\n<\/p>\n<p>Bei dem Treffen auf der US-Milit\u00e4rbasis Elmendorf-Richardson in<br \/>\nAnchorage soll es vor allem um den russischen Angriffskrieg gegen die <span><a href=\"https:\/\/www.zeit.de\/politik\/ausland\/ukraine-krieg-news-liveblog\" rel=\"nofollow\">Ukraine<\/a><\/span> gehen. Trump und Putin begr\u00fc\u00dften sich auf einem roten Teppich nach ihrer Landung l\u00e4chelnd und mit einem langen Handschlag. Nach einem Foto auf einer kleinen B\u00fchne stiegen beide in ein Auto und fuhren gemeinsam zum Tagungsort.\n<\/p>\n<p>Trump sagte vor Reportern in der Air Force One, er werde mit Putin zwar<br \/>\n\u00fcber den &#8222;Austausch&#8220; von Gebieten in der Ukraine reden, doch keine<br \/>\nEntscheidungen treffen: &#8222;Ich muss die Ukraine die Entscheidung treffen<br \/>\nlassen, und ich denke, sie wird eine vern\u00fcnftige Entscheidung treffen.<br \/>\nIch bin aber nicht hier, um f\u00fcr die Ukraine zu verhandeln.&#8220; Die Ukraine,<br \/>\n die Europ\u00e4er und Trump fordern eine umfassende Waffenruhe. Angreifer<br \/>\nRussland ist bislang jedoch nicht von Maximalforderungen in dem Krieg<br \/>\nabger\u00fcckt.\u00a0\n<\/p>\n<h2>Kein Vieraugentreffen zwischen den Pr\u00e4sidenten<\/h2>\n<p>Vor mitreisenden Journalistinnen und Journalisten \u00e4u\u00dferte Trump zudem die Hoffnung, dass sein Treffen mit dem russischen Staatschef &#8222;sehr gut&#8220; verlaufen werde. Sollte dies jedoch nicht der Fall sein, schlie\u00dfe er eine rasche Abreise nicht aus.\u00a0\n<\/p>\n<p>Der ukrainische Pr\u00e4sident Wolodymyr Selenskyj oder andere Vertreter der Ukraine sind bei dem Treffen nicht dabei. Anders als urspr\u00fcnglich geplant, will Trump den russischen Pr\u00e4sidenten nicht zum Gipfelauftakt unter vier Augen treffen. Das teilte das Wei\u00dfe Haus kurz vor dem Zusammentreffen der Pr\u00e4sidenten mit. Auf US-Seite seien neben Trump Au\u00dfenminister Marco Rubio und Trumps Berater Steve Witkoff dabei. Bei einem Mittagessen danach seien dann auch Finanzminister Scott Bessent, Handelsminister Howard Lutnick, Verteidigungsminister Pete Hegseth und Trumps Stabschefin Susie Wiles anwesend.\n<\/p>\n<p><span><a href=\"https:\/\/www.zeit.de\/thema\/wladimir-putin\" rel=\"nofollow\">Pr\u00e4sident Putin<\/a><\/span> wird von seinem au\u00dfenpolitischen Berater Juri Uschakow und Au\u00dfenminister Sergej Lawrow begleitet, sagte Putins Sprecher Dmitri Peskow. Sp\u00e4ter sto\u00dfen dann Verteidigungsminister Andrej Beloussow, der Finanzminister Anton Siluanow, sowie Kirill Dmitrijew, Leiter staatlicher Auslandsinvestitionsfonds, dazu.\n<\/p>\n<p><a href=\"https:\/\/www.zeit.de\/politik\/ausland\/2025-08\/donald-trump-wladimir-putin-alaska-ukraine-liveblog\" rel=\"nofollow\"><\/a>\n<\/p>\n<\/div>\n","protected":false},"excerpt":{"rendered":"<p>Nach US-Pr\u00e4sident Donald Trump ist auch der russische Pr\u00e4sident Wladimir Putin in Alaska eingetroffen. Trump begr\u00fc\u00dfte Putin nach dessen Landung auf dem Rollfeld. Die beiden Staatsoberh\u00e4upter wollen \u00fcber die Zukunft der Ukraine sprechen. Das Land selbst ist bei dem Gipfel nicht vertreten. Bei dem Treffen auf der US-Milit\u00e4rbasis Elmendorf-Richardson in Anchorage soll es vor allem<\/p>\n","protected":false},"author":1,"featured_media":265089,"comment_status":"open","ping_status":"open","sticky":false,"template":"","format":"standard","meta":{"footnotes":""},"categories":[116],"tags":[],"class_list":["post-265088","post","type-post","status-publish","format-standard","has-post-thumbnail","hentry","category-war-chronicles-de"],"acf":[],"yoast_head":"<!-- This site is optimized with the Yoast SEO plugin v22.9 - https:\/\/yoast.com\/wordpress\/plugins\/seo\/ -->\n<title>Donald Trump empf\u00e4ngt Wladimir Putin zum Ukraine-Gipfel - vof-news.eu<\/title>\n<meta name=\"description\" content=\"Nach US-Pr\u00e4sident Donald Trump ist auch der russische Pr\u00e4sident Wladimir Putin in Alaska eingetroffen. Trump begr\u00fc\u00dfte Putin nach dessen Landung auf dem Rollfeld. Die beiden Staatsoberh\u00e4upter wollen \u00fcber die Zukunft der Ukraine sprechen. Das Land selbst ist bei dem Gipfel nicht vertreten.\" \/>\n<meta name=\"robots\" content=\"noindex, follow, max-snippet:-1, max-image-preview:large, max-video-preview:-1\" \/>\n<meta property=\"og:locale\" content=\"de_DE\" \/>\n<meta property=\"og:type\" content=\"article\" \/>\n<meta property=\"og:title\" content=\"Donald Trump empf\u00e4ngt Wladimir Putin zum Ukraine-Gipfel - vof-news.eu\" \/>\n<meta property=\"og:description\" content=\"Nach US-Pr\u00e4sident Donald Trump ist auch der russische Pr\u00e4sident Wladimir Putin in Alaska eingetroffen. Trump begr\u00fc\u00dfte Putin nach dessen Landung auf dem Rollfeld. Die beiden Staatsoberh\u00e4upter wollen \u00fcber die Zukunft der Ukraine sprechen. Das Land selbst ist bei dem Gipfel nicht vertreten.\" \/>\n<meta property=\"og:url\" content=\"https:\/\/vof-news.eu\/de\/donald-trump-empfangt-wladimir-putin-zum-ukraine-gipfel\/\" \/>\n<meta property=\"og:site_name\" content=\"vof-news.eu\" \/>\n<meta property=\"article:published_time\" content=\"2025-08-15T20:29:08+00:00\" \/>\n<meta property=\"article:modified_time\" content=\"2025-08-15T20:30:43+00:00\" \/>\n<meta property=\"og:image\" content=\"https:\/\/vof-news.eu\/wp-content\/uploads\/2025\/08\/wide__1000x562-48.jpg\" \/>\n\t<meta property=\"og:image:width\" content=\"1000\" \/>\n\t<meta property=\"og:image:height\" content=\"562\" \/>\n\t<meta property=\"og:image:type\" content=\"image\/jpeg\" \/>\n<meta name=\"author\" content=\"Author\" \/>\n<meta name=\"twitter:card\" content=\"summary_large_image\" \/>\n<meta name=\"twitter:label1\" content=\"Verfasst von\" \/>\n\t<meta name=\"twitter:data1\" content=\"Author\" \/>\n\t<meta name=\"twitter:label2\" content=\"Gesch\u00e4tzte Lesezeit\" \/>\n\t<meta name=\"twitter:data2\" content=\"2\u00a0Minuten\" \/>\n<script type=\"application\/ld+json\" class=\"yoast-schema-graph\">{\"@context\":\"https:\/\/schema.org\",\"@graph\":[{\"@type\":\"WebPage\",\"@id\":\"https:\/\/vof-news.eu\/de\/donald-trump-empfangt-wladimir-putin-zum-ukraine-gipfel\/\",\"url\":\"https:\/\/vof-news.eu\/de\/donald-trump-empfangt-wladimir-putin-zum-ukraine-gipfel\/\",\"name\":\"Donald Trump empf\u00e4ngt Wladimir Putin zum Ukraine-Gipfel - vof-news.eu\",\"isPartOf\":{\"@id\":\"https:\/\/vof-news.eu\/de\/#website\"},\"primaryImageOfPage\":{\"@id\":\"https:\/\/vof-news.eu\/de\/donald-trump-empfangt-wladimir-putin-zum-ukraine-gipfel\/#primaryimage\"},\"image\":{\"@id\":\"https:\/\/vof-news.eu\/de\/donald-trump-empfangt-wladimir-putin-zum-ukraine-gipfel\/#primaryimage\"},\"thumbnailUrl\":\"https:\/\/vof-news.eu\/wp-content\/uploads\/2025\/08\/wide__1000x562-48.jpg\",\"datePublished\":\"2025-08-15T20:29:08+00:00\",\"dateModified\":\"2025-08-15T20:30:43+00:00\",\"author\":{\"@id\":\"https:\/\/vof-news.eu\/de\/#\/schema\/person\/f6a2a4309f0561835797fd8c19b333ed\"},\"description\":\"Nach US-Pr\u00e4sident Donald Trump ist auch der russische Pr\u00e4sident Wladimir Putin in Alaska eingetroffen. Trump begr\u00fc\u00dfte Putin nach dessen Landung auf dem Rollfeld. Die beiden Staatsoberh\u00e4upter wollen \u00fcber die Zukunft der Ukraine sprechen. Das Land selbst ist bei dem Gipfel nicht vertreten.\",\"breadcrumb\":{\"@id\":\"https:\/\/vof-news.eu\/de\/donald-trump-empfangt-wladimir-putin-zum-ukraine-gipfel\/#breadcrumb\"},\"inLanguage\":\"de\",\"potentialAction\":[{\"@type\":\"ReadAction\",\"target\":[\"https:\/\/vof-news.eu\/de\/donald-trump-empfangt-wladimir-putin-zum-ukraine-gipfel\/\"]}]},{\"@type\":\"ImageObject\",\"inLanguage\":\"de\",\"@id\":\"https:\/\/vof-news.eu\/de\/donald-trump-empfangt-wladimir-putin-zum-ukraine-gipfel\/#primaryimage\",\"url\":\"https:\/\/vof-news.eu\/wp-content\/uploads\/2025\/08\/wide__1000x562-48.jpg\",\"contentUrl\":\"https:\/\/vof-news.eu\/wp-content\/uploads\/2025\/08\/wide__1000x562-48.jpg\",\"width\":1000,\"height\":562},{\"@type\":\"BreadcrumbList\",\"@id\":\"https:\/\/vof-news.eu\/de\/donald-trump-empfangt-wladimir-putin-zum-ukraine-gipfel\/#breadcrumb\",\"itemListElement\":[{\"@type\":\"ListItem\",\"position\":1,\"name\":\"Home\",\"item\":\"https:\/\/vof-news.eu\/de\/\"},{\"@type\":\"ListItem\",\"position\":2,\"name\":\"Donald Trump empf\u00e4ngt Wladimir Putin zum Ukraine-Gipfel\"}]},{\"@type\":\"WebSite\",\"@id\":\"https:\/\/vof-news.eu\/de\/#website\",\"url\":\"https:\/\/vof-news.eu\/de\/\",\"name\":\"vof-news.eu\",\"description\":\"\",\"potentialAction\":[{\"@type\":\"SearchAction\",\"target\":{\"@type\":\"EntryPoint\",\"urlTemplate\":\"https:\/\/vof-news.eu\/de\/?s={search_term_string}\"},\"query-input\":\"required name=search_term_string\"}],\"inLanguage\":\"de\"},{\"@type\":\"Person\",\"@id\":\"https:\/\/vof-news.eu\/de\/#\/schema\/person\/f6a2a4309f0561835797fd8c19b333ed\",\"name\":\"Author\",\"image\":{\"@type\":\"ImageObject\",\"inLanguage\":\"de\",\"@id\":\"https:\/\/vof-news.eu\/de\/#\/schema\/person\/image\/\",\"url\":\"https:\/\/secure.gravatar.com\/avatar\/b67e614b1b25b3e9c0c239efdd2fde5ab015b5affd6f1c3c85911ca4b384e790?s=96&d=mm&r=g\",\"contentUrl\":\"https:\/\/secure.gravatar.com\/avatar\/b67e614b1b25b3e9c0c239efdd2fde5ab015b5affd6f1c3c85911ca4b384e790?s=96&d=mm&r=g\",\"caption\":\"Author\"},\"sameAs\":[\"http:\/\/vof-news.eu\"],\"url\":\"https:\/\/vof-news.eu\/de\/author\/zwt6qxnjulxbnyg\/\"}]}<\/script>\n<!-- \/ Yoast SEO plugin. -->","yoast_head_json":{"title":"Donald Trump empf\u00e4ngt Wladimir Putin zum Ukraine-Gipfel - vof-news.eu","description":"Nach US-Pr\u00e4sident Donald Trump ist auch der russische Pr\u00e4sident Wladimir Putin in Alaska eingetroffen. Trump begr\u00fc\u00dfte Putin nach dessen Landung auf dem Rollfeld. Die beiden Staatsoberh\u00e4upter wollen \u00fcber die Zukunft der Ukraine sprechen. Das Land selbst ist bei dem Gipfel nicht vertreten.","robots":{"index":"noindex","follow":"follow","max-snippet":"max-snippet:-1","max-image-preview":"max-image-preview:large","max-video-preview":"max-video-preview:-1"},"og_locale":"de_DE","og_type":"article","og_title":"Donald Trump empf\u00e4ngt Wladimir Putin zum Ukraine-Gipfel - vof-news.eu","og_description":"Nach US-Pr\u00e4sident Donald Trump ist auch der russische Pr\u00e4sident Wladimir Putin in Alaska eingetroffen. Trump begr\u00fc\u00dfte Putin nach dessen Landung auf dem Rollfeld. Die beiden Staatsoberh\u00e4upter wollen \u00fcber die Zukunft der Ukraine sprechen. Das Land selbst ist bei dem Gipfel nicht vertreten.","og_url":"https:\/\/vof-news.eu\/de\/donald-trump-empfangt-wladimir-putin-zum-ukraine-gipfel\/","og_site_name":"vof-news.eu","article_published_time":"2025-08-15T20:29:08+00:00","article_modified_time":"2025-08-15T20:30:43+00:00","og_image":[{"width":1000,"height":562,"url":"https:\/\/vof-news.eu\/wp-content\/uploads\/2025\/08\/wide__1000x562-48.jpg","type":"image\/jpeg"}],"author":"Author","twitter_card":"summary_large_image","twitter_misc":{"Verfasst von":"Author","Gesch\u00e4tzte Lesezeit":"2\u00a0Minuten"},"schema":{"@context":"https:\/\/schema.org","@graph":[{"@type":"WebPage","@id":"https:\/\/vof-news.eu\/de\/donald-trump-empfangt-wladimir-putin-zum-ukraine-gipfel\/","url":"https:\/\/vof-news.eu\/de\/donald-trump-empfangt-wladimir-putin-zum-ukraine-gipfel\/","name":"Donald Trump empf\u00e4ngt Wladimir Putin zum Ukraine-Gipfel - vof-news.eu","isPartOf":{"@id":"https:\/\/vof-news.eu\/de\/#website"},"primaryImageOfPage":{"@id":"https:\/\/vof-news.eu\/de\/donald-trump-empfangt-wladimir-putin-zum-ukraine-gipfel\/#primaryimage"},"image":{"@id":"https:\/\/vof-news.eu\/de\/donald-trump-empfangt-wladimir-putin-zum-ukraine-gipfel\/#primaryimage"},"thumbnailUrl":"https:\/\/vof-news.eu\/wp-content\/uploads\/2025\/08\/wide__1000x562-48.jpg","datePublished":"2025-08-15T20:29:08+00:00","dateModified":"2025-08-15T20:30:43+00:00","author":{"@id":"https:\/\/vof-news.eu\/de\/#\/schema\/person\/f6a2a4309f0561835797fd8c19b333ed"},"description":"Nach US-Pr\u00e4sident Donald Trump ist auch der russische Pr\u00e4sident Wladimir Putin in Alaska eingetroffen. Trump begr\u00fc\u00dfte Putin nach dessen Landung auf dem Rollfeld. Die beiden Staatsoberh\u00e4upter wollen \u00fcber die Zukunft der Ukraine sprechen. Das Land selbst ist bei dem Gipfel nicht vertreten.","breadcrumb":{"@id":"https:\/\/vof-news.eu\/de\/donald-trump-empfangt-wladimir-putin-zum-ukraine-gipfel\/#breadcrumb"},"inLanguage":"de","potentialAction":[{"@type":"ReadAction","target":["https:\/\/vof-news.eu\/de\/donald-trump-empfangt-wladimir-putin-zum-ukraine-gipfel\/"]}]},{"@type":"ImageObject","inLanguage":"de","@id":"https:\/\/vof-news.eu\/de\/donald-trump-empfangt-wladimir-putin-zum-ukraine-gipfel\/#primaryimage","url":"https:\/\/vof-news.eu\/wp-content\/uploads\/2025\/08\/wide__1000x562-48.jpg","contentUrl":"https:\/\/vof-news.eu\/wp-content\/uploads\/2025\/08\/wide__1000x562-48.jpg","width":1000,"height":562},{"@type":"BreadcrumbList","@id":"https:\/\/vof-news.eu\/de\/donald-trump-empfangt-wladimir-putin-zum-ukraine-gipfel\/#breadcrumb","itemListElement":[{"@type":"ListItem","position":1,"name":"Home","item":"https:\/\/vof-news.eu\/de\/"},{"@type":"ListItem","position":2,"name":"Donald Trump empf\u00e4ngt Wladimir Putin zum Ukraine-Gipfel"}]},{"@type":"WebSite","@id":"https:\/\/vof-news.eu\/de\/#website","url":"https:\/\/vof-news.eu\/de\/","name":"vof-news.eu","description":"","potentialAction":[{"@type":"SearchAction","target":{"@type":"EntryPoint","urlTemplate":"https:\/\/vof-news.eu\/de\/?s={search_term_string}"},"query-input":"required name=search_term_string"}],"inLanguage":"de"},{"@type":"Person","@id":"https:\/\/vof-news.eu\/de\/#\/schema\/person\/f6a2a4309f0561835797fd8c19b333ed","name":"Author","image":{"@type":"ImageObject","inLanguage":"de","@id":"https:\/\/vof-news.eu\/de\/#\/schema\/person\/image\/","url":"https:\/\/secure.gravatar.com\/avatar\/b67e614b1b25b3e9c0c239efdd2fde5ab015b5affd6f1c3c85911ca4b384e790?s=96&d=mm&r=g","contentUrl":"https:\/\/secure.gravatar.com\/avatar\/b67e614b1b25b3e9c0c239efdd2fde5ab015b5affd6f1c3c85911ca4b384e790?s=96&d=mm&r=g","caption":"Author"},"sameAs":["http:\/\/vof-news.eu"],"url":"https:\/\/vof-news.eu\/de\/author\/zwt6qxnjulxbnyg\/"}]}},"yoast_meta":{"yoast_wpseo_title":"","yoast_wpseo_metadesc":"","yoast_wpseo_canonical":""},"_links":{"self":[{"href":"https:\/\/vof-news.eu\/de\/wp-json\/wp\/v2\/posts\/265088","targetHints":{"allow":["GET"]}}],"collection":[{"href":"https:\/\/vof-news.eu\/de\/wp-json\/wp\/v2\/posts"}],"about":[{"href":"https:\/\/vof-news.eu\/de\/wp-json\/wp\/v2\/types\/post"}],"author":[{"embeddable":true,"href":"https:\/\/vof-news.eu\/de\/wp-json\/wp\/v2\/users\/1"}],"replies":[{"embeddable":true,"href":"https:\/\/vof-news.eu\/de\/wp-json\/wp\/v2\/comments?post=265088"}],"version-history":[{"count":1,"href":"https:\/\/vof-news.eu\/de\/wp-json\/wp\/v2\/posts\/265088\/revisions"}],"predecessor-version":[{"id":265095,"href":"https:\/\/vof-news.eu\/de\/wp-json\/wp\/v2\/posts\/265088\/revisions\/265095"}],"wp:featuredmedia":[{"embeddable":true,"href":"https:\/\/vof-news.eu\/de\/wp-json\/wp\/v2\/media\/265089"}],"wp:attachment":[{"href":"https:\/\/vof-news.eu\/de\/wp-json\/wp\/v2\/media?parent=265088"}],"wp:term":[{"taxonomy":"category","embeddable":true,"href":"https:\/\/vof-news.eu\/de\/wp-json\/wp\/v2\/categories?post=265088"},{"taxonomy":"post_tag","embeddable":true,"href":"https:\/\/vof-news.eu\/de\/wp-json\/wp\/v2\/tags?post=265088"}],"curies":[{"name":"wp","href":"https:\/\/api.w.org\/{rel}","templated":true}]}}