{"id":265048,"date":"2025-08-15T19:28:16","date_gmt":"2025-08-15T16:28:16","guid":{"rendered":"https:\/\/vof-news.eu\/peskow-halt-treffen-von-putin-mit-selenskyj-und-trump-fur-moglich\/"},"modified":"2025-08-15T19:29:23","modified_gmt":"2025-08-15T16:29:23","slug":"peskow-halt-treffen-von-putin-mit-selenskyj-und-trump-fur-moglich","status":"publish","type":"post","link":"https:\/\/vof-news.eu\/de\/peskow-halt-treffen-von-putin-mit-selenskyj-und-trump-fur-moglich\/","title":{"rendered":"Peskow h\u00e4lt Treffen von Putin mit Selenskyj und Trump f\u00fcr m\u00f6glich"},"content":{"rendered":"<div>\n<p>Nach<br \/>\n dem heutigen Gespr\u00e4ch zwischen dem russischen Regierungschef Wladimir<br \/>\nPutin und US-Pr\u00e4sident Donald Trump w\u00e4re ein Dreiertreffen\u00a0mit dem<br \/>\nukrainischen Regierungschef <span><a href=\"https:\/\/www.zeit.de\/thema\/wolodymyr-selenskyj\" rel=\"nofollow\">Wolodymyr Selenskyj<\/a><\/span> m\u00f6glich. Das hat Putins Pressesprecher Dmitri Peskow mitgeteilt. Als Bedingung nannte er, dass die heutigen Gespr\u00e4che zu Ergebnissen f\u00fchren, berichtete die russische Nachrichtenagentur Interfax.\n<\/p>\n<p>Selenskyj selbst sagte laut der Nachrichtenagentur Reuters, dass ein solches Treffen konstruktive L\u00f6sungen hervorbringen k\u00f6nnte.\u00a0\n<\/p>\n<p>Trump hatte ein solches Treffen zu dritt gestern vorgeschlagen. Er wolle vor allem, dass sich <span><a href=\"https:\/\/www.zeit.de\/thema\/wladimir-putin\" rel=\"nofollow\">Putin<\/a><\/span> und Selenskyj nach dem Gipfel treffen, sagte der US-Pr\u00e4sident. Falls<br \/>\n gew\u00fcnscht, werde er an dem Treffen ebenfalls teilnehmen.<\/p>\n<p>In der Vergangenheit hat Putin ein Treffen mit Selenskyj bereits mehrfach nicht ausgeschlossen. Zu konkreten Terminen erschien er jedoch nicht. Im <a href=\"https:\/\/www.zeit.de\/politik\/ausland\/2025-05\/ukraine-krieg-russland-gespraeche-istanbul-selenskyj-putin-lawrow-uschakow\" rel=\"nofollow\">Mai reiste er etwa nicht nach Istanbul<\/a>, um mit Selenskyj zu sprechen, sondern schickte lediglich eine Delegation in die T\u00fcrkei.\n<\/p>\n<\/div>\n","protected":false},"excerpt":{"rendered":"<p>Nach dem heutigen Gespr\u00e4ch zwischen dem russischen Regierungschef Wladimir Putin und US-Pr\u00e4sident Donald Trump w\u00e4re ein Dreiertreffen\u00a0mit dem ukrainischen Regierungschef Wolodymyr Selenskyj m\u00f6glich. Das hat Putins Pressesprecher Dmitri Peskow mitgeteilt. Als Bedingung nannte er, dass die heutigen Gespr\u00e4che zu Ergebnissen f\u00fchren, berichtete die russische Nachrichtenagentur Interfax. Selenskyj selbst sagte laut der Nachrichtenagentur Reuters, dass ein<\/p>\n","protected":false},"author":1,"featured_media":265049,"comment_status":"open","ping_status":"open","sticky":false,"template":"","format":"standard","meta":{"footnotes":""},"categories":[116],"tags":[],"class_list":["post-265048","post","type-post","status-publish","format-standard","has-post-thumbnail","hentry","category-war-chronicles-de"],"acf":[],"yoast_head":"<!-- This site is optimized with the Yoast SEO plugin v22.9 - https:\/\/yoast.com\/wordpress\/plugins\/seo\/ -->\n<title>Peskow h\u00e4lt Treffen von Putin mit Selenskyj und Trump f\u00fcr m\u00f6glich - vof-news.eu<\/title>\n<meta name=\"description\" content=\"Nach\" \/>\n<meta name=\"robots\" content=\"noindex, follow, max-snippet:-1, max-image-preview:large, max-video-preview:-1\" \/>\n<meta property=\"og:locale\" content=\"de_DE\" \/>\n<meta property=\"og:type\" content=\"article\" \/>\n<meta property=\"og:title\" content=\"Peskow h\u00e4lt Treffen von Putin mit Selenskyj und Trump f\u00fcr m\u00f6glich - vof-news.eu\" \/>\n<meta property=\"og:description\" content=\"Nach\" \/>\n<meta property=\"og:url\" content=\"https:\/\/vof-news.eu\/de\/peskow-halt-treffen-von-putin-mit-selenskyj-und-trump-fur-moglich\/\" \/>\n<meta property=\"og:site_name\" content=\"vof-news.eu\" \/>\n<meta property=\"article:published_time\" content=\"2025-08-15T16:28:16+00:00\" \/>\n<meta property=\"article:modified_time\" content=\"2025-08-15T16:29:23+00:00\" \/>\n<meta property=\"og:image\" content=\"https:\/\/vof-news.eu\/wp-content\/uploads\/2025\/08\/wide__1000x562-47.jpg\" \/>\n\t<meta property=\"og:image:width\" content=\"1000\" \/>\n\t<meta property=\"og:image:height\" content=\"562\" \/>\n\t<meta property=\"og:image:type\" content=\"image\/jpeg\" \/>\n<meta name=\"author\" content=\"Author\" \/>\n<meta name=\"twitter:card\" content=\"summary_large_image\" \/>\n<meta name=\"twitter:label1\" content=\"Verfasst von\" \/>\n\t<meta name=\"twitter:data1\" content=\"Author\" \/>\n\t<meta name=\"twitter:label2\" content=\"Gesch\u00e4tzte Lesezeit\" \/>\n\t<meta name=\"twitter:data2\" content=\"1\u00a0Minute\" \/>\n<script type=\"application\/ld+json\" class=\"yoast-schema-graph\">{\"@context\":\"https:\/\/schema.org\",\"@graph\":[{\"@type\":\"WebPage\",\"@id\":\"https:\/\/vof-news.eu\/de\/peskow-halt-treffen-von-putin-mit-selenskyj-und-trump-fur-moglich\/\",\"url\":\"https:\/\/vof-news.eu\/de\/peskow-halt-treffen-von-putin-mit-selenskyj-und-trump-fur-moglich\/\",\"name\":\"Peskow h\u00e4lt Treffen von Putin mit Selenskyj und Trump f\u00fcr m\u00f6glich - vof-news.eu\",\"isPartOf\":{\"@id\":\"https:\/\/vof-news.eu\/de\/#website\"},\"primaryImageOfPage\":{\"@id\":\"https:\/\/vof-news.eu\/de\/peskow-halt-treffen-von-putin-mit-selenskyj-und-trump-fur-moglich\/#primaryimage\"},\"image\":{\"@id\":\"https:\/\/vof-news.eu\/de\/peskow-halt-treffen-von-putin-mit-selenskyj-und-trump-fur-moglich\/#primaryimage\"},\"thumbnailUrl\":\"https:\/\/vof-news.eu\/wp-content\/uploads\/2025\/08\/wide__1000x562-47.jpg\",\"datePublished\":\"2025-08-15T16:28:16+00:00\",\"dateModified\":\"2025-08-15T16:29:23+00:00\",\"author\":{\"@id\":\"https:\/\/vof-news.eu\/de\/#\/schema\/person\/f6a2a4309f0561835797fd8c19b333ed\"},\"description\":\"Nach\",\"breadcrumb\":{\"@id\":\"https:\/\/vof-news.eu\/de\/peskow-halt-treffen-von-putin-mit-selenskyj-und-trump-fur-moglich\/#breadcrumb\"},\"inLanguage\":\"de\",\"potentialAction\":[{\"@type\":\"ReadAction\",\"target\":[\"https:\/\/vof-news.eu\/de\/peskow-halt-treffen-von-putin-mit-selenskyj-und-trump-fur-moglich\/\"]}]},{\"@type\":\"ImageObject\",\"inLanguage\":\"de\",\"@id\":\"https:\/\/vof-news.eu\/de\/peskow-halt-treffen-von-putin-mit-selenskyj-und-trump-fur-moglich\/#primaryimage\",\"url\":\"https:\/\/vof-news.eu\/wp-content\/uploads\/2025\/08\/wide__1000x562-47.jpg\",\"contentUrl\":\"https:\/\/vof-news.eu\/wp-content\/uploads\/2025\/08\/wide__1000x562-47.jpg\",\"width\":1000,\"height\":562},{\"@type\":\"BreadcrumbList\",\"@id\":\"https:\/\/vof-news.eu\/de\/peskow-halt-treffen-von-putin-mit-selenskyj-und-trump-fur-moglich\/#breadcrumb\",\"itemListElement\":[{\"@type\":\"ListItem\",\"position\":1,\"name\":\"Home\",\"item\":\"https:\/\/vof-news.eu\/de\/\"},{\"@type\":\"ListItem\",\"position\":2,\"name\":\"Peskow h\u00e4lt Treffen von Putin mit Selenskyj und Trump f\u00fcr m\u00f6glich\"}]},{\"@type\":\"WebSite\",\"@id\":\"https:\/\/vof-news.eu\/de\/#website\",\"url\":\"https:\/\/vof-news.eu\/de\/\",\"name\":\"vof-news.eu\",\"description\":\"\",\"potentialAction\":[{\"@type\":\"SearchAction\",\"target\":{\"@type\":\"EntryPoint\",\"urlTemplate\":\"https:\/\/vof-news.eu\/de\/?s={search_term_string}\"},\"query-input\":\"required name=search_term_string\"}],\"inLanguage\":\"de\"},{\"@type\":\"Person\",\"@id\":\"https:\/\/vof-news.eu\/de\/#\/schema\/person\/f6a2a4309f0561835797fd8c19b333ed\",\"name\":\"Author\",\"image\":{\"@type\":\"ImageObject\",\"inLanguage\":\"de\",\"@id\":\"https:\/\/vof-news.eu\/de\/#\/schema\/person\/image\/\",\"url\":\"https:\/\/secure.gravatar.com\/avatar\/b67e614b1b25b3e9c0c239efdd2fde5ab015b5affd6f1c3c85911ca4b384e790?s=96&d=mm&r=g\",\"contentUrl\":\"https:\/\/secure.gravatar.com\/avatar\/b67e614b1b25b3e9c0c239efdd2fde5ab015b5affd6f1c3c85911ca4b384e790?s=96&d=mm&r=g\",\"caption\":\"Author\"},\"sameAs\":[\"http:\/\/vof-news.eu\"],\"url\":\"https:\/\/vof-news.eu\/de\/author\/zwt6qxnjulxbnyg\/\"}]}<\/script>\n<!-- \/ Yoast SEO plugin. -->","yoast_head_json":{"title":"Peskow h\u00e4lt Treffen von Putin mit Selenskyj und Trump f\u00fcr m\u00f6glich - vof-news.eu","description":"Nach","robots":{"index":"noindex","follow":"follow","max-snippet":"max-snippet:-1","max-image-preview":"max-image-preview:large","max-video-preview":"max-video-preview:-1"},"og_locale":"de_DE","og_type":"article","og_title":"Peskow h\u00e4lt Treffen von Putin mit Selenskyj und Trump f\u00fcr m\u00f6glich - vof-news.eu","og_description":"Nach","og_url":"https:\/\/vof-news.eu\/de\/peskow-halt-treffen-von-putin-mit-selenskyj-und-trump-fur-moglich\/","og_site_name":"vof-news.eu","article_published_time":"2025-08-15T16:28:16+00:00","article_modified_time":"2025-08-15T16:29:23+00:00","og_image":[{"width":1000,"height":562,"url":"https:\/\/vof-news.eu\/wp-content\/uploads\/2025\/08\/wide__1000x562-47.jpg","type":"image\/jpeg"}],"author":"Author","twitter_card":"summary_large_image","twitter_misc":{"Verfasst von":"Author","Gesch\u00e4tzte Lesezeit":"1\u00a0Minute"},"schema":{"@context":"https:\/\/schema.org","@graph":[{"@type":"WebPage","@id":"https:\/\/vof-news.eu\/de\/peskow-halt-treffen-von-putin-mit-selenskyj-und-trump-fur-moglich\/","url":"https:\/\/vof-news.eu\/de\/peskow-halt-treffen-von-putin-mit-selenskyj-und-trump-fur-moglich\/","name":"Peskow h\u00e4lt Treffen von Putin mit Selenskyj und Trump f\u00fcr m\u00f6glich - vof-news.eu","isPartOf":{"@id":"https:\/\/vof-news.eu\/de\/#website"},"primaryImageOfPage":{"@id":"https:\/\/vof-news.eu\/de\/peskow-halt-treffen-von-putin-mit-selenskyj-und-trump-fur-moglich\/#primaryimage"},"image":{"@id":"https:\/\/vof-news.eu\/de\/peskow-halt-treffen-von-putin-mit-selenskyj-und-trump-fur-moglich\/#primaryimage"},"thumbnailUrl":"https:\/\/vof-news.eu\/wp-content\/uploads\/2025\/08\/wide__1000x562-47.jpg","datePublished":"2025-08-15T16:28:16+00:00","dateModified":"2025-08-15T16:29:23+00:00","author":{"@id":"https:\/\/vof-news.eu\/de\/#\/schema\/person\/f6a2a4309f0561835797fd8c19b333ed"},"description":"Nach","breadcrumb":{"@id":"https:\/\/vof-news.eu\/de\/peskow-halt-treffen-von-putin-mit-selenskyj-und-trump-fur-moglich\/#breadcrumb"},"inLanguage":"de","potentialAction":[{"@type":"ReadAction","target":["https:\/\/vof-news.eu\/de\/peskow-halt-treffen-von-putin-mit-selenskyj-und-trump-fur-moglich\/"]}]},{"@type":"ImageObject","inLanguage":"de","@id":"https:\/\/vof-news.eu\/de\/peskow-halt-treffen-von-putin-mit-selenskyj-und-trump-fur-moglich\/#primaryimage","url":"https:\/\/vof-news.eu\/wp-content\/uploads\/2025\/08\/wide__1000x562-47.jpg","contentUrl":"https:\/\/vof-news.eu\/wp-content\/uploads\/2025\/08\/wide__1000x562-47.jpg","width":1000,"height":562},{"@type":"BreadcrumbList","@id":"https:\/\/vof-news.eu\/de\/peskow-halt-treffen-von-putin-mit-selenskyj-und-trump-fur-moglich\/#breadcrumb","itemListElement":[{"@type":"ListItem","position":1,"name":"Home","item":"https:\/\/vof-news.eu\/de\/"},{"@type":"ListItem","position":2,"name":"Peskow h\u00e4lt Treffen von Putin mit Selenskyj und Trump f\u00fcr m\u00f6glich"}]},{"@type":"WebSite","@id":"https:\/\/vof-news.eu\/de\/#website","url":"https:\/\/vof-news.eu\/de\/","name":"vof-news.eu","description":"","potentialAction":[{"@type":"SearchAction","target":{"@type":"EntryPoint","urlTemplate":"https:\/\/vof-news.eu\/de\/?s={search_term_string}"},"query-input":"required name=search_term_string"}],"inLanguage":"de"},{"@type":"Person","@id":"https:\/\/vof-news.eu\/de\/#\/schema\/person\/f6a2a4309f0561835797fd8c19b333ed","name":"Author","image":{"@type":"ImageObject","inLanguage":"de","@id":"https:\/\/vof-news.eu\/de\/#\/schema\/person\/image\/","url":"https:\/\/secure.gravatar.com\/avatar\/b67e614b1b25b3e9c0c239efdd2fde5ab015b5affd6f1c3c85911ca4b384e790?s=96&d=mm&r=g","contentUrl":"https:\/\/secure.gravatar.com\/avatar\/b67e614b1b25b3e9c0c239efdd2fde5ab015b5affd6f1c3c85911ca4b384e790?s=96&d=mm&r=g","caption":"Author"},"sameAs":["http:\/\/vof-news.eu"],"url":"https:\/\/vof-news.eu\/de\/author\/zwt6qxnjulxbnyg\/"}]}},"yoast_meta":{"yoast_wpseo_title":"","yoast_wpseo_metadesc":"","yoast_wpseo_canonical":""},"_links":{"self":[{"href":"https:\/\/vof-news.eu\/de\/wp-json\/wp\/v2\/posts\/265048","targetHints":{"allow":["GET"]}}],"collection":[{"href":"https:\/\/vof-news.eu\/de\/wp-json\/wp\/v2\/posts"}],"about":[{"href":"https:\/\/vof-news.eu\/de\/wp-json\/wp\/v2\/types\/post"}],"author":[{"embeddable":true,"href":"https:\/\/vof-news.eu\/de\/wp-json\/wp\/v2\/users\/1"}],"replies":[{"embeddable":true,"href":"https:\/\/vof-news.eu\/de\/wp-json\/wp\/v2\/comments?post=265048"}],"version-history":[{"count":1,"href":"https:\/\/vof-news.eu\/de\/wp-json\/wp\/v2\/posts\/265048\/revisions"}],"predecessor-version":[{"id":265055,"href":"https:\/\/vof-news.eu\/de\/wp-json\/wp\/v2\/posts\/265048\/revisions\/265055"}],"wp:featuredmedia":[{"embeddable":true,"href":"https:\/\/vof-news.eu\/de\/wp-json\/wp\/v2\/media\/265049"}],"wp:attachment":[{"href":"https:\/\/vof-news.eu\/de\/wp-json\/wp\/v2\/media?parent=265048"}],"wp:term":[{"taxonomy":"category","embeddable":true,"href":"https:\/\/vof-news.eu\/de\/wp-json\/wp\/v2\/categories?post=265048"},{"taxonomy":"post_tag","embeddable":true,"href":"https:\/\/vof-news.eu\/de\/wp-json\/wp\/v2\/tags?post=265048"}],"curies":[{"name":"wp","href":"https:\/\/api.w.org\/{rel}","templated":true}]}}