{"id":264975,"date":"2025-08-15T13:28:13","date_gmt":"2025-08-15T10:28:13","guid":{"rendered":"https:\/\/vof-news.eu\/die-koalition-ist-da-der-wille-fehlt\/"},"modified":"2025-08-15T13:29:35","modified_gmt":"2025-08-15T10:29:35","slug":"die-koalition-ist-da-der-wille-fehlt","status":"publish","type":"post","link":"https:\/\/vof-news.eu\/de\/die-koalition-ist-da-der-wille-fehlt\/","title":{"rendered":"Die Koalition ist da, der Wille fehlt"},"content":{"rendered":"<div>\n<p>Was immer Donald Trump und <span><a href=\"https:\/\/www.zeit.de\/thema\/wladimir-putin\" rel=\"nofollow\">Wladimir Putin<\/a><\/span> ausdealen werden in Alaska, das Ergebnis absichern m\u00fcssen vor allem: die<br \/>\nEurop\u00e4er. Was das wiederum bedeutet, finanziell wie milit\u00e4risch, hat sich<br \/>\nentweder noch nicht in allen europ\u00e4ischen Hauptst\u00e4dten herumgesprochen. Oder<br \/>\naber Regierungschefs wie Friedrich Merz wissen es, scheuen sich aber davor, es<br \/>\nihren Bev\u00f6lkerungen klarzumachen.\n<\/p>\n<p>Die Ehrlichkeit beg\u00e4nne mit der<br \/>\nFeststellung, dass Friedensabkommen mit Wladimir Putin wertlos sind, wenn sie<br \/>\nnicht mit enormer Abschreckung hinterlegt werden. Erinnert sich jemand an die<br \/>\nWaffenstillstandsabkommen mit den Namen Minsk I und Minsk II? Die<br \/>\nVereinbarungen von 2014 und 2015 sollten die erste Invasion Putins in die<br \/>\n<span><a href=\"https:\/\/www.zeit.de\/politik\/ausland\/ukraine-krieg-news-liveblog\" rel=\"nofollow\">Ukraine<\/a><\/span> stoppen. Die sprichw\u00f6rtliche Tinte auf den Papieren war allerdings noch nicht trocken,<br \/>\nals russische Truppen schon wieder Vorst\u00f6\u00dfe unternahmen. Den OSZE-Beobachtern blieb nur, tja,<br \/>\nzu beobachten, wie Russlands Truppen die Verabredungen ignorierten (wenn sie<br \/>\nnicht gar gekidnappt oder in russische Haft <a href=\"https:\/\/apnews.com\/article\/russia-ukraine-war-osce-prison-cf2d718cca120143eb33dbfa3af9ce60\" rel=\"nofollow\">verschleppt<\/a><br \/>\nwurden). Sieben Jahre sp\u00e4ter versuchte<br \/>\nPutin die Gro\u00dfinvasion, samt Einnahme von Kyjiw.\n<\/p>\n<h2>Frieden mit Russland nur durch St\u00e4rke<\/h2>\n<p>Wenn die Geschichte diesmal anders verlaufen<br \/>\nsoll, braucht es die glaubhafte Androhung schmerzhafter Konsequenzen f\u00fcr den<br \/>\nFall, dass Russland sich nicht an Verabredungen h\u00e4lt. Daf\u00fcr allerdings m\u00fcsste<br \/>\nsich <span><a href=\"https:\/\/www.zeit.de\/thema\/europa\" rel=\"nofollow\">Europa<\/a><\/span> nicht nur von den USA emanzipieren, sondern auch von der eigenen,<br \/>\n\u00fcber Jahrzehnte einge\u00fcbten milit\u00e4rischen Verantwortungsverschiebung nach<br \/>\nAmerika.\n<\/p>\n<p>Der britische Regierungschef Keir<br \/>\nStarmer hat als Erster den Realismus aufgebracht, zu formulieren, was das hei\u00dfen<br \/>\nmuss: , Frieden mit Russland sei nur durch St\u00e4rke<br \/>\nEuropas zu erreichen. Schon vor Monaten warb er deshalb daf\u00fcr, dass die<br \/>\nEurop\u00e4er eine &#8222;Koalition der Willigen&#8220; schmieden m\u00fcssten, um der Ukraine<br \/>\nSicherheitsgarantien zu bieten, wohl wissend, dass Donald <span><a href=\"https:\/\/www.zeit.de\/thema\/donald-trump\" rel=\"nofollow\">Trump<\/a><\/span> dazu<br \/>\nallenfalls noch eingeschr\u00e4nkt bereit sein d\u00fcrfte.\n<\/p>\n<p>Die Koalition gibt es. Nur der<br \/>\nWille fehlt ihr. Seit Februar haben sich auf Initiative Starmers immer wieder<br \/>\nbis zu 30 Vertreter europ\u00e4ischer L\u00e4nder und Institutionen getroffen oder sich<br \/>\nvirtuell beraten, wie sie den US-amerikanischen Solidarit\u00e4tsentzug gegen\u00fcber der<br \/>\nUkraine kompensieren k\u00f6nnten. Der europ\u00e4ische Team-Spirit ist bislang aber eher<br \/>\nein Teams-Spirit \u2013 ein Geist der Videoschalten und Ank\u00fcndigungen statt der<br \/>\nkonkreten Anstalten.\n<\/p>\n<h2>Die Ukraine will 200.000 Soldaten<\/h2>\n<p>Regelrecht vergr\u00e4tzt reagierte die<br \/>\nbritische Regierung \u00fcber die \u00f6ffentlichkeitswirksame<br \/>\nArt, mit der unter anderem Friedrich <span><a href=\"https:\/\/www.zeit.de\/thema\/friedrich-merz\" rel=\"nofollow\">Merz<\/a><\/span> immer wieder Forderungen an Trump<br \/>\nstellte,\u00a0w\u00e4hrend Starmer seit Monaten versuchte, in vertraulichen<br \/>\nGespr\u00e4chen auf die US-Regierung einzuwirken. Das sei &#8222;nicht hilfreich&#8220;, lie\u00df<br \/>\nsich ein anonymer Regierungsvertreter in Westminster vom  zitieren. Hilfreich w\u00e4ren aus Londoner Sicht ein paar<br \/>\nkonkrete Zusagen.\n<\/p>\n<p>Mindestens 200.000 europ\u00e4ische<br \/>\nSoldaten seien n\u00f6tig, um einen Waffenstillstand mit Russland abzusichern, <a href=\"https:\/\/www.theguardian.com\/business\/2025\/jan\/21\/zelensky-says-russia-ukraine-peace-deal-would-require-200000-allied-troops\" rel=\"nofollow\">sagt<\/a>\u00a0der ukrainische Pr\u00e4sident Wolodymyr Selenskyj. Eine kleinere Zahl sei<br \/>\ngleichbedeutend mit &#8222;nichts&#8220;.\u00a0 Selbst<br \/>\nwenn man diese Zahl halbiert, ist Europa weit davon entfernt, sie zu erreichen.<br \/>\nLediglich Gro\u00dfbritannien und Frankreich haben sich bisher bereit erkl\u00e4rt,<br \/>\ngegebenenfalls Friedenstruppen in die Ukraine zu entsenden. Konkrete Angaben gibt es nicht, aber wenn beide L\u00e4nder es schaffen w\u00fcrden, 20.000<br \/>\nSoldaten zu stellen, w\u00e4re das laut einer <a href=\"https:\/\/on.ft.com\/4kiUK7z\" rel=\"nofollow\">Experteninnensch\u00e4tzung<\/a><br \/>\nschon viel. Polen, Spanien und<br \/>\nItalien haben ein milit\u00e4risches Engagement bereits ausgeschlossen, die baltischen Staaten und Finnland zeigen nerv\u00f6s auf ihre eigenen Grenzen, die es zu<br \/>\nsichern gilt.\n<\/p>\n<h2>Eine neue Demarkationslinie zwischen Ost und West<\/h2>\n<p>Friedrich Merz meidet das Thema ganz einfach.<br \/>\nInnenpolitisch ist das verst\u00e4ndlich, der Mann hat schon genug andere Probleme,<br \/>\ndie Koalitionssprengpotenzial besitzen. Nur weltpolitisch sollte man gerade<br \/>\nvon Deutschland erwarten, zu sehen, worum es geht: um die Absicherung einer<br \/>\nneuen Demarkationslinie zwischen einem freien Westen und einem unfreien Osten, gegen<br \/>\ndie die innerdeutsche Grenze ein Klacks war. Und mit dem Unterschied, dass Amerika diesmal keine Garantiemacht mehr ist. Die Vereinigten Staaten<br \/>\nf\u00fchren l\u00e4ngst einen neuen Kalten Krieg mit dem Hegemonie-Rivalen China und<br \/>\nhaben keinen Nerv mehr f\u00fcr nachgelagerte, ureigene europ\u00e4ische Probleme.\n<\/p>\n<p>Wie das US-Nachrichtenportal  berichtet, soll Trump<br \/>\nw\u00e4hrend der Videoschalte mit Merz und den anderen Europ\u00e4ern am Mittwoch zwar<br \/>\nklargemacht haben, dass die USA Sicherheitsgarantien f\u00fcr die Ukrainer<br \/>\nunterst\u00fctzen wollten, er allerdings nicht mehr bereit sei, Waffen direkt in die<br \/>\nUkraine zu liefern. Die Europ\u00e4er m\u00fcssten sie k\u00fcnftig vielmehr bei den<br \/>\nAmerikanern <a href=\"https:\/\/www.politico.com\/news\/2025\/08\/13\/trump-european-leaders-security-ukraine-00508598\" rel=\"nofollow\">kaufen<\/a> \u2013 womit sie schon begonnen haben.\n<\/p>\n<p>Im Englischen<br \/>\ngibt es die sch\u00f6ne Wendung , was so viel bedeutet<br \/>\nwie: Wenn du so wahnsinnig \u00fcberzeugt von etwas bist, dann beweise es, indem du<br \/>\ndein Geld reinsteckst. Wenn Europa also \u2013 zu Recht \u2013 das Prinzip heilig ist,<br \/>\ndass Grenzen nicht mit Gewalt verschoben werden d\u00fcrfen, welches Preisschild<br \/>\nkleben sie dann daran? Die Schuldenbremse zu l\u00f6sen, um den R\u00fcstungsetat<br \/>\naufzustocken, ist das eine. Noch einmal etwas ganz anderes w\u00e4re ein<br \/>\nm\u00f6glicherweise jahrzehntelanges Engagement der Bundeswehr an der Grenze zu<br \/>\nRussland.\n<\/p>\n<p>Momentan scheint es drei<br \/>\nM\u00f6glichkeiten zu geben: Europa schickt deutlich mehr Friedenstruppen in die<br \/>\nUkraine, als es bisher bereit ist zu tun. Oder es r\u00fcstet das Land mithilfe von<br \/>\nWaffenk\u00e4ufen aus den USA zu einem Stachelschwein auf, das Putin sich nicht mehr<br \/>\nanzugreifen traut. Oder, am glaubw\u00fcrdigsten, es tut beides. So oder so,<br \/>\nes wird teuer und politisch heikel. Wann beabsichtigt der Kanzler, dar\u00fcber<br \/>\nehrlich zu werden?\n<\/p>\n<\/div>\n","protected":false},"excerpt":{"rendered":"<p>Was immer Donald Trump und Wladimir Putin ausdealen werden in Alaska, das Ergebnis absichern m\u00fcssen vor allem: die Europ\u00e4er. Was das wiederum bedeutet, finanziell wie milit\u00e4risch, hat sich entweder noch nicht in allen europ\u00e4ischen Hauptst\u00e4dten herumgesprochen. Oder aber Regierungschefs wie Friedrich Merz wissen es, scheuen sich aber davor, es ihren Bev\u00f6lkerungen klarzumachen. Die Ehrlichkeit beg\u00e4nne<\/p>\n","protected":false},"author":1,"featured_media":264976,"comment_status":"open","ping_status":"open","sticky":false,"template":"","format":"standard","meta":{"footnotes":""},"categories":[116],"tags":[],"class_list":["post-264975","post","type-post","status-publish","format-standard","has-post-thumbnail","hentry","category-war-chronicles-de"],"acf":[],"yoast_head":"<!-- This site is optimized with the Yoast SEO plugin v22.9 - https:\/\/yoast.com\/wordpress\/plugins\/seo\/ -->\n<title>Die Koalition ist da, der Wille fehlt - vof-news.eu<\/title>\n<meta name=\"description\" content=\"Was immer Donald Trump und Wladimir Putin ausdealen werden in Alaska, das Ergebnis absichern m\u00fcssen vor allem: die\" \/>\n<meta name=\"robots\" content=\"noindex, follow, max-snippet:-1, max-image-preview:large, max-video-preview:-1\" \/>\n<meta property=\"og:locale\" content=\"de_DE\" \/>\n<meta property=\"og:type\" content=\"article\" \/>\n<meta property=\"og:title\" content=\"Die Koalition ist da, der Wille fehlt - vof-news.eu\" \/>\n<meta property=\"og:description\" content=\"Was immer Donald Trump und Wladimir Putin ausdealen werden in Alaska, das Ergebnis absichern m\u00fcssen vor allem: die\" \/>\n<meta property=\"og:url\" content=\"https:\/\/vof-news.eu\/de\/die-koalition-ist-da-der-wille-fehlt\/\" \/>\n<meta property=\"og:site_name\" content=\"vof-news.eu\" \/>\n<meta property=\"article:published_time\" content=\"2025-08-15T10:28:13+00:00\" \/>\n<meta property=\"article:modified_time\" content=\"2025-08-15T10:29:35+00:00\" \/>\n<meta property=\"og:image\" content=\"https:\/\/vof-news.eu\/wp-content\/uploads\/2025\/08\/wide__1000x562-46.jpg\" \/>\n\t<meta property=\"og:image:width\" content=\"1000\" \/>\n\t<meta property=\"og:image:height\" content=\"562\" \/>\n\t<meta property=\"og:image:type\" content=\"image\/jpeg\" \/>\n<meta name=\"author\" content=\"Author\" \/>\n<meta name=\"twitter:card\" content=\"summary_large_image\" \/>\n<meta name=\"twitter:label1\" content=\"Verfasst von\" \/>\n\t<meta name=\"twitter:data1\" content=\"Author\" \/>\n\t<meta name=\"twitter:label2\" content=\"Gesch\u00e4tzte Lesezeit\" \/>\n\t<meta name=\"twitter:data2\" content=\"4\u00a0Minuten\" \/>\n<script type=\"application\/ld+json\" class=\"yoast-schema-graph\">{\"@context\":\"https:\/\/schema.org\",\"@graph\":[{\"@type\":\"WebPage\",\"@id\":\"https:\/\/vof-news.eu\/de\/die-koalition-ist-da-der-wille-fehlt\/\",\"url\":\"https:\/\/vof-news.eu\/de\/die-koalition-ist-da-der-wille-fehlt\/\",\"name\":\"Die Koalition ist da, der Wille fehlt - vof-news.eu\",\"isPartOf\":{\"@id\":\"https:\/\/vof-news.eu\/de\/#website\"},\"primaryImageOfPage\":{\"@id\":\"https:\/\/vof-news.eu\/de\/die-koalition-ist-da-der-wille-fehlt\/#primaryimage\"},\"image\":{\"@id\":\"https:\/\/vof-news.eu\/de\/die-koalition-ist-da-der-wille-fehlt\/#primaryimage\"},\"thumbnailUrl\":\"https:\/\/vof-news.eu\/wp-content\/uploads\/2025\/08\/wide__1000x562-46.jpg\",\"datePublished\":\"2025-08-15T10:28:13+00:00\",\"dateModified\":\"2025-08-15T10:29:35+00:00\",\"author\":{\"@id\":\"https:\/\/vof-news.eu\/de\/#\/schema\/person\/f6a2a4309f0561835797fd8c19b333ed\"},\"description\":\"Was immer Donald Trump und Wladimir Putin ausdealen werden in Alaska, das Ergebnis absichern m\u00fcssen vor allem: die\",\"breadcrumb\":{\"@id\":\"https:\/\/vof-news.eu\/de\/die-koalition-ist-da-der-wille-fehlt\/#breadcrumb\"},\"inLanguage\":\"de\",\"potentialAction\":[{\"@type\":\"ReadAction\",\"target\":[\"https:\/\/vof-news.eu\/de\/die-koalition-ist-da-der-wille-fehlt\/\"]}]},{\"@type\":\"ImageObject\",\"inLanguage\":\"de\",\"@id\":\"https:\/\/vof-news.eu\/de\/die-koalition-ist-da-der-wille-fehlt\/#primaryimage\",\"url\":\"https:\/\/vof-news.eu\/wp-content\/uploads\/2025\/08\/wide__1000x562-46.jpg\",\"contentUrl\":\"https:\/\/vof-news.eu\/wp-content\/uploads\/2025\/08\/wide__1000x562-46.jpg\",\"width\":1000,\"height\":562},{\"@type\":\"BreadcrumbList\",\"@id\":\"https:\/\/vof-news.eu\/de\/die-koalition-ist-da-der-wille-fehlt\/#breadcrumb\",\"itemListElement\":[{\"@type\":\"ListItem\",\"position\":1,\"name\":\"Home\",\"item\":\"https:\/\/vof-news.eu\/de\/\"},{\"@type\":\"ListItem\",\"position\":2,\"name\":\"Die Koalition ist da, der Wille fehlt\"}]},{\"@type\":\"WebSite\",\"@id\":\"https:\/\/vof-news.eu\/de\/#website\",\"url\":\"https:\/\/vof-news.eu\/de\/\",\"name\":\"vof-news.eu\",\"description\":\"\",\"potentialAction\":[{\"@type\":\"SearchAction\",\"target\":{\"@type\":\"EntryPoint\",\"urlTemplate\":\"https:\/\/vof-news.eu\/de\/?s={search_term_string}\"},\"query-input\":\"required name=search_term_string\"}],\"inLanguage\":\"de\"},{\"@type\":\"Person\",\"@id\":\"https:\/\/vof-news.eu\/de\/#\/schema\/person\/f6a2a4309f0561835797fd8c19b333ed\",\"name\":\"Author\",\"image\":{\"@type\":\"ImageObject\",\"inLanguage\":\"de\",\"@id\":\"https:\/\/vof-news.eu\/de\/#\/schema\/person\/image\/\",\"url\":\"https:\/\/secure.gravatar.com\/avatar\/b67e614b1b25b3e9c0c239efdd2fde5ab015b5affd6f1c3c85911ca4b384e790?s=96&d=mm&r=g\",\"contentUrl\":\"https:\/\/secure.gravatar.com\/avatar\/b67e614b1b25b3e9c0c239efdd2fde5ab015b5affd6f1c3c85911ca4b384e790?s=96&d=mm&r=g\",\"caption\":\"Author\"},\"sameAs\":[\"http:\/\/vof-news.eu\"],\"url\":\"https:\/\/vof-news.eu\/de\/author\/zwt6qxnjulxbnyg\/\"}]}<\/script>\n<!-- \/ Yoast SEO plugin. -->","yoast_head_json":{"title":"Die Koalition ist da, der Wille fehlt - vof-news.eu","description":"Was immer Donald Trump und Wladimir Putin ausdealen werden in Alaska, das Ergebnis absichern m\u00fcssen vor allem: die","robots":{"index":"noindex","follow":"follow","max-snippet":"max-snippet:-1","max-image-preview":"max-image-preview:large","max-video-preview":"max-video-preview:-1"},"og_locale":"de_DE","og_type":"article","og_title":"Die Koalition ist da, der Wille fehlt - vof-news.eu","og_description":"Was immer Donald Trump und Wladimir Putin ausdealen werden in Alaska, das Ergebnis absichern m\u00fcssen vor allem: die","og_url":"https:\/\/vof-news.eu\/de\/die-koalition-ist-da-der-wille-fehlt\/","og_site_name":"vof-news.eu","article_published_time":"2025-08-15T10:28:13+00:00","article_modified_time":"2025-08-15T10:29:35+00:00","og_image":[{"width":1000,"height":562,"url":"https:\/\/vof-news.eu\/wp-content\/uploads\/2025\/08\/wide__1000x562-46.jpg","type":"image\/jpeg"}],"author":"Author","twitter_card":"summary_large_image","twitter_misc":{"Verfasst von":"Author","Gesch\u00e4tzte Lesezeit":"4\u00a0Minuten"},"schema":{"@context":"https:\/\/schema.org","@graph":[{"@type":"WebPage","@id":"https:\/\/vof-news.eu\/de\/die-koalition-ist-da-der-wille-fehlt\/","url":"https:\/\/vof-news.eu\/de\/die-koalition-ist-da-der-wille-fehlt\/","name":"Die Koalition ist da, der Wille fehlt - vof-news.eu","isPartOf":{"@id":"https:\/\/vof-news.eu\/de\/#website"},"primaryImageOfPage":{"@id":"https:\/\/vof-news.eu\/de\/die-koalition-ist-da-der-wille-fehlt\/#primaryimage"},"image":{"@id":"https:\/\/vof-news.eu\/de\/die-koalition-ist-da-der-wille-fehlt\/#primaryimage"},"thumbnailUrl":"https:\/\/vof-news.eu\/wp-content\/uploads\/2025\/08\/wide__1000x562-46.jpg","datePublished":"2025-08-15T10:28:13+00:00","dateModified":"2025-08-15T10:29:35+00:00","author":{"@id":"https:\/\/vof-news.eu\/de\/#\/schema\/person\/f6a2a4309f0561835797fd8c19b333ed"},"description":"Was immer Donald Trump und Wladimir Putin ausdealen werden in Alaska, das Ergebnis absichern m\u00fcssen vor allem: die","breadcrumb":{"@id":"https:\/\/vof-news.eu\/de\/die-koalition-ist-da-der-wille-fehlt\/#breadcrumb"},"inLanguage":"de","potentialAction":[{"@type":"ReadAction","target":["https:\/\/vof-news.eu\/de\/die-koalition-ist-da-der-wille-fehlt\/"]}]},{"@type":"ImageObject","inLanguage":"de","@id":"https:\/\/vof-news.eu\/de\/die-koalition-ist-da-der-wille-fehlt\/#primaryimage","url":"https:\/\/vof-news.eu\/wp-content\/uploads\/2025\/08\/wide__1000x562-46.jpg","contentUrl":"https:\/\/vof-news.eu\/wp-content\/uploads\/2025\/08\/wide__1000x562-46.jpg","width":1000,"height":562},{"@type":"BreadcrumbList","@id":"https:\/\/vof-news.eu\/de\/die-koalition-ist-da-der-wille-fehlt\/#breadcrumb","itemListElement":[{"@type":"ListItem","position":1,"name":"Home","item":"https:\/\/vof-news.eu\/de\/"},{"@type":"ListItem","position":2,"name":"Die Koalition ist da, der Wille fehlt"}]},{"@type":"WebSite","@id":"https:\/\/vof-news.eu\/de\/#website","url":"https:\/\/vof-news.eu\/de\/","name":"vof-news.eu","description":"","potentialAction":[{"@type":"SearchAction","target":{"@type":"EntryPoint","urlTemplate":"https:\/\/vof-news.eu\/de\/?s={search_term_string}"},"query-input":"required name=search_term_string"}],"inLanguage":"de"},{"@type":"Person","@id":"https:\/\/vof-news.eu\/de\/#\/schema\/person\/f6a2a4309f0561835797fd8c19b333ed","name":"Author","image":{"@type":"ImageObject","inLanguage":"de","@id":"https:\/\/vof-news.eu\/de\/#\/schema\/person\/image\/","url":"https:\/\/secure.gravatar.com\/avatar\/b67e614b1b25b3e9c0c239efdd2fde5ab015b5affd6f1c3c85911ca4b384e790?s=96&d=mm&r=g","contentUrl":"https:\/\/secure.gravatar.com\/avatar\/b67e614b1b25b3e9c0c239efdd2fde5ab015b5affd6f1c3c85911ca4b384e790?s=96&d=mm&r=g","caption":"Author"},"sameAs":["http:\/\/vof-news.eu"],"url":"https:\/\/vof-news.eu\/de\/author\/zwt6qxnjulxbnyg\/"}]}},"yoast_meta":{"yoast_wpseo_title":"","yoast_wpseo_metadesc":"","yoast_wpseo_canonical":""},"_links":{"self":[{"href":"https:\/\/vof-news.eu\/de\/wp-json\/wp\/v2\/posts\/264975","targetHints":{"allow":["GET"]}}],"collection":[{"href":"https:\/\/vof-news.eu\/de\/wp-json\/wp\/v2\/posts"}],"about":[{"href":"https:\/\/vof-news.eu\/de\/wp-json\/wp\/v2\/types\/post"}],"author":[{"embeddable":true,"href":"https:\/\/vof-news.eu\/de\/wp-json\/wp\/v2\/users\/1"}],"replies":[{"embeddable":true,"href":"https:\/\/vof-news.eu\/de\/wp-json\/wp\/v2\/comments?post=264975"}],"version-history":[{"count":1,"href":"https:\/\/vof-news.eu\/de\/wp-json\/wp\/v2\/posts\/264975\/revisions"}],"predecessor-version":[{"id":264982,"href":"https:\/\/vof-news.eu\/de\/wp-json\/wp\/v2\/posts\/264975\/revisions\/264982"}],"wp:featuredmedia":[{"embeddable":true,"href":"https:\/\/vof-news.eu\/de\/wp-json\/wp\/v2\/media\/264976"}],"wp:attachment":[{"href":"https:\/\/vof-news.eu\/de\/wp-json\/wp\/v2\/media?parent=264975"}],"wp:term":[{"taxonomy":"category","embeddable":true,"href":"https:\/\/vof-news.eu\/de\/wp-json\/wp\/v2\/categories?post=264975"},{"taxonomy":"post_tag","embeddable":true,"href":"https:\/\/vof-news.eu\/de\/wp-json\/wp\/v2\/tags?post=264975"}],"curies":[{"name":"wp","href":"https:\/\/api.w.org\/{rel}","templated":true}]}}