{"id":264967,"date":"2025-08-15T13:26:14","date_gmt":"2025-08-15T10:26:14","guid":{"rendered":"https:\/\/vof-news.eu\/vor-senderubernahme-prosieben-dementiert-austrittsklausel-fur-joko-und-klaas\/"},"modified":"2025-08-15T13:26:36","modified_gmt":"2025-08-15T10:26:36","slug":"vor-senderubernahme-prosieben-dementiert-austrittsklausel-fur-joko-und-klaas","status":"publish","type":"post","link":"https:\/\/vof-news.eu\/de\/vor-senderubernahme-prosieben-dementiert-austrittsklausel-fur-joko-und-klaas\/","title":{"rendered":"Vor Sender\u00fcbernahme \u2013 ProSieben dementiert Austrittsklausel f\u00fcr Joko und Klaas"},"content":{"rendered":"<p>Der Fernsehsender ProSieben hat einen Bericht zur\u00fcckgewiesen, wonach seine beliebtesten Entertainer Joko und Klaas Ausstiegsklauseln f\u00fcr den Fall einer \u00dcbernahme durch den Mail\u00e4nder Medienkonzern Berlusconi vereinbart haben. \u201eGrunds\u00e4tzlich sprechen wir nicht \u00fcber Vertragsinhalte. In diesem Fall ist es uns wichtig klarzustellen: Es gibt keine Ausstiegsklausel in unseren Vertr\u00e4gen mit Joko Winterscheidt und Klaas Heufer-Umlauf\u201c, sagte ein Sendersprecher in Unterf\u00f6hring bei M\u00fcnchen.<\/p>\n<p>\u201eDie Zuschauerinnen und Zuschauer k\u00f6nnen sich sicher sein. Joko und Klaas werden in den n\u00e4chsten Jahren viele und vor allem herausragende Shows auf Joyn und ProSieben moderieren\u201c, betonte der ProSieben-Sprecher. Die Managements von Joko und von Klaas antworteten einhellig, dass man Vertragsinhalte grunds\u00e4tzlich nicht kommuniziere.<\/p>\n<p>Einem Bericht des Magazins \u201e<a class=\"is-link c-block-items__link c-link--rich-text-renderer\" data-internal-tracking='{\"action\":\"click\",\"label\":\"link\",\"name\":\"Inline Element\",\"data\":{\"source\":\"\",\"target\":\"https:\/\/www.wiwo.de\/unternehmen\/dienstleister\/prosiebensat1-wird-der-tv-sender-ein-berlusconi-konzern-oder-nicht\/100146872.html\",\"trackingName\":\"\",\"trackingLabel\":\"\"}}' data-internal-tracking-enabled=\"true\" href=\"https:\/\/www.wiwo.de\/unternehmen\/dienstleister\/prosiebensat1-wird-der-tv-sender-ein-berlusconi-konzern-oder-nicht\/100146872.html\">Wirtschaftswoche<\/a>\u201c zufolge gibt es in dem Vertragswerk Ausstiegsklauseln, falls der italienische Konzern Media for Europe (MFE) ProSiebenSat.1 \u00fcbernehmen sollte. Die \u201eWirtschaftswoche\u201c beruft sich dabei auf \u201e\u00fcbereinstimmende\u201c Angaben von \u201emehreren Insidern\u201c. Das Blatt zitiert im Artikel auch Aussagen \u201eaus Kreisen der ProSiebenSat.1-F\u00fchrung\u201c, dass man f\u00fcr diese Ausstiegsklauseln Verst\u00e4ndnis habe.<\/p>\n<h3>Joko und Klaas gelten als Zugpferde des Senders<\/h3>\n<p>Die zwei TV-Stars (\u201eJoko &amp; Klaas gegen ProSieben\u201c) hatten ihren Exklusiv-Vertrag mit ProSiebenSat.1 erst im M\u00e4rz dieses Jahres um f\u00fcnf Jahre verl\u00e4ngert und gelten als Zugpferde und wichtige Quotengaranten der Senderfamilie. <\/p>\n<p>In einer monatelangen Bieterschlacht mit einem tschechischen Finanzinvestor um den gro\u00dfen deutschen Fernsehkonzern hatte MFE zuletzt deutlich vorn gelegen. Die \u00dcbernahme durch die Italiener gilt als wahrscheinlich und w\u00fcrde gegebenenfalls wohl noch im Laufe dieses Monats verk\u00fcndet. <\/p>\n<p>Media for Europe geh\u00f6rt den Kindern des 2023 gestorbenen fr\u00fcheren italienischen Regierungschefs Silvio Berlusconi. \u00dcber Jahrzehnte hatte der Patriarch und Rechtspopulist seinen Medienkonzern genutzt, um seine politische Karriere und die von ihm gegr\u00fcndete Partei Forza Italia zu f\u00f6rdern. <\/p>\n<p>Die Berlusconi-Kinder sind bislang nicht in die Politik eingestiegen, stehen der Partei aber nach wie vor nahe. Sohn Pier Silvio Berlusconi \u2013 Vorstandschef von MFE \u2013 schloss zuletzt eigene politische Ambitionen f\u00fcr die Zukunft nicht aus.<\/p>\n<p>Joko und Klaas verbreiten seit Jahren bei ProSieben nicht nur gute Laune, sondern auch politische Botschaften. Es geht dabei etwa um das Sterben von Gefl\u00fcchteten im Mittelmeer, um Seenotrettung, um Rechtsextremismus oder um Frauenrechte.<\/p>\n<p>Der Kultur- und Medienstaatsminister der Bundesregierung, Wolfram Weimer, hatte mit Blick auf die \u00dcbernahmepl\u00e4ne erst k\u00fcrzlich Bedenken ge\u00e4u\u00dfert. Weimer sagte, man verfolge die Entwicklungen rund um die \u00dcbernahme sehr genau. \u201eSollte die italienische Medienholding MFE die deutsche ProSiebenSat.1 tats\u00e4chlich mehrheitlich kontrollieren, erwarten wir, dass die journalistische Unabh\u00e4ngigkeit der Redaktionen erhalten bleibt und kein Einfluss durch die neuen Anteilseigner genommen wird.\u201c Pier Silvio Berlusconi hat zuletzt eine entsprechende Zusage abgegeben.<\/p>\n","protected":false},"excerpt":{"rendered":"<p>Der Fernsehsender ProSieben hat einen Bericht zur\u00fcckgewiesen, wonach seine beliebtesten Entertainer Joko und Klaas Ausstiegsklauseln f\u00fcr den Fall einer \u00dcbernahme durch den Mail\u00e4nder Medienkonzern Berlusconi vereinbart haben. \u201eGrunds\u00e4tzlich sprechen wir nicht \u00fcber Vertragsinhalte. In diesem Fall ist es uns wichtig klarzustellen: Es gibt keine Ausstiegsklausel in unseren Vertr\u00e4gen mit Joko Winterscheidt und Klaas Heufer-Umlauf\u201c, sagte<\/p>\n","protected":false},"author":1,"featured_media":264968,"comment_status":"open","ping_status":"open","sticky":false,"template":"","format":"standard","meta":{"footnotes":""},"categories":[59],"tags":[],"class_list":["post-264967","post","type-post","status-publish","format-standard","has-post-thumbnail","hentry","category-business-de"],"acf":[],"yoast_head":"<!-- This site is optimized with the Yoast SEO plugin v22.9 - https:\/\/yoast.com\/wordpress\/plugins\/seo\/ -->\n<title>Vor Sender\u00fcbernahme \u2013 ProSieben dementiert Austrittsklausel f\u00fcr Joko und Klaas - vof-news.eu<\/title>\n<meta name=\"description\" content=\"Der Fernsehsender ProSieben hat einen Bericht zur\u00fcckgewiesen, wonach seine beliebtesten Entertainer Joko und Klaas Ausstiegsklauseln f\u00fcr den Fall einer \u00dcbernahme durch den Mail\u00e4nder Medienkonzern Berlusconi vereinbart haben. \u201eGrunds\u00e4tzlich sprechen wir nicht \u00fcber Vertragsinhalte. In diesem Fall ist es uns wichtig klarzustellen: Es gibt keine Ausstiegsklausel in unseren Vertr\u00e4gen mit Joko Winterscheidt und Klaas Heufer-Umlauf\u201c, sagte ein Sendersprecher in Unterf\u00f6hring bei M\u00fcnchen.\u201eDie Zuschauerinnen und Zuschauer k\u00f6nnen sich sicher sein. Joko und Klaas werden in den n\u00e4chsten Jahren viele und vor allem herausragende Shows auf Joyn und ProSieben moderieren\u201c, betonte der ProSieben-Sprecher. Die Managements von Joko und von Klaas antworteten einhellig, dass man Vertragsinhalte grunds\u00e4tzlich nicht kommuniziere.Einem Bericht des Magazins \u201eWirtschaftswoche\u201c zufolge gibt es in dem Vertragswerk Ausstiegsklauseln, falls der italienische Konzern Media for Europe (MFE) ProSiebenSat.1 \u00fcbernehmen sollte. Die \u201eWirtschaftswoche\u201c beruft sich dabei auf \u201e\u00fcbereinstimmende\u201c Angaben von \u201emehreren Insidern\u201c. Das Blatt zitiert im Artikel auch Aussagen \u201eaus Kreisen der ProSiebenSat.1-F\u00fchrung\u201c, dass man f\u00fcr diese Ausstiegsklauseln Verst\u00e4ndnis habe.Joko und Klaas gelten als Zugpferde des SendersDie zwei TV-Stars (\u201eJoko &amp; Klaas gegen ProSieben\u201c) hatten ihren Exklusiv-Vertrag mit ProSiebenSat.1 erst im M\u00e4rz dieses Jahres um f\u00fcnf Jahre verl\u00e4ngert und gelten als Zugpferde und wichtige Quotengaranten der Senderfamilie. In einer monatelangen Bieterschlacht mit einem tschechischen Finanzinvestor um den gro\u00dfen deutschen Fernsehkonzern hatte MFE zuletzt deutlich vorn gelegen. Die \u00dcbernahme durch die Italiener gilt als wahrscheinlich und w\u00fcrde gegebenenfalls wohl noch im Laufe dieses Monats verk\u00fcndet. Media for Europe geh\u00f6rt den Kindern des 2023 gestorbenen fr\u00fcheren italienischen Regierungschefs Silvio Berlusconi. \u00dcber Jahrzehnte hatte der Patriarch und Rechtspopulist seinen Medienkonzern genutzt, um seine politische Karriere und die von ihm gegr\u00fcndete Partei Forza Italia zu f\u00f6rdern. Die Berlusconi-Kinder sind bislang nicht in die Politik eingestiegen, stehen der Partei aber nach wie vor nahe. Sohn Pier Silvio Berlusconi \u2013 Vorstandschef von MFE \u2013 schloss zuletzt eigene politische Ambitionen f\u00fcr die Zukunft nicht aus.Joko und Klaas verbreiten seit Jahren bei ProSieben nicht nur gute Laune, sondern auch politische Botschaften. Es geht dabei etwa um das Sterben von Gefl\u00fcchteten im Mittelmeer, um Seenotrettung, um Rechtsextremismus oder um Frauenrechte.Der Kultur- und Medienstaatsminister der Bundesregierung, Wolfram Weimer, hatte mit Blick auf die \u00dcbernahmepl\u00e4ne erst k\u00fcrzlich Bedenken ge\u00e4u\u00dfert. Weimer sagte, man verfolge die Entwicklungen rund um die \u00dcbernahme sehr genau. \u201eSollte die italienische Medienholding MFE die deutsche ProSiebenSat.1 tats\u00e4chlich mehrheitlich kontrollieren, erwarten wir, dass die journalistische Unabh\u00e4ngigkeit der Redaktionen erhalten bleibt und kein Einfluss durch die neuen Anteilseigner genommen wird.\u201c Pier Silvio Berlusconi hat zuletzt eine entsprechende Zusage abgegeben.\" \/>\n<meta name=\"robots\" content=\"noindex, follow, max-snippet:-1, max-image-preview:large, max-video-preview:-1\" \/>\n<meta property=\"og:locale\" content=\"de_DE\" \/>\n<meta property=\"og:type\" content=\"article\" \/>\n<meta property=\"og:title\" content=\"Vor Sender\u00fcbernahme \u2013 ProSieben dementiert Austrittsklausel f\u00fcr Joko und Klaas - vof-news.eu\" \/>\n<meta property=\"og:description\" content=\"Der Fernsehsender ProSieben hat einen Bericht zur\u00fcckgewiesen, wonach seine beliebtesten Entertainer Joko und Klaas Ausstiegsklauseln f\u00fcr den Fall einer \u00dcbernahme durch den Mail\u00e4nder Medienkonzern Berlusconi vereinbart haben. \u201eGrunds\u00e4tzlich sprechen wir nicht \u00fcber Vertragsinhalte. In diesem Fall ist es uns wichtig klarzustellen: Es gibt keine Ausstiegsklausel in unseren Vertr\u00e4gen mit Joko Winterscheidt und Klaas Heufer-Umlauf\u201c, sagte ein Sendersprecher in Unterf\u00f6hring bei M\u00fcnchen.\u201eDie Zuschauerinnen und Zuschauer k\u00f6nnen sich sicher sein. Joko und Klaas werden in den n\u00e4chsten Jahren viele und vor allem herausragende Shows auf Joyn und ProSieben moderieren\u201c, betonte der ProSieben-Sprecher. Die Managements von Joko und von Klaas antworteten einhellig, dass man Vertragsinhalte grunds\u00e4tzlich nicht kommuniziere.Einem Bericht des Magazins \u201eWirtschaftswoche\u201c zufolge gibt es in dem Vertragswerk Ausstiegsklauseln, falls der italienische Konzern Media for Europe (MFE) ProSiebenSat.1 \u00fcbernehmen sollte. Die \u201eWirtschaftswoche\u201c beruft sich dabei auf \u201e\u00fcbereinstimmende\u201c Angaben von \u201emehreren Insidern\u201c. Das Blatt zitiert im Artikel auch Aussagen \u201eaus Kreisen der ProSiebenSat.1-F\u00fchrung\u201c, dass man f\u00fcr diese Ausstiegsklauseln Verst\u00e4ndnis habe.Joko und Klaas gelten als Zugpferde des SendersDie zwei TV-Stars (\u201eJoko &amp; Klaas gegen ProSieben\u201c) hatten ihren Exklusiv-Vertrag mit ProSiebenSat.1 erst im M\u00e4rz dieses Jahres um f\u00fcnf Jahre verl\u00e4ngert und gelten als Zugpferde und wichtige Quotengaranten der Senderfamilie. In einer monatelangen Bieterschlacht mit einem tschechischen Finanzinvestor um den gro\u00dfen deutschen Fernsehkonzern hatte MFE zuletzt deutlich vorn gelegen. Die \u00dcbernahme durch die Italiener gilt als wahrscheinlich und w\u00fcrde gegebenenfalls wohl noch im Laufe dieses Monats verk\u00fcndet. Media for Europe geh\u00f6rt den Kindern des 2023 gestorbenen fr\u00fcheren italienischen Regierungschefs Silvio Berlusconi. \u00dcber Jahrzehnte hatte der Patriarch und Rechtspopulist seinen Medienkonzern genutzt, um seine politische Karriere und die von ihm gegr\u00fcndete Partei Forza Italia zu f\u00f6rdern. Die Berlusconi-Kinder sind bislang nicht in die Politik eingestiegen, stehen der Partei aber nach wie vor nahe. Sohn Pier Silvio Berlusconi \u2013 Vorstandschef von MFE \u2013 schloss zuletzt eigene politische Ambitionen f\u00fcr die Zukunft nicht aus.Joko und Klaas verbreiten seit Jahren bei ProSieben nicht nur gute Laune, sondern auch politische Botschaften. Es geht dabei etwa um das Sterben von Gefl\u00fcchteten im Mittelmeer, um Seenotrettung, um Rechtsextremismus oder um Frauenrechte.Der Kultur- und Medienstaatsminister der Bundesregierung, Wolfram Weimer, hatte mit Blick auf die \u00dcbernahmepl\u00e4ne erst k\u00fcrzlich Bedenken ge\u00e4u\u00dfert. Weimer sagte, man verfolge die Entwicklungen rund um die \u00dcbernahme sehr genau. \u201eSollte die italienische Medienholding MFE die deutsche ProSiebenSat.1 tats\u00e4chlich mehrheitlich kontrollieren, erwarten wir, dass die journalistische Unabh\u00e4ngigkeit der Redaktionen erhalten bleibt und kein Einfluss durch die neuen Anteilseigner genommen wird.\u201c Pier Silvio Berlusconi hat zuletzt eine entsprechende Zusage abgegeben.\" \/>\n<meta property=\"og:url\" content=\"https:\/\/vof-news.eu\/de\/vor-senderubernahme-prosieben-dementiert-austrittsklausel-fur-joko-und-klaas\/\" \/>\n<meta property=\"og:site_name\" content=\"vof-news.eu\" \/>\n<meta property=\"article:published_time\" content=\"2025-08-15T10:26:14+00:00\" \/>\n<meta property=\"article:modified_time\" content=\"2025-08-15T10:26:36+00:00\" \/>\n<meta property=\"og:image\" content=\"https:\/\/vof-news.eu\/wp-content\/uploads\/2025\/08\/joko-und-klaas.webp\" \/>\n\t<meta property=\"og:image:width\" content=\"1200\" \/>\n\t<meta property=\"og:image:height\" content=\"574\" \/>\n\t<meta property=\"og:image:type\" content=\"image\/webp\" \/>\n<meta name=\"author\" content=\"Author\" \/>\n<meta name=\"twitter:card\" content=\"summary_large_image\" \/>\n<meta name=\"twitter:label1\" content=\"Verfasst von\" \/>\n\t<meta name=\"twitter:data1\" content=\"Author\" \/>\n\t<meta name=\"twitter:label2\" content=\"Gesch\u00e4tzte Lesezeit\" \/>\n\t<meta name=\"twitter:data2\" content=\"2\u00a0Minuten\" \/>\n<script type=\"application\/ld+json\" class=\"yoast-schema-graph\">{\"@context\":\"https:\/\/schema.org\",\"@graph\":[{\"@type\":\"WebPage\",\"@id\":\"https:\/\/vof-news.eu\/de\/vor-senderubernahme-prosieben-dementiert-austrittsklausel-fur-joko-und-klaas\/\",\"url\":\"https:\/\/vof-news.eu\/de\/vor-senderubernahme-prosieben-dementiert-austrittsklausel-fur-joko-und-klaas\/\",\"name\":\"Vor Sender\u00fcbernahme \u2013 ProSieben dementiert Austrittsklausel f\u00fcr Joko und Klaas - vof-news.eu\",\"isPartOf\":{\"@id\":\"https:\/\/vof-news.eu\/de\/#website\"},\"primaryImageOfPage\":{\"@id\":\"https:\/\/vof-news.eu\/de\/vor-senderubernahme-prosieben-dementiert-austrittsklausel-fur-joko-und-klaas\/#primaryimage\"},\"image\":{\"@id\":\"https:\/\/vof-news.eu\/de\/vor-senderubernahme-prosieben-dementiert-austrittsklausel-fur-joko-und-klaas\/#primaryimage\"},\"thumbnailUrl\":\"https:\/\/vof-news.eu\/wp-content\/uploads\/2025\/08\/joko-und-klaas.webp\",\"datePublished\":\"2025-08-15T10:26:14+00:00\",\"dateModified\":\"2025-08-15T10:26:36+00:00\",\"author\":{\"@id\":\"https:\/\/vof-news.eu\/de\/#\/schema\/person\/f6a2a4309f0561835797fd8c19b333ed\"},\"description\":\"Der Fernsehsender ProSieben hat einen Bericht zur\u00fcckgewiesen, wonach seine beliebtesten Entertainer Joko und Klaas Ausstiegsklauseln f\u00fcr den Fall einer \u00dcbernahme durch den Mail\u00e4nder Medienkonzern Berlusconi vereinbart haben. \u201eGrunds\u00e4tzlich sprechen wir nicht \u00fcber Vertragsinhalte. In diesem Fall ist es uns wichtig klarzustellen: Es gibt keine Ausstiegsklausel in unseren Vertr\u00e4gen mit Joko Winterscheidt und Klaas Heufer-Umlauf\u201c, sagte ein Sendersprecher in Unterf\u00f6hring bei M\u00fcnchen.\u201eDie Zuschauerinnen und Zuschauer k\u00f6nnen sich sicher sein. Joko und Klaas werden in den n\u00e4chsten Jahren viele und vor allem herausragende Shows auf Joyn und ProSieben moderieren\u201c, betonte der ProSieben-Sprecher. Die Managements von Joko und von Klaas antworteten einhellig, dass man Vertragsinhalte grunds\u00e4tzlich nicht kommuniziere.Einem Bericht des Magazins \u201eWirtschaftswoche\u201c zufolge gibt es in dem Vertragswerk Ausstiegsklauseln, falls der italienische Konzern Media for Europe (MFE) ProSiebenSat.1 \u00fcbernehmen sollte. Die \u201eWirtschaftswoche\u201c beruft sich dabei auf \u201e\u00fcbereinstimmende\u201c Angaben von \u201emehreren Insidern\u201c. Das Blatt zitiert im Artikel auch Aussagen \u201eaus Kreisen der ProSiebenSat.1-F\u00fchrung\u201c, dass man f\u00fcr diese Ausstiegsklauseln Verst\u00e4ndnis habe.Joko und Klaas gelten als Zugpferde des SendersDie zwei TV-Stars (\u201eJoko &amp; Klaas gegen ProSieben\u201c) hatten ihren Exklusiv-Vertrag mit ProSiebenSat.1 erst im M\u00e4rz dieses Jahres um f\u00fcnf Jahre verl\u00e4ngert und gelten als Zugpferde und wichtige Quotengaranten der Senderfamilie. In einer monatelangen Bieterschlacht mit einem tschechischen Finanzinvestor um den gro\u00dfen deutschen Fernsehkonzern hatte MFE zuletzt deutlich vorn gelegen. Die \u00dcbernahme durch die Italiener gilt als wahrscheinlich und w\u00fcrde gegebenenfalls wohl noch im Laufe dieses Monats verk\u00fcndet. Media for Europe geh\u00f6rt den Kindern des 2023 gestorbenen fr\u00fcheren italienischen Regierungschefs Silvio Berlusconi. \u00dcber Jahrzehnte hatte der Patriarch und Rechtspopulist seinen Medienkonzern genutzt, um seine politische Karriere und die von ihm gegr\u00fcndete Partei Forza Italia zu f\u00f6rdern. Die Berlusconi-Kinder sind bislang nicht in die Politik eingestiegen, stehen der Partei aber nach wie vor nahe. Sohn Pier Silvio Berlusconi \u2013 Vorstandschef von MFE \u2013 schloss zuletzt eigene politische Ambitionen f\u00fcr die Zukunft nicht aus.Joko und Klaas verbreiten seit Jahren bei ProSieben nicht nur gute Laune, sondern auch politische Botschaften. Es geht dabei etwa um das Sterben von Gefl\u00fcchteten im Mittelmeer, um Seenotrettung, um Rechtsextremismus oder um Frauenrechte.Der Kultur- und Medienstaatsminister der Bundesregierung, Wolfram Weimer, hatte mit Blick auf die \u00dcbernahmepl\u00e4ne erst k\u00fcrzlich Bedenken ge\u00e4u\u00dfert. Weimer sagte, man verfolge die Entwicklungen rund um die \u00dcbernahme sehr genau. \u201eSollte die italienische Medienholding MFE die deutsche ProSiebenSat.1 tats\u00e4chlich mehrheitlich kontrollieren, erwarten wir, dass die journalistische Unabh\u00e4ngigkeit der Redaktionen erhalten bleibt und kein Einfluss durch die neuen Anteilseigner genommen wird.\u201c Pier Silvio Berlusconi hat zuletzt eine entsprechende Zusage abgegeben.\",\"breadcrumb\":{\"@id\":\"https:\/\/vof-news.eu\/de\/vor-senderubernahme-prosieben-dementiert-austrittsklausel-fur-joko-und-klaas\/#breadcrumb\"},\"inLanguage\":\"de\",\"potentialAction\":[{\"@type\":\"ReadAction\",\"target\":[\"https:\/\/vof-news.eu\/de\/vor-senderubernahme-prosieben-dementiert-austrittsklausel-fur-joko-und-klaas\/\"]}]},{\"@type\":\"ImageObject\",\"inLanguage\":\"de\",\"@id\":\"https:\/\/vof-news.eu\/de\/vor-senderubernahme-prosieben-dementiert-austrittsklausel-fur-joko-und-klaas\/#primaryimage\",\"url\":\"https:\/\/vof-news.eu\/wp-content\/uploads\/2025\/08\/joko-und-klaas.webp\",\"contentUrl\":\"https:\/\/vof-news.eu\/wp-content\/uploads\/2025\/08\/joko-und-klaas.webp\",\"width\":1200,\"height\":574},{\"@type\":\"BreadcrumbList\",\"@id\":\"https:\/\/vof-news.eu\/de\/vor-senderubernahme-prosieben-dementiert-austrittsklausel-fur-joko-und-klaas\/#breadcrumb\",\"itemListElement\":[{\"@type\":\"ListItem\",\"position\":1,\"name\":\"Home\",\"item\":\"https:\/\/vof-news.eu\/de\/\"},{\"@type\":\"ListItem\",\"position\":2,\"name\":\"Vor Sender\u00fcbernahme \u2013 ProSieben dementiert Austrittsklausel f\u00fcr Joko und Klaas\"}]},{\"@type\":\"WebSite\",\"@id\":\"https:\/\/vof-news.eu\/de\/#website\",\"url\":\"https:\/\/vof-news.eu\/de\/\",\"name\":\"vof-news.eu\",\"description\":\"\",\"potentialAction\":[{\"@type\":\"SearchAction\",\"target\":{\"@type\":\"EntryPoint\",\"urlTemplate\":\"https:\/\/vof-news.eu\/de\/?s={search_term_string}\"},\"query-input\":\"required name=search_term_string\"}],\"inLanguage\":\"de\"},{\"@type\":\"Person\",\"@id\":\"https:\/\/vof-news.eu\/de\/#\/schema\/person\/f6a2a4309f0561835797fd8c19b333ed\",\"name\":\"Author\",\"image\":{\"@type\":\"ImageObject\",\"inLanguage\":\"de\",\"@id\":\"https:\/\/vof-news.eu\/de\/#\/schema\/person\/image\/\",\"url\":\"https:\/\/secure.gravatar.com\/avatar\/b67e614b1b25b3e9c0c239efdd2fde5ab015b5affd6f1c3c85911ca4b384e790?s=96&d=mm&r=g\",\"contentUrl\":\"https:\/\/secure.gravatar.com\/avatar\/b67e614b1b25b3e9c0c239efdd2fde5ab015b5affd6f1c3c85911ca4b384e790?s=96&d=mm&r=g\",\"caption\":\"Author\"},\"sameAs\":[\"http:\/\/vof-news.eu\"],\"url\":\"https:\/\/vof-news.eu\/de\/author\/zwt6qxnjulxbnyg\/\"}]}<\/script>\n<!-- \/ Yoast SEO plugin. -->","yoast_head_json":{"title":"Vor Sender\u00fcbernahme \u2013 ProSieben dementiert Austrittsklausel f\u00fcr Joko und Klaas - vof-news.eu","description":"Der Fernsehsender ProSieben hat einen Bericht zur\u00fcckgewiesen, wonach seine beliebtesten Entertainer Joko und Klaas Ausstiegsklauseln f\u00fcr den Fall einer \u00dcbernahme durch den Mail\u00e4nder Medienkonzern Berlusconi vereinbart haben. \u201eGrunds\u00e4tzlich sprechen wir nicht \u00fcber Vertragsinhalte. In diesem Fall ist es uns wichtig klarzustellen: Es gibt keine Ausstiegsklausel in unseren Vertr\u00e4gen mit Joko Winterscheidt und Klaas Heufer-Umlauf\u201c, sagte ein Sendersprecher in Unterf\u00f6hring bei M\u00fcnchen.\u201eDie Zuschauerinnen und Zuschauer k\u00f6nnen sich sicher sein. Joko und Klaas werden in den n\u00e4chsten Jahren viele und vor allem herausragende Shows auf Joyn und ProSieben moderieren\u201c, betonte der ProSieben-Sprecher. Die Managements von Joko und von Klaas antworteten einhellig, dass man Vertragsinhalte grunds\u00e4tzlich nicht kommuniziere.Einem Bericht des Magazins \u201eWirtschaftswoche\u201c zufolge gibt es in dem Vertragswerk Ausstiegsklauseln, falls der italienische Konzern Media for Europe (MFE) ProSiebenSat.1 \u00fcbernehmen sollte. Die \u201eWirtschaftswoche\u201c beruft sich dabei auf \u201e\u00fcbereinstimmende\u201c Angaben von \u201emehreren Insidern\u201c. Das Blatt zitiert im Artikel auch Aussagen \u201eaus Kreisen der ProSiebenSat.1-F\u00fchrung\u201c, dass man f\u00fcr diese Ausstiegsklauseln Verst\u00e4ndnis habe.Joko und Klaas gelten als Zugpferde des SendersDie zwei TV-Stars (\u201eJoko &amp; Klaas gegen ProSieben\u201c) hatten ihren Exklusiv-Vertrag mit ProSiebenSat.1 erst im M\u00e4rz dieses Jahres um f\u00fcnf Jahre verl\u00e4ngert und gelten als Zugpferde und wichtige Quotengaranten der Senderfamilie. In einer monatelangen Bieterschlacht mit einem tschechischen Finanzinvestor um den gro\u00dfen deutschen Fernsehkonzern hatte MFE zuletzt deutlich vorn gelegen. Die \u00dcbernahme durch die Italiener gilt als wahrscheinlich und w\u00fcrde gegebenenfalls wohl noch im Laufe dieses Monats verk\u00fcndet. Media for Europe geh\u00f6rt den Kindern des 2023 gestorbenen fr\u00fcheren italienischen Regierungschefs Silvio Berlusconi. \u00dcber Jahrzehnte hatte der Patriarch und Rechtspopulist seinen Medienkonzern genutzt, um seine politische Karriere und die von ihm gegr\u00fcndete Partei Forza Italia zu f\u00f6rdern. Die Berlusconi-Kinder sind bislang nicht in die Politik eingestiegen, stehen der Partei aber nach wie vor nahe. Sohn Pier Silvio Berlusconi \u2013 Vorstandschef von MFE \u2013 schloss zuletzt eigene politische Ambitionen f\u00fcr die Zukunft nicht aus.Joko und Klaas verbreiten seit Jahren bei ProSieben nicht nur gute Laune, sondern auch politische Botschaften. Es geht dabei etwa um das Sterben von Gefl\u00fcchteten im Mittelmeer, um Seenotrettung, um Rechtsextremismus oder um Frauenrechte.Der Kultur- und Medienstaatsminister der Bundesregierung, Wolfram Weimer, hatte mit Blick auf die \u00dcbernahmepl\u00e4ne erst k\u00fcrzlich Bedenken ge\u00e4u\u00dfert. Weimer sagte, man verfolge die Entwicklungen rund um die \u00dcbernahme sehr genau. \u201eSollte die italienische Medienholding MFE die deutsche ProSiebenSat.1 tats\u00e4chlich mehrheitlich kontrollieren, erwarten wir, dass die journalistische Unabh\u00e4ngigkeit der Redaktionen erhalten bleibt und kein Einfluss durch die neuen Anteilseigner genommen wird.\u201c Pier Silvio Berlusconi hat zuletzt eine entsprechende Zusage abgegeben.","robots":{"index":"noindex","follow":"follow","max-snippet":"max-snippet:-1","max-image-preview":"max-image-preview:large","max-video-preview":"max-video-preview:-1"},"og_locale":"de_DE","og_type":"article","og_title":"Vor Sender\u00fcbernahme \u2013 ProSieben dementiert Austrittsklausel f\u00fcr Joko und Klaas - vof-news.eu","og_description":"Der Fernsehsender ProSieben hat einen Bericht zur\u00fcckgewiesen, wonach seine beliebtesten Entertainer Joko und Klaas Ausstiegsklauseln f\u00fcr den Fall einer \u00dcbernahme durch den Mail\u00e4nder Medienkonzern Berlusconi vereinbart haben. \u201eGrunds\u00e4tzlich sprechen wir nicht \u00fcber Vertragsinhalte. In diesem Fall ist es uns wichtig klarzustellen: Es gibt keine Ausstiegsklausel in unseren Vertr\u00e4gen mit Joko Winterscheidt und Klaas Heufer-Umlauf\u201c, sagte ein Sendersprecher in Unterf\u00f6hring bei M\u00fcnchen.\u201eDie Zuschauerinnen und Zuschauer k\u00f6nnen sich sicher sein. Joko und Klaas werden in den n\u00e4chsten Jahren viele und vor allem herausragende Shows auf Joyn und ProSieben moderieren\u201c, betonte der ProSieben-Sprecher. Die Managements von Joko und von Klaas antworteten einhellig, dass man Vertragsinhalte grunds\u00e4tzlich nicht kommuniziere.Einem Bericht des Magazins \u201eWirtschaftswoche\u201c zufolge gibt es in dem Vertragswerk Ausstiegsklauseln, falls der italienische Konzern Media for Europe (MFE) ProSiebenSat.1 \u00fcbernehmen sollte. Die \u201eWirtschaftswoche\u201c beruft sich dabei auf \u201e\u00fcbereinstimmende\u201c Angaben von \u201emehreren Insidern\u201c. Das Blatt zitiert im Artikel auch Aussagen \u201eaus Kreisen der ProSiebenSat.1-F\u00fchrung\u201c, dass man f\u00fcr diese Ausstiegsklauseln Verst\u00e4ndnis habe.Joko und Klaas gelten als Zugpferde des SendersDie zwei TV-Stars (\u201eJoko &amp; Klaas gegen ProSieben\u201c) hatten ihren Exklusiv-Vertrag mit ProSiebenSat.1 erst im M\u00e4rz dieses Jahres um f\u00fcnf Jahre verl\u00e4ngert und gelten als Zugpferde und wichtige Quotengaranten der Senderfamilie. In einer monatelangen Bieterschlacht mit einem tschechischen Finanzinvestor um den gro\u00dfen deutschen Fernsehkonzern hatte MFE zuletzt deutlich vorn gelegen. Die \u00dcbernahme durch die Italiener gilt als wahrscheinlich und w\u00fcrde gegebenenfalls wohl noch im Laufe dieses Monats verk\u00fcndet. Media for Europe geh\u00f6rt den Kindern des 2023 gestorbenen fr\u00fcheren italienischen Regierungschefs Silvio Berlusconi. \u00dcber Jahrzehnte hatte der Patriarch und Rechtspopulist seinen Medienkonzern genutzt, um seine politische Karriere und die von ihm gegr\u00fcndete Partei Forza Italia zu f\u00f6rdern. Die Berlusconi-Kinder sind bislang nicht in die Politik eingestiegen, stehen der Partei aber nach wie vor nahe. Sohn Pier Silvio Berlusconi \u2013 Vorstandschef von MFE \u2013 schloss zuletzt eigene politische Ambitionen f\u00fcr die Zukunft nicht aus.Joko und Klaas verbreiten seit Jahren bei ProSieben nicht nur gute Laune, sondern auch politische Botschaften. Es geht dabei etwa um das Sterben von Gefl\u00fcchteten im Mittelmeer, um Seenotrettung, um Rechtsextremismus oder um Frauenrechte.Der Kultur- und Medienstaatsminister der Bundesregierung, Wolfram Weimer, hatte mit Blick auf die \u00dcbernahmepl\u00e4ne erst k\u00fcrzlich Bedenken ge\u00e4u\u00dfert. Weimer sagte, man verfolge die Entwicklungen rund um die \u00dcbernahme sehr genau. \u201eSollte die italienische Medienholding MFE die deutsche ProSiebenSat.1 tats\u00e4chlich mehrheitlich kontrollieren, erwarten wir, dass die journalistische Unabh\u00e4ngigkeit der Redaktionen erhalten bleibt und kein Einfluss durch die neuen Anteilseigner genommen wird.\u201c Pier Silvio Berlusconi hat zuletzt eine entsprechende Zusage abgegeben.","og_url":"https:\/\/vof-news.eu\/de\/vor-senderubernahme-prosieben-dementiert-austrittsklausel-fur-joko-und-klaas\/","og_site_name":"vof-news.eu","article_published_time":"2025-08-15T10:26:14+00:00","article_modified_time":"2025-08-15T10:26:36+00:00","og_image":[{"width":1200,"height":574,"url":"https:\/\/vof-news.eu\/wp-content\/uploads\/2025\/08\/joko-und-klaas.webp","type":"image\/webp"}],"author":"Author","twitter_card":"summary_large_image","twitter_misc":{"Verfasst von":"Author","Gesch\u00e4tzte Lesezeit":"2\u00a0Minuten"},"schema":{"@context":"https:\/\/schema.org","@graph":[{"@type":"WebPage","@id":"https:\/\/vof-news.eu\/de\/vor-senderubernahme-prosieben-dementiert-austrittsklausel-fur-joko-und-klaas\/","url":"https:\/\/vof-news.eu\/de\/vor-senderubernahme-prosieben-dementiert-austrittsklausel-fur-joko-und-klaas\/","name":"Vor Sender\u00fcbernahme \u2013 ProSieben dementiert Austrittsklausel f\u00fcr Joko und Klaas - vof-news.eu","isPartOf":{"@id":"https:\/\/vof-news.eu\/de\/#website"},"primaryImageOfPage":{"@id":"https:\/\/vof-news.eu\/de\/vor-senderubernahme-prosieben-dementiert-austrittsklausel-fur-joko-und-klaas\/#primaryimage"},"image":{"@id":"https:\/\/vof-news.eu\/de\/vor-senderubernahme-prosieben-dementiert-austrittsklausel-fur-joko-und-klaas\/#primaryimage"},"thumbnailUrl":"https:\/\/vof-news.eu\/wp-content\/uploads\/2025\/08\/joko-und-klaas.webp","datePublished":"2025-08-15T10:26:14+00:00","dateModified":"2025-08-15T10:26:36+00:00","author":{"@id":"https:\/\/vof-news.eu\/de\/#\/schema\/person\/f6a2a4309f0561835797fd8c19b333ed"},"description":"Der Fernsehsender ProSieben hat einen Bericht zur\u00fcckgewiesen, wonach seine beliebtesten Entertainer Joko und Klaas Ausstiegsklauseln f\u00fcr den Fall einer \u00dcbernahme durch den Mail\u00e4nder Medienkonzern Berlusconi vereinbart haben. \u201eGrunds\u00e4tzlich sprechen wir nicht \u00fcber Vertragsinhalte. In diesem Fall ist es uns wichtig klarzustellen: Es gibt keine Ausstiegsklausel in unseren Vertr\u00e4gen mit Joko Winterscheidt und Klaas Heufer-Umlauf\u201c, sagte ein Sendersprecher in Unterf\u00f6hring bei M\u00fcnchen.\u201eDie Zuschauerinnen und Zuschauer k\u00f6nnen sich sicher sein. Joko und Klaas werden in den n\u00e4chsten Jahren viele und vor allem herausragende Shows auf Joyn und ProSieben moderieren\u201c, betonte der ProSieben-Sprecher. Die Managements von Joko und von Klaas antworteten einhellig, dass man Vertragsinhalte grunds\u00e4tzlich nicht kommuniziere.Einem Bericht des Magazins \u201eWirtschaftswoche\u201c zufolge gibt es in dem Vertragswerk Ausstiegsklauseln, falls der italienische Konzern Media for Europe (MFE) ProSiebenSat.1 \u00fcbernehmen sollte. Die \u201eWirtschaftswoche\u201c beruft sich dabei auf \u201e\u00fcbereinstimmende\u201c Angaben von \u201emehreren Insidern\u201c. Das Blatt zitiert im Artikel auch Aussagen \u201eaus Kreisen der ProSiebenSat.1-F\u00fchrung\u201c, dass man f\u00fcr diese Ausstiegsklauseln Verst\u00e4ndnis habe.Joko und Klaas gelten als Zugpferde des SendersDie zwei TV-Stars (\u201eJoko &amp; Klaas gegen ProSieben\u201c) hatten ihren Exklusiv-Vertrag mit ProSiebenSat.1 erst im M\u00e4rz dieses Jahres um f\u00fcnf Jahre verl\u00e4ngert und gelten als Zugpferde und wichtige Quotengaranten der Senderfamilie. In einer monatelangen Bieterschlacht mit einem tschechischen Finanzinvestor um den gro\u00dfen deutschen Fernsehkonzern hatte MFE zuletzt deutlich vorn gelegen. Die \u00dcbernahme durch die Italiener gilt als wahrscheinlich und w\u00fcrde gegebenenfalls wohl noch im Laufe dieses Monats verk\u00fcndet. Media for Europe geh\u00f6rt den Kindern des 2023 gestorbenen fr\u00fcheren italienischen Regierungschefs Silvio Berlusconi. \u00dcber Jahrzehnte hatte der Patriarch und Rechtspopulist seinen Medienkonzern genutzt, um seine politische Karriere und die von ihm gegr\u00fcndete Partei Forza Italia zu f\u00f6rdern. Die Berlusconi-Kinder sind bislang nicht in die Politik eingestiegen, stehen der Partei aber nach wie vor nahe. Sohn Pier Silvio Berlusconi \u2013 Vorstandschef von MFE \u2013 schloss zuletzt eigene politische Ambitionen f\u00fcr die Zukunft nicht aus.Joko und Klaas verbreiten seit Jahren bei ProSieben nicht nur gute Laune, sondern auch politische Botschaften. Es geht dabei etwa um das Sterben von Gefl\u00fcchteten im Mittelmeer, um Seenotrettung, um Rechtsextremismus oder um Frauenrechte.Der Kultur- und Medienstaatsminister der Bundesregierung, Wolfram Weimer, hatte mit Blick auf die \u00dcbernahmepl\u00e4ne erst k\u00fcrzlich Bedenken ge\u00e4u\u00dfert. Weimer sagte, man verfolge die Entwicklungen rund um die \u00dcbernahme sehr genau. \u201eSollte die italienische Medienholding MFE die deutsche ProSiebenSat.1 tats\u00e4chlich mehrheitlich kontrollieren, erwarten wir, dass die journalistische Unabh\u00e4ngigkeit der Redaktionen erhalten bleibt und kein Einfluss durch die neuen Anteilseigner genommen wird.\u201c Pier Silvio Berlusconi hat zuletzt eine entsprechende Zusage abgegeben.","breadcrumb":{"@id":"https:\/\/vof-news.eu\/de\/vor-senderubernahme-prosieben-dementiert-austrittsklausel-fur-joko-und-klaas\/#breadcrumb"},"inLanguage":"de","potentialAction":[{"@type":"ReadAction","target":["https:\/\/vof-news.eu\/de\/vor-senderubernahme-prosieben-dementiert-austrittsklausel-fur-joko-und-klaas\/"]}]},{"@type":"ImageObject","inLanguage":"de","@id":"https:\/\/vof-news.eu\/de\/vor-senderubernahme-prosieben-dementiert-austrittsklausel-fur-joko-und-klaas\/#primaryimage","url":"https:\/\/vof-news.eu\/wp-content\/uploads\/2025\/08\/joko-und-klaas.webp","contentUrl":"https:\/\/vof-news.eu\/wp-content\/uploads\/2025\/08\/joko-und-klaas.webp","width":1200,"height":574},{"@type":"BreadcrumbList","@id":"https:\/\/vof-news.eu\/de\/vor-senderubernahme-prosieben-dementiert-austrittsklausel-fur-joko-und-klaas\/#breadcrumb","itemListElement":[{"@type":"ListItem","position":1,"name":"Home","item":"https:\/\/vof-news.eu\/de\/"},{"@type":"ListItem","position":2,"name":"Vor Sender\u00fcbernahme \u2013 ProSieben dementiert Austrittsklausel f\u00fcr Joko und Klaas"}]},{"@type":"WebSite","@id":"https:\/\/vof-news.eu\/de\/#website","url":"https:\/\/vof-news.eu\/de\/","name":"vof-news.eu","description":"","potentialAction":[{"@type":"SearchAction","target":{"@type":"EntryPoint","urlTemplate":"https:\/\/vof-news.eu\/de\/?s={search_term_string}"},"query-input":"required name=search_term_string"}],"inLanguage":"de"},{"@type":"Person","@id":"https:\/\/vof-news.eu\/de\/#\/schema\/person\/f6a2a4309f0561835797fd8c19b333ed","name":"Author","image":{"@type":"ImageObject","inLanguage":"de","@id":"https:\/\/vof-news.eu\/de\/#\/schema\/person\/image\/","url":"https:\/\/secure.gravatar.com\/avatar\/b67e614b1b25b3e9c0c239efdd2fde5ab015b5affd6f1c3c85911ca4b384e790?s=96&d=mm&r=g","contentUrl":"https:\/\/secure.gravatar.com\/avatar\/b67e614b1b25b3e9c0c239efdd2fde5ab015b5affd6f1c3c85911ca4b384e790?s=96&d=mm&r=g","caption":"Author"},"sameAs":["http:\/\/vof-news.eu"],"url":"https:\/\/vof-news.eu\/de\/author\/zwt6qxnjulxbnyg\/"}]}},"yoast_meta":{"yoast_wpseo_title":"","yoast_wpseo_metadesc":"","yoast_wpseo_canonical":""},"_links":{"self":[{"href":"https:\/\/vof-news.eu\/de\/wp-json\/wp\/v2\/posts\/264967","targetHints":{"allow":["GET"]}}],"collection":[{"href":"https:\/\/vof-news.eu\/de\/wp-json\/wp\/v2\/posts"}],"about":[{"href":"https:\/\/vof-news.eu\/de\/wp-json\/wp\/v2\/types\/post"}],"author":[{"embeddable":true,"href":"https:\/\/vof-news.eu\/de\/wp-json\/wp\/v2\/users\/1"}],"replies":[{"embeddable":true,"href":"https:\/\/vof-news.eu\/de\/wp-json\/wp\/v2\/comments?post=264967"}],"version-history":[{"count":1,"href":"https:\/\/vof-news.eu\/de\/wp-json\/wp\/v2\/posts\/264967\/revisions"}],"predecessor-version":[{"id":264974,"href":"https:\/\/vof-news.eu\/de\/wp-json\/wp\/v2\/posts\/264967\/revisions\/264974"}],"wp:featuredmedia":[{"embeddable":true,"href":"https:\/\/vof-news.eu\/de\/wp-json\/wp\/v2\/media\/264968"}],"wp:attachment":[{"href":"https:\/\/vof-news.eu\/de\/wp-json\/wp\/v2\/media?parent=264967"}],"wp:term":[{"taxonomy":"category","embeddable":true,"href":"https:\/\/vof-news.eu\/de\/wp-json\/wp\/v2\/categories?post=264967"},{"taxonomy":"post_tag","embeddable":true,"href":"https:\/\/vof-news.eu\/de\/wp-json\/wp\/v2\/tags?post=264967"}],"curies":[{"name":"wp","href":"https:\/\/api.w.org\/{rel}","templated":true}]}}