{"id":264747,"date":"2025-08-14T17:26:07","date_gmt":"2025-08-14T14:26:07","guid":{"rendered":"https:\/\/vof-news.eu\/deutsche-bahn-chef-lutz-muss-gehen-konzern-bekommt-neuen-chef\/"},"modified":"2025-08-14T17:26:29","modified_gmt":"2025-08-14T14:26:29","slug":"deutsche-bahn-chef-lutz-muss-gehen-konzern-bekommt-neuen-chef","status":"publish","type":"post","link":"https:\/\/vof-news.eu\/de\/deutsche-bahn-chef-lutz-muss-gehen-konzern-bekommt-neuen-chef\/","title":{"rendered":"Deutsche-Bahn-Chef Lutz muss gehen \u2013 Konzern bekommt neuen Chef"},"content":{"rendered":"<p>Bahnchef Richard Lutz muss vorzeitig gehen. Der 61-J\u00e4hrige soll den Konzern noch so lange f\u00fchren, bis ein Nachfolger gefunden wurde. Dies berichten Nachrichtenagenturen \u00fcbereinstimmend. Sein Vertrag l\u00e4uft eigentlich noch bis 2027. Der Bahnchef gilt schon seit Monaten als angez\u00e4hlt &#8211; zu gro\u00df ist die wirtschaftliche und betriebliche Krise, in der die Bahn seit Jahren steckt. Verkehrsminister Patrick Schnieder (CDU) will sich um 17.00 Uhr auf einer Pressekonferenz \u00e4u\u00dfern.<\/p>\n<p>Unter der F\u00fchrung von Lutz schlitterte die Bahn von einer Negativ-Schlagzeile zur n\u00e4chsten, immer wieder forderten politische Entscheidungstr\u00e4ger auch die Zerschlagung des Konzerns. Zuletzt sorgte vor allem die marode und kaputt gefahrene Infrastruktur f\u00fcr gro\u00dfe Probleme. Die P\u00fcnktlichkeit im Fernverkehr st\u00fcrzte von 78,5 Prozent im Jahr 2017 auf 62,5 Prozent im vergangenen Jahr ab. <\/p>\n<p>Deutliche Verbesserungen sind bislang nicht in Sicht. Auch wirtschaftlich ist die Bahn in Schieflage \u2013 seit Jahren schreibt der bundeseigene Konzern rote Zahlen.<\/p>\n<p>Die neue Bundesregierung hat in ihrem Koalitionsvertrag eine Neuaufstellung des Aufsichtsrats und des Bahn-Vorstands angek\u00fcndigt, \u201emit dem Ziel, mehr Fachkompetenz abzubilden und eine Verschlankung zu erreichen\u201c. Diese Neuaufstellung hat nun offensichtlich begonnen.<\/p>\n<p>Lutz leitet den bundeseigenen Konzern seit Anfang 2017. Davor war er von 2010 bis 2017 Finanzvorstand der DB. Im Konzern arbeitet der 61 Jahre alte Pf\u00e4lzer seit 1994, er kennt das Unternehmen und die Branche besser als viele andere. Das hat ihm jetzt aber nicht mehr geholfen. <\/p>\n<p>Lutz gilt als disziplinierter Arbeiter und guter Schachspieler. Seine Arbeitstage beginnen in der Regel bereits um 4.00 Uhr morgens und dauern bis in den sp\u00e4ten Abend. Auch am Wochenende machte er selten frei. Bis zuletzt betonte er seine Leidenschaft f\u00fcr den Job und die Verbindung zum Unternehmen. Solange man ihn lasse, sei er mit Freude dabei, hie\u00df es stets. <\/p>\n<p><em>Mehr in K\u00fcrze.<\/em><\/p>\n","protected":false},"excerpt":{"rendered":"<p>Bahnchef Richard Lutz muss vorzeitig gehen. Der 61-J\u00e4hrige soll den Konzern noch so lange f\u00fchren, bis ein Nachfolger gefunden wurde. Dies berichten Nachrichtenagenturen \u00fcbereinstimmend. Sein Vertrag l\u00e4uft eigentlich noch bis 2027. Der Bahnchef gilt schon seit Monaten als angez\u00e4hlt &#8211; zu gro\u00df ist die wirtschaftliche und betriebliche Krise, in der die Bahn seit Jahren steckt.<\/p>\n","protected":false},"author":1,"featured_media":264748,"comment_status":"open","ping_status":"open","sticky":false,"template":"","format":"standard","meta":{"footnotes":""},"categories":[59],"tags":[],"class_list":["post-264747","post","type-post","status-publish","format-standard","has-post-thumbnail","hentry","category-business-de"],"acf":[],"yoast_head":"<!-- This site is optimized with the Yoast SEO plugin v22.9 - https:\/\/yoast.com\/wordpress\/plugins\/seo\/ -->\n<title>Deutsche-Bahn-Chef Lutz muss gehen \u2013 Konzern bekommt neuen Chef - vof-news.eu<\/title>\n<meta name=\"description\" content=\"Bahnchef Richard Lutz muss vorzeitig gehen. Der 61-J\u00e4hrige soll den Konzern noch so lange f\u00fchren, bis ein Nachfolger gefunden wurde. Dies berichten Nachrichtenagenturen \u00fcbereinstimmend. Sein Vertrag l\u00e4uft eigentlich noch bis 2027. Der Bahnchef gilt schon seit Monaten als angez\u00e4hlt - zu gro\u00df ist die wirtschaftliche und betriebliche Krise, in der die Bahn seit Jahren steckt. Verkehrsminister Patrick Schnieder (CDU) will sich um 17.00 Uhr auf einer Pressekonferenz \u00e4u\u00dfern.Unter der F\u00fchrung von Lutz schlitterte die Bahn von einer Negativ-Schlagzeile zur n\u00e4chsten, immer wieder forderten politische Entscheidungstr\u00e4ger auch die Zerschlagung des Konzerns. Zuletzt sorgte vor allem die marode und kaputt gefahrene Infrastruktur f\u00fcr gro\u00dfe Probleme. Die P\u00fcnktlichkeit im Fernverkehr st\u00fcrzte von 78,5 Prozent im Jahr 2017 auf 62,5 Prozent im vergangenen Jahr ab. Deutliche Verbesserungen sind bislang nicht in Sicht. Auch wirtschaftlich ist die Bahn in Schieflage \u2013 seit Jahren schreibt der bundeseigene Konzern rote Zahlen.Die neue Bundesregierung hat in ihrem Koalitionsvertrag eine Neuaufstellung des Aufsichtsrats und des Bahn-Vorstands angek\u00fcndigt, \u201emit dem Ziel, mehr Fachkompetenz abzubilden und eine Verschlankung zu erreichen\u201c. Diese Neuaufstellung hat nun offensichtlich begonnen.Lutz leitet den bundeseigenen Konzern seit Anfang 2017. Davor war er von 2010 bis 2017 Finanzvorstand der DB. Im Konzern arbeitet der 61 Jahre alte Pf\u00e4lzer seit 1994, er kennt das Unternehmen und die Branche besser als viele andere. Das hat ihm jetzt aber nicht mehr geholfen. Lutz gilt als disziplinierter Arbeiter und guter Schachspieler. Seine Arbeitstage beginnen in der Regel bereits um 4.00 Uhr morgens und dauern bis in den sp\u00e4ten Abend. Auch am Wochenende machte er selten frei. Bis zuletzt betonte er seine Leidenschaft f\u00fcr den Job und die Verbindung zum Unternehmen. Solange man ihn lasse, sei er mit Freude dabei, hie\u00df es stets. Mehr in K\u00fcrze.\" \/>\n<meta name=\"robots\" content=\"noindex, follow, max-snippet:-1, max-image-preview:large, max-video-preview:-1\" \/>\n<meta property=\"og:locale\" content=\"de_DE\" \/>\n<meta property=\"og:type\" content=\"article\" \/>\n<meta property=\"og:title\" content=\"Deutsche-Bahn-Chef Lutz muss gehen \u2013 Konzern bekommt neuen Chef - vof-news.eu\" \/>\n<meta property=\"og:description\" content=\"Bahnchef Richard Lutz muss vorzeitig gehen. Der 61-J\u00e4hrige soll den Konzern noch so lange f\u00fchren, bis ein Nachfolger gefunden wurde. Dies berichten Nachrichtenagenturen \u00fcbereinstimmend. Sein Vertrag l\u00e4uft eigentlich noch bis 2027. Der Bahnchef gilt schon seit Monaten als angez\u00e4hlt - zu gro\u00df ist die wirtschaftliche und betriebliche Krise, in der die Bahn seit Jahren steckt. Verkehrsminister Patrick Schnieder (CDU) will sich um 17.00 Uhr auf einer Pressekonferenz \u00e4u\u00dfern.Unter der F\u00fchrung von Lutz schlitterte die Bahn von einer Negativ-Schlagzeile zur n\u00e4chsten, immer wieder forderten politische Entscheidungstr\u00e4ger auch die Zerschlagung des Konzerns. Zuletzt sorgte vor allem die marode und kaputt gefahrene Infrastruktur f\u00fcr gro\u00dfe Probleme. Die P\u00fcnktlichkeit im Fernverkehr st\u00fcrzte von 78,5 Prozent im Jahr 2017 auf 62,5 Prozent im vergangenen Jahr ab. Deutliche Verbesserungen sind bislang nicht in Sicht. Auch wirtschaftlich ist die Bahn in Schieflage \u2013 seit Jahren schreibt der bundeseigene Konzern rote Zahlen.Die neue Bundesregierung hat in ihrem Koalitionsvertrag eine Neuaufstellung des Aufsichtsrats und des Bahn-Vorstands angek\u00fcndigt, \u201emit dem Ziel, mehr Fachkompetenz abzubilden und eine Verschlankung zu erreichen\u201c. Diese Neuaufstellung hat nun offensichtlich begonnen.Lutz leitet den bundeseigenen Konzern seit Anfang 2017. Davor war er von 2010 bis 2017 Finanzvorstand der DB. Im Konzern arbeitet der 61 Jahre alte Pf\u00e4lzer seit 1994, er kennt das Unternehmen und die Branche besser als viele andere. Das hat ihm jetzt aber nicht mehr geholfen. Lutz gilt als disziplinierter Arbeiter und guter Schachspieler. Seine Arbeitstage beginnen in der Regel bereits um 4.00 Uhr morgens und dauern bis in den sp\u00e4ten Abend. Auch am Wochenende machte er selten frei. Bis zuletzt betonte er seine Leidenschaft f\u00fcr den Job und die Verbindung zum Unternehmen. Solange man ihn lasse, sei er mit Freude dabei, hie\u00df es stets. Mehr in K\u00fcrze.\" \/>\n<meta property=\"og:url\" content=\"https:\/\/vof-news.eu\/de\/deutsche-bahn-chef-lutz-muss-gehen-konzern-bekommt-neuen-chef\/\" \/>\n<meta property=\"og:site_name\" content=\"vof-news.eu\" \/>\n<meta property=\"article:published_time\" content=\"2025-08-14T14:26:07+00:00\" \/>\n<meta property=\"article:modified_time\" content=\"2025-08-14T14:26:29+00:00\" \/>\n<meta property=\"og:image\" content=\"https:\/\/vof-news.eu\/wp-content\/uploads\/2025\/08\/db-chef-richard-lutz.webp\" \/>\n\t<meta property=\"og:image:width\" content=\"1200\" \/>\n\t<meta property=\"og:image:height\" content=\"574\" \/>\n\t<meta property=\"og:image:type\" content=\"image\/webp\" \/>\n<meta name=\"author\" content=\"Author\" \/>\n<meta name=\"twitter:card\" content=\"summary_large_image\" \/>\n<meta name=\"twitter:label1\" content=\"Verfasst von\" \/>\n\t<meta name=\"twitter:data1\" content=\"Author\" \/>\n\t<meta name=\"twitter:label2\" content=\"Gesch\u00e4tzte Lesezeit\" \/>\n\t<meta name=\"twitter:data2\" content=\"1\u00a0Minute\" \/>\n<script type=\"application\/ld+json\" class=\"yoast-schema-graph\">{\"@context\":\"https:\/\/schema.org\",\"@graph\":[{\"@type\":\"WebPage\",\"@id\":\"https:\/\/vof-news.eu\/de\/deutsche-bahn-chef-lutz-muss-gehen-konzern-bekommt-neuen-chef\/\",\"url\":\"https:\/\/vof-news.eu\/de\/deutsche-bahn-chef-lutz-muss-gehen-konzern-bekommt-neuen-chef\/\",\"name\":\"Deutsche-Bahn-Chef Lutz muss gehen \u2013 Konzern bekommt neuen Chef - vof-news.eu\",\"isPartOf\":{\"@id\":\"https:\/\/vof-news.eu\/de\/#website\"},\"primaryImageOfPage\":{\"@id\":\"https:\/\/vof-news.eu\/de\/deutsche-bahn-chef-lutz-muss-gehen-konzern-bekommt-neuen-chef\/#primaryimage\"},\"image\":{\"@id\":\"https:\/\/vof-news.eu\/de\/deutsche-bahn-chef-lutz-muss-gehen-konzern-bekommt-neuen-chef\/#primaryimage\"},\"thumbnailUrl\":\"https:\/\/vof-news.eu\/wp-content\/uploads\/2025\/08\/db-chef-richard-lutz.webp\",\"datePublished\":\"2025-08-14T14:26:07+00:00\",\"dateModified\":\"2025-08-14T14:26:29+00:00\",\"author\":{\"@id\":\"https:\/\/vof-news.eu\/de\/#\/schema\/person\/f6a2a4309f0561835797fd8c19b333ed\"},\"description\":\"Bahnchef Richard Lutz muss vorzeitig gehen. Der 61-J\u00e4hrige soll den Konzern noch so lange f\u00fchren, bis ein Nachfolger gefunden wurde. Dies berichten Nachrichtenagenturen \u00fcbereinstimmend. Sein Vertrag l\u00e4uft eigentlich noch bis 2027. Der Bahnchef gilt schon seit Monaten als angez\u00e4hlt - zu gro\u00df ist die wirtschaftliche und betriebliche Krise, in der die Bahn seit Jahren steckt. Verkehrsminister Patrick Schnieder (CDU) will sich um 17.00 Uhr auf einer Pressekonferenz \u00e4u\u00dfern.Unter der F\u00fchrung von Lutz schlitterte die Bahn von einer Negativ-Schlagzeile zur n\u00e4chsten, immer wieder forderten politische Entscheidungstr\u00e4ger auch die Zerschlagung des Konzerns. Zuletzt sorgte vor allem die marode und kaputt gefahrene Infrastruktur f\u00fcr gro\u00dfe Probleme. Die P\u00fcnktlichkeit im Fernverkehr st\u00fcrzte von 78,5 Prozent im Jahr 2017 auf 62,5 Prozent im vergangenen Jahr ab. Deutliche Verbesserungen sind bislang nicht in Sicht. Auch wirtschaftlich ist die Bahn in Schieflage \u2013 seit Jahren schreibt der bundeseigene Konzern rote Zahlen.Die neue Bundesregierung hat in ihrem Koalitionsvertrag eine Neuaufstellung des Aufsichtsrats und des Bahn-Vorstands angek\u00fcndigt, \u201emit dem Ziel, mehr Fachkompetenz abzubilden und eine Verschlankung zu erreichen\u201c. Diese Neuaufstellung hat nun offensichtlich begonnen.Lutz leitet den bundeseigenen Konzern seit Anfang 2017. Davor war er von 2010 bis 2017 Finanzvorstand der DB. Im Konzern arbeitet der 61 Jahre alte Pf\u00e4lzer seit 1994, er kennt das Unternehmen und die Branche besser als viele andere. Das hat ihm jetzt aber nicht mehr geholfen. Lutz gilt als disziplinierter Arbeiter und guter Schachspieler. Seine Arbeitstage beginnen in der Regel bereits um 4.00 Uhr morgens und dauern bis in den sp\u00e4ten Abend. Auch am Wochenende machte er selten frei. Bis zuletzt betonte er seine Leidenschaft f\u00fcr den Job und die Verbindung zum Unternehmen. Solange man ihn lasse, sei er mit Freude dabei, hie\u00df es stets. Mehr in K\u00fcrze.\",\"breadcrumb\":{\"@id\":\"https:\/\/vof-news.eu\/de\/deutsche-bahn-chef-lutz-muss-gehen-konzern-bekommt-neuen-chef\/#breadcrumb\"},\"inLanguage\":\"de\",\"potentialAction\":[{\"@type\":\"ReadAction\",\"target\":[\"https:\/\/vof-news.eu\/de\/deutsche-bahn-chef-lutz-muss-gehen-konzern-bekommt-neuen-chef\/\"]}]},{\"@type\":\"ImageObject\",\"inLanguage\":\"de\",\"@id\":\"https:\/\/vof-news.eu\/de\/deutsche-bahn-chef-lutz-muss-gehen-konzern-bekommt-neuen-chef\/#primaryimage\",\"url\":\"https:\/\/vof-news.eu\/wp-content\/uploads\/2025\/08\/db-chef-richard-lutz.webp\",\"contentUrl\":\"https:\/\/vof-news.eu\/wp-content\/uploads\/2025\/08\/db-chef-richard-lutz.webp\",\"width\":1200,\"height\":574},{\"@type\":\"BreadcrumbList\",\"@id\":\"https:\/\/vof-news.eu\/de\/deutsche-bahn-chef-lutz-muss-gehen-konzern-bekommt-neuen-chef\/#breadcrumb\",\"itemListElement\":[{\"@type\":\"ListItem\",\"position\":1,\"name\":\"Home\",\"item\":\"https:\/\/vof-news.eu\/de\/\"},{\"@type\":\"ListItem\",\"position\":2,\"name\":\"Deutsche-Bahn-Chef Lutz muss gehen \u2013 Konzern bekommt neuen Chef\"}]},{\"@type\":\"WebSite\",\"@id\":\"https:\/\/vof-news.eu\/de\/#website\",\"url\":\"https:\/\/vof-news.eu\/de\/\",\"name\":\"vof-news.eu\",\"description\":\"\",\"potentialAction\":[{\"@type\":\"SearchAction\",\"target\":{\"@type\":\"EntryPoint\",\"urlTemplate\":\"https:\/\/vof-news.eu\/de\/?s={search_term_string}\"},\"query-input\":\"required name=search_term_string\"}],\"inLanguage\":\"de\"},{\"@type\":\"Person\",\"@id\":\"https:\/\/vof-news.eu\/de\/#\/schema\/person\/f6a2a4309f0561835797fd8c19b333ed\",\"name\":\"Author\",\"image\":{\"@type\":\"ImageObject\",\"inLanguage\":\"de\",\"@id\":\"https:\/\/vof-news.eu\/de\/#\/schema\/person\/image\/\",\"url\":\"https:\/\/secure.gravatar.com\/avatar\/b67e614b1b25b3e9c0c239efdd2fde5ab015b5affd6f1c3c85911ca4b384e790?s=96&d=mm&r=g\",\"contentUrl\":\"https:\/\/secure.gravatar.com\/avatar\/b67e614b1b25b3e9c0c239efdd2fde5ab015b5affd6f1c3c85911ca4b384e790?s=96&d=mm&r=g\",\"caption\":\"Author\"},\"sameAs\":[\"http:\/\/vof-news.eu\"],\"url\":\"https:\/\/vof-news.eu\/de\/author\/zwt6qxnjulxbnyg\/\"}]}<\/script>\n<!-- \/ Yoast SEO plugin. -->","yoast_head_json":{"title":"Deutsche-Bahn-Chef Lutz muss gehen \u2013 Konzern bekommt neuen Chef - vof-news.eu","description":"Bahnchef Richard Lutz muss vorzeitig gehen. Der 61-J\u00e4hrige soll den Konzern noch so lange f\u00fchren, bis ein Nachfolger gefunden wurde. Dies berichten Nachrichtenagenturen \u00fcbereinstimmend. Sein Vertrag l\u00e4uft eigentlich noch bis 2027. Der Bahnchef gilt schon seit Monaten als angez\u00e4hlt - zu gro\u00df ist die wirtschaftliche und betriebliche Krise, in der die Bahn seit Jahren steckt. Verkehrsminister Patrick Schnieder (CDU) will sich um 17.00 Uhr auf einer Pressekonferenz \u00e4u\u00dfern.Unter der F\u00fchrung von Lutz schlitterte die Bahn von einer Negativ-Schlagzeile zur n\u00e4chsten, immer wieder forderten politische Entscheidungstr\u00e4ger auch die Zerschlagung des Konzerns. Zuletzt sorgte vor allem die marode und kaputt gefahrene Infrastruktur f\u00fcr gro\u00dfe Probleme. Die P\u00fcnktlichkeit im Fernverkehr st\u00fcrzte von 78,5 Prozent im Jahr 2017 auf 62,5 Prozent im vergangenen Jahr ab. Deutliche Verbesserungen sind bislang nicht in Sicht. Auch wirtschaftlich ist die Bahn in Schieflage \u2013 seit Jahren schreibt der bundeseigene Konzern rote Zahlen.Die neue Bundesregierung hat in ihrem Koalitionsvertrag eine Neuaufstellung des Aufsichtsrats und des Bahn-Vorstands angek\u00fcndigt, \u201emit dem Ziel, mehr Fachkompetenz abzubilden und eine Verschlankung zu erreichen\u201c. Diese Neuaufstellung hat nun offensichtlich begonnen.Lutz leitet den bundeseigenen Konzern seit Anfang 2017. Davor war er von 2010 bis 2017 Finanzvorstand der DB. Im Konzern arbeitet der 61 Jahre alte Pf\u00e4lzer seit 1994, er kennt das Unternehmen und die Branche besser als viele andere. Das hat ihm jetzt aber nicht mehr geholfen. Lutz gilt als disziplinierter Arbeiter und guter Schachspieler. Seine Arbeitstage beginnen in der Regel bereits um 4.00 Uhr morgens und dauern bis in den sp\u00e4ten Abend. Auch am Wochenende machte er selten frei. Bis zuletzt betonte er seine Leidenschaft f\u00fcr den Job und die Verbindung zum Unternehmen. Solange man ihn lasse, sei er mit Freude dabei, hie\u00df es stets. Mehr in K\u00fcrze.","robots":{"index":"noindex","follow":"follow","max-snippet":"max-snippet:-1","max-image-preview":"max-image-preview:large","max-video-preview":"max-video-preview:-1"},"og_locale":"de_DE","og_type":"article","og_title":"Deutsche-Bahn-Chef Lutz muss gehen \u2013 Konzern bekommt neuen Chef - vof-news.eu","og_description":"Bahnchef Richard Lutz muss vorzeitig gehen. Der 61-J\u00e4hrige soll den Konzern noch so lange f\u00fchren, bis ein Nachfolger gefunden wurde. Dies berichten Nachrichtenagenturen \u00fcbereinstimmend. Sein Vertrag l\u00e4uft eigentlich noch bis 2027. Der Bahnchef gilt schon seit Monaten als angez\u00e4hlt - zu gro\u00df ist die wirtschaftliche und betriebliche Krise, in der die Bahn seit Jahren steckt. Verkehrsminister Patrick Schnieder (CDU) will sich um 17.00 Uhr auf einer Pressekonferenz \u00e4u\u00dfern.Unter der F\u00fchrung von Lutz schlitterte die Bahn von einer Negativ-Schlagzeile zur n\u00e4chsten, immer wieder forderten politische Entscheidungstr\u00e4ger auch die Zerschlagung des Konzerns. Zuletzt sorgte vor allem die marode und kaputt gefahrene Infrastruktur f\u00fcr gro\u00dfe Probleme. Die P\u00fcnktlichkeit im Fernverkehr st\u00fcrzte von 78,5 Prozent im Jahr 2017 auf 62,5 Prozent im vergangenen Jahr ab. Deutliche Verbesserungen sind bislang nicht in Sicht. Auch wirtschaftlich ist die Bahn in Schieflage \u2013 seit Jahren schreibt der bundeseigene Konzern rote Zahlen.Die neue Bundesregierung hat in ihrem Koalitionsvertrag eine Neuaufstellung des Aufsichtsrats und des Bahn-Vorstands angek\u00fcndigt, \u201emit dem Ziel, mehr Fachkompetenz abzubilden und eine Verschlankung zu erreichen\u201c. Diese Neuaufstellung hat nun offensichtlich begonnen.Lutz leitet den bundeseigenen Konzern seit Anfang 2017. Davor war er von 2010 bis 2017 Finanzvorstand der DB. Im Konzern arbeitet der 61 Jahre alte Pf\u00e4lzer seit 1994, er kennt das Unternehmen und die Branche besser als viele andere. Das hat ihm jetzt aber nicht mehr geholfen. Lutz gilt als disziplinierter Arbeiter und guter Schachspieler. Seine Arbeitstage beginnen in der Regel bereits um 4.00 Uhr morgens und dauern bis in den sp\u00e4ten Abend. Auch am Wochenende machte er selten frei. Bis zuletzt betonte er seine Leidenschaft f\u00fcr den Job und die Verbindung zum Unternehmen. Solange man ihn lasse, sei er mit Freude dabei, hie\u00df es stets. Mehr in K\u00fcrze.","og_url":"https:\/\/vof-news.eu\/de\/deutsche-bahn-chef-lutz-muss-gehen-konzern-bekommt-neuen-chef\/","og_site_name":"vof-news.eu","article_published_time":"2025-08-14T14:26:07+00:00","article_modified_time":"2025-08-14T14:26:29+00:00","og_image":[{"width":1200,"height":574,"url":"https:\/\/vof-news.eu\/wp-content\/uploads\/2025\/08\/db-chef-richard-lutz.webp","type":"image\/webp"}],"author":"Author","twitter_card":"summary_large_image","twitter_misc":{"Verfasst von":"Author","Gesch\u00e4tzte Lesezeit":"1\u00a0Minute"},"schema":{"@context":"https:\/\/schema.org","@graph":[{"@type":"WebPage","@id":"https:\/\/vof-news.eu\/de\/deutsche-bahn-chef-lutz-muss-gehen-konzern-bekommt-neuen-chef\/","url":"https:\/\/vof-news.eu\/de\/deutsche-bahn-chef-lutz-muss-gehen-konzern-bekommt-neuen-chef\/","name":"Deutsche-Bahn-Chef Lutz muss gehen \u2013 Konzern bekommt neuen Chef - vof-news.eu","isPartOf":{"@id":"https:\/\/vof-news.eu\/de\/#website"},"primaryImageOfPage":{"@id":"https:\/\/vof-news.eu\/de\/deutsche-bahn-chef-lutz-muss-gehen-konzern-bekommt-neuen-chef\/#primaryimage"},"image":{"@id":"https:\/\/vof-news.eu\/de\/deutsche-bahn-chef-lutz-muss-gehen-konzern-bekommt-neuen-chef\/#primaryimage"},"thumbnailUrl":"https:\/\/vof-news.eu\/wp-content\/uploads\/2025\/08\/db-chef-richard-lutz.webp","datePublished":"2025-08-14T14:26:07+00:00","dateModified":"2025-08-14T14:26:29+00:00","author":{"@id":"https:\/\/vof-news.eu\/de\/#\/schema\/person\/f6a2a4309f0561835797fd8c19b333ed"},"description":"Bahnchef Richard Lutz muss vorzeitig gehen. Der 61-J\u00e4hrige soll den Konzern noch so lange f\u00fchren, bis ein Nachfolger gefunden wurde. Dies berichten Nachrichtenagenturen \u00fcbereinstimmend. Sein Vertrag l\u00e4uft eigentlich noch bis 2027. Der Bahnchef gilt schon seit Monaten als angez\u00e4hlt - zu gro\u00df ist die wirtschaftliche und betriebliche Krise, in der die Bahn seit Jahren steckt. Verkehrsminister Patrick Schnieder (CDU) will sich um 17.00 Uhr auf einer Pressekonferenz \u00e4u\u00dfern.Unter der F\u00fchrung von Lutz schlitterte die Bahn von einer Negativ-Schlagzeile zur n\u00e4chsten, immer wieder forderten politische Entscheidungstr\u00e4ger auch die Zerschlagung des Konzerns. Zuletzt sorgte vor allem die marode und kaputt gefahrene Infrastruktur f\u00fcr gro\u00dfe Probleme. Die P\u00fcnktlichkeit im Fernverkehr st\u00fcrzte von 78,5 Prozent im Jahr 2017 auf 62,5 Prozent im vergangenen Jahr ab. Deutliche Verbesserungen sind bislang nicht in Sicht. Auch wirtschaftlich ist die Bahn in Schieflage \u2013 seit Jahren schreibt der bundeseigene Konzern rote Zahlen.Die neue Bundesregierung hat in ihrem Koalitionsvertrag eine Neuaufstellung des Aufsichtsrats und des Bahn-Vorstands angek\u00fcndigt, \u201emit dem Ziel, mehr Fachkompetenz abzubilden und eine Verschlankung zu erreichen\u201c. Diese Neuaufstellung hat nun offensichtlich begonnen.Lutz leitet den bundeseigenen Konzern seit Anfang 2017. Davor war er von 2010 bis 2017 Finanzvorstand der DB. Im Konzern arbeitet der 61 Jahre alte Pf\u00e4lzer seit 1994, er kennt das Unternehmen und die Branche besser als viele andere. Das hat ihm jetzt aber nicht mehr geholfen. Lutz gilt als disziplinierter Arbeiter und guter Schachspieler. Seine Arbeitstage beginnen in der Regel bereits um 4.00 Uhr morgens und dauern bis in den sp\u00e4ten Abend. Auch am Wochenende machte er selten frei. Bis zuletzt betonte er seine Leidenschaft f\u00fcr den Job und die Verbindung zum Unternehmen. Solange man ihn lasse, sei er mit Freude dabei, hie\u00df es stets. Mehr in K\u00fcrze.","breadcrumb":{"@id":"https:\/\/vof-news.eu\/de\/deutsche-bahn-chef-lutz-muss-gehen-konzern-bekommt-neuen-chef\/#breadcrumb"},"inLanguage":"de","potentialAction":[{"@type":"ReadAction","target":["https:\/\/vof-news.eu\/de\/deutsche-bahn-chef-lutz-muss-gehen-konzern-bekommt-neuen-chef\/"]}]},{"@type":"ImageObject","inLanguage":"de","@id":"https:\/\/vof-news.eu\/de\/deutsche-bahn-chef-lutz-muss-gehen-konzern-bekommt-neuen-chef\/#primaryimage","url":"https:\/\/vof-news.eu\/wp-content\/uploads\/2025\/08\/db-chef-richard-lutz.webp","contentUrl":"https:\/\/vof-news.eu\/wp-content\/uploads\/2025\/08\/db-chef-richard-lutz.webp","width":1200,"height":574},{"@type":"BreadcrumbList","@id":"https:\/\/vof-news.eu\/de\/deutsche-bahn-chef-lutz-muss-gehen-konzern-bekommt-neuen-chef\/#breadcrumb","itemListElement":[{"@type":"ListItem","position":1,"name":"Home","item":"https:\/\/vof-news.eu\/de\/"},{"@type":"ListItem","position":2,"name":"Deutsche-Bahn-Chef Lutz muss gehen \u2013 Konzern bekommt neuen Chef"}]},{"@type":"WebSite","@id":"https:\/\/vof-news.eu\/de\/#website","url":"https:\/\/vof-news.eu\/de\/","name":"vof-news.eu","description":"","potentialAction":[{"@type":"SearchAction","target":{"@type":"EntryPoint","urlTemplate":"https:\/\/vof-news.eu\/de\/?s={search_term_string}"},"query-input":"required name=search_term_string"}],"inLanguage":"de"},{"@type":"Person","@id":"https:\/\/vof-news.eu\/de\/#\/schema\/person\/f6a2a4309f0561835797fd8c19b333ed","name":"Author","image":{"@type":"ImageObject","inLanguage":"de","@id":"https:\/\/vof-news.eu\/de\/#\/schema\/person\/image\/","url":"https:\/\/secure.gravatar.com\/avatar\/b67e614b1b25b3e9c0c239efdd2fde5ab015b5affd6f1c3c85911ca4b384e790?s=96&d=mm&r=g","contentUrl":"https:\/\/secure.gravatar.com\/avatar\/b67e614b1b25b3e9c0c239efdd2fde5ab015b5affd6f1c3c85911ca4b384e790?s=96&d=mm&r=g","caption":"Author"},"sameAs":["http:\/\/vof-news.eu"],"url":"https:\/\/vof-news.eu\/de\/author\/zwt6qxnjulxbnyg\/"}]}},"yoast_meta":{"yoast_wpseo_title":"","yoast_wpseo_metadesc":"","yoast_wpseo_canonical":""},"_links":{"self":[{"href":"https:\/\/vof-news.eu\/de\/wp-json\/wp\/v2\/posts\/264747","targetHints":{"allow":["GET"]}}],"collection":[{"href":"https:\/\/vof-news.eu\/de\/wp-json\/wp\/v2\/posts"}],"about":[{"href":"https:\/\/vof-news.eu\/de\/wp-json\/wp\/v2\/types\/post"}],"author":[{"embeddable":true,"href":"https:\/\/vof-news.eu\/de\/wp-json\/wp\/v2\/users\/1"}],"replies":[{"embeddable":true,"href":"https:\/\/vof-news.eu\/de\/wp-json\/wp\/v2\/comments?post=264747"}],"version-history":[{"count":1,"href":"https:\/\/vof-news.eu\/de\/wp-json\/wp\/v2\/posts\/264747\/revisions"}],"predecessor-version":[{"id":264754,"href":"https:\/\/vof-news.eu\/de\/wp-json\/wp\/v2\/posts\/264747\/revisions\/264754"}],"wp:featuredmedia":[{"embeddable":true,"href":"https:\/\/vof-news.eu\/de\/wp-json\/wp\/v2\/media\/264748"}],"wp:attachment":[{"href":"https:\/\/vof-news.eu\/de\/wp-json\/wp\/v2\/media?parent=264747"}],"wp:term":[{"taxonomy":"category","embeddable":true,"href":"https:\/\/vof-news.eu\/de\/wp-json\/wp\/v2\/categories?post=264747"},{"taxonomy":"post_tag","embeddable":true,"href":"https:\/\/vof-news.eu\/de\/wp-json\/wp\/v2\/tags?post=264747"}],"curies":[{"name":"wp","href":"https:\/\/api.w.org\/{rel}","templated":true}]}}