{"id":264428,"date":"2025-08-13T13:28:18","date_gmt":"2025-08-13T10:28:18","guid":{"rendered":"https:\/\/vof-news.eu\/wolodymyr-selenskyj-zum-ukrainegipfel-in-berlin-eingetroffen\/"},"modified":"2025-08-13T13:29:49","modified_gmt":"2025-08-13T10:29:49","slug":"wolodymyr-selenskyj-zum-ukrainegipfel-in-berlin-eingetroffen","status":"publish","type":"post","link":"https:\/\/vof-news.eu\/de\/wolodymyr-selenskyj-zum-ukrainegipfel-in-berlin-eingetroffen\/","title":{"rendered":"Wolodymyr Selenskyj zum Ukrainegipfel in Berlin eingetroffen"},"content":{"rendered":"<div>\n<p>Der ukrainische Pr\u00e4sident <span><a href=\"https:\/\/www.zeit.de\/thema\/wolodymyr-selenskyj\" rel=\"nofollow\">Wolodymyr Selenskyj<\/a><\/span> ist nach einer \u00fcberraschenden Ank\u00fcndigung in Berlin eingetroffen. Das wurde aus Kreisen der Delegation bekannt.\u00a0Selenskyj\u00a0wird am virtuellen Ukrainegipfel teilnehmen, der eigentlich mit verschiedenen Videoschalten ablaufen sollte. Nun nimmt\u00a0Selenskyj pers\u00f6nlich teil, im Kanzleramt bei Friedrich Merz.\n<\/p>\n<p>Initiiert wurden die Schalten mit europ\u00e4ischen<br \/>\nStaats- und Regierungschefs vom Bundeskanzler. Ziel<br \/>\n ist es, eine gemeinsame Linie mit US-Pr\u00e4sident <span><a href=\"https:\/\/www.zeit.de\/thema\/donald-trump\" rel=\"nofollow\">Donald Trump<\/a><\/span> zu finden,<br \/>\nbevor Trump am Freitag <a href=\"https:\/\/www.zeit.de\/politik\/ausland\/2025-08\/treffen-alaska-donald-trump-wladimir-putin-ukraine-krieg-faq\" rel=\"nofollow\">im US-Bundesstaat Alaska Kremlchef Wladimir<br \/>\nPutin trifft<\/a>.\u00a0\n<\/p>\n<p>Merz will enge europ\u00e4ische Verb\u00fcndete der<br \/>\n<span><a href=\"https:\/\/www.zeit.de\/politik\/ausland\/ukraine-krieg-russland-newsblog-live\" rel=\"nofollow\">Ukraine<\/a><\/span> zun\u00e4chst um 14 Uhr im Lagezentrum des Kanzleramts zu einer<br \/>\nVorbesprechung der Folgeberatungen mit Trump zusammenschalten.<br \/>\nTeilnehmen sollen die <a href=\"https:\/\/www.zeit.de\/politik\/ausland\/2025-08\/trump-putin-alaska-treffen-ukraine\" rel=\"nofollow\">Staats- und Regierungschefs aus Frankreich,<br \/>\nGro\u00dfbritannien, Italien, Polen und Finnland<\/a>, EU-Kommissionspr\u00e4sidentin<br \/>\nUrsula von der Leyen, EU-Ratspr\u00e4sident Ant\u00f3nio Costa,<br \/>\nNato-Generalsekret\u00e4r Mark Rutte sowie Selenskyj.\n<\/p>\n<h2>Auch US-Vizepr\u00e4sident JD Vance bei Schalte dabei<\/h2>\n<p>Um 15 Uhr ist dann eine Videoschalte mit Donald Trump angesetzt. An der soll auch sein Vizepr\u00e4sident JD Vance teilnehmen. Im<br \/>\nAnschluss will der Bundeskanzler die Ergebnisse in der sogenannten<br \/>\nKoalition der Willigen unter Federf\u00fchrung von Deutschland, Frankreich<br \/>\nund Gro\u00dfbritannien nachbesprechen. Danach soll es eine Pressekonferenz geben.\u00a0\n<\/p>\n<p>Die Europ\u00e4er und Selenskyj bef\u00fcrchten, dass<br \/>\nsich Trump und Putin in <span><a href=\"https:\/\/www.zeit.de\/thema\/alaska\" rel=\"nofollow\">Alaska<\/a><\/span> auf Gebietsabtretungen der Ukraine an<br \/>\nRussland verst\u00e4ndigen k\u00f6nnten. Das lehnt Selenskyj strikt ab. Ziel des Vorbereitungstreffens d\u00fcrfte daher sein, dass Trump zusagt, keine Vereinbarung <a href=\"https:\/\/www.zeit.de\/politik\/ausland\/2025-08\/gipfeltreffen-alaska-donald-trump-wladimir-putin-ukraine-gebietsforderungen\" rel=\"nofollow\">\u00fcber<br \/>\ndie K\u00f6pfe der Ukrainer und der Europ\u00e4er hinweg zu machen<\/a>. Der US-Pr\u00e4sident hatte vorab gesagt, dass er <a href=\"https:\/\/www.zeit.de\/politik\/ausland\/2025-08\/trump-putin-gipfel-alaska-kein-abkommen-kritik-selenskyj\" rel=\"nofollow\">kein Abkommen mit Putin schlie\u00dfen will<\/a>. Das sei nicht seine Aufgabe. Vielmehr sieht Trump den Gipfel in Alaska als Sondierungstreffen.\u00a0Er wolle jedoch versuchen, &#8222;f\u00fcr die Regierung in Kyjiw Gebiete<br \/>\nzur\u00fcckzugewinnen&#8220;.\n<\/p>\n<p>Laut Regierungssprecher Stefan<br \/>\nKornelius soll es bei den Gespr\u00e4chen auch um weitere<br \/>\nHandlungsoptionen gehen, um Druck auf Russland zu erzeugen. Au\u00dferdem auf der Agenda: die Vorbereitung m\u00f6glicher Friedensverhandlungen und Fragen <a href=\"https:\/\/www.zeit.de\/politik\/ausland\/2025-08\/ukraine-krieg-nato-mark-rutte-gebietsabtretungen\" rel=\"nofollow\">zu Gebietsanspr\u00fcchen und Sicherheiten<\/a>. Der britische Premierminister Keir Starmer forderte erneut<br \/>\n<a href=\"https:\/\/www.zeit.de\/politik\/ausland\/ukraine-krieg-news-liveblog#event_id=eo6utEFK6Gkp6ZVD3oY2\" rel=\"nofollow\">Sicherheitsgarantien f\u00fcr die Ukraine<\/a>.\n<\/p>\n<\/div>\n","protected":false},"excerpt":{"rendered":"<p>Der ukrainische Pr\u00e4sident Wolodymyr Selenskyj ist nach einer \u00fcberraschenden Ank\u00fcndigung in Berlin eingetroffen. Das wurde aus Kreisen der Delegation bekannt.\u00a0Selenskyj\u00a0wird am virtuellen Ukrainegipfel teilnehmen, der eigentlich mit verschiedenen Videoschalten ablaufen sollte. Nun nimmt\u00a0Selenskyj pers\u00f6nlich teil, im Kanzleramt bei Friedrich Merz. Initiiert wurden die Schalten mit europ\u00e4ischen Staats- und Regierungschefs vom Bundeskanzler. Ziel ist es, eine<\/p>\n","protected":false},"author":1,"featured_media":264429,"comment_status":"open","ping_status":"open","sticky":false,"template":"","format":"standard","meta":{"footnotes":""},"categories":[116],"tags":[],"class_list":["post-264428","post","type-post","status-publish","format-standard","has-post-thumbnail","hentry","category-war-chronicles-de"],"acf":[],"yoast_head":"<!-- This site is optimized with the Yoast SEO plugin v22.9 - https:\/\/yoast.com\/wordpress\/plugins\/seo\/ -->\n<title>Wolodymyr Selenskyj zum Ukrainegipfel in Berlin eingetroffen - vof-news.eu<\/title>\n<meta name=\"description\" content=\"Der ukrainische Pr\u00e4sident Wolodymyr Selenskyj ist nach einer \u00fcberraschenden Ank\u00fcndigung in Berlin eingetroffen. Das wurde aus Kreisen der Delegation bekannt.\u00a0Selenskyj\u00a0wird am virtuellen Ukrainegipfel teilnehmen, der eigentlich mit verschiedenen Videoschalten ablaufen sollte. Nun nimmt\u00a0Selenskyj pers\u00f6nlich teil, im Kanzleramt bei Friedrich Merz.\" \/>\n<meta name=\"robots\" content=\"noindex, follow, max-snippet:-1, max-image-preview:large, max-video-preview:-1\" \/>\n<meta property=\"og:locale\" content=\"de_DE\" \/>\n<meta property=\"og:type\" content=\"article\" \/>\n<meta property=\"og:title\" content=\"Wolodymyr Selenskyj zum Ukrainegipfel in Berlin eingetroffen - vof-news.eu\" \/>\n<meta property=\"og:description\" content=\"Der ukrainische Pr\u00e4sident Wolodymyr Selenskyj ist nach einer \u00fcberraschenden Ank\u00fcndigung in Berlin eingetroffen. Das wurde aus Kreisen der Delegation bekannt.\u00a0Selenskyj\u00a0wird am virtuellen Ukrainegipfel teilnehmen, der eigentlich mit verschiedenen Videoschalten ablaufen sollte. Nun nimmt\u00a0Selenskyj pers\u00f6nlich teil, im Kanzleramt bei Friedrich Merz.\" \/>\n<meta property=\"og:url\" content=\"https:\/\/vof-news.eu\/de\/wolodymyr-selenskyj-zum-ukrainegipfel-in-berlin-eingetroffen\/\" \/>\n<meta property=\"og:site_name\" content=\"vof-news.eu\" \/>\n<meta property=\"article:published_time\" content=\"2025-08-13T10:28:18+00:00\" \/>\n<meta property=\"article:modified_time\" content=\"2025-08-13T10:29:49+00:00\" \/>\n<meta property=\"og:image\" content=\"https:\/\/vof-news.eu\/wp-content\/uploads\/2025\/08\/wide__1000x562-42.jpg\" \/>\n\t<meta property=\"og:image:width\" content=\"1000\" \/>\n\t<meta property=\"og:image:height\" content=\"562\" \/>\n\t<meta property=\"og:image:type\" content=\"image\/jpeg\" \/>\n<meta name=\"author\" content=\"Author\" \/>\n<meta name=\"twitter:card\" content=\"summary_large_image\" \/>\n<meta name=\"twitter:label1\" content=\"Verfasst von\" \/>\n\t<meta name=\"twitter:data1\" content=\"Author\" \/>\n\t<meta name=\"twitter:label2\" content=\"Gesch\u00e4tzte Lesezeit\" \/>\n\t<meta name=\"twitter:data2\" content=\"2\u00a0Minuten\" \/>\n<script type=\"application\/ld+json\" class=\"yoast-schema-graph\">{\"@context\":\"https:\/\/schema.org\",\"@graph\":[{\"@type\":\"WebPage\",\"@id\":\"https:\/\/vof-news.eu\/de\/wolodymyr-selenskyj-zum-ukrainegipfel-in-berlin-eingetroffen\/\",\"url\":\"https:\/\/vof-news.eu\/de\/wolodymyr-selenskyj-zum-ukrainegipfel-in-berlin-eingetroffen\/\",\"name\":\"Wolodymyr Selenskyj zum Ukrainegipfel in Berlin eingetroffen - vof-news.eu\",\"isPartOf\":{\"@id\":\"https:\/\/vof-news.eu\/de\/#website\"},\"primaryImageOfPage\":{\"@id\":\"https:\/\/vof-news.eu\/de\/wolodymyr-selenskyj-zum-ukrainegipfel-in-berlin-eingetroffen\/#primaryimage\"},\"image\":{\"@id\":\"https:\/\/vof-news.eu\/de\/wolodymyr-selenskyj-zum-ukrainegipfel-in-berlin-eingetroffen\/#primaryimage\"},\"thumbnailUrl\":\"https:\/\/vof-news.eu\/wp-content\/uploads\/2025\/08\/wide__1000x562-42.jpg\",\"datePublished\":\"2025-08-13T10:28:18+00:00\",\"dateModified\":\"2025-08-13T10:29:49+00:00\",\"author\":{\"@id\":\"https:\/\/vof-news.eu\/de\/#\/schema\/person\/f6a2a4309f0561835797fd8c19b333ed\"},\"description\":\"Der ukrainische Pr\u00e4sident Wolodymyr Selenskyj ist nach einer \u00fcberraschenden Ank\u00fcndigung in Berlin eingetroffen. Das wurde aus Kreisen der Delegation bekannt.\u00a0Selenskyj\u00a0wird am virtuellen Ukrainegipfel teilnehmen, der eigentlich mit verschiedenen Videoschalten ablaufen sollte. Nun nimmt\u00a0Selenskyj pers\u00f6nlich teil, im Kanzleramt bei Friedrich Merz.\",\"breadcrumb\":{\"@id\":\"https:\/\/vof-news.eu\/de\/wolodymyr-selenskyj-zum-ukrainegipfel-in-berlin-eingetroffen\/#breadcrumb\"},\"inLanguage\":\"de\",\"potentialAction\":[{\"@type\":\"ReadAction\",\"target\":[\"https:\/\/vof-news.eu\/de\/wolodymyr-selenskyj-zum-ukrainegipfel-in-berlin-eingetroffen\/\"]}]},{\"@type\":\"ImageObject\",\"inLanguage\":\"de\",\"@id\":\"https:\/\/vof-news.eu\/de\/wolodymyr-selenskyj-zum-ukrainegipfel-in-berlin-eingetroffen\/#primaryimage\",\"url\":\"https:\/\/vof-news.eu\/wp-content\/uploads\/2025\/08\/wide__1000x562-42.jpg\",\"contentUrl\":\"https:\/\/vof-news.eu\/wp-content\/uploads\/2025\/08\/wide__1000x562-42.jpg\",\"width\":1000,\"height\":562},{\"@type\":\"BreadcrumbList\",\"@id\":\"https:\/\/vof-news.eu\/de\/wolodymyr-selenskyj-zum-ukrainegipfel-in-berlin-eingetroffen\/#breadcrumb\",\"itemListElement\":[{\"@type\":\"ListItem\",\"position\":1,\"name\":\"Home\",\"item\":\"https:\/\/vof-news.eu\/de\/\"},{\"@type\":\"ListItem\",\"position\":2,\"name\":\"Wolodymyr Selenskyj zum Ukrainegipfel in Berlin eingetroffen\"}]},{\"@type\":\"WebSite\",\"@id\":\"https:\/\/vof-news.eu\/de\/#website\",\"url\":\"https:\/\/vof-news.eu\/de\/\",\"name\":\"vof-news.eu\",\"description\":\"\",\"potentialAction\":[{\"@type\":\"SearchAction\",\"target\":{\"@type\":\"EntryPoint\",\"urlTemplate\":\"https:\/\/vof-news.eu\/de\/?s={search_term_string}\"},\"query-input\":\"required name=search_term_string\"}],\"inLanguage\":\"de\"},{\"@type\":\"Person\",\"@id\":\"https:\/\/vof-news.eu\/de\/#\/schema\/person\/f6a2a4309f0561835797fd8c19b333ed\",\"name\":\"Author\",\"image\":{\"@type\":\"ImageObject\",\"inLanguage\":\"de\",\"@id\":\"https:\/\/vof-news.eu\/de\/#\/schema\/person\/image\/\",\"url\":\"https:\/\/secure.gravatar.com\/avatar\/b67e614b1b25b3e9c0c239efdd2fde5ab015b5affd6f1c3c85911ca4b384e790?s=96&d=mm&r=g\",\"contentUrl\":\"https:\/\/secure.gravatar.com\/avatar\/b67e614b1b25b3e9c0c239efdd2fde5ab015b5affd6f1c3c85911ca4b384e790?s=96&d=mm&r=g\",\"caption\":\"Author\"},\"sameAs\":[\"http:\/\/vof-news.eu\"],\"url\":\"https:\/\/vof-news.eu\/de\/author\/zwt6qxnjulxbnyg\/\"}]}<\/script>\n<!-- \/ Yoast SEO plugin. -->","yoast_head_json":{"title":"Wolodymyr Selenskyj zum Ukrainegipfel in Berlin eingetroffen - vof-news.eu","description":"Der ukrainische Pr\u00e4sident Wolodymyr Selenskyj ist nach einer \u00fcberraschenden Ank\u00fcndigung in Berlin eingetroffen. Das wurde aus Kreisen der Delegation bekannt.\u00a0Selenskyj\u00a0wird am virtuellen Ukrainegipfel teilnehmen, der eigentlich mit verschiedenen Videoschalten ablaufen sollte. Nun nimmt\u00a0Selenskyj pers\u00f6nlich teil, im Kanzleramt bei Friedrich Merz.","robots":{"index":"noindex","follow":"follow","max-snippet":"max-snippet:-1","max-image-preview":"max-image-preview:large","max-video-preview":"max-video-preview:-1"},"og_locale":"de_DE","og_type":"article","og_title":"Wolodymyr Selenskyj zum Ukrainegipfel in Berlin eingetroffen - vof-news.eu","og_description":"Der ukrainische Pr\u00e4sident Wolodymyr Selenskyj ist nach einer \u00fcberraschenden Ank\u00fcndigung in Berlin eingetroffen. Das wurde aus Kreisen der Delegation bekannt.\u00a0Selenskyj\u00a0wird am virtuellen Ukrainegipfel teilnehmen, der eigentlich mit verschiedenen Videoschalten ablaufen sollte. Nun nimmt\u00a0Selenskyj pers\u00f6nlich teil, im Kanzleramt bei Friedrich Merz.","og_url":"https:\/\/vof-news.eu\/de\/wolodymyr-selenskyj-zum-ukrainegipfel-in-berlin-eingetroffen\/","og_site_name":"vof-news.eu","article_published_time":"2025-08-13T10:28:18+00:00","article_modified_time":"2025-08-13T10:29:49+00:00","og_image":[{"width":1000,"height":562,"url":"https:\/\/vof-news.eu\/wp-content\/uploads\/2025\/08\/wide__1000x562-42.jpg","type":"image\/jpeg"}],"author":"Author","twitter_card":"summary_large_image","twitter_misc":{"Verfasst von":"Author","Gesch\u00e4tzte Lesezeit":"2\u00a0Minuten"},"schema":{"@context":"https:\/\/schema.org","@graph":[{"@type":"WebPage","@id":"https:\/\/vof-news.eu\/de\/wolodymyr-selenskyj-zum-ukrainegipfel-in-berlin-eingetroffen\/","url":"https:\/\/vof-news.eu\/de\/wolodymyr-selenskyj-zum-ukrainegipfel-in-berlin-eingetroffen\/","name":"Wolodymyr Selenskyj zum Ukrainegipfel in Berlin eingetroffen - vof-news.eu","isPartOf":{"@id":"https:\/\/vof-news.eu\/de\/#website"},"primaryImageOfPage":{"@id":"https:\/\/vof-news.eu\/de\/wolodymyr-selenskyj-zum-ukrainegipfel-in-berlin-eingetroffen\/#primaryimage"},"image":{"@id":"https:\/\/vof-news.eu\/de\/wolodymyr-selenskyj-zum-ukrainegipfel-in-berlin-eingetroffen\/#primaryimage"},"thumbnailUrl":"https:\/\/vof-news.eu\/wp-content\/uploads\/2025\/08\/wide__1000x562-42.jpg","datePublished":"2025-08-13T10:28:18+00:00","dateModified":"2025-08-13T10:29:49+00:00","author":{"@id":"https:\/\/vof-news.eu\/de\/#\/schema\/person\/f6a2a4309f0561835797fd8c19b333ed"},"description":"Der ukrainische Pr\u00e4sident Wolodymyr Selenskyj ist nach einer \u00fcberraschenden Ank\u00fcndigung in Berlin eingetroffen. Das wurde aus Kreisen der Delegation bekannt.\u00a0Selenskyj\u00a0wird am virtuellen Ukrainegipfel teilnehmen, der eigentlich mit verschiedenen Videoschalten ablaufen sollte. Nun nimmt\u00a0Selenskyj pers\u00f6nlich teil, im Kanzleramt bei Friedrich Merz.","breadcrumb":{"@id":"https:\/\/vof-news.eu\/de\/wolodymyr-selenskyj-zum-ukrainegipfel-in-berlin-eingetroffen\/#breadcrumb"},"inLanguage":"de","potentialAction":[{"@type":"ReadAction","target":["https:\/\/vof-news.eu\/de\/wolodymyr-selenskyj-zum-ukrainegipfel-in-berlin-eingetroffen\/"]}]},{"@type":"ImageObject","inLanguage":"de","@id":"https:\/\/vof-news.eu\/de\/wolodymyr-selenskyj-zum-ukrainegipfel-in-berlin-eingetroffen\/#primaryimage","url":"https:\/\/vof-news.eu\/wp-content\/uploads\/2025\/08\/wide__1000x562-42.jpg","contentUrl":"https:\/\/vof-news.eu\/wp-content\/uploads\/2025\/08\/wide__1000x562-42.jpg","width":1000,"height":562},{"@type":"BreadcrumbList","@id":"https:\/\/vof-news.eu\/de\/wolodymyr-selenskyj-zum-ukrainegipfel-in-berlin-eingetroffen\/#breadcrumb","itemListElement":[{"@type":"ListItem","position":1,"name":"Home","item":"https:\/\/vof-news.eu\/de\/"},{"@type":"ListItem","position":2,"name":"Wolodymyr Selenskyj zum Ukrainegipfel in Berlin eingetroffen"}]},{"@type":"WebSite","@id":"https:\/\/vof-news.eu\/de\/#website","url":"https:\/\/vof-news.eu\/de\/","name":"vof-news.eu","description":"","potentialAction":[{"@type":"SearchAction","target":{"@type":"EntryPoint","urlTemplate":"https:\/\/vof-news.eu\/de\/?s={search_term_string}"},"query-input":"required name=search_term_string"}],"inLanguage":"de"},{"@type":"Person","@id":"https:\/\/vof-news.eu\/de\/#\/schema\/person\/f6a2a4309f0561835797fd8c19b333ed","name":"Author","image":{"@type":"ImageObject","inLanguage":"de","@id":"https:\/\/vof-news.eu\/de\/#\/schema\/person\/image\/","url":"https:\/\/secure.gravatar.com\/avatar\/b67e614b1b25b3e9c0c239efdd2fde5ab015b5affd6f1c3c85911ca4b384e790?s=96&d=mm&r=g","contentUrl":"https:\/\/secure.gravatar.com\/avatar\/b67e614b1b25b3e9c0c239efdd2fde5ab015b5affd6f1c3c85911ca4b384e790?s=96&d=mm&r=g","caption":"Author"},"sameAs":["http:\/\/vof-news.eu"],"url":"https:\/\/vof-news.eu\/de\/author\/zwt6qxnjulxbnyg\/"}]}},"yoast_meta":{"yoast_wpseo_title":"","yoast_wpseo_metadesc":"","yoast_wpseo_canonical":""},"_links":{"self":[{"href":"https:\/\/vof-news.eu\/de\/wp-json\/wp\/v2\/posts\/264428","targetHints":{"allow":["GET"]}}],"collection":[{"href":"https:\/\/vof-news.eu\/de\/wp-json\/wp\/v2\/posts"}],"about":[{"href":"https:\/\/vof-news.eu\/de\/wp-json\/wp\/v2\/types\/post"}],"author":[{"embeddable":true,"href":"https:\/\/vof-news.eu\/de\/wp-json\/wp\/v2\/users\/1"}],"replies":[{"embeddable":true,"href":"https:\/\/vof-news.eu\/de\/wp-json\/wp\/v2\/comments?post=264428"}],"version-history":[{"count":1,"href":"https:\/\/vof-news.eu\/de\/wp-json\/wp\/v2\/posts\/264428\/revisions"}],"predecessor-version":[{"id":264436,"href":"https:\/\/vof-news.eu\/de\/wp-json\/wp\/v2\/posts\/264428\/revisions\/264436"}],"wp:featuredmedia":[{"embeddable":true,"href":"https:\/\/vof-news.eu\/de\/wp-json\/wp\/v2\/media\/264429"}],"wp:attachment":[{"href":"https:\/\/vof-news.eu\/de\/wp-json\/wp\/v2\/media?parent=264428"}],"wp:term":[{"taxonomy":"category","embeddable":true,"href":"https:\/\/vof-news.eu\/de\/wp-json\/wp\/v2\/categories?post=264428"},{"taxonomy":"post_tag","embeddable":true,"href":"https:\/\/vof-news.eu\/de\/wp-json\/wp\/v2\/tags?post=264428"}],"curies":[{"name":"wp","href":"https:\/\/api.w.org\/{rel}","templated":true}]}}