{"id":264321,"date":"2025-08-13T07:26:10","date_gmt":"2025-08-13T04:26:10","guid":{"rendered":"https:\/\/vof-news.eu\/deutschlands-top-500-wer-die-gewinner-sind-wer-die-verlierer\/"},"modified":"2025-08-13T07:26:46","modified_gmt":"2025-08-13T04:26:46","slug":"deutschlands-top-500-wer-die-gewinner-sind-wer-die-verlierer","status":"publish","type":"post","link":"https:\/\/vof-news.eu\/de\/deutschlands-top-500-wer-die-gewinner-sind-wer-die-verlierer\/","title":{"rendered":"Deutschlands Top 500 \u2013 wer die Gewinner sind, wer die Verlierer"},"content":{"rendered":"<p>Die Umsatzentwicklung der <a class=\"is-link c-block-items__link c-link--rich-text-renderer\" data-internal-tracking='{\"action\":\"click\",\"label\":\"link\",\"name\":\"Inline Element\",\"data\":{\"source\":\"\",\"target\":\"https:\/\/www.welt.de\/wirtschaft\/plus252638294\/Wirtschafts-Ranking-WELT-Top-500-das-sind-Deutschlands-groesste-Unternehmen.html\",\"trackingName\":\"\",\"trackingLabel\":\"\"}}' data-internal-tracking-enabled=\"true\" href=\"https:\/\/www.welt.de\/wirtschaft\/plus252638294\/Wirtschafts-Ranking-WELT-Top-500-das-sind-Deutschlands-groesste-Unternehmen.html\">500 gr\u00f6\u00dften Unternehmen Deutschlands<\/a> steht weiterhin im Zeichen der Konjunktur- und Strukturkrise. Nachdem die Erl\u00f6se bereits 2023 um 3,3 Prozent sanken, lie\u00dfen sie auch im vergangenen Jahr nach, und zwar um 2,1 Prozent. <\/p>\n<p>In den vergangenen 30 Jahren, seitdem die <a class=\"is-link c-block-items__link c-link--rich-text-renderer\" data-internal-tracking='{\"action\":\"click\",\"label\":\"link\",\"name\":\"Inline Element\",\"data\":{\"source\":\"\",\"target\":\"https:\/\/www.welt.de\/wirtschaft\/top500\/\",\"trackingName\":\"\",\"trackingLabel\":\"\"}}' data-internal-tracking-enabled=\"true\" href=\"https:\/\/www.welt.de\/wirtschaft\/top500\/\">WELT diese Zahl erhebt<\/a>, ist es bisher nicht vorgekommen, dass in zwei aufeinanderfolgenden Jahren ein negatives Wachstum verzeichnet wurde. Zwar gab es starke Einbr\u00fcche in den Jahren 2009 (Finanzkrise, minus 8 Prozent) und 2020 (Pandemie, minus 5,4 Prozent), aber beide Male folgte gleich darauf eine kr\u00e4ftige Erholung. <\/p>\n<p>Die beiden ganz oben positionierten Konzerne konnten indes die Ums\u00e4tze weiter steigern. <a class=\"is-link c-block-items__link c-link--rich-text-renderer\" data-internal-tracking='{\"action\":\"click\",\"label\":\"link\",\"name\":\"Inline Element\",\"data\":{\"source\":\"\",\"target\":\"https:\/\/www.businessinsider.de\/wirtschaft\/volkswagen-das-ist-der-riskante-umbauplan-von-ceo-oliver-blume\/\",\"trackingName\":\"\",\"trackingLabel\":\"\"}}' data-internal-tracking-enabled=\"true\" href=\"https:\/\/www.businessinsider.de\/wirtschaft\/volkswagen-das-ist-der-riskante-umbauplan-von-ceo-oliver-blume\/\">Volkswagen<\/a> w\u00e4chst um 0,7 Prozent auf 324,7 Milliarden Euro. Die Schwarz Dienstleistung KG, zu der Lidl und Kaufland z\u00e4hlen, klettert um 4,9 Prozent auf 175,4 Milliarden Euro. <\/p>\n<p>Die Autobauer Mercedes und BMW mussten Umsatzr\u00fcckg\u00e4nge verkraften und tauschten dabei die Pl\u00e4tze: Mercedes sichert sich mit 145,6 Milliarden Euro (minus 4,5 Prozent) den dritten Platz, BMW folgt mit 142,4 Milliarden Euro (minus 8,4 Prozent).<\/p>\n<p>Insgesamt zeigen die Ergebnisse der Top-500-Rangliste: Auch Deutschlands gr\u00f6\u00dfte Unternehmen sind vor den Folgen der <a class=\"is-link c-block-items__link c-link--rich-text-renderer\" data-internal-tracking='{\"action\":\"click\",\"label\":\"link\",\"name\":\"Inline Element\",\"data\":{\"source\":\"\",\"target\":\"https:\/\/www.welt.de\/wirtschaft\/article256222586\/wirtschaftskrise-deutsche-industrie-baut-100-000-jobs-innerhalb-eines-jahres-ab.html\",\"trackingName\":\"\",\"trackingLabel\":\"\"}}' data-internal-tracking-enabled=\"true\" href=\"https:\/\/www.welt.de\/wirtschaft\/article256222586\/wirtschaftskrise-deutsche-industrie-baut-100-000-jobs-innerhalb-eines-jahres-ab.html\">Konjunkturkrise<\/a> nicht gefeit. <\/p>\n<p><a class=\"is-link c-block-items__link c-link--rich-text-renderer\" data-internal-tracking='{\"action\":\"click\",\"label\":\"link\",\"name\":\"Inline Element\",\"data\":{\"source\":\"\",\"target\":\"https:\/\/www.welt.de\/ig\/4ffd13ca-9945-410f-a271-8954433bd88b\/index\/Top500.pdf\",\"trackingName\":\"\",\"trackingLabel\":\"\"}}' data-internal-tracking-enabled=\"true\" href=\"https:\/\/www.welt.de\/ig\/4ffd13ca-9945-410f-a271-8954433bd88b\/index\/Top500.pdf\"><b><br \/>\n<\/b><em><b>&gt;&gt;&gt;&gt; Hier finden Sie die komplette Liste der 500 gr\u00f6\u00dften deutschen Unternehmen &lt;&lt;&lt;&lt;<\/b><\/em><\/a><\/p>\n<p><a href=\"https:\/\/www.welt.de\/ig\/4ffd13ca-9945-410f-a271-8954433bd88b\/index\/Top500.pdf\" rel=\"nofollow\"><b><br \/>\n<\/b><em><b>&gt;&gt;&gt;&gt; Hier finden Sie die komplette Liste der 500 gr\u00f6\u00dften deutschen Unternehmen &lt;&lt;&lt;&lt;<\/b><\/em><\/a><em><b>&gt;&gt;&gt;&gt; Hier finden Sie die komplette Liste der 500 gr\u00f6\u00dften deutschen Unternehmen &lt;&lt;&lt;&lt;<\/b><\/em><b>&gt;&gt;&gt;&gt; Hier finden Sie die komplette Liste der 500 gr\u00f6\u00dften deutschen Unternehmen &lt;&lt;&lt;&lt;<\/b><\/p>\n<p>Doch bei genauerem Hinsehen zeigen sich differenzierte Trends. W\u00e4hrend einzelne Branchen stark zu k\u00e4mpfen haben, gelingt anderen bereits die Trendwende.<\/p>\n<h3>Deutschlands Unternehmen in der Krise<\/h3>\n<p>Zu k\u00e4mpfen haben vor allem die klassischen Leitindustrien, die in fr\u00fcheren Jahren oft der Wachstumsmotor der Top-500 waren. Die umsatzst\u00e4rkste Branche im Ranking ist zwar weiter die <a class=\"is-link c-block-items__link c-link--rich-text-renderer\" data-internal-tracking='{\"action\":\"click\",\"label\":\"link\",\"name\":\"Inline Element\",\"data\":{\"source\":\"\",\"target\":\"https:\/\/www.welt.de\/wirtschaft\/video255739412\/Autoindustrie-in-der-Krise-Es-ist-fuenf-vor-zwoelf-Deutschland-braucht-mein-massives-Reformprogramm.html\",\"trackingName\":\"\",\"trackingLabel\":\"\"}}' data-internal-tracking-enabled=\"true\" href=\"https:\/\/www.welt.de\/wirtschaft\/video255739412\/Autoindustrie-in-der-Krise-Es-ist-fuenf-vor-zwoelf-Deutschland-braucht-mein-massives-Reformprogramm.html\">Automobilindustrie<\/a>. <\/p>\n<p>Die Erl\u00f6se der Hersteller gingen 2024 jedoch um 3,0 Prozent zur\u00fcck, die Zulieferer verloren 5,2 Prozent. Die Chemieindustrie b\u00fc\u00dfte 2,8 Prozent ein, die Metallverarbeitung 1,8 und der Maschinenbau 1,6 Prozent. <\/p>\n<p>Mit positiven Zahlen macht der Bausektor auf sich aufmerksam. Insgesamt konnte die Branche um 11,2 Prozent zulegen. <\/p>\n<p>Kr\u00e4ftig gewachsen sind auch der E-Commerce mit 8,0 Prozent, die Gesundheitsunternehmen mit 6,8 Prozent, die <a class=\"is-link c-block-items__link c-link--rich-text-renderer\" data-internal-tracking='{\"action\":\"click\",\"label\":\"link\",\"name\":\"Inline Element\",\"data\":{\"source\":\"\",\"target\":\"https:\/\/www.businessinsider.de\/karriere\/gehalt-in-it-branche-diese-fachkraefte-sind-besonders-gefragt\/\",\"trackingName\":\"\",\"trackingLabel\":\"\"}}' data-internal-tracking-enabled=\"true\" href=\"https:\/\/www.businessinsider.de\/karriere\/gehalt-in-it-branche-diese-fachkraefte-sind-besonders-gefragt\/\">IT-Branche<\/a> mit 6,7 Prozent und die Dienstleistungsbranche mit 3,0 Prozent. Der Lebensmitteleinzelhandel schaffte ein Plus von 4,7 Prozent und die \u00fcbrigen Einzelh\u00e4ndler 4,0 Prozent. <\/p>\n<p>Einen starken Verlust verzeichneten hingegen die Energieunternehmen mit minus 20 Prozent. Bereits im Vorjahr waren die Ums\u00e4tze von Energieerzeugern und -versorgern um 29,9 Prozent zur\u00fcckgegangen. Die Ursache daf\u00fcr ist ein Nachhall des Energiepreisschocks von 2022, als die Ums\u00e4tze der Energieunternehmen infolge extremer Preisanstiege um stolze 62,1 Prozent nach oben geschnellt waren. <\/p>\n<p>Inzwischen haben sich die Preise auf den Energiem\u00e4rkten wieder entspannt. Bemerkenswert: Rechnet man die Ums\u00e4tze der Energiebranche aus dem Gesamtranking heraus, ergibt sich bei den verbleibenden Unternehmen sogar ein leichtes Plus \u2013 allerdings nur von 0,2 Prozent. Im Jahr 2023 hatte dieses \u201eex Energie\u201c-Plus noch bei 2,7 Prozent gelegen.<\/p>\n<p>Das gr\u00f6\u00dfte Minus verzeichnet 2024 die <a class=\"is-link c-block-items__link c-link--rich-text-renderer\" data-internal-tracking='{\"action\":\"click\",\"label\":\"link\",\"name\":\"Inline Element\",\"data\":{\"source\":\"\",\"target\":\"https:\/\/www.welt.de\/wirtschaft\/article688b2ed14ab4754741bf9796\/Deutsche-Bahn-macht-760-Millionen-Euro-Verlust.html\",\"trackingName\":\"\",\"trackingLabel\":\"\"}}' data-internal-tracking-enabled=\"true\" href=\"https:\/\/www.welt.de\/wirtschaft\/article688b2ed14ab4754741bf9796\/Deutsche-Bahn-macht-760-Millionen-Euro-Verlust.html\">Deutsche Bahn<\/a> mit einem Umsatzr\u00fcckgang von 42 Prozent. Verantwortlich ist jedoch weniger das operative Gesch\u00e4ft als vielmehr die Ausgliederung der ehemaligen Logistiktochter <a class=\"is-link c-block-items__link c-link--rich-text-renderer\" data-internal-tracking='{\"action\":\"click\",\"label\":\"link\",\"name\":\"Inline Element\",\"data\":{\"source\":\"\",\"target\":\"https:\/\/www.welt.de\/themen\/schenker\/\",\"trackingName\":\"\",\"trackingLabel\":\"\"}}' data-internal-tracking-enabled=\"true\" href=\"https:\/\/www.welt.de\/themen\/schenker\/\">Schenker<\/a>, deren Erl\u00f6se nun nicht mehr im DB-Konzern verbucht werden. <\/p>\n<p>Auf der Gewinnerseite steht  Villeroy &amp; Boch mit einem kr\u00e4ftigen Plus von 57,6 Prozent. Der Grund: die \u00dcbernahme der Ideal Standard Gruppe. Knapp dahinter folgen Volvo Car Germany mit einem Zuwachs von 44,5 Prozent und der R\u00fcstungskonzern Rheinmetall mit plus 35,9 Prozent.<\/p>\n<p>\u00dcber mehrere Jahre hinweg hat sich vor allem die Messer SE im Top-500-Ranking hervor gearbeitet. In diesem Jahr steht sie auf Rang 201. Der Industriegasehersteller aus Bad Soden am Taunus konnte mit dem konsequenten Ausbau des Gesch\u00e4fts sowie dem Erwerb von Messer Industries im November 2023 binnen vier Jahre um 278 Pl\u00e4tze nach oben klettern. <\/p>\n<p>Ticketverk\u00e4ufer und Konzertveranstalter <a class=\"is-link c-block-items__link c-link--rich-text-renderer\" data-internal-tracking='{\"action\":\"click\",\"label\":\"link\",\"name\":\"Inline Element\",\"data\":{\"source\":\"\",\"target\":\"https:\/\/www.welt.de\/themen\/cts-eventim\/\",\"trackingName\":\"\",\"trackingLabel\":\"\"}}' data-internal-tracking-enabled=\"true\" href=\"https:\/\/www.welt.de\/themen\/cts-eventim\/\">CTS Eventim<\/a> war mit seinen Zahlen f\u00fcr 2018 erstmals in den Top-500 vertreten \u2013 damals auf Platz 484. In diesem Jahr landen die Event-Profis auf Platz 295. <\/p>\n<p>Kurios: Zwischenzeitlich \u2013 mit den Ums\u00e4tzen der Jahre 2020 und 2021 \u2013 war das Unternehmen infolge der Coronapandemie sogar wieder ganz aus dem Ranking geflogen. Umso beeindruckender ist, wie sich das Unternehmen zur\u00fcckgemeldet hat. <\/p>\n<p>Weiter nach vorn arbeitet sich auch <a class=\"is-link c-block-items__link c-link--rich-text-renderer\" data-internal-tracking='{\"action\":\"click\",\"label\":\"link\",\"name\":\"Inline Element\",\"data\":{\"source\":\"\",\"target\":\"https:\/\/www.welt.de\/wirtschaft\/plus256382684\/Drama-um-Autodoc-was-vor-dem-25-Juni-wirklich-passierte.html\",\"trackingName\":\"\",\"trackingLabel\":\"\"}}' data-internal-tracking-enabled=\"true\" href=\"https:\/\/www.welt.de\/wirtschaft\/plus256382684\/Drama-um-Autodoc-was-vor-dem-25-Juni-wirklich-passierte.html\">Autodoc<\/a>. Der Online-Ersatzteile-Versender war im vergangenen Jahr zum ersten Mal in die Top-500 eingezogen. In diesem Jahr belegten die Berliner mit einem Umsatzplus von 18,7 Prozent bereits auf Platz 443. <\/p>\n<p>Trotz des schwierigen wirtschaftlichen Umfelds zeigen sich die Konzerne als stabile Arbeitgeber: Die Zahl der Besch\u00e4ftigten bei den deutschen Top-Unternehmen wuchs im vergangenen Jahr um beachtliche 2,2 Prozent. <\/p>\n<p>Zum Vergleich: Im Jahr 2023 hatten die Top-500 ihre Belegschaften nur um 0,4 Prozent aufgestockt.<\/p>\n<p>Spannend ist auch ein Blick auf die regionale Verteilung: 130 Top-500-Unternehmen haben ihren Sitz in den Industriezentren Nordrhein-Westfalens. Auch Bayern, Hessen und Baden-W\u00fcrttemberg beheimaten zahlreiche der deutschen Top-Unternehmen. <\/p>\n<p><b><em>Dieser Artikel entstand in Zusammenarbeit mit <\/em><\/b><a class=\"is-link c-block-items__link c-link--rich-text-renderer\" data-internal-tracking='{\"action\":\"click\",\"label\":\"link\",\"name\":\"Inline Element\",\"data\":{\"source\":\"\",\"target\":\"https:\/\/www.businessinsider.de\/\",\"trackingName\":\"\",\"trackingLabel\":\"\"}}' data-internal-tracking-enabled=\"true\" href=\"https:\/\/www.businessinsider.de\/\"><b><em>\u201eBusiness Insider Deutschland\u201c<\/em><\/b><\/a><b><em> .<\/em><\/b><\/p>\n","protected":false},"excerpt":{"rendered":"<p>Die Umsatzentwicklung der 500 gr\u00f6\u00dften Unternehmen Deutschlands steht weiterhin im Zeichen der Konjunktur- und Strukturkrise. Nachdem die Erl\u00f6se bereits 2023 um 3,3 Prozent sanken, lie\u00dfen sie auch im vergangenen Jahr nach, und zwar um 2,1 Prozent. In den vergangenen 30 Jahren, seitdem die WELT diese Zahl erhebt, ist es bisher nicht vorgekommen, dass in zwei<\/p>\n","protected":false},"author":1,"featured_media":264322,"comment_status":"open","ping_status":"open","sticky":false,"template":"","format":"standard","meta":{"footnotes":""},"categories":[59],"tags":[],"class_list":["post-264321","post","type-post","status-publish","format-standard","has-post-thumbnail","hentry","category-business-de"],"acf":[],"yoast_head":"<!-- This site is optimized with the Yoast SEO plugin v22.9 - https:\/\/yoast.com\/wordpress\/plugins\/seo\/ -->\n<title>Deutschlands Top 500 \u2013 wer die Gewinner sind, wer die Verlierer - vof-news.eu<\/title>\n<meta name=\"description\" content=\"Die Umsatzentwicklung der 500 gr\u00f6\u00dften Unternehmen Deutschlands steht weiterhin im Zeichen der Konjunktur- und Strukturkrise. Nachdem die Erl\u00f6se bereits 2023 um 3,3 Prozent sanken, lie\u00dfen sie auch im vergangenen Jahr nach, und zwar um 2,1 Prozent. In den vergangenen 30 Jahren, seitdem die WELT diese Zahl erhebt, ist es bisher nicht vorgekommen, dass in zwei aufeinanderfolgenden Jahren ein negatives Wachstum verzeichnet wurde. Zwar gab es starke Einbr\u00fcche in den Jahren 2009 (Finanzkrise, minus 8 Prozent) und 2020 (Pandemie, minus 5,4 Prozent), aber beide Male folgte gleich darauf eine kr\u00e4ftige Erholung. Die beiden ganz oben positionierten Konzerne konnten indes die Ums\u00e4tze weiter steigern. Volkswagen w\u00e4chst um 0,7 Prozent auf 324,7 Milliarden Euro. Die Schwarz Dienstleistung KG, zu der Lidl und Kaufland z\u00e4hlen, klettert um 4,9 Prozent auf 175,4 Milliarden Euro. Die Autobauer Mercedes und BMW mussten Umsatzr\u00fcckg\u00e4nge verkraften und tauschten dabei die Pl\u00e4tze: Mercedes sichert sich mit 145,6 Milliarden Euro (minus 4,5 Prozent) den dritten Platz, BMW folgt mit 142,4 Milliarden Euro (minus 8,4 Prozent).Insgesamt zeigen die Ergebnisse der Top-500-Rangliste: Auch Deutschlands gr\u00f6\u00dfte Unternehmen sind vor den Folgen der Konjunkturkrise nicht gefeit.\" \/>\n<meta name=\"robots\" content=\"noindex, follow, max-snippet:-1, max-image-preview:large, max-video-preview:-1\" \/>\n<meta property=\"og:locale\" content=\"de_DE\" \/>\n<meta property=\"og:type\" content=\"article\" \/>\n<meta property=\"og:title\" content=\"Deutschlands Top 500 \u2013 wer die Gewinner sind, wer die Verlierer - vof-news.eu\" \/>\n<meta property=\"og:description\" content=\"Die Umsatzentwicklung der 500 gr\u00f6\u00dften Unternehmen Deutschlands steht weiterhin im Zeichen der Konjunktur- und Strukturkrise. Nachdem die Erl\u00f6se bereits 2023 um 3,3 Prozent sanken, lie\u00dfen sie auch im vergangenen Jahr nach, und zwar um 2,1 Prozent. In den vergangenen 30 Jahren, seitdem die WELT diese Zahl erhebt, ist es bisher nicht vorgekommen, dass in zwei aufeinanderfolgenden Jahren ein negatives Wachstum verzeichnet wurde. Zwar gab es starke Einbr\u00fcche in den Jahren 2009 (Finanzkrise, minus 8 Prozent) und 2020 (Pandemie, minus 5,4 Prozent), aber beide Male folgte gleich darauf eine kr\u00e4ftige Erholung. Die beiden ganz oben positionierten Konzerne konnten indes die Ums\u00e4tze weiter steigern. Volkswagen w\u00e4chst um 0,7 Prozent auf 324,7 Milliarden Euro. Die Schwarz Dienstleistung KG, zu der Lidl und Kaufland z\u00e4hlen, klettert um 4,9 Prozent auf 175,4 Milliarden Euro. Die Autobauer Mercedes und BMW mussten Umsatzr\u00fcckg\u00e4nge verkraften und tauschten dabei die Pl\u00e4tze: Mercedes sichert sich mit 145,6 Milliarden Euro (minus 4,5 Prozent) den dritten Platz, BMW folgt mit 142,4 Milliarden Euro (minus 8,4 Prozent).Insgesamt zeigen die Ergebnisse der Top-500-Rangliste: Auch Deutschlands gr\u00f6\u00dfte Unternehmen sind vor den Folgen der Konjunkturkrise nicht gefeit.\" \/>\n<meta property=\"og:url\" content=\"https:\/\/vof-news.eu\/de\/deutschlands-top-500-wer-die-gewinner-sind-wer-die-verlierer\/\" \/>\n<meta property=\"og:site_name\" content=\"vof-news.eu\" \/>\n<meta property=\"article:published_time\" content=\"2025-08-13T04:26:10+00:00\" \/>\n<meta property=\"article:modified_time\" content=\"2025-08-13T04:26:46+00:00\" \/>\n<meta property=\"og:image\" content=\"https:\/\/vof-news.eu\/wp-content\/uploads\/2025\/08\/nachtluftbild-lagerhauskomplex-gebaeude-im-gewerbegebiet-der-lidl-vertriebs-gmbh-co-kg-in-kremmen-im-bundesland-brandenburg-deutschland.webp\" \/>\n\t<meta property=\"og:image:width\" content=\"1200\" \/>\n\t<meta property=\"og:image:height\" content=\"574\" \/>\n\t<meta property=\"og:image:type\" content=\"image\/webp\" \/>\n<meta name=\"author\" content=\"Author\" \/>\n<meta name=\"twitter:card\" content=\"summary_large_image\" \/>\n<meta name=\"twitter:label1\" content=\"Verfasst von\" \/>\n\t<meta name=\"twitter:data1\" content=\"Author\" \/>\n\t<meta name=\"twitter:label2\" content=\"Gesch\u00e4tzte Lesezeit\" \/>\n\t<meta name=\"twitter:data2\" content=\"4\u00a0Minuten\" \/>\n<script type=\"application\/ld+json\" class=\"yoast-schema-graph\">{\"@context\":\"https:\/\/schema.org\",\"@graph\":[{\"@type\":\"WebPage\",\"@id\":\"https:\/\/vof-news.eu\/de\/deutschlands-top-500-wer-die-gewinner-sind-wer-die-verlierer\/\",\"url\":\"https:\/\/vof-news.eu\/de\/deutschlands-top-500-wer-die-gewinner-sind-wer-die-verlierer\/\",\"name\":\"Deutschlands Top 500 \u2013 wer die Gewinner sind, wer die Verlierer - vof-news.eu\",\"isPartOf\":{\"@id\":\"https:\/\/vof-news.eu\/de\/#website\"},\"primaryImageOfPage\":{\"@id\":\"https:\/\/vof-news.eu\/de\/deutschlands-top-500-wer-die-gewinner-sind-wer-die-verlierer\/#primaryimage\"},\"image\":{\"@id\":\"https:\/\/vof-news.eu\/de\/deutschlands-top-500-wer-die-gewinner-sind-wer-die-verlierer\/#primaryimage\"},\"thumbnailUrl\":\"https:\/\/vof-news.eu\/wp-content\/uploads\/2025\/08\/nachtluftbild-lagerhauskomplex-gebaeude-im-gewerbegebiet-der-lidl-vertriebs-gmbh-co-kg-in-kremmen-im-bundesland-brandenburg-deutschland.webp\",\"datePublished\":\"2025-08-13T04:26:10+00:00\",\"dateModified\":\"2025-08-13T04:26:46+00:00\",\"author\":{\"@id\":\"https:\/\/vof-news.eu\/de\/#\/schema\/person\/f6a2a4309f0561835797fd8c19b333ed\"},\"description\":\"Die Umsatzentwicklung der 500 gr\u00f6\u00dften Unternehmen Deutschlands steht weiterhin im Zeichen der Konjunktur- und Strukturkrise. Nachdem die Erl\u00f6se bereits 2023 um 3,3 Prozent sanken, lie\u00dfen sie auch im vergangenen Jahr nach, und zwar um 2,1 Prozent. In den vergangenen 30 Jahren, seitdem die WELT diese Zahl erhebt, ist es bisher nicht vorgekommen, dass in zwei aufeinanderfolgenden Jahren ein negatives Wachstum verzeichnet wurde. Zwar gab es starke Einbr\u00fcche in den Jahren 2009 (Finanzkrise, minus 8 Prozent) und 2020 (Pandemie, minus 5,4 Prozent), aber beide Male folgte gleich darauf eine kr\u00e4ftige Erholung. Die beiden ganz oben positionierten Konzerne konnten indes die Ums\u00e4tze weiter steigern. Volkswagen w\u00e4chst um 0,7 Prozent auf 324,7 Milliarden Euro. Die Schwarz Dienstleistung KG, zu der Lidl und Kaufland z\u00e4hlen, klettert um 4,9 Prozent auf 175,4 Milliarden Euro. Die Autobauer Mercedes und BMW mussten Umsatzr\u00fcckg\u00e4nge verkraften und tauschten dabei die Pl\u00e4tze: Mercedes sichert sich mit 145,6 Milliarden Euro (minus 4,5 Prozent) den dritten Platz, BMW folgt mit 142,4 Milliarden Euro (minus 8,4 Prozent).Insgesamt zeigen die Ergebnisse der Top-500-Rangliste: Auch Deutschlands gr\u00f6\u00dfte Unternehmen sind vor den Folgen der Konjunkturkrise nicht gefeit.\",\"breadcrumb\":{\"@id\":\"https:\/\/vof-news.eu\/de\/deutschlands-top-500-wer-die-gewinner-sind-wer-die-verlierer\/#breadcrumb\"},\"inLanguage\":\"de\",\"potentialAction\":[{\"@type\":\"ReadAction\",\"target\":[\"https:\/\/vof-news.eu\/de\/deutschlands-top-500-wer-die-gewinner-sind-wer-die-verlierer\/\"]}]},{\"@type\":\"ImageObject\",\"inLanguage\":\"de\",\"@id\":\"https:\/\/vof-news.eu\/de\/deutschlands-top-500-wer-die-gewinner-sind-wer-die-verlierer\/#primaryimage\",\"url\":\"https:\/\/vof-news.eu\/wp-content\/uploads\/2025\/08\/nachtluftbild-lagerhauskomplex-gebaeude-im-gewerbegebiet-der-lidl-vertriebs-gmbh-co-kg-in-kremmen-im-bundesland-brandenburg-deutschland.webp\",\"contentUrl\":\"https:\/\/vof-news.eu\/wp-content\/uploads\/2025\/08\/nachtluftbild-lagerhauskomplex-gebaeude-im-gewerbegebiet-der-lidl-vertriebs-gmbh-co-kg-in-kremmen-im-bundesland-brandenburg-deutschland.webp\",\"width\":1200,\"height\":574},{\"@type\":\"BreadcrumbList\",\"@id\":\"https:\/\/vof-news.eu\/de\/deutschlands-top-500-wer-die-gewinner-sind-wer-die-verlierer\/#breadcrumb\",\"itemListElement\":[{\"@type\":\"ListItem\",\"position\":1,\"name\":\"Home\",\"item\":\"https:\/\/vof-news.eu\/de\/\"},{\"@type\":\"ListItem\",\"position\":2,\"name\":\"Deutschlands Top 500 \u2013 wer die Gewinner sind, wer die Verlierer\"}]},{\"@type\":\"WebSite\",\"@id\":\"https:\/\/vof-news.eu\/de\/#website\",\"url\":\"https:\/\/vof-news.eu\/de\/\",\"name\":\"vof-news.eu\",\"description\":\"\",\"potentialAction\":[{\"@type\":\"SearchAction\",\"target\":{\"@type\":\"EntryPoint\",\"urlTemplate\":\"https:\/\/vof-news.eu\/de\/?s={search_term_string}\"},\"query-input\":\"required name=search_term_string\"}],\"inLanguage\":\"de\"},{\"@type\":\"Person\",\"@id\":\"https:\/\/vof-news.eu\/de\/#\/schema\/person\/f6a2a4309f0561835797fd8c19b333ed\",\"name\":\"Author\",\"image\":{\"@type\":\"ImageObject\",\"inLanguage\":\"de\",\"@id\":\"https:\/\/vof-news.eu\/de\/#\/schema\/person\/image\/\",\"url\":\"https:\/\/secure.gravatar.com\/avatar\/b67e614b1b25b3e9c0c239efdd2fde5ab015b5affd6f1c3c85911ca4b384e790?s=96&d=mm&r=g\",\"contentUrl\":\"https:\/\/secure.gravatar.com\/avatar\/b67e614b1b25b3e9c0c239efdd2fde5ab015b5affd6f1c3c85911ca4b384e790?s=96&d=mm&r=g\",\"caption\":\"Author\"},\"sameAs\":[\"http:\/\/vof-news.eu\"],\"url\":\"https:\/\/vof-news.eu\/de\/author\/zwt6qxnjulxbnyg\/\"}]}<\/script>\n<!-- \/ Yoast SEO plugin. -->","yoast_head_json":{"title":"Deutschlands Top 500 \u2013 wer die Gewinner sind, wer die Verlierer - vof-news.eu","description":"Die Umsatzentwicklung der 500 gr\u00f6\u00dften Unternehmen Deutschlands steht weiterhin im Zeichen der Konjunktur- und Strukturkrise. Nachdem die Erl\u00f6se bereits 2023 um 3,3 Prozent sanken, lie\u00dfen sie auch im vergangenen Jahr nach, und zwar um 2,1 Prozent. In den vergangenen 30 Jahren, seitdem die WELT diese Zahl erhebt, ist es bisher nicht vorgekommen, dass in zwei aufeinanderfolgenden Jahren ein negatives Wachstum verzeichnet wurde. Zwar gab es starke Einbr\u00fcche in den Jahren 2009 (Finanzkrise, minus 8 Prozent) und 2020 (Pandemie, minus 5,4 Prozent), aber beide Male folgte gleich darauf eine kr\u00e4ftige Erholung. Die beiden ganz oben positionierten Konzerne konnten indes die Ums\u00e4tze weiter steigern. Volkswagen w\u00e4chst um 0,7 Prozent auf 324,7 Milliarden Euro. Die Schwarz Dienstleistung KG, zu der Lidl und Kaufland z\u00e4hlen, klettert um 4,9 Prozent auf 175,4 Milliarden Euro. Die Autobauer Mercedes und BMW mussten Umsatzr\u00fcckg\u00e4nge verkraften und tauschten dabei die Pl\u00e4tze: Mercedes sichert sich mit 145,6 Milliarden Euro (minus 4,5 Prozent) den dritten Platz, BMW folgt mit 142,4 Milliarden Euro (minus 8,4 Prozent).Insgesamt zeigen die Ergebnisse der Top-500-Rangliste: Auch Deutschlands gr\u00f6\u00dfte Unternehmen sind vor den Folgen der Konjunkturkrise nicht gefeit.","robots":{"index":"noindex","follow":"follow","max-snippet":"max-snippet:-1","max-image-preview":"max-image-preview:large","max-video-preview":"max-video-preview:-1"},"og_locale":"de_DE","og_type":"article","og_title":"Deutschlands Top 500 \u2013 wer die Gewinner sind, wer die Verlierer - vof-news.eu","og_description":"Die Umsatzentwicklung der 500 gr\u00f6\u00dften Unternehmen Deutschlands steht weiterhin im Zeichen der Konjunktur- und Strukturkrise. Nachdem die Erl\u00f6se bereits 2023 um 3,3 Prozent sanken, lie\u00dfen sie auch im vergangenen Jahr nach, und zwar um 2,1 Prozent. In den vergangenen 30 Jahren, seitdem die WELT diese Zahl erhebt, ist es bisher nicht vorgekommen, dass in zwei aufeinanderfolgenden Jahren ein negatives Wachstum verzeichnet wurde. Zwar gab es starke Einbr\u00fcche in den Jahren 2009 (Finanzkrise, minus 8 Prozent) und 2020 (Pandemie, minus 5,4 Prozent), aber beide Male folgte gleich darauf eine kr\u00e4ftige Erholung. Die beiden ganz oben positionierten Konzerne konnten indes die Ums\u00e4tze weiter steigern. Volkswagen w\u00e4chst um 0,7 Prozent auf 324,7 Milliarden Euro. Die Schwarz Dienstleistung KG, zu der Lidl und Kaufland z\u00e4hlen, klettert um 4,9 Prozent auf 175,4 Milliarden Euro. Die Autobauer Mercedes und BMW mussten Umsatzr\u00fcckg\u00e4nge verkraften und tauschten dabei die Pl\u00e4tze: Mercedes sichert sich mit 145,6 Milliarden Euro (minus 4,5 Prozent) den dritten Platz, BMW folgt mit 142,4 Milliarden Euro (minus 8,4 Prozent).Insgesamt zeigen die Ergebnisse der Top-500-Rangliste: Auch Deutschlands gr\u00f6\u00dfte Unternehmen sind vor den Folgen der Konjunkturkrise nicht gefeit.","og_url":"https:\/\/vof-news.eu\/de\/deutschlands-top-500-wer-die-gewinner-sind-wer-die-verlierer\/","og_site_name":"vof-news.eu","article_published_time":"2025-08-13T04:26:10+00:00","article_modified_time":"2025-08-13T04:26:46+00:00","og_image":[{"width":1200,"height":574,"url":"https:\/\/vof-news.eu\/wp-content\/uploads\/2025\/08\/nachtluftbild-lagerhauskomplex-gebaeude-im-gewerbegebiet-der-lidl-vertriebs-gmbh-co-kg-in-kremmen-im-bundesland-brandenburg-deutschland.webp","type":"image\/webp"}],"author":"Author","twitter_card":"summary_large_image","twitter_misc":{"Verfasst von":"Author","Gesch\u00e4tzte Lesezeit":"4\u00a0Minuten"},"schema":{"@context":"https:\/\/schema.org","@graph":[{"@type":"WebPage","@id":"https:\/\/vof-news.eu\/de\/deutschlands-top-500-wer-die-gewinner-sind-wer-die-verlierer\/","url":"https:\/\/vof-news.eu\/de\/deutschlands-top-500-wer-die-gewinner-sind-wer-die-verlierer\/","name":"Deutschlands Top 500 \u2013 wer die Gewinner sind, wer die Verlierer - vof-news.eu","isPartOf":{"@id":"https:\/\/vof-news.eu\/de\/#website"},"primaryImageOfPage":{"@id":"https:\/\/vof-news.eu\/de\/deutschlands-top-500-wer-die-gewinner-sind-wer-die-verlierer\/#primaryimage"},"image":{"@id":"https:\/\/vof-news.eu\/de\/deutschlands-top-500-wer-die-gewinner-sind-wer-die-verlierer\/#primaryimage"},"thumbnailUrl":"https:\/\/vof-news.eu\/wp-content\/uploads\/2025\/08\/nachtluftbild-lagerhauskomplex-gebaeude-im-gewerbegebiet-der-lidl-vertriebs-gmbh-co-kg-in-kremmen-im-bundesland-brandenburg-deutschland.webp","datePublished":"2025-08-13T04:26:10+00:00","dateModified":"2025-08-13T04:26:46+00:00","author":{"@id":"https:\/\/vof-news.eu\/de\/#\/schema\/person\/f6a2a4309f0561835797fd8c19b333ed"},"description":"Die Umsatzentwicklung der 500 gr\u00f6\u00dften Unternehmen Deutschlands steht weiterhin im Zeichen der Konjunktur- und Strukturkrise. Nachdem die Erl\u00f6se bereits 2023 um 3,3 Prozent sanken, lie\u00dfen sie auch im vergangenen Jahr nach, und zwar um 2,1 Prozent. In den vergangenen 30 Jahren, seitdem die WELT diese Zahl erhebt, ist es bisher nicht vorgekommen, dass in zwei aufeinanderfolgenden Jahren ein negatives Wachstum verzeichnet wurde. Zwar gab es starke Einbr\u00fcche in den Jahren 2009 (Finanzkrise, minus 8 Prozent) und 2020 (Pandemie, minus 5,4 Prozent), aber beide Male folgte gleich darauf eine kr\u00e4ftige Erholung. Die beiden ganz oben positionierten Konzerne konnten indes die Ums\u00e4tze weiter steigern. Volkswagen w\u00e4chst um 0,7 Prozent auf 324,7 Milliarden Euro. Die Schwarz Dienstleistung KG, zu der Lidl und Kaufland z\u00e4hlen, klettert um 4,9 Prozent auf 175,4 Milliarden Euro. Die Autobauer Mercedes und BMW mussten Umsatzr\u00fcckg\u00e4nge verkraften und tauschten dabei die Pl\u00e4tze: Mercedes sichert sich mit 145,6 Milliarden Euro (minus 4,5 Prozent) den dritten Platz, BMW folgt mit 142,4 Milliarden Euro (minus 8,4 Prozent).Insgesamt zeigen die Ergebnisse der Top-500-Rangliste: Auch Deutschlands gr\u00f6\u00dfte Unternehmen sind vor den Folgen der Konjunkturkrise nicht gefeit.","breadcrumb":{"@id":"https:\/\/vof-news.eu\/de\/deutschlands-top-500-wer-die-gewinner-sind-wer-die-verlierer\/#breadcrumb"},"inLanguage":"de","potentialAction":[{"@type":"ReadAction","target":["https:\/\/vof-news.eu\/de\/deutschlands-top-500-wer-die-gewinner-sind-wer-die-verlierer\/"]}]},{"@type":"ImageObject","inLanguage":"de","@id":"https:\/\/vof-news.eu\/de\/deutschlands-top-500-wer-die-gewinner-sind-wer-die-verlierer\/#primaryimage","url":"https:\/\/vof-news.eu\/wp-content\/uploads\/2025\/08\/nachtluftbild-lagerhauskomplex-gebaeude-im-gewerbegebiet-der-lidl-vertriebs-gmbh-co-kg-in-kremmen-im-bundesland-brandenburg-deutschland.webp","contentUrl":"https:\/\/vof-news.eu\/wp-content\/uploads\/2025\/08\/nachtluftbild-lagerhauskomplex-gebaeude-im-gewerbegebiet-der-lidl-vertriebs-gmbh-co-kg-in-kremmen-im-bundesland-brandenburg-deutschland.webp","width":1200,"height":574},{"@type":"BreadcrumbList","@id":"https:\/\/vof-news.eu\/de\/deutschlands-top-500-wer-die-gewinner-sind-wer-die-verlierer\/#breadcrumb","itemListElement":[{"@type":"ListItem","position":1,"name":"Home","item":"https:\/\/vof-news.eu\/de\/"},{"@type":"ListItem","position":2,"name":"Deutschlands Top 500 \u2013 wer die Gewinner sind, wer die Verlierer"}]},{"@type":"WebSite","@id":"https:\/\/vof-news.eu\/de\/#website","url":"https:\/\/vof-news.eu\/de\/","name":"vof-news.eu","description":"","potentialAction":[{"@type":"SearchAction","target":{"@type":"EntryPoint","urlTemplate":"https:\/\/vof-news.eu\/de\/?s={search_term_string}"},"query-input":"required name=search_term_string"}],"inLanguage":"de"},{"@type":"Person","@id":"https:\/\/vof-news.eu\/de\/#\/schema\/person\/f6a2a4309f0561835797fd8c19b333ed","name":"Author","image":{"@type":"ImageObject","inLanguage":"de","@id":"https:\/\/vof-news.eu\/de\/#\/schema\/person\/image\/","url":"https:\/\/secure.gravatar.com\/avatar\/b67e614b1b25b3e9c0c239efdd2fde5ab015b5affd6f1c3c85911ca4b384e790?s=96&d=mm&r=g","contentUrl":"https:\/\/secure.gravatar.com\/avatar\/b67e614b1b25b3e9c0c239efdd2fde5ab015b5affd6f1c3c85911ca4b384e790?s=96&d=mm&r=g","caption":"Author"},"sameAs":["http:\/\/vof-news.eu"],"url":"https:\/\/vof-news.eu\/de\/author\/zwt6qxnjulxbnyg\/"}]}},"yoast_meta":{"yoast_wpseo_title":"","yoast_wpseo_metadesc":"","yoast_wpseo_canonical":""},"_links":{"self":[{"href":"https:\/\/vof-news.eu\/de\/wp-json\/wp\/v2\/posts\/264321","targetHints":{"allow":["GET"]}}],"collection":[{"href":"https:\/\/vof-news.eu\/de\/wp-json\/wp\/v2\/posts"}],"about":[{"href":"https:\/\/vof-news.eu\/de\/wp-json\/wp\/v2\/types\/post"}],"author":[{"embeddable":true,"href":"https:\/\/vof-news.eu\/de\/wp-json\/wp\/v2\/users\/1"}],"replies":[{"embeddable":true,"href":"https:\/\/vof-news.eu\/de\/wp-json\/wp\/v2\/comments?post=264321"}],"version-history":[{"count":1,"href":"https:\/\/vof-news.eu\/de\/wp-json\/wp\/v2\/posts\/264321\/revisions"}],"predecessor-version":[{"id":264328,"href":"https:\/\/vof-news.eu\/de\/wp-json\/wp\/v2\/posts\/264321\/revisions\/264328"}],"wp:featuredmedia":[{"embeddable":true,"href":"https:\/\/vof-news.eu\/de\/wp-json\/wp\/v2\/media\/264322"}],"wp:attachment":[{"href":"https:\/\/vof-news.eu\/de\/wp-json\/wp\/v2\/media?parent=264321"}],"wp:term":[{"taxonomy":"category","embeddable":true,"href":"https:\/\/vof-news.eu\/de\/wp-json\/wp\/v2\/categories?post=264321"},{"taxonomy":"post_tag","embeddable":true,"href":"https:\/\/vof-news.eu\/de\/wp-json\/wp\/v2\/tags?post=264321"}],"curies":[{"name":"wp","href":"https:\/\/api.w.org\/{rel}","templated":true}]}}