{"id":263952,"date":"2025-08-12T03:28:06","date_gmt":"2025-08-12T00:28:06","guid":{"rendered":"https:\/\/vof-news.eu\/johann-wadephul-spricht-sich-gegen-ukrainische-gebietsabtretungen-aus\/"},"modified":"2025-08-12T03:29:05","modified_gmt":"2025-08-12T00:29:05","slug":"johann-wadephul-spricht-sich-gegen-ukrainische-gebietsabtretungen-aus","status":"publish","type":"post","link":"https:\/\/vof-news.eu\/de\/johann-wadephul-spricht-sich-gegen-ukrainische-gebietsabtretungen-aus\/","title":{"rendered":"Johann Wadephul spricht sich gegen ukrainische Gebietsabtretungen aus"},"content":{"rendered":"<div>\n<p>Au\u00dfenminister <span><a href=\"https:\/\/www.zeit.de\/thema\/johann-wadephul\" rel=\"nofollow\">Johann Wadephul<\/a><\/span> (CDU) hat sich gegen Gebietsabtretungen f\u00fcr einen Frieden im <a href=\"https:\/\/www.zeit.de\/thema\/krieg-in-ukraine\" rel=\"nofollow\">Ukrainekrieg<\/a> ausgesprochen. &#8222;Gewalt darf<br \/>\nkeine Grenzen verschieben&#8220;, schrieb Wadephul nach Beratungen mit seinen EU-Kollegen auf X.\u00a0Deutschland unterst\u00fctze das Ziel von US-Pr\u00e4sident Donald Trump, den<br \/>\nAngriffskrieg Russlands gegen die Ukraine zu<br \/>\nbeenden. Ergebnis m\u00fcsse ein gerechter und dauerhafter Friede sein.\u00a0&#8222;Wo unsere Sicherheit ber\u00fchrt ist, m\u00fcssen wir mitentscheiden&#8220;, forderte er.\n<\/p>\n<p>Am Freitag wollen Trump und Russlands Pr\u00e4sident Wladimir<br \/>\nPutin im US-Bundesstaat Alaska \u00fcber eine m\u00f6gliche Friedensl\u00f6sung im <span><a href=\"https:\/\/www.zeit.de\/politik\/ausland\/ukraine-krieg-russland-newsblog-live\" rel=\"nofollow\">Ukrainekrieg<\/a><\/span> sprechen.\u00a0Russland hat in der Vergangenheit wiederholt <a href=\"https:\/\/www.zeit.de\/politik\/ausland\/2025-08\/ukraine-krieg-nato-mark-rutte-gebietsabtretungen\" rel=\"nofollow\">Gebietsabtretungen durch die Ukraine<\/a> als Bedingung f\u00fcr ein Friedensabkommen gestellt \u2013 US-Medienberichten zufolge auch noch einmal vor dem Treffen in Alaska: Im Gegenzug f\u00fcr eine Waffenruhe soll die Ukraine den Donbass im Osten des Landes abtreten.\u00a0Trump sprach sp\u00e4ter von einem m\u00f6glichen Gebietstausch zwischen der Ukraine<br \/>\nund Russland. <a href=\"https:\/\/www.zeit.de\/politik\/ausland\/2025-08\/krieg-ukraine-selenskyj-trump-putin\" rel=\"nofollow\">Die Ukraine lehnt Gebietsabtretungen<br \/>\nstrikt ab<\/a>.\n<\/p>\n<h2>Wadephul: &#8222;Der Westen steht geschlossen hinter der Ukraine&#8220;<\/h2>\n<p>Wadephul sagte im  des ZDF, die Ukraine werde &#8222;m\u00f6glicherweise auch Verzichte<br \/>\ngew\u00e4rtigen m\u00fcssen&#8220;. Dies sei aber sp\u00e4ter zu entscheiden. &#8222;Heute geht es darum,<br \/>\nfaire Bedingungen f\u00fcr diese Verhandlungen zu schaffen, und die sollten da<br \/>\nbeginnen, wo jetzt die Linien sind&#8220;, sagte Wadephul.\n<\/p>\n<p>Europa habe klare Vorstellungen, die sich mit denen der Ukraine &#8222;sehr, sehr weitgehend&#8220; deckten. Es gehe um die<br \/>\neurop\u00e4ische Sicherheit. &#8222;Wir werden nicht zulassen, dass \u00fcber die K\u00f6pfe der<br \/>\nEurop\u00e4er hinweg hier entschieden wird&#8220;, sagte der Au\u00dfenminister.\u00a0Die Frage sei, ob <span><a href=\"https:\/\/www.zeit.de\/thema\/wladimir-putin\" rel=\"nofollow\">Putin<\/a><\/span> ernsthaft<br \/>\nbereit sei, zu verhandeln. &#8222;Das wird man am Freitag sehen und er muss damit<br \/>\nrechnen: Der Westen steht geschlossen hinter der Ukraine.&#8220;\n<\/p>\n<p><a href=\"https:\/\/www.zeit.de\/politik\/ausland\/2025-08\/trump-putin-gipfel-alaska-kein-abkommen-kritik-selenskyj\" rel=\"nofollow\">Trump sagte am Montag, er strebe bei dem Treffen in Alaska kein Abkommen an<\/a>. &#8222;Ich werde keinen Deal machen&#8220;, sagt <span><a href=\"https:\/\/www.zeit.de\/thema\/donald-trump\" rel=\"nofollow\">Trump<\/a><\/span>. F\u00fcr ihn sei es ein &#8222;Sondierungstreffen&#8220;. Er werde Putin auffordern, den Krieg in der Ukraine zu beenden. Im Zuge einer Einigung k\u00f6nne es auch zu Gebietsver\u00e4nderungen kommen.<br \/>\n Er werde jedoch versuchen, &#8222;f\u00fcr die Regierung in Kyjiw Gebiete<br \/>\nzur\u00fcckzugewinnen&#8220;. Trump kritisierte den ukrainischen Pr\u00e4sidenten f\u00fcr seine Haltung, keine Gebiete an Russland abgeben<br \/>\n zu wollen. Das habe ihn gest\u00f6rt, denn es werde &#8222;irgendeinen<br \/>\nGebietstausch geben&#8220;.\u00a0\n<\/p>\n<p>Die <a href=\"https:\/\/www.zeit.de\/politik\/ausland\/2025-08\/ukrainekrieg-europa-gegen-vorschlag-gebiete-abtreten-russland-wladimir-putin\" rel=\"nofollow\">europ\u00e4ischen<br \/>\nVerb\u00fcndeten\u00a0der Ukraine<\/a> bem\u00fchen sich derweil um eine Einbeziehung in m\u00f6gliche<br \/>\nWaffenruheverhandlungen. Bundeskanzler Friedrich Merz (<span><a href=\"https:\/\/www.zeit.de\/thema\/cdu\" rel=\"nofollow\">CDU<\/a><\/span>) l\u00e4dt daf\u00fcr<br \/>\nam Mittwoch zu virtuellen Treffen ein, an denen auch Trump und Selenskyj<br \/>\n teilnehmen sollen.\n<\/p>\n<\/p>\n<\/div>\n","protected":false},"excerpt":{"rendered":"<p>Au\u00dfenminister Johann Wadephul (CDU) hat sich gegen Gebietsabtretungen f\u00fcr einen Frieden im Ukrainekrieg ausgesprochen. &#8222;Gewalt darf keine Grenzen verschieben&#8220;, schrieb Wadephul nach Beratungen mit seinen EU-Kollegen auf X.\u00a0Deutschland unterst\u00fctze das Ziel von US-Pr\u00e4sident Donald Trump, den Angriffskrieg Russlands gegen die Ukraine zu beenden. Ergebnis m\u00fcsse ein gerechter und dauerhafter Friede sein.\u00a0&#8222;Wo unsere Sicherheit ber\u00fchrt ist,<\/p>\n","protected":false},"author":1,"featured_media":263953,"comment_status":"open","ping_status":"open","sticky":false,"template":"","format":"standard","meta":{"footnotes":""},"categories":[116],"tags":[],"class_list":["post-263952","post","type-post","status-publish","format-standard","has-post-thumbnail","hentry","category-war-chronicles-de"],"acf":[],"yoast_head":"<!-- This site is optimized with the Yoast SEO plugin v22.9 - https:\/\/yoast.com\/wordpress\/plugins\/seo\/ -->\n<title>Johann Wadephul spricht sich gegen ukrainische Gebietsabtretungen aus - vof-news.eu<\/title>\n<meta name=\"description\" content=\"Au\u00dfenminister Johann Wadephul (CDU) hat sich gegen Gebietsabtretungen f\u00fcr einen Frieden im Ukrainekrieg ausgesprochen. &quot;Gewalt darf\" \/>\n<meta name=\"robots\" content=\"noindex, follow, max-snippet:-1, max-image-preview:large, max-video-preview:-1\" \/>\n<meta property=\"og:locale\" content=\"de_DE\" \/>\n<meta property=\"og:type\" content=\"article\" \/>\n<meta property=\"og:title\" content=\"Johann Wadephul spricht sich gegen ukrainische Gebietsabtretungen aus - vof-news.eu\" \/>\n<meta property=\"og:description\" content=\"Au\u00dfenminister Johann Wadephul (CDU) hat sich gegen Gebietsabtretungen f\u00fcr einen Frieden im Ukrainekrieg ausgesprochen. &quot;Gewalt darf\" \/>\n<meta property=\"og:url\" content=\"https:\/\/vof-news.eu\/de\/johann-wadephul-spricht-sich-gegen-ukrainische-gebietsabtretungen-aus\/\" \/>\n<meta property=\"og:site_name\" content=\"vof-news.eu\" \/>\n<meta property=\"article:published_time\" content=\"2025-08-12T00:28:06+00:00\" \/>\n<meta property=\"article:modified_time\" content=\"2025-08-12T00:29:05+00:00\" \/>\n<meta property=\"og:image\" content=\"https:\/\/vof-news.eu\/wp-content\/uploads\/2025\/08\/wide__1000x562-35.jpg\" \/>\n\t<meta property=\"og:image:width\" content=\"1000\" \/>\n\t<meta property=\"og:image:height\" content=\"562\" \/>\n\t<meta property=\"og:image:type\" content=\"image\/jpeg\" \/>\n<meta name=\"author\" content=\"Author\" \/>\n<meta name=\"twitter:card\" content=\"summary_large_image\" \/>\n<meta name=\"twitter:label1\" content=\"Verfasst von\" \/>\n\t<meta name=\"twitter:data1\" content=\"Author\" \/>\n\t<meta name=\"twitter:label2\" content=\"Gesch\u00e4tzte Lesezeit\" \/>\n\t<meta name=\"twitter:data2\" content=\"2\u00a0Minuten\" \/>\n<script type=\"application\/ld+json\" class=\"yoast-schema-graph\">{\"@context\":\"https:\/\/schema.org\",\"@graph\":[{\"@type\":\"WebPage\",\"@id\":\"https:\/\/vof-news.eu\/de\/johann-wadephul-spricht-sich-gegen-ukrainische-gebietsabtretungen-aus\/\",\"url\":\"https:\/\/vof-news.eu\/de\/johann-wadephul-spricht-sich-gegen-ukrainische-gebietsabtretungen-aus\/\",\"name\":\"Johann Wadephul spricht sich gegen ukrainische Gebietsabtretungen aus - vof-news.eu\",\"isPartOf\":{\"@id\":\"https:\/\/vof-news.eu\/de\/#website\"},\"primaryImageOfPage\":{\"@id\":\"https:\/\/vof-news.eu\/de\/johann-wadephul-spricht-sich-gegen-ukrainische-gebietsabtretungen-aus\/#primaryimage\"},\"image\":{\"@id\":\"https:\/\/vof-news.eu\/de\/johann-wadephul-spricht-sich-gegen-ukrainische-gebietsabtretungen-aus\/#primaryimage\"},\"thumbnailUrl\":\"https:\/\/vof-news.eu\/wp-content\/uploads\/2025\/08\/wide__1000x562-35.jpg\",\"datePublished\":\"2025-08-12T00:28:06+00:00\",\"dateModified\":\"2025-08-12T00:29:05+00:00\",\"author\":{\"@id\":\"https:\/\/vof-news.eu\/de\/#\/schema\/person\/f6a2a4309f0561835797fd8c19b333ed\"},\"description\":\"Au\u00dfenminister Johann Wadephul (CDU) hat sich gegen Gebietsabtretungen f\u00fcr einen Frieden im Ukrainekrieg ausgesprochen. \\\"Gewalt darf\",\"breadcrumb\":{\"@id\":\"https:\/\/vof-news.eu\/de\/johann-wadephul-spricht-sich-gegen-ukrainische-gebietsabtretungen-aus\/#breadcrumb\"},\"inLanguage\":\"de\",\"potentialAction\":[{\"@type\":\"ReadAction\",\"target\":[\"https:\/\/vof-news.eu\/de\/johann-wadephul-spricht-sich-gegen-ukrainische-gebietsabtretungen-aus\/\"]}]},{\"@type\":\"ImageObject\",\"inLanguage\":\"de\",\"@id\":\"https:\/\/vof-news.eu\/de\/johann-wadephul-spricht-sich-gegen-ukrainische-gebietsabtretungen-aus\/#primaryimage\",\"url\":\"https:\/\/vof-news.eu\/wp-content\/uploads\/2025\/08\/wide__1000x562-35.jpg\",\"contentUrl\":\"https:\/\/vof-news.eu\/wp-content\/uploads\/2025\/08\/wide__1000x562-35.jpg\",\"width\":1000,\"height\":562},{\"@type\":\"BreadcrumbList\",\"@id\":\"https:\/\/vof-news.eu\/de\/johann-wadephul-spricht-sich-gegen-ukrainische-gebietsabtretungen-aus\/#breadcrumb\",\"itemListElement\":[{\"@type\":\"ListItem\",\"position\":1,\"name\":\"Home\",\"item\":\"https:\/\/vof-news.eu\/de\/\"},{\"@type\":\"ListItem\",\"position\":2,\"name\":\"Johann Wadephul spricht sich gegen ukrainische Gebietsabtretungen aus\"}]},{\"@type\":\"WebSite\",\"@id\":\"https:\/\/vof-news.eu\/de\/#website\",\"url\":\"https:\/\/vof-news.eu\/de\/\",\"name\":\"vof-news.eu\",\"description\":\"\",\"potentialAction\":[{\"@type\":\"SearchAction\",\"target\":{\"@type\":\"EntryPoint\",\"urlTemplate\":\"https:\/\/vof-news.eu\/de\/?s={search_term_string}\"},\"query-input\":\"required name=search_term_string\"}],\"inLanguage\":\"de\"},{\"@type\":\"Person\",\"@id\":\"https:\/\/vof-news.eu\/de\/#\/schema\/person\/f6a2a4309f0561835797fd8c19b333ed\",\"name\":\"Author\",\"image\":{\"@type\":\"ImageObject\",\"inLanguage\":\"de\",\"@id\":\"https:\/\/vof-news.eu\/de\/#\/schema\/person\/image\/\",\"url\":\"https:\/\/secure.gravatar.com\/avatar\/b67e614b1b25b3e9c0c239efdd2fde5ab015b5affd6f1c3c85911ca4b384e790?s=96&d=mm&r=g\",\"contentUrl\":\"https:\/\/secure.gravatar.com\/avatar\/b67e614b1b25b3e9c0c239efdd2fde5ab015b5affd6f1c3c85911ca4b384e790?s=96&d=mm&r=g\",\"caption\":\"Author\"},\"sameAs\":[\"http:\/\/vof-news.eu\"],\"url\":\"https:\/\/vof-news.eu\/de\/author\/zwt6qxnjulxbnyg\/\"}]}<\/script>\n<!-- \/ Yoast SEO plugin. -->","yoast_head_json":{"title":"Johann Wadephul spricht sich gegen ukrainische Gebietsabtretungen aus - vof-news.eu","description":"Au\u00dfenminister Johann Wadephul (CDU) hat sich gegen Gebietsabtretungen f\u00fcr einen Frieden im Ukrainekrieg ausgesprochen. \"Gewalt darf","robots":{"index":"noindex","follow":"follow","max-snippet":"max-snippet:-1","max-image-preview":"max-image-preview:large","max-video-preview":"max-video-preview:-1"},"og_locale":"de_DE","og_type":"article","og_title":"Johann Wadephul spricht sich gegen ukrainische Gebietsabtretungen aus - vof-news.eu","og_description":"Au\u00dfenminister Johann Wadephul (CDU) hat sich gegen Gebietsabtretungen f\u00fcr einen Frieden im Ukrainekrieg ausgesprochen. \"Gewalt darf","og_url":"https:\/\/vof-news.eu\/de\/johann-wadephul-spricht-sich-gegen-ukrainische-gebietsabtretungen-aus\/","og_site_name":"vof-news.eu","article_published_time":"2025-08-12T00:28:06+00:00","article_modified_time":"2025-08-12T00:29:05+00:00","og_image":[{"width":1000,"height":562,"url":"https:\/\/vof-news.eu\/wp-content\/uploads\/2025\/08\/wide__1000x562-35.jpg","type":"image\/jpeg"}],"author":"Author","twitter_card":"summary_large_image","twitter_misc":{"Verfasst von":"Author","Gesch\u00e4tzte Lesezeit":"2\u00a0Minuten"},"schema":{"@context":"https:\/\/schema.org","@graph":[{"@type":"WebPage","@id":"https:\/\/vof-news.eu\/de\/johann-wadephul-spricht-sich-gegen-ukrainische-gebietsabtretungen-aus\/","url":"https:\/\/vof-news.eu\/de\/johann-wadephul-spricht-sich-gegen-ukrainische-gebietsabtretungen-aus\/","name":"Johann Wadephul spricht sich gegen ukrainische Gebietsabtretungen aus - vof-news.eu","isPartOf":{"@id":"https:\/\/vof-news.eu\/de\/#website"},"primaryImageOfPage":{"@id":"https:\/\/vof-news.eu\/de\/johann-wadephul-spricht-sich-gegen-ukrainische-gebietsabtretungen-aus\/#primaryimage"},"image":{"@id":"https:\/\/vof-news.eu\/de\/johann-wadephul-spricht-sich-gegen-ukrainische-gebietsabtretungen-aus\/#primaryimage"},"thumbnailUrl":"https:\/\/vof-news.eu\/wp-content\/uploads\/2025\/08\/wide__1000x562-35.jpg","datePublished":"2025-08-12T00:28:06+00:00","dateModified":"2025-08-12T00:29:05+00:00","author":{"@id":"https:\/\/vof-news.eu\/de\/#\/schema\/person\/f6a2a4309f0561835797fd8c19b333ed"},"description":"Au\u00dfenminister Johann Wadephul (CDU) hat sich gegen Gebietsabtretungen f\u00fcr einen Frieden im Ukrainekrieg ausgesprochen. \"Gewalt darf","breadcrumb":{"@id":"https:\/\/vof-news.eu\/de\/johann-wadephul-spricht-sich-gegen-ukrainische-gebietsabtretungen-aus\/#breadcrumb"},"inLanguage":"de","potentialAction":[{"@type":"ReadAction","target":["https:\/\/vof-news.eu\/de\/johann-wadephul-spricht-sich-gegen-ukrainische-gebietsabtretungen-aus\/"]}]},{"@type":"ImageObject","inLanguage":"de","@id":"https:\/\/vof-news.eu\/de\/johann-wadephul-spricht-sich-gegen-ukrainische-gebietsabtretungen-aus\/#primaryimage","url":"https:\/\/vof-news.eu\/wp-content\/uploads\/2025\/08\/wide__1000x562-35.jpg","contentUrl":"https:\/\/vof-news.eu\/wp-content\/uploads\/2025\/08\/wide__1000x562-35.jpg","width":1000,"height":562},{"@type":"BreadcrumbList","@id":"https:\/\/vof-news.eu\/de\/johann-wadephul-spricht-sich-gegen-ukrainische-gebietsabtretungen-aus\/#breadcrumb","itemListElement":[{"@type":"ListItem","position":1,"name":"Home","item":"https:\/\/vof-news.eu\/de\/"},{"@type":"ListItem","position":2,"name":"Johann Wadephul spricht sich gegen ukrainische Gebietsabtretungen aus"}]},{"@type":"WebSite","@id":"https:\/\/vof-news.eu\/de\/#website","url":"https:\/\/vof-news.eu\/de\/","name":"vof-news.eu","description":"","potentialAction":[{"@type":"SearchAction","target":{"@type":"EntryPoint","urlTemplate":"https:\/\/vof-news.eu\/de\/?s={search_term_string}"},"query-input":"required name=search_term_string"}],"inLanguage":"de"},{"@type":"Person","@id":"https:\/\/vof-news.eu\/de\/#\/schema\/person\/f6a2a4309f0561835797fd8c19b333ed","name":"Author","image":{"@type":"ImageObject","inLanguage":"de","@id":"https:\/\/vof-news.eu\/de\/#\/schema\/person\/image\/","url":"https:\/\/secure.gravatar.com\/avatar\/b67e614b1b25b3e9c0c239efdd2fde5ab015b5affd6f1c3c85911ca4b384e790?s=96&d=mm&r=g","contentUrl":"https:\/\/secure.gravatar.com\/avatar\/b67e614b1b25b3e9c0c239efdd2fde5ab015b5affd6f1c3c85911ca4b384e790?s=96&d=mm&r=g","caption":"Author"},"sameAs":["http:\/\/vof-news.eu"],"url":"https:\/\/vof-news.eu\/de\/author\/zwt6qxnjulxbnyg\/"}]}},"yoast_meta":{"yoast_wpseo_title":"","yoast_wpseo_metadesc":"","yoast_wpseo_canonical":""},"_links":{"self":[{"href":"https:\/\/vof-news.eu\/de\/wp-json\/wp\/v2\/posts\/263952","targetHints":{"allow":["GET"]}}],"collection":[{"href":"https:\/\/vof-news.eu\/de\/wp-json\/wp\/v2\/posts"}],"about":[{"href":"https:\/\/vof-news.eu\/de\/wp-json\/wp\/v2\/types\/post"}],"author":[{"embeddable":true,"href":"https:\/\/vof-news.eu\/de\/wp-json\/wp\/v2\/users\/1"}],"replies":[{"embeddable":true,"href":"https:\/\/vof-news.eu\/de\/wp-json\/wp\/v2\/comments?post=263952"}],"version-history":[{"count":1,"href":"https:\/\/vof-news.eu\/de\/wp-json\/wp\/v2\/posts\/263952\/revisions"}],"predecessor-version":[{"id":263959,"href":"https:\/\/vof-news.eu\/de\/wp-json\/wp\/v2\/posts\/263952\/revisions\/263959"}],"wp:featuredmedia":[{"embeddable":true,"href":"https:\/\/vof-news.eu\/de\/wp-json\/wp\/v2\/media\/263953"}],"wp:attachment":[{"href":"https:\/\/vof-news.eu\/de\/wp-json\/wp\/v2\/media?parent=263952"}],"wp:term":[{"taxonomy":"category","embeddable":true,"href":"https:\/\/vof-news.eu\/de\/wp-json\/wp\/v2\/categories?post=263952"},{"taxonomy":"post_tag","embeddable":true,"href":"https:\/\/vof-news.eu\/de\/wp-json\/wp\/v2\/tags?post=263952"}],"curies":[{"name":"wp","href":"https:\/\/api.w.org\/{rel}","templated":true}]}}