{"id":263689,"date":"2025-08-11T13:28:12","date_gmt":"2025-08-11T10:28:12","guid":{"rendered":"https:\/\/vof-news.eu\/deutschland-exportiert-im-ersten-halbjahr-deutlich-mehr-in-die-ukraine\/"},"modified":"2025-08-11T13:29:17","modified_gmt":"2025-08-11T10:29:17","slug":"deutschland-exportiert-im-ersten-halbjahr-deutlich-mehr-in-die-ukraine","status":"publish","type":"post","link":"https:\/\/vof-news.eu\/de\/deutschland-exportiert-im-ersten-halbjahr-deutlich-mehr-in-die-ukraine\/","title":{"rendered":"Deutschland exportiert im ersten Halbjahr deutlich mehr in die Ukraine"},"content":{"rendered":"<div>\n<p>In der ersten Jahresh\u00e4lfte haben deutsche Exporte in die <span><a href=\"https:\/\/www.zeit.de\/thema\/krieg-in-ukraine\" rel=\"nofollow\">Ukraine<\/a><\/span> deutlich<br \/>\nzugenommen. Wie aus vorl\u00e4ufigen Daten des Statistischen Bundesamts hervorgeht,<br \/>\nstiegen sie um 30,2 Prozent auf mehr als 4,6 Milliarden Euro. Ukrainische<br \/>\nExporte nach Deutschland hingegen gingen um 4,5 Prozent auf gut 1,5 Milliarden<br \/>\nEuro zur\u00fcck.\n<\/p>\n<p>&#8222;Die <a href=\"https:\/\/www.zeit.de\/politik\/ausland\/2025-07\/ukraine-wiederaufbau-konferenz-rom-hilfspaket-merz-trump\" rel=\"nofollow\">Unterst\u00fctzung und der Wiederaufbau der Ukraine<\/a> bleiben zentrale<br \/>\nAufgaben f\u00fcr die europ\u00e4ische Politik und Wirtschaft&#8220;, sagte die<br \/>\nVorsitzende des Ost-Ausschusses der Deutschen Wirtschaft, Cathrina<br \/>\nClaas-M\u00fchlh\u00e4user. &#8222;Wir sehen dies als langfristiges Engagement f\u00fcr ein<br \/>\nzuk\u00fcnftiges EU-Mitgliedsland, von dem beide Seiten profitieren werden.&#8220;\n<\/p>\n<h2>Ukraine soll Korruption st\u00e4rker bek\u00e4mpfen<\/h2>\n<p>Eine m\u00f6gliche Schw\u00e4chung des Antikorruptionskampfes<br \/>\nin der Ukraine bereite deshalb Sorgen. Privatwirtschaftliches Engagement und Kapital f\u00fcr den<br \/>\nWiederaufbau seien angewiesen auf ein rechtssicheres Umfeld. &#8222;Es ist die<br \/>\nAufgabe der ukrainischen Politik, hier Vertrauen auf- und nicht<br \/>\nabzubauen&#8220;, sagte Claas-M\u00fchlh\u00e4user.\n<\/p>\n<p>Zuvor hatte die Ukraine nach massiven Protesten und deutlicher Kritik europ\u00e4ischer Verb\u00fcndeter die Unabh\u00e4ngigkeit von zwei Antikorruptionsbeh\u00f6rden<br \/>\nwiederhergestellt. Ende Juli verabschiedeten die Abgeordneten einen<br \/>\nGesetzentwurf, mit dem die unter Pr\u00e4sident Wolodymyr Selenskyj veranlassten\u00a0<a href=\"https:\/\/www.zeit.de\/politik\/ausland\/2025-07\/ukraine-parlament-korruption-gesetz-wolodymyr-selenskyj\" rel=\"nofollow\">Einschr\u00e4nkungen der Beh\u00f6rden wieder r\u00fcckg\u00e4ngig gemacht wurden<\/a>. Das Vorgehen<br \/>\nhatte eine schwere innenpolitische Krise in der Ukraine ausgel\u00f6st.\n<\/p>\n<h2>Au\u00dfenhandel mit Osteuropa und Zentralasien bei 275 Milliarden Euro<\/h2>\n<p>Der Au\u00dfenhandel mit den 29 Ziell\u00e4ndern des Ost-Ausschusses<br \/>\nin Mittel- und Osteuropa und Zentralasien legte in<br \/>\nden vergangenen sechs Monaten ebenfalls zu. Nach Angaben des Ausschusses stieg er um zwei Prozent auf 275 Milliarden Euro. &#8222;Der<br \/>\ndeutsche Osthandel gewinnt weiter an Zugkraft f\u00fcr<br \/>\ndie gesamte deutsche Wirtschaft&#8220;, sagte<br \/>\nClaas-M\u00fchlh\u00e4user. Die Exporte<br \/>\nin die Region seien deutlich gewachsen.\n<\/p>\n<p>Besonders Polen gewinnt weiter an Bedeutung f\u00fcr die deutsche<br \/>\nWirtschaft. Das bilaterale Handelsvolumen stieg im ersten<br \/>\nHalbjahr um 5,4 Prozent auf einen H\u00f6chstwert von \u00fcber 90 Milliarden<br \/>\nEuro. Damit liegt Polen als f\u00fcnftwichtigster<br \/>\nHandelspartner Deutschlands nur noch knapp hinter Frankreich mit einem Handelsvolumen von 92,6 Milliarden<br \/>\nEuro.\n<\/p>\n<\/div>\n","protected":false},"excerpt":{"rendered":"<p>In der ersten Jahresh\u00e4lfte haben deutsche Exporte in die Ukraine deutlich zugenommen. Wie aus vorl\u00e4ufigen Daten des Statistischen Bundesamts hervorgeht, stiegen sie um 30,2 Prozent auf mehr als 4,6 Milliarden Euro. Ukrainische Exporte nach Deutschland hingegen gingen um 4,5 Prozent auf gut 1,5 Milliarden Euro zur\u00fcck. &#8222;Die Unterst\u00fctzung und der Wiederaufbau der Ukraine bleiben zentrale<\/p>\n","protected":false},"author":1,"featured_media":263690,"comment_status":"open","ping_status":"open","sticky":false,"template":"","format":"standard","meta":{"footnotes":""},"categories":[116],"tags":[],"class_list":["post-263689","post","type-post","status-publish","format-standard","has-post-thumbnail","hentry","category-war-chronicles-de"],"acf":[],"yoast_head":"<!-- This site is optimized with the Yoast SEO plugin v22.9 - https:\/\/yoast.com\/wordpress\/plugins\/seo\/ -->\n<title>Deutschland exportiert im ersten Halbjahr deutlich mehr in die Ukraine - vof-news.eu<\/title>\n<meta name=\"description\" content=\"In der ersten Jahresh\u00e4lfte haben deutsche Exporte in die Ukraine deutlich\" \/>\n<meta name=\"robots\" content=\"noindex, follow, max-snippet:-1, max-image-preview:large, max-video-preview:-1\" \/>\n<meta property=\"og:locale\" content=\"de_DE\" \/>\n<meta property=\"og:type\" content=\"article\" \/>\n<meta property=\"og:title\" content=\"Deutschland exportiert im ersten Halbjahr deutlich mehr in die Ukraine - vof-news.eu\" \/>\n<meta property=\"og:description\" content=\"In der ersten Jahresh\u00e4lfte haben deutsche Exporte in die Ukraine deutlich\" \/>\n<meta property=\"og:url\" content=\"https:\/\/vof-news.eu\/de\/deutschland-exportiert-im-ersten-halbjahr-deutlich-mehr-in-die-ukraine\/\" \/>\n<meta property=\"og:site_name\" content=\"vof-news.eu\" \/>\n<meta property=\"article:published_time\" content=\"2025-08-11T10:28:12+00:00\" \/>\n<meta property=\"article:modified_time\" content=\"2025-08-11T10:29:17+00:00\" \/>\n<meta property=\"og:image\" content=\"https:\/\/vof-news.eu\/wp-content\/uploads\/2025\/08\/wide__1000x562-31.jpg\" \/>\n\t<meta property=\"og:image:width\" content=\"1000\" \/>\n\t<meta property=\"og:image:height\" content=\"562\" \/>\n\t<meta property=\"og:image:type\" content=\"image\/jpeg\" \/>\n<meta name=\"author\" content=\"Author\" \/>\n<meta name=\"twitter:card\" content=\"summary_large_image\" \/>\n<meta name=\"twitter:label1\" content=\"Verfasst von\" \/>\n\t<meta name=\"twitter:data1\" content=\"Author\" \/>\n\t<meta name=\"twitter:label2\" content=\"Gesch\u00e4tzte Lesezeit\" \/>\n\t<meta name=\"twitter:data2\" content=\"2\u00a0Minuten\" \/>\n<script type=\"application\/ld+json\" class=\"yoast-schema-graph\">{\"@context\":\"https:\/\/schema.org\",\"@graph\":[{\"@type\":\"WebPage\",\"@id\":\"https:\/\/vof-news.eu\/de\/deutschland-exportiert-im-ersten-halbjahr-deutlich-mehr-in-die-ukraine\/\",\"url\":\"https:\/\/vof-news.eu\/de\/deutschland-exportiert-im-ersten-halbjahr-deutlich-mehr-in-die-ukraine\/\",\"name\":\"Deutschland exportiert im ersten Halbjahr deutlich mehr in die Ukraine - vof-news.eu\",\"isPartOf\":{\"@id\":\"https:\/\/vof-news.eu\/de\/#website\"},\"primaryImageOfPage\":{\"@id\":\"https:\/\/vof-news.eu\/de\/deutschland-exportiert-im-ersten-halbjahr-deutlich-mehr-in-die-ukraine\/#primaryimage\"},\"image\":{\"@id\":\"https:\/\/vof-news.eu\/de\/deutschland-exportiert-im-ersten-halbjahr-deutlich-mehr-in-die-ukraine\/#primaryimage\"},\"thumbnailUrl\":\"https:\/\/vof-news.eu\/wp-content\/uploads\/2025\/08\/wide__1000x562-31.jpg\",\"datePublished\":\"2025-08-11T10:28:12+00:00\",\"dateModified\":\"2025-08-11T10:29:17+00:00\",\"author\":{\"@id\":\"https:\/\/vof-news.eu\/de\/#\/schema\/person\/f6a2a4309f0561835797fd8c19b333ed\"},\"description\":\"In der ersten Jahresh\u00e4lfte haben deutsche Exporte in die Ukraine deutlich\",\"breadcrumb\":{\"@id\":\"https:\/\/vof-news.eu\/de\/deutschland-exportiert-im-ersten-halbjahr-deutlich-mehr-in-die-ukraine\/#breadcrumb\"},\"inLanguage\":\"de\",\"potentialAction\":[{\"@type\":\"ReadAction\",\"target\":[\"https:\/\/vof-news.eu\/de\/deutschland-exportiert-im-ersten-halbjahr-deutlich-mehr-in-die-ukraine\/\"]}]},{\"@type\":\"ImageObject\",\"inLanguage\":\"de\",\"@id\":\"https:\/\/vof-news.eu\/de\/deutschland-exportiert-im-ersten-halbjahr-deutlich-mehr-in-die-ukraine\/#primaryimage\",\"url\":\"https:\/\/vof-news.eu\/wp-content\/uploads\/2025\/08\/wide__1000x562-31.jpg\",\"contentUrl\":\"https:\/\/vof-news.eu\/wp-content\/uploads\/2025\/08\/wide__1000x562-31.jpg\",\"width\":1000,\"height\":562},{\"@type\":\"BreadcrumbList\",\"@id\":\"https:\/\/vof-news.eu\/de\/deutschland-exportiert-im-ersten-halbjahr-deutlich-mehr-in-die-ukraine\/#breadcrumb\",\"itemListElement\":[{\"@type\":\"ListItem\",\"position\":1,\"name\":\"Home\",\"item\":\"https:\/\/vof-news.eu\/de\/\"},{\"@type\":\"ListItem\",\"position\":2,\"name\":\"Deutschland exportiert im ersten Halbjahr deutlich mehr in die Ukraine\"}]},{\"@type\":\"WebSite\",\"@id\":\"https:\/\/vof-news.eu\/de\/#website\",\"url\":\"https:\/\/vof-news.eu\/de\/\",\"name\":\"vof-news.eu\",\"description\":\"\",\"potentialAction\":[{\"@type\":\"SearchAction\",\"target\":{\"@type\":\"EntryPoint\",\"urlTemplate\":\"https:\/\/vof-news.eu\/de\/?s={search_term_string}\"},\"query-input\":\"required name=search_term_string\"}],\"inLanguage\":\"de\"},{\"@type\":\"Person\",\"@id\":\"https:\/\/vof-news.eu\/de\/#\/schema\/person\/f6a2a4309f0561835797fd8c19b333ed\",\"name\":\"Author\",\"image\":{\"@type\":\"ImageObject\",\"inLanguage\":\"de\",\"@id\":\"https:\/\/vof-news.eu\/de\/#\/schema\/person\/image\/\",\"url\":\"https:\/\/secure.gravatar.com\/avatar\/b67e614b1b25b3e9c0c239efdd2fde5ab015b5affd6f1c3c85911ca4b384e790?s=96&d=mm&r=g\",\"contentUrl\":\"https:\/\/secure.gravatar.com\/avatar\/b67e614b1b25b3e9c0c239efdd2fde5ab015b5affd6f1c3c85911ca4b384e790?s=96&d=mm&r=g\",\"caption\":\"Author\"},\"sameAs\":[\"http:\/\/vof-news.eu\"],\"url\":\"https:\/\/vof-news.eu\/de\/author\/zwt6qxnjulxbnyg\/\"}]}<\/script>\n<!-- \/ Yoast SEO plugin. -->","yoast_head_json":{"title":"Deutschland exportiert im ersten Halbjahr deutlich mehr in die Ukraine - vof-news.eu","description":"In der ersten Jahresh\u00e4lfte haben deutsche Exporte in die Ukraine deutlich","robots":{"index":"noindex","follow":"follow","max-snippet":"max-snippet:-1","max-image-preview":"max-image-preview:large","max-video-preview":"max-video-preview:-1"},"og_locale":"de_DE","og_type":"article","og_title":"Deutschland exportiert im ersten Halbjahr deutlich mehr in die Ukraine - vof-news.eu","og_description":"In der ersten Jahresh\u00e4lfte haben deutsche Exporte in die Ukraine deutlich","og_url":"https:\/\/vof-news.eu\/de\/deutschland-exportiert-im-ersten-halbjahr-deutlich-mehr-in-die-ukraine\/","og_site_name":"vof-news.eu","article_published_time":"2025-08-11T10:28:12+00:00","article_modified_time":"2025-08-11T10:29:17+00:00","og_image":[{"width":1000,"height":562,"url":"https:\/\/vof-news.eu\/wp-content\/uploads\/2025\/08\/wide__1000x562-31.jpg","type":"image\/jpeg"}],"author":"Author","twitter_card":"summary_large_image","twitter_misc":{"Verfasst von":"Author","Gesch\u00e4tzte Lesezeit":"2\u00a0Minuten"},"schema":{"@context":"https:\/\/schema.org","@graph":[{"@type":"WebPage","@id":"https:\/\/vof-news.eu\/de\/deutschland-exportiert-im-ersten-halbjahr-deutlich-mehr-in-die-ukraine\/","url":"https:\/\/vof-news.eu\/de\/deutschland-exportiert-im-ersten-halbjahr-deutlich-mehr-in-die-ukraine\/","name":"Deutschland exportiert im ersten Halbjahr deutlich mehr in die Ukraine - vof-news.eu","isPartOf":{"@id":"https:\/\/vof-news.eu\/de\/#website"},"primaryImageOfPage":{"@id":"https:\/\/vof-news.eu\/de\/deutschland-exportiert-im-ersten-halbjahr-deutlich-mehr-in-die-ukraine\/#primaryimage"},"image":{"@id":"https:\/\/vof-news.eu\/de\/deutschland-exportiert-im-ersten-halbjahr-deutlich-mehr-in-die-ukraine\/#primaryimage"},"thumbnailUrl":"https:\/\/vof-news.eu\/wp-content\/uploads\/2025\/08\/wide__1000x562-31.jpg","datePublished":"2025-08-11T10:28:12+00:00","dateModified":"2025-08-11T10:29:17+00:00","author":{"@id":"https:\/\/vof-news.eu\/de\/#\/schema\/person\/f6a2a4309f0561835797fd8c19b333ed"},"description":"In der ersten Jahresh\u00e4lfte haben deutsche Exporte in die Ukraine deutlich","breadcrumb":{"@id":"https:\/\/vof-news.eu\/de\/deutschland-exportiert-im-ersten-halbjahr-deutlich-mehr-in-die-ukraine\/#breadcrumb"},"inLanguage":"de","potentialAction":[{"@type":"ReadAction","target":["https:\/\/vof-news.eu\/de\/deutschland-exportiert-im-ersten-halbjahr-deutlich-mehr-in-die-ukraine\/"]}]},{"@type":"ImageObject","inLanguage":"de","@id":"https:\/\/vof-news.eu\/de\/deutschland-exportiert-im-ersten-halbjahr-deutlich-mehr-in-die-ukraine\/#primaryimage","url":"https:\/\/vof-news.eu\/wp-content\/uploads\/2025\/08\/wide__1000x562-31.jpg","contentUrl":"https:\/\/vof-news.eu\/wp-content\/uploads\/2025\/08\/wide__1000x562-31.jpg","width":1000,"height":562},{"@type":"BreadcrumbList","@id":"https:\/\/vof-news.eu\/de\/deutschland-exportiert-im-ersten-halbjahr-deutlich-mehr-in-die-ukraine\/#breadcrumb","itemListElement":[{"@type":"ListItem","position":1,"name":"Home","item":"https:\/\/vof-news.eu\/de\/"},{"@type":"ListItem","position":2,"name":"Deutschland exportiert im ersten Halbjahr deutlich mehr in die Ukraine"}]},{"@type":"WebSite","@id":"https:\/\/vof-news.eu\/de\/#website","url":"https:\/\/vof-news.eu\/de\/","name":"vof-news.eu","description":"","potentialAction":[{"@type":"SearchAction","target":{"@type":"EntryPoint","urlTemplate":"https:\/\/vof-news.eu\/de\/?s={search_term_string}"},"query-input":"required name=search_term_string"}],"inLanguage":"de"},{"@type":"Person","@id":"https:\/\/vof-news.eu\/de\/#\/schema\/person\/f6a2a4309f0561835797fd8c19b333ed","name":"Author","image":{"@type":"ImageObject","inLanguage":"de","@id":"https:\/\/vof-news.eu\/de\/#\/schema\/person\/image\/","url":"https:\/\/secure.gravatar.com\/avatar\/b67e614b1b25b3e9c0c239efdd2fde5ab015b5affd6f1c3c85911ca4b384e790?s=96&d=mm&r=g","contentUrl":"https:\/\/secure.gravatar.com\/avatar\/b67e614b1b25b3e9c0c239efdd2fde5ab015b5affd6f1c3c85911ca4b384e790?s=96&d=mm&r=g","caption":"Author"},"sameAs":["http:\/\/vof-news.eu"],"url":"https:\/\/vof-news.eu\/de\/author\/zwt6qxnjulxbnyg\/"}]}},"yoast_meta":{"yoast_wpseo_title":"","yoast_wpseo_metadesc":"","yoast_wpseo_canonical":""},"_links":{"self":[{"href":"https:\/\/vof-news.eu\/de\/wp-json\/wp\/v2\/posts\/263689","targetHints":{"allow":["GET"]}}],"collection":[{"href":"https:\/\/vof-news.eu\/de\/wp-json\/wp\/v2\/posts"}],"about":[{"href":"https:\/\/vof-news.eu\/de\/wp-json\/wp\/v2\/types\/post"}],"author":[{"embeddable":true,"href":"https:\/\/vof-news.eu\/de\/wp-json\/wp\/v2\/users\/1"}],"replies":[{"embeddable":true,"href":"https:\/\/vof-news.eu\/de\/wp-json\/wp\/v2\/comments?post=263689"}],"version-history":[{"count":1,"href":"https:\/\/vof-news.eu\/de\/wp-json\/wp\/v2\/posts\/263689\/revisions"}],"predecessor-version":[{"id":263696,"href":"https:\/\/vof-news.eu\/de\/wp-json\/wp\/v2\/posts\/263689\/revisions\/263696"}],"wp:featuredmedia":[{"embeddable":true,"href":"https:\/\/vof-news.eu\/de\/wp-json\/wp\/v2\/media\/263690"}],"wp:attachment":[{"href":"https:\/\/vof-news.eu\/de\/wp-json\/wp\/v2\/media?parent=263689"}],"wp:term":[{"taxonomy":"category","embeddable":true,"href":"https:\/\/vof-news.eu\/de\/wp-json\/wp\/v2\/categories?post=263689"},{"taxonomy":"post_tag","embeddable":true,"href":"https:\/\/vof-news.eu\/de\/wp-json\/wp\/v2\/tags?post=263689"}],"curies":[{"name":"wp","href":"https:\/\/api.w.org\/{rel}","templated":true}]}}