{"id":263568,"date":"2025-08-11T07:28:20","date_gmt":"2025-08-11T04:28:20","guid":{"rendered":"https:\/\/vof-news.eu\/nato-chef-halt-gesprache-uber-besetzte-gebiete-fur-unvermeidbar\/"},"modified":"2025-08-11T07:29:30","modified_gmt":"2025-08-11T04:29:30","slug":"nato-chef-halt-gesprache-uber-besetzte-gebiete-fur-unvermeidbar","status":"publish","type":"post","link":"https:\/\/vof-news.eu\/de\/nato-chef-halt-gesprache-uber-besetzte-gebiete-fur-unvermeidbar\/","title":{"rendered":"Nato-Chef h\u00e4lt Gespr\u00e4che \u00fcber besetzte Gebiete f\u00fcr unvermeidbar"},"content":{"rendered":"<div>\n<p>Vor dem Treffen von US-Pr\u00e4sident <a href=\"https:\/\/www.zeit.de\/thema\/donald-trump\" rel=\"nofollow\">Donald Trump<\/a> und Russlands Pr\u00e4sident <a href=\"https:\/\/www.zeit.de\/thema\/wladimir-putin\" rel=\"nofollow\">Wladimir Putin<\/a> zum <a href=\"https:\/\/www.zeit.de\/thema\/krieg-in-ukraine\" rel=\"nofollow\">Krieg in der Ukraine<\/a> r\u00fcckt die Debatte um m\u00f6gliche Gebietsabtretungen des von Russland angegriffenen Landes in den Mittelpunkt. Nato-Generalsekret\u00e4r <a href=\"https:\/\/www.zeit.de\/thema\/mark-rutte\" rel=\"nofollow\">Mark Rutte<\/a> machte deutlich, dass sich Gespr\u00e4che \u00fcber die von Russland kontrollierten Gebiete bei k\u00fcnftigen Verhandlungen kaum vermeiden lie\u00dfen. Der ukrainische Botschafter in Deutschland, Oleksij Makejew, warnte vor Gebietsabtretungen. Unterdessen wollen die EU-Au\u00dfenminister bei einer Videokonferenz ihre n\u00e4chsten Schritte besprechen.\u00a0\n<\/p>\n<p>&#8222;Europas Kerninteressen stehen auf dem Spiel&#8220;, teilte die EU-Au\u00dfenbeauftragte Kaja Kallas vor der Sondersitzung am Montag mit. Sie betonte, dass jede Vereinbarung zwischen den USA und Russland <a href=\"https:\/\/www.zeit.de\/politik\/ausland\/2025-08\/trump-putin-alaska-treffen-ukraine\" rel=\"nofollow\">die Ukraine und die EU einschlie\u00dfen<\/a> m\u00fcsse, &#8222;denn es geht um die Sicherheit der Ukraine und ganz Europas&#8220;. Russlands Aggression d\u00fcrfe nicht belohnt werden \u2013 die vor\u00fcbergehend russisch besetzten Gebiete geh\u00f6rten zur <span><a href=\"https:\/\/www.zeit.de\/politik\/ausland\/ukraine-krieg-russland-newsblog-live\" rel=\"nofollow\">Ukraine<\/a><\/span>.\n<\/p>\n<p>Nato-Generalsekret\u00e4r Rutte betonte zwar, die Ukraine sei ein souver\u00e4ner Staat, der seine geopolitische Zukunft selbst bestimme. Dem US-Sender ABC sagte er aber auch, neben einem Ende der Zerst\u00f6rung sei das zweite gro\u00dfe Thema die Frage der besetzten Gebiete. &#8222;Wir m\u00fcssen im Moment zur Kenntnis nehmen, dass Russland einen Teil des ukrainischen Territoriums kontrolliert.&#8220; Nach einer Waffenruhe werde sich die Frage stellen, wie es in territorialen Fragen und mit Blick auf m\u00f6gliche Sicherheitsgarantien f\u00fcr die Ukraine weitergehe.\u00a0\n<\/p>\n<p>Es sei wichtig, zwischen einer Anerkennung de facto und einer de jure zu unterscheiden, sagte Rutte. Eine m\u00f6gliche Einigung k\u00f6nne etwa festhalten, dass Russland faktisch bestimmte Gebiete kontrolliere, ohne dass diese Kontrolle rechtlich akzeptiert w\u00fcrde.\u00a0\n<\/p>\n<h2>Treffen zwischen Trump und Putin f\u00fcr Freitag geplant<\/h2>\n<p>Am Freitag wollen Trump und Putin <a href=\"https:\/\/www.zeit.de\/politik\/ausland\/2025-08\/treffen-alaska-donald-trump-wladimir-putin-ukraine-krieg-faq\" rel=\"nofollow\">im US-Bundesstaat Alaska<\/a> \u00fcber eine m\u00f6gliche Friedensl\u00f6sung in dem seit rund dreieinhalb Jahren dauernden russischen Angriffskrieg verhandeln. Trump stellt das Treffen in Alaska als Versuch dar, einem Ende der K\u00e4mpfe n\u00e4herzukommen. Er sprach in diesem Kontext von einem m\u00f6glichen Gebietstausch zwischen der Ukraine und Russland.\n<\/p>\n<p>Der ukrainische Pr\u00e4sident <a href=\"https:\/\/www.zeit.de\/thema\/wolodymyr-selenskyj\" rel=\"nofollow\">Wolodymyr Selenskyj<\/a> lehnt einen Verzicht auf die Gebiete kategorisch ab \u2013 und k\u00f6nnte dar\u00fcber auch nicht allein entscheiden. Eine Abtretung w\u00fcrde eine Verfassungs\u00e4nderung erfordern und wohl schwere innenpolitische Verwerfungen ausl\u00f6sen.\n<\/p>\n<p>Angesprochen auf die Debatte, ob die Ukraine f\u00fcr einen Friedensschluss Teile ihres Staatsgebiets aufgeben sollte, sagte der ukrainische Botschafter\u00a0Makejew im\u00a0des ZDF: &#8222;Wir m\u00fcssen verstehen, es geht nicht um Gebiete, es geht auch um Menschen.&#8220; Millionen Ukrainerinnen und Ukrainer lebten heute unter russischer Besatzung. Da seien Hunderttausende Kinder, die zu russischen umerzogen w\u00fcrden. Auch welche Menschenrechtsverletzungen in den besetzten Gebieten passierten, &#8222;k\u00f6nnen wir uns kaum vorstellen, weil wir kaum Zug\u00e4nge haben&#8220;. Deswegen k\u00f6nnten es sich die Ukraine und Europa nicht leisten, dies Putin zu \u00fcberlassen.\u00a0\n<\/p>\n<\/div>\n","protected":false},"excerpt":{"rendered":"<p>Vor dem Treffen von US-Pr\u00e4sident Donald Trump und Russlands Pr\u00e4sident Wladimir Putin zum Krieg in der Ukraine r\u00fcckt die Debatte um m\u00f6gliche Gebietsabtretungen des von Russland angegriffenen Landes in den Mittelpunkt. Nato-Generalsekret\u00e4r Mark Rutte machte deutlich, dass sich Gespr\u00e4che \u00fcber die von Russland kontrollierten Gebiete bei k\u00fcnftigen Verhandlungen kaum vermeiden lie\u00dfen. Der ukrainische Botschafter in<\/p>\n","protected":false},"author":1,"featured_media":263569,"comment_status":"open","ping_status":"open","sticky":false,"template":"","format":"standard","meta":{"footnotes":""},"categories":[116],"tags":[],"class_list":["post-263568","post","type-post","status-publish","format-standard","has-post-thumbnail","hentry","category-war-chronicles-de"],"acf":[],"yoast_head":"<!-- This site is optimized with the Yoast SEO plugin v22.9 - https:\/\/yoast.com\/wordpress\/plugins\/seo\/ -->\n<title>Nato-Chef h\u00e4lt Gespr\u00e4che \u00fcber besetzte Gebiete f\u00fcr unvermeidbar - vof-news.eu<\/title>\n<meta name=\"description\" content=\"Vor dem Treffen von US-Pr\u00e4sident Donald Trump und Russlands Pr\u00e4sident Wladimir Putin zum Krieg in der Ukraine r\u00fcckt die Debatte um m\u00f6gliche Gebietsabtretungen des von Russland angegriffenen Landes in den Mittelpunkt. Nato-Generalsekret\u00e4r Mark Rutte machte deutlich, dass sich Gespr\u00e4che \u00fcber die von Russland kontrollierten Gebiete bei k\u00fcnftigen Verhandlungen kaum vermeiden lie\u00dfen. Der ukrainische Botschafter in Deutschland, Oleksij Makejew, warnte vor Gebietsabtretungen. Unterdessen wollen die EU-Au\u00dfenminister bei einer Videokonferenz ihre n\u00e4chsten Schritte besprechen.\u00a0\" \/>\n<meta name=\"robots\" content=\"noindex, follow, max-snippet:-1, max-image-preview:large, max-video-preview:-1\" \/>\n<meta property=\"og:locale\" content=\"de_DE\" \/>\n<meta property=\"og:type\" content=\"article\" \/>\n<meta property=\"og:title\" content=\"Nato-Chef h\u00e4lt Gespr\u00e4che \u00fcber besetzte Gebiete f\u00fcr unvermeidbar - vof-news.eu\" \/>\n<meta property=\"og:description\" content=\"Vor dem Treffen von US-Pr\u00e4sident Donald Trump und Russlands Pr\u00e4sident Wladimir Putin zum Krieg in der Ukraine r\u00fcckt die Debatte um m\u00f6gliche Gebietsabtretungen des von Russland angegriffenen Landes in den Mittelpunkt. Nato-Generalsekret\u00e4r Mark Rutte machte deutlich, dass sich Gespr\u00e4che \u00fcber die von Russland kontrollierten Gebiete bei k\u00fcnftigen Verhandlungen kaum vermeiden lie\u00dfen. Der ukrainische Botschafter in Deutschland, Oleksij Makejew, warnte vor Gebietsabtretungen. Unterdessen wollen die EU-Au\u00dfenminister bei einer Videokonferenz ihre n\u00e4chsten Schritte besprechen.\u00a0\" \/>\n<meta property=\"og:url\" content=\"https:\/\/vof-news.eu\/de\/nato-chef-halt-gesprache-uber-besetzte-gebiete-fur-unvermeidbar\/\" \/>\n<meta property=\"og:site_name\" content=\"vof-news.eu\" \/>\n<meta property=\"article:published_time\" content=\"2025-08-11T04:28:20+00:00\" \/>\n<meta property=\"article:modified_time\" content=\"2025-08-11T04:29:30+00:00\" \/>\n<meta property=\"og:image\" content=\"https:\/\/vof-news.eu\/wp-content\/uploads\/2025\/08\/wide__1000x562-30.jpg\" \/>\n\t<meta property=\"og:image:width\" content=\"1000\" \/>\n\t<meta property=\"og:image:height\" content=\"562\" \/>\n\t<meta property=\"og:image:type\" content=\"image\/jpeg\" \/>\n<meta name=\"author\" content=\"Author\" \/>\n<meta name=\"twitter:card\" content=\"summary_large_image\" \/>\n<meta name=\"twitter:label1\" content=\"Verfasst von\" \/>\n\t<meta name=\"twitter:data1\" content=\"Author\" \/>\n\t<meta name=\"twitter:label2\" content=\"Gesch\u00e4tzte Lesezeit\" \/>\n\t<meta name=\"twitter:data2\" content=\"2\u00a0Minuten\" \/>\n<script type=\"application\/ld+json\" class=\"yoast-schema-graph\">{\"@context\":\"https:\/\/schema.org\",\"@graph\":[{\"@type\":\"WebPage\",\"@id\":\"https:\/\/vof-news.eu\/de\/nato-chef-halt-gesprache-uber-besetzte-gebiete-fur-unvermeidbar\/\",\"url\":\"https:\/\/vof-news.eu\/de\/nato-chef-halt-gesprache-uber-besetzte-gebiete-fur-unvermeidbar\/\",\"name\":\"Nato-Chef h\u00e4lt Gespr\u00e4che \u00fcber besetzte Gebiete f\u00fcr unvermeidbar - vof-news.eu\",\"isPartOf\":{\"@id\":\"https:\/\/vof-news.eu\/de\/#website\"},\"primaryImageOfPage\":{\"@id\":\"https:\/\/vof-news.eu\/de\/nato-chef-halt-gesprache-uber-besetzte-gebiete-fur-unvermeidbar\/#primaryimage\"},\"image\":{\"@id\":\"https:\/\/vof-news.eu\/de\/nato-chef-halt-gesprache-uber-besetzte-gebiete-fur-unvermeidbar\/#primaryimage\"},\"thumbnailUrl\":\"https:\/\/vof-news.eu\/wp-content\/uploads\/2025\/08\/wide__1000x562-30.jpg\",\"datePublished\":\"2025-08-11T04:28:20+00:00\",\"dateModified\":\"2025-08-11T04:29:30+00:00\",\"author\":{\"@id\":\"https:\/\/vof-news.eu\/de\/#\/schema\/person\/f6a2a4309f0561835797fd8c19b333ed\"},\"description\":\"Vor dem Treffen von US-Pr\u00e4sident Donald Trump und Russlands Pr\u00e4sident Wladimir Putin zum Krieg in der Ukraine r\u00fcckt die Debatte um m\u00f6gliche Gebietsabtretungen des von Russland angegriffenen Landes in den Mittelpunkt. Nato-Generalsekret\u00e4r Mark Rutte machte deutlich, dass sich Gespr\u00e4che \u00fcber die von Russland kontrollierten Gebiete bei k\u00fcnftigen Verhandlungen kaum vermeiden lie\u00dfen. Der ukrainische Botschafter in Deutschland, Oleksij Makejew, warnte vor Gebietsabtretungen. Unterdessen wollen die EU-Au\u00dfenminister bei einer Videokonferenz ihre n\u00e4chsten Schritte besprechen.\u00a0\",\"breadcrumb\":{\"@id\":\"https:\/\/vof-news.eu\/de\/nato-chef-halt-gesprache-uber-besetzte-gebiete-fur-unvermeidbar\/#breadcrumb\"},\"inLanguage\":\"de\",\"potentialAction\":[{\"@type\":\"ReadAction\",\"target\":[\"https:\/\/vof-news.eu\/de\/nato-chef-halt-gesprache-uber-besetzte-gebiete-fur-unvermeidbar\/\"]}]},{\"@type\":\"ImageObject\",\"inLanguage\":\"de\",\"@id\":\"https:\/\/vof-news.eu\/de\/nato-chef-halt-gesprache-uber-besetzte-gebiete-fur-unvermeidbar\/#primaryimage\",\"url\":\"https:\/\/vof-news.eu\/wp-content\/uploads\/2025\/08\/wide__1000x562-30.jpg\",\"contentUrl\":\"https:\/\/vof-news.eu\/wp-content\/uploads\/2025\/08\/wide__1000x562-30.jpg\",\"width\":1000,\"height\":562},{\"@type\":\"BreadcrumbList\",\"@id\":\"https:\/\/vof-news.eu\/de\/nato-chef-halt-gesprache-uber-besetzte-gebiete-fur-unvermeidbar\/#breadcrumb\",\"itemListElement\":[{\"@type\":\"ListItem\",\"position\":1,\"name\":\"Home\",\"item\":\"https:\/\/vof-news.eu\/de\/\"},{\"@type\":\"ListItem\",\"position\":2,\"name\":\"Nato-Chef h\u00e4lt Gespr\u00e4che \u00fcber besetzte Gebiete f\u00fcr unvermeidbar\"}]},{\"@type\":\"WebSite\",\"@id\":\"https:\/\/vof-news.eu\/de\/#website\",\"url\":\"https:\/\/vof-news.eu\/de\/\",\"name\":\"vof-news.eu\",\"description\":\"\",\"potentialAction\":[{\"@type\":\"SearchAction\",\"target\":{\"@type\":\"EntryPoint\",\"urlTemplate\":\"https:\/\/vof-news.eu\/de\/?s={search_term_string}\"},\"query-input\":\"required name=search_term_string\"}],\"inLanguage\":\"de\"},{\"@type\":\"Person\",\"@id\":\"https:\/\/vof-news.eu\/de\/#\/schema\/person\/f6a2a4309f0561835797fd8c19b333ed\",\"name\":\"Author\",\"image\":{\"@type\":\"ImageObject\",\"inLanguage\":\"de\",\"@id\":\"https:\/\/vof-news.eu\/de\/#\/schema\/person\/image\/\",\"url\":\"https:\/\/secure.gravatar.com\/avatar\/b67e614b1b25b3e9c0c239efdd2fde5ab015b5affd6f1c3c85911ca4b384e790?s=96&d=mm&r=g\",\"contentUrl\":\"https:\/\/secure.gravatar.com\/avatar\/b67e614b1b25b3e9c0c239efdd2fde5ab015b5affd6f1c3c85911ca4b384e790?s=96&d=mm&r=g\",\"caption\":\"Author\"},\"sameAs\":[\"http:\/\/vof-news.eu\"],\"url\":\"https:\/\/vof-news.eu\/de\/author\/zwt6qxnjulxbnyg\/\"}]}<\/script>\n<!-- \/ Yoast SEO plugin. -->","yoast_head_json":{"title":"Nato-Chef h\u00e4lt Gespr\u00e4che \u00fcber besetzte Gebiete f\u00fcr unvermeidbar - vof-news.eu","description":"Vor dem Treffen von US-Pr\u00e4sident Donald Trump und Russlands Pr\u00e4sident Wladimir Putin zum Krieg in der Ukraine r\u00fcckt die Debatte um m\u00f6gliche Gebietsabtretungen des von Russland angegriffenen Landes in den Mittelpunkt. Nato-Generalsekret\u00e4r Mark Rutte machte deutlich, dass sich Gespr\u00e4che \u00fcber die von Russland kontrollierten Gebiete bei k\u00fcnftigen Verhandlungen kaum vermeiden lie\u00dfen. Der ukrainische Botschafter in Deutschland, Oleksij Makejew, warnte vor Gebietsabtretungen. Unterdessen wollen die EU-Au\u00dfenminister bei einer Videokonferenz ihre n\u00e4chsten Schritte besprechen.\u00a0","robots":{"index":"noindex","follow":"follow","max-snippet":"max-snippet:-1","max-image-preview":"max-image-preview:large","max-video-preview":"max-video-preview:-1"},"og_locale":"de_DE","og_type":"article","og_title":"Nato-Chef h\u00e4lt Gespr\u00e4che \u00fcber besetzte Gebiete f\u00fcr unvermeidbar - vof-news.eu","og_description":"Vor dem Treffen von US-Pr\u00e4sident Donald Trump und Russlands Pr\u00e4sident Wladimir Putin zum Krieg in der Ukraine r\u00fcckt die Debatte um m\u00f6gliche Gebietsabtretungen des von Russland angegriffenen Landes in den Mittelpunkt. Nato-Generalsekret\u00e4r Mark Rutte machte deutlich, dass sich Gespr\u00e4che \u00fcber die von Russland kontrollierten Gebiete bei k\u00fcnftigen Verhandlungen kaum vermeiden lie\u00dfen. Der ukrainische Botschafter in Deutschland, Oleksij Makejew, warnte vor Gebietsabtretungen. Unterdessen wollen die EU-Au\u00dfenminister bei einer Videokonferenz ihre n\u00e4chsten Schritte besprechen.\u00a0","og_url":"https:\/\/vof-news.eu\/de\/nato-chef-halt-gesprache-uber-besetzte-gebiete-fur-unvermeidbar\/","og_site_name":"vof-news.eu","article_published_time":"2025-08-11T04:28:20+00:00","article_modified_time":"2025-08-11T04:29:30+00:00","og_image":[{"width":1000,"height":562,"url":"https:\/\/vof-news.eu\/wp-content\/uploads\/2025\/08\/wide__1000x562-30.jpg","type":"image\/jpeg"}],"author":"Author","twitter_card":"summary_large_image","twitter_misc":{"Verfasst von":"Author","Gesch\u00e4tzte Lesezeit":"2\u00a0Minuten"},"schema":{"@context":"https:\/\/schema.org","@graph":[{"@type":"WebPage","@id":"https:\/\/vof-news.eu\/de\/nato-chef-halt-gesprache-uber-besetzte-gebiete-fur-unvermeidbar\/","url":"https:\/\/vof-news.eu\/de\/nato-chef-halt-gesprache-uber-besetzte-gebiete-fur-unvermeidbar\/","name":"Nato-Chef h\u00e4lt Gespr\u00e4che \u00fcber besetzte Gebiete f\u00fcr unvermeidbar - vof-news.eu","isPartOf":{"@id":"https:\/\/vof-news.eu\/de\/#website"},"primaryImageOfPage":{"@id":"https:\/\/vof-news.eu\/de\/nato-chef-halt-gesprache-uber-besetzte-gebiete-fur-unvermeidbar\/#primaryimage"},"image":{"@id":"https:\/\/vof-news.eu\/de\/nato-chef-halt-gesprache-uber-besetzte-gebiete-fur-unvermeidbar\/#primaryimage"},"thumbnailUrl":"https:\/\/vof-news.eu\/wp-content\/uploads\/2025\/08\/wide__1000x562-30.jpg","datePublished":"2025-08-11T04:28:20+00:00","dateModified":"2025-08-11T04:29:30+00:00","author":{"@id":"https:\/\/vof-news.eu\/de\/#\/schema\/person\/f6a2a4309f0561835797fd8c19b333ed"},"description":"Vor dem Treffen von US-Pr\u00e4sident Donald Trump und Russlands Pr\u00e4sident Wladimir Putin zum Krieg in der Ukraine r\u00fcckt die Debatte um m\u00f6gliche Gebietsabtretungen des von Russland angegriffenen Landes in den Mittelpunkt. Nato-Generalsekret\u00e4r Mark Rutte machte deutlich, dass sich Gespr\u00e4che \u00fcber die von Russland kontrollierten Gebiete bei k\u00fcnftigen Verhandlungen kaum vermeiden lie\u00dfen. Der ukrainische Botschafter in Deutschland, Oleksij Makejew, warnte vor Gebietsabtretungen. Unterdessen wollen die EU-Au\u00dfenminister bei einer Videokonferenz ihre n\u00e4chsten Schritte besprechen.\u00a0","breadcrumb":{"@id":"https:\/\/vof-news.eu\/de\/nato-chef-halt-gesprache-uber-besetzte-gebiete-fur-unvermeidbar\/#breadcrumb"},"inLanguage":"de","potentialAction":[{"@type":"ReadAction","target":["https:\/\/vof-news.eu\/de\/nato-chef-halt-gesprache-uber-besetzte-gebiete-fur-unvermeidbar\/"]}]},{"@type":"ImageObject","inLanguage":"de","@id":"https:\/\/vof-news.eu\/de\/nato-chef-halt-gesprache-uber-besetzte-gebiete-fur-unvermeidbar\/#primaryimage","url":"https:\/\/vof-news.eu\/wp-content\/uploads\/2025\/08\/wide__1000x562-30.jpg","contentUrl":"https:\/\/vof-news.eu\/wp-content\/uploads\/2025\/08\/wide__1000x562-30.jpg","width":1000,"height":562},{"@type":"BreadcrumbList","@id":"https:\/\/vof-news.eu\/de\/nato-chef-halt-gesprache-uber-besetzte-gebiete-fur-unvermeidbar\/#breadcrumb","itemListElement":[{"@type":"ListItem","position":1,"name":"Home","item":"https:\/\/vof-news.eu\/de\/"},{"@type":"ListItem","position":2,"name":"Nato-Chef h\u00e4lt Gespr\u00e4che \u00fcber besetzte Gebiete f\u00fcr unvermeidbar"}]},{"@type":"WebSite","@id":"https:\/\/vof-news.eu\/de\/#website","url":"https:\/\/vof-news.eu\/de\/","name":"vof-news.eu","description":"","potentialAction":[{"@type":"SearchAction","target":{"@type":"EntryPoint","urlTemplate":"https:\/\/vof-news.eu\/de\/?s={search_term_string}"},"query-input":"required name=search_term_string"}],"inLanguage":"de"},{"@type":"Person","@id":"https:\/\/vof-news.eu\/de\/#\/schema\/person\/f6a2a4309f0561835797fd8c19b333ed","name":"Author","image":{"@type":"ImageObject","inLanguage":"de","@id":"https:\/\/vof-news.eu\/de\/#\/schema\/person\/image\/","url":"https:\/\/secure.gravatar.com\/avatar\/b67e614b1b25b3e9c0c239efdd2fde5ab015b5affd6f1c3c85911ca4b384e790?s=96&d=mm&r=g","contentUrl":"https:\/\/secure.gravatar.com\/avatar\/b67e614b1b25b3e9c0c239efdd2fde5ab015b5affd6f1c3c85911ca4b384e790?s=96&d=mm&r=g","caption":"Author"},"sameAs":["http:\/\/vof-news.eu"],"url":"https:\/\/vof-news.eu\/de\/author\/zwt6qxnjulxbnyg\/"}]}},"yoast_meta":{"yoast_wpseo_title":"","yoast_wpseo_metadesc":"","yoast_wpseo_canonical":""},"_links":{"self":[{"href":"https:\/\/vof-news.eu\/de\/wp-json\/wp\/v2\/posts\/263568","targetHints":{"allow":["GET"]}}],"collection":[{"href":"https:\/\/vof-news.eu\/de\/wp-json\/wp\/v2\/posts"}],"about":[{"href":"https:\/\/vof-news.eu\/de\/wp-json\/wp\/v2\/types\/post"}],"author":[{"embeddable":true,"href":"https:\/\/vof-news.eu\/de\/wp-json\/wp\/v2\/users\/1"}],"replies":[{"embeddable":true,"href":"https:\/\/vof-news.eu\/de\/wp-json\/wp\/v2\/comments?post=263568"}],"version-history":[{"count":1,"href":"https:\/\/vof-news.eu\/de\/wp-json\/wp\/v2\/posts\/263568\/revisions"}],"predecessor-version":[{"id":263575,"href":"https:\/\/vof-news.eu\/de\/wp-json\/wp\/v2\/posts\/263568\/revisions\/263575"}],"wp:featuredmedia":[{"embeddable":true,"href":"https:\/\/vof-news.eu\/de\/wp-json\/wp\/v2\/media\/263569"}],"wp:attachment":[{"href":"https:\/\/vof-news.eu\/de\/wp-json\/wp\/v2\/media?parent=263568"}],"wp:term":[{"taxonomy":"category","embeddable":true,"href":"https:\/\/vof-news.eu\/de\/wp-json\/wp\/v2\/categories?post=263568"},{"taxonomy":"post_tag","embeddable":true,"href":"https:\/\/vof-news.eu\/de\/wp-json\/wp\/v2\/tags?post=263568"}],"curies":[{"name":"wp","href":"https:\/\/api.w.org\/{rel}","templated":true}]}}