{"id":263341,"date":"2025-08-09T17:28:07","date_gmt":"2025-08-09T14:28:07","guid":{"rendered":"https:\/\/vof-news.eu\/was-donald-trump-und-wladimir-putin-in-alaska-besprechen-wollen\/"},"modified":"2025-08-09T17:28:50","modified_gmt":"2025-08-09T14:28:50","slug":"was-donald-trump-und-wladimir-putin-in-alaska-besprechen-wollen","status":"publish","type":"post","link":"https:\/\/vof-news.eu\/de\/was-donald-trump-und-wladimir-putin-in-alaska-besprechen-wollen\/","title":{"rendered":"Was Donald Trump und Wladimir Putin in Alaska besprechen wollen"},"content":{"rendered":"<div>\n<nav>\n<h2>Alle Fragen im \u00dcberblick:<\/h2>\n<ul>\n<li>\n<a href=\"https:\/\/www.zeit.de#was-planen-donald-trump-und-wladimir-putin\" rel=\"nofollow\"><br \/>\n<span><b>Was planen Donald Trump und Wladimir Putin?<\/b><br \/>\n<\/span><\/p>\n<p><\/a>\n<\/li>\n<li>\n<a href=\"https:\/\/www.zeit.de#worum-soll-es-bei-dem-treffen-konkret-gehen\" rel=\"nofollow\"><br \/>\n<span><b>Worum soll es bei dem Treffen konkret gehen?<\/b><\/span><\/p>\n<p><\/a>\n<\/li>\n<li>\n<a href=\"https:\/\/www.zeit.de#wie-kam-es-zu-der-ankuendigung\" rel=\"nofollow\"><br \/>\n<span><b>Wie kam es zu der Ank\u00fcndigung?<\/b><\/span><\/p>\n<p><\/a>\n<\/li>\n<li>\n<a href=\"https:\/\/www.zeit.de#wie-reagiert-die-ukraine\" rel=\"nofollow\"><br \/>\n<span><b>Wie reagiert die Ukraine?<\/b><\/span><\/p>\n<p><\/a>\n<\/li>\n<li>\n<a href=\"https:\/\/www.zeit.de#wie-reagieren-die-europaeischen-staaten\" rel=\"nofollow\"><br \/>\n<span><br \/>\n<b>Wie reagieren die europ\u00e4ischen Staaten?<\/b><\/span><\/p>\n<p><\/a>\n<\/li>\n<li>\n<a href=\"https:\/\/www.zeit.de#warum-ausgerechnet-alaska\" rel=\"nofollow\"><br \/>\n<span><b>Warum ausgerechnet Alaska?<\/b><\/span><\/p>\n<p><\/a>\n<\/li>\n<li>\n<a href=\"https:\/\/www.zeit.de#wann-haben-sich-putin-und-trump-das-letzte-mal-getroffen\" rel=\"nofollow\"><br \/>\n<span><b>Wann haben sich Putin und Trump das letzte Mal getroffen?<\/b><\/span><\/p>\n<p><\/a>\n<\/li>\n<\/ul>\n<\/nav>\n<\/div>\n","protected":false},"excerpt":{"rendered":"<p>Alle Fragen im \u00dcberblick: Was planen Donald Trump und Wladimir Putin? Worum soll es bei dem Treffen konkret gehen? Wie kam es zu der Ank\u00fcndigung? Wie reagiert die Ukraine? Wie reagieren die europ\u00e4ischen Staaten? Warum ausgerechnet Alaska? Wann haben sich Putin und Trump das letzte Mal getroffen?<\/p>\n","protected":false},"author":1,"featured_media":263342,"comment_status":"open","ping_status":"open","sticky":false,"template":"","format":"standard","meta":{"footnotes":""},"categories":[116],"tags":[],"class_list":["post-263341","post","type-post","status-publish","format-standard","has-post-thumbnail","hentry","category-war-chronicles-de"],"acf":[],"yoast_head":"<!-- This site is optimized with the Yoast SEO plugin v22.9 - https:\/\/yoast.com\/wordpress\/plugins\/seo\/ -->\n<title>Was Donald Trump und Wladimir Putin in Alaska besprechen wollen - vof-news.eu<\/title>\n<meta name=\"description\" content=\"Alle Fragen im \u00dcberblick:\" \/>\n<meta name=\"robots\" content=\"noindex, follow, max-snippet:-1, max-image-preview:large, max-video-preview:-1\" \/>\n<meta property=\"og:locale\" content=\"de_DE\" \/>\n<meta property=\"og:type\" content=\"article\" \/>\n<meta property=\"og:title\" content=\"Was Donald Trump und Wladimir Putin in Alaska besprechen wollen - vof-news.eu\" \/>\n<meta property=\"og:description\" content=\"Alle Fragen im \u00dcberblick:\" \/>\n<meta property=\"og:url\" content=\"https:\/\/vof-news.eu\/de\/was-donald-trump-und-wladimir-putin-in-alaska-besprechen-wollen\/\" \/>\n<meta property=\"og:site_name\" content=\"vof-news.eu\" \/>\n<meta property=\"article:published_time\" content=\"2025-08-09T14:28:07+00:00\" \/>\n<meta property=\"article:modified_time\" content=\"2025-08-09T14:28:50+00:00\" \/>\n<meta property=\"og:image\" content=\"https:\/\/vof-news.eu\/wp-content\/uploads\/2025\/08\/wide__1000x562-27.jpg\" \/>\n\t<meta property=\"og:image:width\" content=\"1000\" \/>\n\t<meta property=\"og:image:height\" content=\"562\" \/>\n\t<meta property=\"og:image:type\" content=\"image\/jpeg\" \/>\n<meta name=\"author\" content=\"Author\" \/>\n<meta name=\"twitter:card\" content=\"summary_large_image\" \/>\n<meta name=\"twitter:label1\" content=\"Verfasst von\" \/>\n\t<meta name=\"twitter:data1\" content=\"Author\" \/>\n<script type=\"application\/ld+json\" class=\"yoast-schema-graph\">{\"@context\":\"https:\/\/schema.org\",\"@graph\":[{\"@type\":\"WebPage\",\"@id\":\"https:\/\/vof-news.eu\/de\/was-donald-trump-und-wladimir-putin-in-alaska-besprechen-wollen\/\",\"url\":\"https:\/\/vof-news.eu\/de\/was-donald-trump-und-wladimir-putin-in-alaska-besprechen-wollen\/\",\"name\":\"Was Donald Trump und Wladimir Putin in Alaska besprechen wollen - vof-news.eu\",\"isPartOf\":{\"@id\":\"https:\/\/vof-news.eu\/de\/#website\"},\"primaryImageOfPage\":{\"@id\":\"https:\/\/vof-news.eu\/de\/was-donald-trump-und-wladimir-putin-in-alaska-besprechen-wollen\/#primaryimage\"},\"image\":{\"@id\":\"https:\/\/vof-news.eu\/de\/was-donald-trump-und-wladimir-putin-in-alaska-besprechen-wollen\/#primaryimage\"},\"thumbnailUrl\":\"https:\/\/vof-news.eu\/wp-content\/uploads\/2025\/08\/wide__1000x562-27.jpg\",\"datePublished\":\"2025-08-09T14:28:07+00:00\",\"dateModified\":\"2025-08-09T14:28:50+00:00\",\"author\":{\"@id\":\"https:\/\/vof-news.eu\/de\/#\/schema\/person\/f6a2a4309f0561835797fd8c19b333ed\"},\"description\":\"Alle Fragen im \u00dcberblick:\",\"breadcrumb\":{\"@id\":\"https:\/\/vof-news.eu\/de\/was-donald-trump-und-wladimir-putin-in-alaska-besprechen-wollen\/#breadcrumb\"},\"inLanguage\":\"de\",\"potentialAction\":[{\"@type\":\"ReadAction\",\"target\":[\"https:\/\/vof-news.eu\/de\/was-donald-trump-und-wladimir-putin-in-alaska-besprechen-wollen\/\"]}]},{\"@type\":\"ImageObject\",\"inLanguage\":\"de\",\"@id\":\"https:\/\/vof-news.eu\/de\/was-donald-trump-und-wladimir-putin-in-alaska-besprechen-wollen\/#primaryimage\",\"url\":\"https:\/\/vof-news.eu\/wp-content\/uploads\/2025\/08\/wide__1000x562-27.jpg\",\"contentUrl\":\"https:\/\/vof-news.eu\/wp-content\/uploads\/2025\/08\/wide__1000x562-27.jpg\",\"width\":1000,\"height\":562},{\"@type\":\"BreadcrumbList\",\"@id\":\"https:\/\/vof-news.eu\/de\/was-donald-trump-und-wladimir-putin-in-alaska-besprechen-wollen\/#breadcrumb\",\"itemListElement\":[{\"@type\":\"ListItem\",\"position\":1,\"name\":\"Home\",\"item\":\"https:\/\/vof-news.eu\/de\/\"},{\"@type\":\"ListItem\",\"position\":2,\"name\":\"Was Donald Trump und Wladimir Putin in Alaska besprechen wollen\"}]},{\"@type\":\"WebSite\",\"@id\":\"https:\/\/vof-news.eu\/de\/#website\",\"url\":\"https:\/\/vof-news.eu\/de\/\",\"name\":\"vof-news.eu\",\"description\":\"\",\"potentialAction\":[{\"@type\":\"SearchAction\",\"target\":{\"@type\":\"EntryPoint\",\"urlTemplate\":\"https:\/\/vof-news.eu\/de\/?s={search_term_string}\"},\"query-input\":\"required name=search_term_string\"}],\"inLanguage\":\"de\"},{\"@type\":\"Person\",\"@id\":\"https:\/\/vof-news.eu\/de\/#\/schema\/person\/f6a2a4309f0561835797fd8c19b333ed\",\"name\":\"Author\",\"image\":{\"@type\":\"ImageObject\",\"inLanguage\":\"de\",\"@id\":\"https:\/\/vof-news.eu\/de\/#\/schema\/person\/image\/\",\"url\":\"https:\/\/secure.gravatar.com\/avatar\/b67e614b1b25b3e9c0c239efdd2fde5ab015b5affd6f1c3c85911ca4b384e790?s=96&d=mm&r=g\",\"contentUrl\":\"https:\/\/secure.gravatar.com\/avatar\/b67e614b1b25b3e9c0c239efdd2fde5ab015b5affd6f1c3c85911ca4b384e790?s=96&d=mm&r=g\",\"caption\":\"Author\"},\"sameAs\":[\"http:\/\/vof-news.eu\"],\"url\":\"https:\/\/vof-news.eu\/de\/author\/zwt6qxnjulxbnyg\/\"}]}<\/script>\n<!-- \/ Yoast SEO plugin. -->","yoast_head_json":{"title":"Was Donald Trump und Wladimir Putin in Alaska besprechen wollen - vof-news.eu","description":"Alle Fragen im \u00dcberblick:","robots":{"index":"noindex","follow":"follow","max-snippet":"max-snippet:-1","max-image-preview":"max-image-preview:large","max-video-preview":"max-video-preview:-1"},"og_locale":"de_DE","og_type":"article","og_title":"Was Donald Trump und Wladimir Putin in Alaska besprechen wollen - vof-news.eu","og_description":"Alle Fragen im \u00dcberblick:","og_url":"https:\/\/vof-news.eu\/de\/was-donald-trump-und-wladimir-putin-in-alaska-besprechen-wollen\/","og_site_name":"vof-news.eu","article_published_time":"2025-08-09T14:28:07+00:00","article_modified_time":"2025-08-09T14:28:50+00:00","og_image":[{"width":1000,"height":562,"url":"https:\/\/vof-news.eu\/wp-content\/uploads\/2025\/08\/wide__1000x562-27.jpg","type":"image\/jpeg"}],"author":"Author","twitter_card":"summary_large_image","twitter_misc":{"Verfasst von":"Author"},"schema":{"@context":"https:\/\/schema.org","@graph":[{"@type":"WebPage","@id":"https:\/\/vof-news.eu\/de\/was-donald-trump-und-wladimir-putin-in-alaska-besprechen-wollen\/","url":"https:\/\/vof-news.eu\/de\/was-donald-trump-und-wladimir-putin-in-alaska-besprechen-wollen\/","name":"Was Donald Trump und Wladimir Putin in Alaska besprechen wollen - vof-news.eu","isPartOf":{"@id":"https:\/\/vof-news.eu\/de\/#website"},"primaryImageOfPage":{"@id":"https:\/\/vof-news.eu\/de\/was-donald-trump-und-wladimir-putin-in-alaska-besprechen-wollen\/#primaryimage"},"image":{"@id":"https:\/\/vof-news.eu\/de\/was-donald-trump-und-wladimir-putin-in-alaska-besprechen-wollen\/#primaryimage"},"thumbnailUrl":"https:\/\/vof-news.eu\/wp-content\/uploads\/2025\/08\/wide__1000x562-27.jpg","datePublished":"2025-08-09T14:28:07+00:00","dateModified":"2025-08-09T14:28:50+00:00","author":{"@id":"https:\/\/vof-news.eu\/de\/#\/schema\/person\/f6a2a4309f0561835797fd8c19b333ed"},"description":"Alle Fragen im \u00dcberblick:","breadcrumb":{"@id":"https:\/\/vof-news.eu\/de\/was-donald-trump-und-wladimir-putin-in-alaska-besprechen-wollen\/#breadcrumb"},"inLanguage":"de","potentialAction":[{"@type":"ReadAction","target":["https:\/\/vof-news.eu\/de\/was-donald-trump-und-wladimir-putin-in-alaska-besprechen-wollen\/"]}]},{"@type":"ImageObject","inLanguage":"de","@id":"https:\/\/vof-news.eu\/de\/was-donald-trump-und-wladimir-putin-in-alaska-besprechen-wollen\/#primaryimage","url":"https:\/\/vof-news.eu\/wp-content\/uploads\/2025\/08\/wide__1000x562-27.jpg","contentUrl":"https:\/\/vof-news.eu\/wp-content\/uploads\/2025\/08\/wide__1000x562-27.jpg","width":1000,"height":562},{"@type":"BreadcrumbList","@id":"https:\/\/vof-news.eu\/de\/was-donald-trump-und-wladimir-putin-in-alaska-besprechen-wollen\/#breadcrumb","itemListElement":[{"@type":"ListItem","position":1,"name":"Home","item":"https:\/\/vof-news.eu\/de\/"},{"@type":"ListItem","position":2,"name":"Was Donald Trump und Wladimir Putin in Alaska besprechen wollen"}]},{"@type":"WebSite","@id":"https:\/\/vof-news.eu\/de\/#website","url":"https:\/\/vof-news.eu\/de\/","name":"vof-news.eu","description":"","potentialAction":[{"@type":"SearchAction","target":{"@type":"EntryPoint","urlTemplate":"https:\/\/vof-news.eu\/de\/?s={search_term_string}"},"query-input":"required name=search_term_string"}],"inLanguage":"de"},{"@type":"Person","@id":"https:\/\/vof-news.eu\/de\/#\/schema\/person\/f6a2a4309f0561835797fd8c19b333ed","name":"Author","image":{"@type":"ImageObject","inLanguage":"de","@id":"https:\/\/vof-news.eu\/de\/#\/schema\/person\/image\/","url":"https:\/\/secure.gravatar.com\/avatar\/b67e614b1b25b3e9c0c239efdd2fde5ab015b5affd6f1c3c85911ca4b384e790?s=96&d=mm&r=g","contentUrl":"https:\/\/secure.gravatar.com\/avatar\/b67e614b1b25b3e9c0c239efdd2fde5ab015b5affd6f1c3c85911ca4b384e790?s=96&d=mm&r=g","caption":"Author"},"sameAs":["http:\/\/vof-news.eu"],"url":"https:\/\/vof-news.eu\/de\/author\/zwt6qxnjulxbnyg\/"}]}},"yoast_meta":{"yoast_wpseo_title":"","yoast_wpseo_metadesc":"","yoast_wpseo_canonical":""},"_links":{"self":[{"href":"https:\/\/vof-news.eu\/de\/wp-json\/wp\/v2\/posts\/263341","targetHints":{"allow":["GET"]}}],"collection":[{"href":"https:\/\/vof-news.eu\/de\/wp-json\/wp\/v2\/posts"}],"about":[{"href":"https:\/\/vof-news.eu\/de\/wp-json\/wp\/v2\/types\/post"}],"author":[{"embeddable":true,"href":"https:\/\/vof-news.eu\/de\/wp-json\/wp\/v2\/users\/1"}],"replies":[{"embeddable":true,"href":"https:\/\/vof-news.eu\/de\/wp-json\/wp\/v2\/comments?post=263341"}],"version-history":[{"count":1,"href":"https:\/\/vof-news.eu\/de\/wp-json\/wp\/v2\/posts\/263341\/revisions"}],"predecessor-version":[{"id":263348,"href":"https:\/\/vof-news.eu\/de\/wp-json\/wp\/v2\/posts\/263341\/revisions\/263348"}],"wp:featuredmedia":[{"embeddable":true,"href":"https:\/\/vof-news.eu\/de\/wp-json\/wp\/v2\/media\/263342"}],"wp:attachment":[{"href":"https:\/\/vof-news.eu\/de\/wp-json\/wp\/v2\/media?parent=263341"}],"wp:term":[{"taxonomy":"category","embeddable":true,"href":"https:\/\/vof-news.eu\/de\/wp-json\/wp\/v2\/categories?post=263341"},{"taxonomy":"post_tag","embeddable":true,"href":"https:\/\/vof-news.eu\/de\/wp-json\/wp\/v2\/tags?post=263341"}],"curies":[{"name":"wp","href":"https:\/\/api.w.org\/{rel}","templated":true}]}}