{"id":263307,"date":"2025-08-09T13:28:12","date_gmt":"2025-08-09T10:28:12","guid":{"rendered":"https:\/\/vof-news.eu\/selenskyj-weist-trumps-vorschlag-zu-gebietsabtretungen-ab\/"},"modified":"2025-08-09T13:29:26","modified_gmt":"2025-08-09T10:29:26","slug":"selenskyj-weist-trumps-vorschlag-zu-gebietsabtretungen-ab","status":"publish","type":"post","link":"https:\/\/vof-news.eu\/de\/selenskyj-weist-trumps-vorschlag-zu-gebietsabtretungen-ab\/","title":{"rendered":"Selenskyj weist Trumps Vorschlag zu Gebietsabtretungen ab"},"content":{"rendered":"<div>\n<p>Vor dem geplanten Gipfeltreffen zwischen den USA und Russland hat sich der <a href=\"https:\/\/www.zeit.de\/thema\/wolodymyr-selenskyj\" rel=\"nofollow\">ukrainische Pr\u00e4sident\u00a0Wolodymyr Selenskyj<\/a> gegen\u00a0Gebietsabtretungen ausgesprochen und\u00a0vor &#8222;Entscheidungen ohne die Ukraine&#8220; gewarnt.\u00a0&#8222;Die Antwort auf die territorialen Fragen der Ukraine steht in der<br \/>\nVerfassung der Ukraine&#8220;, sagte er in einer Videobotschaft auf der<br \/>\nPlattform X. Davon werde und k\u00f6nne niemand abweichen.\n<\/p>\n<p>Als Bedingung f\u00fcr ein Friedensabkommen wurden Gebietsabtretungen von russischer Seite immer wieder ins Gespr\u00e4ch gebracht. Putin fordert vor dem geplanten Treffen mit Trump laut Medienberichten etwa die volle Kontrolle \u00fcber die ostukrainischen Gebiete Donezk und Luhansk.\u00a0Trump sprach indessen von einem &#8222;Gebietsaustausch&#8220;, der f\u00fcr einen Waffenstillstand erforderlich sein k\u00f6nnte. \n<\/p>\n<p>Das w\u00fcrde laut Trump Gebiete betreffen, die bislang entweder von russischen oder ukrainischen Truppen gehalten<br \/>\nw\u00fcrden. Diese sollten &#8222;zum Wohl beider Seiten&#8220; ausgetauscht werden. <a href=\"https:\/\/www.zeit.de\/politik\/ausland\/karte-ukraine-krieg-russland-frontverlauf-truppenbewegungen\" rel=\"nofollow\">Angesichts des Frontverlaufs<\/a> w\u00fcrde dieser Schritt f\u00fcr die <span><a href=\"https:\/\/www.zeit.de\/politik\/ausland\/ukraine-krieg-russland-newsblog-live\" rel=\"nofollow\">Ukraine<\/a><\/span> enorme Gebietsverluste bedeuten.\n<\/p>\n<h2>&#8222;Wir werden Russland nicht f\u00fcr seine Taten belohnen&#8220;<\/h2>\n<p>&#8222;Nat\u00fcrlich werden wir Russland nicht f\u00fcr seine Taten belohnen&#8220;, sagte Selenskyj in dem Video. Alle Partner m\u00fcssten verstehen, was ein &#8222;w\u00fcrdiger Frieden&#8220; ist. &#8222;Die Ukrainer werden ihr Land nicht dem Besatzer schenken&#8220;, k\u00fcndigte er an. F\u00fcr &#8222;einen echten und vor allem anhaltenden Frieden&#8220; wolle die Ukraine mit US-Pr\u00e4sident Trump und ihren anderen Partnern zusammenarbeiten, hie\u00df es weiter.\u00a0\n<\/p>\n<p>In seiner Botschaft kritisierte Selenskyj aber auch <a href=\"https:\/\/www.zeit.de\/politik\/ausland\/2025-08\/trump-kuendigt-treffen-mit-putin-am-kommenden-freitag-in-alaska-an\" rel=\"nofollow\">das f\u00fcr den 15. August im n\u00f6rdlichen US-Bundesstaat Alaska<\/a> geplante Treffen zwischen Trump und Putin, das ohne ihn stattfinden soll.\u00a0Putin hatte zuvor ein Dreiertreffen mit Trump und Selenskyj ausgeschlossen. Das Treffen finde &#8222;sehr weit entfernt von diesem Krieg&#8220; statt, sagte der<br \/>\n ukrainische Pr\u00e4sident. Dabei k\u00f6nne dieser &#8222;ohnehin nicht ohne uns, ohne<br \/>\n die Ukraine, beendet werden&#8220;.\n<\/p>\n<p>&#8222;Jede Entscheidung gegen uns, jede Entscheidung ohne die Ukraine ist auch eine Entscheidung gegen den Frieden&#8220;, warnte\u00a0Selenskyj auf X. Ohne eine Beteiligung der ukrainischen F\u00fchrung k\u00f6nne bei dem Gipfel nichts erreicht werden.\n<\/p>\n<h2>Putin und Trump treffen sich in Alaska<\/h2>\n<p>Das Treffen in der kommenden Woche wurde zuletzt von Russland und den USA best\u00e4tigt. Putin l\u00e4dt Trump nach Angaben des Kreml im Anschluss nach Russland ein. Beide Staatschefs haben sich zuletzt 2019 am Rande eines G20-Gipfels in<br \/>\nJapan pers\u00f6nlich getroffen. Der russische Pr\u00e4sident war zuletzt 2015 \u2013\u00a0unter der Pr\u00e4sidentschaft von Barack Obama \u2013 in die Vereinigten Staaten gereist.\n<\/p>\n<p>In den vergangenen Wochen hatte Trumps zun\u00e4chst wohlwollende Haltung gegen\u00fcber der russischen F\u00fchrung zunehmend nachgelassen. Im Juli hatte der US-Pr\u00e4sident Putin ein\u00a0<a href=\"https:\/\/www.zeit.de\/politik\/ausland\/2025-07\/russland-sanktionen-reaktion-usa-trump\" rel=\"nofollow\">Ultimatum f\u00fcr die Beendigung des Ukrainekriegs<\/a> gesetzt, das am Freitag ablief. An diesem Tag k\u00fcndigte Trump nun Zeit und Ort des geplanten Treffens an.\n<\/p>\n<\/div>\n","protected":false},"excerpt":{"rendered":"<p>Vor dem geplanten Gipfeltreffen zwischen den USA und Russland hat sich der ukrainische Pr\u00e4sident\u00a0Wolodymyr Selenskyj gegen\u00a0Gebietsabtretungen ausgesprochen und\u00a0vor &#8222;Entscheidungen ohne die Ukraine&#8220; gewarnt.\u00a0&#8222;Die Antwort auf die territorialen Fragen der Ukraine steht in der Verfassung der Ukraine&#8220;, sagte er in einer Videobotschaft auf der Plattform X. Davon werde und k\u00f6nne niemand abweichen. Als Bedingung f\u00fcr ein<\/p>\n","protected":false},"author":1,"featured_media":263308,"comment_status":"open","ping_status":"open","sticky":false,"template":"","format":"standard","meta":{"footnotes":""},"categories":[116],"tags":[],"class_list":["post-263307","post","type-post","status-publish","format-standard","has-post-thumbnail","hentry","category-war-chronicles-de"],"acf":[],"yoast_head":"<!-- This site is optimized with the Yoast SEO plugin v22.9 - https:\/\/yoast.com\/wordpress\/plugins\/seo\/ -->\n<title>Selenskyj weist Trumps Vorschlag zu Gebietsabtretungen ab - vof-news.eu<\/title>\n<meta name=\"description\" content=\"Vor dem geplanten Gipfeltreffen zwischen den USA und Russland hat sich der ukrainische Pr\u00e4sident\u00a0Wolodymyr Selenskyj gegen\u00a0Gebietsabtretungen ausgesprochen und\u00a0vor &quot;Entscheidungen ohne die Ukraine&quot; gewarnt.\u00a0&quot;Die Antwort auf die territorialen Fragen der Ukraine steht in der\" \/>\n<meta name=\"robots\" content=\"noindex, follow, max-snippet:-1, max-image-preview:large, max-video-preview:-1\" \/>\n<meta property=\"og:locale\" content=\"de_DE\" \/>\n<meta property=\"og:type\" content=\"article\" \/>\n<meta property=\"og:title\" content=\"Selenskyj weist Trumps Vorschlag zu Gebietsabtretungen ab - vof-news.eu\" \/>\n<meta property=\"og:description\" content=\"Vor dem geplanten Gipfeltreffen zwischen den USA und Russland hat sich der ukrainische Pr\u00e4sident\u00a0Wolodymyr Selenskyj gegen\u00a0Gebietsabtretungen ausgesprochen und\u00a0vor &quot;Entscheidungen ohne die Ukraine&quot; gewarnt.\u00a0&quot;Die Antwort auf die territorialen Fragen der Ukraine steht in der\" \/>\n<meta property=\"og:url\" content=\"https:\/\/vof-news.eu\/de\/selenskyj-weist-trumps-vorschlag-zu-gebietsabtretungen-ab\/\" \/>\n<meta property=\"og:site_name\" content=\"vof-news.eu\" \/>\n<meta property=\"article:published_time\" content=\"2025-08-09T10:28:12+00:00\" \/>\n<meta property=\"article:modified_time\" content=\"2025-08-09T10:29:26+00:00\" \/>\n<meta property=\"og:image\" content=\"https:\/\/vof-news.eu\/wp-content\/uploads\/2025\/08\/wide__1000x562-26.jpg\" \/>\n\t<meta property=\"og:image:width\" content=\"1000\" \/>\n\t<meta property=\"og:image:height\" content=\"562\" \/>\n\t<meta property=\"og:image:type\" content=\"image\/jpeg\" \/>\n<meta name=\"author\" content=\"Author\" \/>\n<meta name=\"twitter:card\" content=\"summary_large_image\" \/>\n<meta name=\"twitter:label1\" content=\"Verfasst von\" \/>\n\t<meta name=\"twitter:data1\" content=\"Author\" \/>\n\t<meta name=\"twitter:label2\" content=\"Gesch\u00e4tzte Lesezeit\" \/>\n\t<meta name=\"twitter:data2\" content=\"2\u00a0Minuten\" \/>\n<script type=\"application\/ld+json\" class=\"yoast-schema-graph\">{\"@context\":\"https:\/\/schema.org\",\"@graph\":[{\"@type\":\"WebPage\",\"@id\":\"https:\/\/vof-news.eu\/de\/selenskyj-weist-trumps-vorschlag-zu-gebietsabtretungen-ab\/\",\"url\":\"https:\/\/vof-news.eu\/de\/selenskyj-weist-trumps-vorschlag-zu-gebietsabtretungen-ab\/\",\"name\":\"Selenskyj weist Trumps Vorschlag zu Gebietsabtretungen ab - vof-news.eu\",\"isPartOf\":{\"@id\":\"https:\/\/vof-news.eu\/de\/#website\"},\"primaryImageOfPage\":{\"@id\":\"https:\/\/vof-news.eu\/de\/selenskyj-weist-trumps-vorschlag-zu-gebietsabtretungen-ab\/#primaryimage\"},\"image\":{\"@id\":\"https:\/\/vof-news.eu\/de\/selenskyj-weist-trumps-vorschlag-zu-gebietsabtretungen-ab\/#primaryimage\"},\"thumbnailUrl\":\"https:\/\/vof-news.eu\/wp-content\/uploads\/2025\/08\/wide__1000x562-26.jpg\",\"datePublished\":\"2025-08-09T10:28:12+00:00\",\"dateModified\":\"2025-08-09T10:29:26+00:00\",\"author\":{\"@id\":\"https:\/\/vof-news.eu\/de\/#\/schema\/person\/f6a2a4309f0561835797fd8c19b333ed\"},\"description\":\"Vor dem geplanten Gipfeltreffen zwischen den USA und Russland hat sich der ukrainische Pr\u00e4sident\u00a0Wolodymyr Selenskyj gegen\u00a0Gebietsabtretungen ausgesprochen und\u00a0vor \\\"Entscheidungen ohne die Ukraine\\\" gewarnt.\u00a0\\\"Die Antwort auf die territorialen Fragen der Ukraine steht in der\",\"breadcrumb\":{\"@id\":\"https:\/\/vof-news.eu\/de\/selenskyj-weist-trumps-vorschlag-zu-gebietsabtretungen-ab\/#breadcrumb\"},\"inLanguage\":\"de\",\"potentialAction\":[{\"@type\":\"ReadAction\",\"target\":[\"https:\/\/vof-news.eu\/de\/selenskyj-weist-trumps-vorschlag-zu-gebietsabtretungen-ab\/\"]}]},{\"@type\":\"ImageObject\",\"inLanguage\":\"de\",\"@id\":\"https:\/\/vof-news.eu\/de\/selenskyj-weist-trumps-vorschlag-zu-gebietsabtretungen-ab\/#primaryimage\",\"url\":\"https:\/\/vof-news.eu\/wp-content\/uploads\/2025\/08\/wide__1000x562-26.jpg\",\"contentUrl\":\"https:\/\/vof-news.eu\/wp-content\/uploads\/2025\/08\/wide__1000x562-26.jpg\",\"width\":1000,\"height\":562},{\"@type\":\"BreadcrumbList\",\"@id\":\"https:\/\/vof-news.eu\/de\/selenskyj-weist-trumps-vorschlag-zu-gebietsabtretungen-ab\/#breadcrumb\",\"itemListElement\":[{\"@type\":\"ListItem\",\"position\":1,\"name\":\"Home\",\"item\":\"https:\/\/vof-news.eu\/de\/\"},{\"@type\":\"ListItem\",\"position\":2,\"name\":\"Selenskyj weist Trumps Vorschlag zu Gebietsabtretungen ab\"}]},{\"@type\":\"WebSite\",\"@id\":\"https:\/\/vof-news.eu\/de\/#website\",\"url\":\"https:\/\/vof-news.eu\/de\/\",\"name\":\"vof-news.eu\",\"description\":\"\",\"potentialAction\":[{\"@type\":\"SearchAction\",\"target\":{\"@type\":\"EntryPoint\",\"urlTemplate\":\"https:\/\/vof-news.eu\/de\/?s={search_term_string}\"},\"query-input\":\"required name=search_term_string\"}],\"inLanguage\":\"de\"},{\"@type\":\"Person\",\"@id\":\"https:\/\/vof-news.eu\/de\/#\/schema\/person\/f6a2a4309f0561835797fd8c19b333ed\",\"name\":\"Author\",\"image\":{\"@type\":\"ImageObject\",\"inLanguage\":\"de\",\"@id\":\"https:\/\/vof-news.eu\/de\/#\/schema\/person\/image\/\",\"url\":\"https:\/\/secure.gravatar.com\/avatar\/b67e614b1b25b3e9c0c239efdd2fde5ab015b5affd6f1c3c85911ca4b384e790?s=96&d=mm&r=g\",\"contentUrl\":\"https:\/\/secure.gravatar.com\/avatar\/b67e614b1b25b3e9c0c239efdd2fde5ab015b5affd6f1c3c85911ca4b384e790?s=96&d=mm&r=g\",\"caption\":\"Author\"},\"sameAs\":[\"http:\/\/vof-news.eu\"],\"url\":\"https:\/\/vof-news.eu\/de\/author\/zwt6qxnjulxbnyg\/\"}]}<\/script>\n<!-- \/ Yoast SEO plugin. -->","yoast_head_json":{"title":"Selenskyj weist Trumps Vorschlag zu Gebietsabtretungen ab - vof-news.eu","description":"Vor dem geplanten Gipfeltreffen zwischen den USA und Russland hat sich der ukrainische Pr\u00e4sident\u00a0Wolodymyr Selenskyj gegen\u00a0Gebietsabtretungen ausgesprochen und\u00a0vor \"Entscheidungen ohne die Ukraine\" gewarnt.\u00a0\"Die Antwort auf die territorialen Fragen der Ukraine steht in der","robots":{"index":"noindex","follow":"follow","max-snippet":"max-snippet:-1","max-image-preview":"max-image-preview:large","max-video-preview":"max-video-preview:-1"},"og_locale":"de_DE","og_type":"article","og_title":"Selenskyj weist Trumps Vorschlag zu Gebietsabtretungen ab - vof-news.eu","og_description":"Vor dem geplanten Gipfeltreffen zwischen den USA und Russland hat sich der ukrainische Pr\u00e4sident\u00a0Wolodymyr Selenskyj gegen\u00a0Gebietsabtretungen ausgesprochen und\u00a0vor \"Entscheidungen ohne die Ukraine\" gewarnt.\u00a0\"Die Antwort auf die territorialen Fragen der Ukraine steht in der","og_url":"https:\/\/vof-news.eu\/de\/selenskyj-weist-trumps-vorschlag-zu-gebietsabtretungen-ab\/","og_site_name":"vof-news.eu","article_published_time":"2025-08-09T10:28:12+00:00","article_modified_time":"2025-08-09T10:29:26+00:00","og_image":[{"width":1000,"height":562,"url":"https:\/\/vof-news.eu\/wp-content\/uploads\/2025\/08\/wide__1000x562-26.jpg","type":"image\/jpeg"}],"author":"Author","twitter_card":"summary_large_image","twitter_misc":{"Verfasst von":"Author","Gesch\u00e4tzte Lesezeit":"2\u00a0Minuten"},"schema":{"@context":"https:\/\/schema.org","@graph":[{"@type":"WebPage","@id":"https:\/\/vof-news.eu\/de\/selenskyj-weist-trumps-vorschlag-zu-gebietsabtretungen-ab\/","url":"https:\/\/vof-news.eu\/de\/selenskyj-weist-trumps-vorschlag-zu-gebietsabtretungen-ab\/","name":"Selenskyj weist Trumps Vorschlag zu Gebietsabtretungen ab - vof-news.eu","isPartOf":{"@id":"https:\/\/vof-news.eu\/de\/#website"},"primaryImageOfPage":{"@id":"https:\/\/vof-news.eu\/de\/selenskyj-weist-trumps-vorschlag-zu-gebietsabtretungen-ab\/#primaryimage"},"image":{"@id":"https:\/\/vof-news.eu\/de\/selenskyj-weist-trumps-vorschlag-zu-gebietsabtretungen-ab\/#primaryimage"},"thumbnailUrl":"https:\/\/vof-news.eu\/wp-content\/uploads\/2025\/08\/wide__1000x562-26.jpg","datePublished":"2025-08-09T10:28:12+00:00","dateModified":"2025-08-09T10:29:26+00:00","author":{"@id":"https:\/\/vof-news.eu\/de\/#\/schema\/person\/f6a2a4309f0561835797fd8c19b333ed"},"description":"Vor dem geplanten Gipfeltreffen zwischen den USA und Russland hat sich der ukrainische Pr\u00e4sident\u00a0Wolodymyr Selenskyj gegen\u00a0Gebietsabtretungen ausgesprochen und\u00a0vor \"Entscheidungen ohne die Ukraine\" gewarnt.\u00a0\"Die Antwort auf die territorialen Fragen der Ukraine steht in der","breadcrumb":{"@id":"https:\/\/vof-news.eu\/de\/selenskyj-weist-trumps-vorschlag-zu-gebietsabtretungen-ab\/#breadcrumb"},"inLanguage":"de","potentialAction":[{"@type":"ReadAction","target":["https:\/\/vof-news.eu\/de\/selenskyj-weist-trumps-vorschlag-zu-gebietsabtretungen-ab\/"]}]},{"@type":"ImageObject","inLanguage":"de","@id":"https:\/\/vof-news.eu\/de\/selenskyj-weist-trumps-vorschlag-zu-gebietsabtretungen-ab\/#primaryimage","url":"https:\/\/vof-news.eu\/wp-content\/uploads\/2025\/08\/wide__1000x562-26.jpg","contentUrl":"https:\/\/vof-news.eu\/wp-content\/uploads\/2025\/08\/wide__1000x562-26.jpg","width":1000,"height":562},{"@type":"BreadcrumbList","@id":"https:\/\/vof-news.eu\/de\/selenskyj-weist-trumps-vorschlag-zu-gebietsabtretungen-ab\/#breadcrumb","itemListElement":[{"@type":"ListItem","position":1,"name":"Home","item":"https:\/\/vof-news.eu\/de\/"},{"@type":"ListItem","position":2,"name":"Selenskyj weist Trumps Vorschlag zu Gebietsabtretungen ab"}]},{"@type":"WebSite","@id":"https:\/\/vof-news.eu\/de\/#website","url":"https:\/\/vof-news.eu\/de\/","name":"vof-news.eu","description":"","potentialAction":[{"@type":"SearchAction","target":{"@type":"EntryPoint","urlTemplate":"https:\/\/vof-news.eu\/de\/?s={search_term_string}"},"query-input":"required name=search_term_string"}],"inLanguage":"de"},{"@type":"Person","@id":"https:\/\/vof-news.eu\/de\/#\/schema\/person\/f6a2a4309f0561835797fd8c19b333ed","name":"Author","image":{"@type":"ImageObject","inLanguage":"de","@id":"https:\/\/vof-news.eu\/de\/#\/schema\/person\/image\/","url":"https:\/\/secure.gravatar.com\/avatar\/b67e614b1b25b3e9c0c239efdd2fde5ab015b5affd6f1c3c85911ca4b384e790?s=96&d=mm&r=g","contentUrl":"https:\/\/secure.gravatar.com\/avatar\/b67e614b1b25b3e9c0c239efdd2fde5ab015b5affd6f1c3c85911ca4b384e790?s=96&d=mm&r=g","caption":"Author"},"sameAs":["http:\/\/vof-news.eu"],"url":"https:\/\/vof-news.eu\/de\/author\/zwt6qxnjulxbnyg\/"}]}},"yoast_meta":{"yoast_wpseo_title":"","yoast_wpseo_metadesc":"","yoast_wpseo_canonical":""},"_links":{"self":[{"href":"https:\/\/vof-news.eu\/de\/wp-json\/wp\/v2\/posts\/263307","targetHints":{"allow":["GET"]}}],"collection":[{"href":"https:\/\/vof-news.eu\/de\/wp-json\/wp\/v2\/posts"}],"about":[{"href":"https:\/\/vof-news.eu\/de\/wp-json\/wp\/v2\/types\/post"}],"author":[{"embeddable":true,"href":"https:\/\/vof-news.eu\/de\/wp-json\/wp\/v2\/users\/1"}],"replies":[{"embeddable":true,"href":"https:\/\/vof-news.eu\/de\/wp-json\/wp\/v2\/comments?post=263307"}],"version-history":[{"count":1,"href":"https:\/\/vof-news.eu\/de\/wp-json\/wp\/v2\/posts\/263307\/revisions"}],"predecessor-version":[{"id":263314,"href":"https:\/\/vof-news.eu\/de\/wp-json\/wp\/v2\/posts\/263307\/revisions\/263314"}],"wp:featuredmedia":[{"embeddable":true,"href":"https:\/\/vof-news.eu\/de\/wp-json\/wp\/v2\/media\/263308"}],"wp:attachment":[{"href":"https:\/\/vof-news.eu\/de\/wp-json\/wp\/v2\/media?parent=263307"}],"wp:term":[{"taxonomy":"category","embeddable":true,"href":"https:\/\/vof-news.eu\/de\/wp-json\/wp\/v2\/categories?post=263307"},{"taxonomy":"post_tag","embeddable":true,"href":"https:\/\/vof-news.eu\/de\/wp-json\/wp\/v2\/tags?post=263307"}],"curies":[{"name":"wp","href":"https:\/\/api.w.org\/{rel}","templated":true}]}}