{"id":262881,"date":"2025-08-07T21:28:12","date_gmt":"2025-08-07T18:28:12","guid":{"rendered":"https:\/\/vof-news.eu\/kommunen-fordern-ausgleich-fur-asylbewerberleistungen-fur-ukrainer\/"},"modified":"2025-08-07T21:28:39","modified_gmt":"2025-08-07T18:28:39","slug":"kommunen-fordern-ausgleich-fur-asylbewerberleistungen-fur-ukrainer","status":"publish","type":"post","link":"https:\/\/vof-news.eu\/de\/kommunen-fordern-ausgleich-fur-asylbewerberleistungen-fur-ukrainer\/","title":{"rendered":"Kommunen fordern Ausgleich f\u00fcr Asylbewerberleistungen f\u00fcr Ukrainer"},"content":{"rendered":"<div>\n<p>Die Kommunen in Deutschland fordern einen Ausgleich f\u00fcr die von der <span><a href=\"https:\/\/www.zeit.de\/thema\/bundesregierung\" rel=\"nofollow\">Bundesregierung<\/a><\/span> geplanten Asylbewerberleistungen f\u00fcr <a href=\"https:\/\/www.zeit.de\/arbeit\/2025-08\/ifo-studie-ukraine-gefluechtete-jobchancen-sozialleistungen\" rel=\"nofollow\">gefl\u00fcchtete Ukrainerinnen und Ukrainer<\/a>. Bund und L\u00e4nder m\u00fcssten die Kommunen bei den anfallenden Ausgaben komplett entlasten, sagte der Pr\u00e4sident des St\u00e4dte- und Gemeindebunds, Ralph Spiegler (SPD), der \u00a0Es d\u00fcrfe nicht nur eine Kostenbeteiligung geben, sondern es brauche eine komplette dauerhafte \u00dcbernahme der Kosten.\n<\/p>\n<p>Im Koalitionsvertrag der schwarz-roten Regierung ist verabredet, dass Ukrainerinnen und Ukrainer, die nach dem 1. April 2025 nach Deutschland kamen oder kommen, <a href=\"https:\/\/www.zeit.de\/wirtschaft\/2025-08\/buergergeld-fuer-gefluechtete-ukraine-sozialleistungen-enzo-weber\" rel=\"nofollow\">kein B\u00fcrgergeld mehr erhalten<\/a>. Stattdessen sollen sie die niedrigeren Zahlungen nach dem Asylbewerberleistungsgesetz bekommen.\u00a0Die Kosten daf\u00fcr liegen bei L\u00e4ndern und Kommunen, die jedoch vom<br \/>\nBund pauschal entsch\u00e4digt werden sollen. Der Gesetzentwurf befindet sich derzeit in der Ressortabstimmung.\n<\/p>\n<p>Berechnungen zufolge soll der aber <a href=\"https:\/\/www.zeit.de\/politik\/deutschland\/2025-08\/ukrainer-buergergeld-einsparungen-kosten-asylbewerber\" rel=\"nofollow\">keine Einsparungen der Staatsausgaben bedeuten<\/a>. F\u00fcr 2026 werden zwar f\u00fcr <span><a href=\"https:\/\/www.zeit.de\/thema\/buergergeld\" rel=\"nofollow\">B\u00fcrgergeld<\/a><\/span>, Grundsicherung und Hilfen zum Lebensunterhalt bei Bund, L\u00e4ndern und Kommunen insgesamt rund 1,32 Milliarden Euro weniger Kosten erwartet. Die zus\u00e4tzlichen Kosten f\u00fcr Leistungen nach Asylbewerberleistungsgesetz werden jedoch mit 1,375 Milliarden Euro veranschlagt.\u00a0Der Bund muss tats\u00e4chlich weniger aufwenden, die L\u00e4nder und Kommunen<br \/>\nwegen deren Zust\u00e4ndigkeiten f\u00fcr die Asylbewerberleistungen allerdings mehr. Daher stellte der Bund eine &#8222;pauschalierte Kostenentlastung&#8220; in<br \/>\nAussicht.\n<\/p>\n<p>\u00dcber das Gesetzesvorhaben war in den vergangenen Tagen viel diskutiert worden. CSU-Chef Markus S\u00f6der hatte sich <a href=\"https:\/\/www.zeit.de\/politik\/deutschland\/2025-08\/markus-soeder-buergeld-ukraine-fluechtlinge-deutschland\" rel=\"nofollow\">im ZDF-Sommerinterview daf\u00fcr ausgesprochen<\/a>, &#8222;am besten&#8220; auch den vor dem 1. April vor dem russischen Angriff aus der <span><a href=\"https:\/\/www.zeit.de\/politik\/ausland\/ukraine-krieg-russland-newsblog-live\" rel=\"nofollow\">Ukraine<\/a><\/span> gefl\u00fcchteten Menschen kein B\u00fcrgergeld mehr zu zahlen. Die SPD lehnt das ab.\n<\/p>\n<\/div>\n","protected":false},"excerpt":{"rendered":"<p>Die Kommunen in Deutschland fordern einen Ausgleich f\u00fcr die von der Bundesregierung geplanten Asylbewerberleistungen f\u00fcr gefl\u00fcchtete Ukrainerinnen und Ukrainer. Bund und L\u00e4nder m\u00fcssten die Kommunen bei den anfallenden Ausgaben komplett entlasten, sagte der Pr\u00e4sident des St\u00e4dte- und Gemeindebunds, Ralph Spiegler (SPD), der \u00a0Es d\u00fcrfe nicht nur eine Kostenbeteiligung geben, sondern es brauche eine komplette dauerhafte<\/p>\n","protected":false},"author":1,"featured_media":0,"comment_status":"open","ping_status":"open","sticky":false,"template":"","format":"standard","meta":{"footnotes":""},"categories":[116],"tags":[],"class_list":["post-262881","post","type-post","status-publish","format-standard","hentry","category-war-chronicles-de"],"acf":[],"yoast_head":"<!-- This site is optimized with the Yoast SEO plugin v22.9 - https:\/\/yoast.com\/wordpress\/plugins\/seo\/ -->\n<title>Kommunen fordern Ausgleich f\u00fcr Asylbewerberleistungen f\u00fcr Ukrainer - vof-news.eu<\/title>\n<meta name=\"description\" content=\"Die Kommunen in Deutschland fordern einen Ausgleich f\u00fcr die von der Bundesregierung geplanten Asylbewerberleistungen f\u00fcr gefl\u00fcchtete Ukrainerinnen und Ukrainer. Bund und L\u00e4nder m\u00fcssten die Kommunen bei den anfallenden Ausgaben komplett entlasten, sagte der Pr\u00e4sident des St\u00e4dte- und Gemeindebunds, Ralph Spiegler (SPD), der \u00a0Es d\u00fcrfe nicht nur eine Kostenbeteiligung geben, sondern es brauche eine komplette dauerhafte \u00dcbernahme der Kosten.\" \/>\n<meta name=\"robots\" content=\"noindex, follow, max-snippet:-1, max-image-preview:large, max-video-preview:-1\" \/>\n<meta property=\"og:locale\" content=\"de_DE\" \/>\n<meta property=\"og:type\" content=\"article\" \/>\n<meta property=\"og:title\" content=\"Kommunen fordern Ausgleich f\u00fcr Asylbewerberleistungen f\u00fcr Ukrainer - vof-news.eu\" \/>\n<meta property=\"og:description\" content=\"Die Kommunen in Deutschland fordern einen Ausgleich f\u00fcr die von der Bundesregierung geplanten Asylbewerberleistungen f\u00fcr gefl\u00fcchtete Ukrainerinnen und Ukrainer. Bund und L\u00e4nder m\u00fcssten die Kommunen bei den anfallenden Ausgaben komplett entlasten, sagte der Pr\u00e4sident des St\u00e4dte- und Gemeindebunds, Ralph Spiegler (SPD), der \u00a0Es d\u00fcrfe nicht nur eine Kostenbeteiligung geben, sondern es brauche eine komplette dauerhafte \u00dcbernahme der Kosten.\" \/>\n<meta property=\"og:url\" content=\"https:\/\/vof-news.eu\/de\/kommunen-fordern-ausgleich-fur-asylbewerberleistungen-fur-ukrainer\/\" \/>\n<meta property=\"og:site_name\" content=\"vof-news.eu\" \/>\n<meta property=\"article:published_time\" content=\"2025-08-07T18:28:12+00:00\" \/>\n<meta property=\"article:modified_time\" content=\"2025-08-07T18:28:39+00:00\" \/>\n<meta name=\"author\" content=\"Author\" \/>\n<meta name=\"twitter:card\" content=\"summary_large_image\" \/>\n<meta name=\"twitter:label1\" content=\"Verfasst von\" \/>\n\t<meta name=\"twitter:data1\" content=\"Author\" \/>\n\t<meta name=\"twitter:label2\" content=\"Gesch\u00e4tzte Lesezeit\" \/>\n\t<meta name=\"twitter:data2\" content=\"1\u00a0Minute\" \/>\n<script type=\"application\/ld+json\" class=\"yoast-schema-graph\">{\"@context\":\"https:\/\/schema.org\",\"@graph\":[{\"@type\":\"WebPage\",\"@id\":\"https:\/\/vof-news.eu\/de\/kommunen-fordern-ausgleich-fur-asylbewerberleistungen-fur-ukrainer\/\",\"url\":\"https:\/\/vof-news.eu\/de\/kommunen-fordern-ausgleich-fur-asylbewerberleistungen-fur-ukrainer\/\",\"name\":\"Kommunen fordern Ausgleich f\u00fcr Asylbewerberleistungen f\u00fcr Ukrainer - vof-news.eu\",\"isPartOf\":{\"@id\":\"https:\/\/vof-news.eu\/de\/#website\"},\"datePublished\":\"2025-08-07T18:28:12+00:00\",\"dateModified\":\"2025-08-07T18:28:39+00:00\",\"author\":{\"@id\":\"https:\/\/vof-news.eu\/de\/#\/schema\/person\/f6a2a4309f0561835797fd8c19b333ed\"},\"description\":\"Die Kommunen in Deutschland fordern einen Ausgleich f\u00fcr die von der Bundesregierung geplanten Asylbewerberleistungen f\u00fcr gefl\u00fcchtete Ukrainerinnen und Ukrainer. Bund und L\u00e4nder m\u00fcssten die Kommunen bei den anfallenden Ausgaben komplett entlasten, sagte der Pr\u00e4sident des St\u00e4dte- und Gemeindebunds, Ralph Spiegler (SPD), der \u00a0Es d\u00fcrfe nicht nur eine Kostenbeteiligung geben, sondern es brauche eine komplette dauerhafte \u00dcbernahme der Kosten.\",\"breadcrumb\":{\"@id\":\"https:\/\/vof-news.eu\/de\/kommunen-fordern-ausgleich-fur-asylbewerberleistungen-fur-ukrainer\/#breadcrumb\"},\"inLanguage\":\"de\",\"potentialAction\":[{\"@type\":\"ReadAction\",\"target\":[\"https:\/\/vof-news.eu\/de\/kommunen-fordern-ausgleich-fur-asylbewerberleistungen-fur-ukrainer\/\"]}]},{\"@type\":\"BreadcrumbList\",\"@id\":\"https:\/\/vof-news.eu\/de\/kommunen-fordern-ausgleich-fur-asylbewerberleistungen-fur-ukrainer\/#breadcrumb\",\"itemListElement\":[{\"@type\":\"ListItem\",\"position\":1,\"name\":\"Home\",\"item\":\"https:\/\/vof-news.eu\/de\/\"},{\"@type\":\"ListItem\",\"position\":2,\"name\":\"Kommunen fordern Ausgleich f\u00fcr Asylbewerberleistungen f\u00fcr Ukrainer\"}]},{\"@type\":\"WebSite\",\"@id\":\"https:\/\/vof-news.eu\/de\/#website\",\"url\":\"https:\/\/vof-news.eu\/de\/\",\"name\":\"vof-news.eu\",\"description\":\"\",\"potentialAction\":[{\"@type\":\"SearchAction\",\"target\":{\"@type\":\"EntryPoint\",\"urlTemplate\":\"https:\/\/vof-news.eu\/de\/?s={search_term_string}\"},\"query-input\":\"required name=search_term_string\"}],\"inLanguage\":\"de\"},{\"@type\":\"Person\",\"@id\":\"https:\/\/vof-news.eu\/de\/#\/schema\/person\/f6a2a4309f0561835797fd8c19b333ed\",\"name\":\"Author\",\"image\":{\"@type\":\"ImageObject\",\"inLanguage\":\"de\",\"@id\":\"https:\/\/vof-news.eu\/de\/#\/schema\/person\/image\/\",\"url\":\"https:\/\/secure.gravatar.com\/avatar\/b67e614b1b25b3e9c0c239efdd2fde5ab015b5affd6f1c3c85911ca4b384e790?s=96&d=mm&r=g\",\"contentUrl\":\"https:\/\/secure.gravatar.com\/avatar\/b67e614b1b25b3e9c0c239efdd2fde5ab015b5affd6f1c3c85911ca4b384e790?s=96&d=mm&r=g\",\"caption\":\"Author\"},\"sameAs\":[\"http:\/\/vof-news.eu\"],\"url\":\"https:\/\/vof-news.eu\/de\/author\/zwt6qxnjulxbnyg\/\"}]}<\/script>\n<!-- \/ Yoast SEO plugin. -->","yoast_head_json":{"title":"Kommunen fordern Ausgleich f\u00fcr Asylbewerberleistungen f\u00fcr Ukrainer - vof-news.eu","description":"Die Kommunen in Deutschland fordern einen Ausgleich f\u00fcr die von der Bundesregierung geplanten Asylbewerberleistungen f\u00fcr gefl\u00fcchtete Ukrainerinnen und Ukrainer. Bund und L\u00e4nder m\u00fcssten die Kommunen bei den anfallenden Ausgaben komplett entlasten, sagte der Pr\u00e4sident des St\u00e4dte- und Gemeindebunds, Ralph Spiegler (SPD), der \u00a0Es d\u00fcrfe nicht nur eine Kostenbeteiligung geben, sondern es brauche eine komplette dauerhafte \u00dcbernahme der Kosten.","robots":{"index":"noindex","follow":"follow","max-snippet":"max-snippet:-1","max-image-preview":"max-image-preview:large","max-video-preview":"max-video-preview:-1"},"og_locale":"de_DE","og_type":"article","og_title":"Kommunen fordern Ausgleich f\u00fcr Asylbewerberleistungen f\u00fcr Ukrainer - vof-news.eu","og_description":"Die Kommunen in Deutschland fordern einen Ausgleich f\u00fcr die von der Bundesregierung geplanten Asylbewerberleistungen f\u00fcr gefl\u00fcchtete Ukrainerinnen und Ukrainer. Bund und L\u00e4nder m\u00fcssten die Kommunen bei den anfallenden Ausgaben komplett entlasten, sagte der Pr\u00e4sident des St\u00e4dte- und Gemeindebunds, Ralph Spiegler (SPD), der \u00a0Es d\u00fcrfe nicht nur eine Kostenbeteiligung geben, sondern es brauche eine komplette dauerhafte \u00dcbernahme der Kosten.","og_url":"https:\/\/vof-news.eu\/de\/kommunen-fordern-ausgleich-fur-asylbewerberleistungen-fur-ukrainer\/","og_site_name":"vof-news.eu","article_published_time":"2025-08-07T18:28:12+00:00","article_modified_time":"2025-08-07T18:28:39+00:00","author":"Author","twitter_card":"summary_large_image","twitter_misc":{"Verfasst von":"Author","Gesch\u00e4tzte Lesezeit":"1\u00a0Minute"},"schema":{"@context":"https:\/\/schema.org","@graph":[{"@type":"WebPage","@id":"https:\/\/vof-news.eu\/de\/kommunen-fordern-ausgleich-fur-asylbewerberleistungen-fur-ukrainer\/","url":"https:\/\/vof-news.eu\/de\/kommunen-fordern-ausgleich-fur-asylbewerberleistungen-fur-ukrainer\/","name":"Kommunen fordern Ausgleich f\u00fcr Asylbewerberleistungen f\u00fcr Ukrainer - vof-news.eu","isPartOf":{"@id":"https:\/\/vof-news.eu\/de\/#website"},"datePublished":"2025-08-07T18:28:12+00:00","dateModified":"2025-08-07T18:28:39+00:00","author":{"@id":"https:\/\/vof-news.eu\/de\/#\/schema\/person\/f6a2a4309f0561835797fd8c19b333ed"},"description":"Die Kommunen in Deutschland fordern einen Ausgleich f\u00fcr die von der Bundesregierung geplanten Asylbewerberleistungen f\u00fcr gefl\u00fcchtete Ukrainerinnen und Ukrainer. Bund und L\u00e4nder m\u00fcssten die Kommunen bei den anfallenden Ausgaben komplett entlasten, sagte der Pr\u00e4sident des St\u00e4dte- und Gemeindebunds, Ralph Spiegler (SPD), der \u00a0Es d\u00fcrfe nicht nur eine Kostenbeteiligung geben, sondern es brauche eine komplette dauerhafte \u00dcbernahme der Kosten.","breadcrumb":{"@id":"https:\/\/vof-news.eu\/de\/kommunen-fordern-ausgleich-fur-asylbewerberleistungen-fur-ukrainer\/#breadcrumb"},"inLanguage":"de","potentialAction":[{"@type":"ReadAction","target":["https:\/\/vof-news.eu\/de\/kommunen-fordern-ausgleich-fur-asylbewerberleistungen-fur-ukrainer\/"]}]},{"@type":"BreadcrumbList","@id":"https:\/\/vof-news.eu\/de\/kommunen-fordern-ausgleich-fur-asylbewerberleistungen-fur-ukrainer\/#breadcrumb","itemListElement":[{"@type":"ListItem","position":1,"name":"Home","item":"https:\/\/vof-news.eu\/de\/"},{"@type":"ListItem","position":2,"name":"Kommunen fordern Ausgleich f\u00fcr Asylbewerberleistungen f\u00fcr Ukrainer"}]},{"@type":"WebSite","@id":"https:\/\/vof-news.eu\/de\/#website","url":"https:\/\/vof-news.eu\/de\/","name":"vof-news.eu","description":"","potentialAction":[{"@type":"SearchAction","target":{"@type":"EntryPoint","urlTemplate":"https:\/\/vof-news.eu\/de\/?s={search_term_string}"},"query-input":"required name=search_term_string"}],"inLanguage":"de"},{"@type":"Person","@id":"https:\/\/vof-news.eu\/de\/#\/schema\/person\/f6a2a4309f0561835797fd8c19b333ed","name":"Author","image":{"@type":"ImageObject","inLanguage":"de","@id":"https:\/\/vof-news.eu\/de\/#\/schema\/person\/image\/","url":"https:\/\/secure.gravatar.com\/avatar\/b67e614b1b25b3e9c0c239efdd2fde5ab015b5affd6f1c3c85911ca4b384e790?s=96&d=mm&r=g","contentUrl":"https:\/\/secure.gravatar.com\/avatar\/b67e614b1b25b3e9c0c239efdd2fde5ab015b5affd6f1c3c85911ca4b384e790?s=96&d=mm&r=g","caption":"Author"},"sameAs":["http:\/\/vof-news.eu"],"url":"https:\/\/vof-news.eu\/de\/author\/zwt6qxnjulxbnyg\/"}]}},"yoast_meta":{"yoast_wpseo_title":"","yoast_wpseo_metadesc":"","yoast_wpseo_canonical":""},"_links":{"self":[{"href":"https:\/\/vof-news.eu\/de\/wp-json\/wp\/v2\/posts\/262881","targetHints":{"allow":["GET"]}}],"collection":[{"href":"https:\/\/vof-news.eu\/de\/wp-json\/wp\/v2\/posts"}],"about":[{"href":"https:\/\/vof-news.eu\/de\/wp-json\/wp\/v2\/types\/post"}],"author":[{"embeddable":true,"href":"https:\/\/vof-news.eu\/de\/wp-json\/wp\/v2\/users\/1"}],"replies":[{"embeddable":true,"href":"https:\/\/vof-news.eu\/de\/wp-json\/wp\/v2\/comments?post=262881"}],"version-history":[{"count":1,"href":"https:\/\/vof-news.eu\/de\/wp-json\/wp\/v2\/posts\/262881\/revisions"}],"predecessor-version":[{"id":262882,"href":"https:\/\/vof-news.eu\/de\/wp-json\/wp\/v2\/posts\/262881\/revisions\/262882"}],"wp:attachment":[{"href":"https:\/\/vof-news.eu\/de\/wp-json\/wp\/v2\/media?parent=262881"}],"wp:term":[{"taxonomy":"category","embeddable":true,"href":"https:\/\/vof-news.eu\/de\/wp-json\/wp\/v2\/categories?post=262881"},{"taxonomy":"post_tag","embeddable":true,"href":"https:\/\/vof-news.eu\/de\/wp-json\/wp\/v2\/tags?post=262881"}],"curies":[{"name":"wp","href":"https:\/\/api.w.org\/{rel}","templated":true}]}}