{"id":262783,"date":"2025-08-07T15:28:07","date_gmt":"2025-08-07T12:28:07","guid":{"rendered":"https:\/\/vof-news.eu\/kreml-kundigt-treffen-von-trump-und-putin-in-kommenden-tagen-an\/"},"modified":"2025-08-07T15:28:39","modified_gmt":"2025-08-07T12:28:39","slug":"kreml-kundigt-treffen-von-trump-und-putin-in-kommenden-tagen-an","status":"publish","type":"post","link":"https:\/\/vof-news.eu\/de\/kreml-kundigt-treffen-von-trump-und-putin-in-kommenden-tagen-an\/","title":{"rendered":"Kreml k\u00fcndigt Treffen von Trump und Putin &#8222;in kommenden Tagen&#8220; an"},"content":{"rendered":"<div>\n<p>US-Pr\u00e4sident <span><a href=\"https:\/\/www.zeit.de\/thema\/donald-trump\" rel=\"nofollow\">Donald Trump<\/a><\/span> und der <a href=\"https:\/\/www.zeit.de\/thema\/wladimir-putin\" rel=\"nofollow\">russische Pr\u00e4sident Wladimir Putin<\/a> werden nach Angaben des Kremls &#8222;in den kommenden Tagen&#8220; zu Gespr\u00e4chen zusammenkommen. &#8222;Auf Vorschlag der amerikanischen Seite wurde im Wesentlichen eine Einigung dar\u00fcber erzielt, in den kommenden Tagen ein bilaterales Treffen auf h\u00f6chster Ebene abzuhalten&#8220;, sagte\u00a0Putins au\u00dfenpolitischer Berater Juri Uschakow russischen Nachrichtenagenturen zufolge.\n<\/p>\n<p>Die Vorbereitungen f\u00fcr das Gipfeltreffen haben demnach bereits begonnen. Wie lange diese dauern, ist laut\u00a0Uschakow noch unklar. Zieltermin sei aber die kommende Woche, hie\u00df es weiter. &#8222;Wir arbeiten jetzt zusammen mit unseren amerikanischen Kollegen an der Ausarbeitung der Details&#8220;, sagte der Pr\u00e4sidentenberater.\u00a0\n<\/p>\n<p>Beide Seiten h\u00e4tten sich\u00a0&#8222;im Prinzip&#8220;auf den Ort des Treffens geeinigt, sagte\u00a0Uschakow, gab ihn allerdings nicht bekannt. Die russische Regierung blicke positiv auf die direkten Gespr\u00e4che.\u00a0Uschakow zufolge war das Treffen Thema bei dem<a href=\"https:\/\/www.zeit.de\/politik\/ausland\/2025-08\/ukraine-krieg-usa-russland-treffen\" rel=\"nofollow\"> Gespr\u00e4ch Putins<br \/>\nam Vortag mit dem US-Sondergesandten Steve Witkoff<\/a> in Moskau. Witkoff \u00fcberbrachte demnach &#8222;Signale&#8220; an Trump.\n<\/p>\n<p>Die hatte zuvor bereits von <a href=\"https:\/\/www.zeit.de\/politik\/ausland\/2025-08\/donald-trump-treffen-wladimir-putin-ukraine-krieg\" rel=\"nofollow\">Pl\u00e4nen der US-Regierung f\u00fcr ein bilaterales Treffen<\/a> berichtet. &#8222;Der Pr\u00e4sident ist offen daf\u00fcr, sowohl Pr\u00e4sident Putin als auch Pr\u00e4sident Selenskyj zu treffen&#8220;,\u00a0sagte die Sprecherin des<br \/>\nWei\u00dfen Hauses, Karoline Leavitt.\u00a0Es w\u00e4re das erste Treffen zwischen Putin und Trump, seit der US-Pr\u00e4sident seine zweite Amtszeit angetreten hat.\n<\/p>\n<p>Von einem Treffen mit dem ukrainischen Pr\u00e4sidenten Wolodymyr Selenskyj war auf russischer Seite allerdings keine Rede. &#8222;Was die Option eines Dreiertreffens betrifft, \u00fcber die gestern aus<br \/>\nirgendeinem Grund in Washington gesprochen wurde, so wurde diese Option<br \/>\nlediglich vom amerikanischen Vertreter w\u00e4hrend des Treffens im Kreml<br \/>\nerw\u00e4hnt&#8220;, sagte\u00a0Uschakow mit Bezug auf die vorherigen Gespr\u00e4che mit Witkoff. Selenskyj selbst hatte Putin immer wieder zu einem Treffen aufgefordert. Putin lehnte dies bislang aber ab.\n<\/p>\n<\/div>\n","protected":false},"excerpt":{"rendered":"<p>US-Pr\u00e4sident Donald Trump und der russische Pr\u00e4sident Wladimir Putin werden nach Angaben des Kremls &#8222;in den kommenden Tagen&#8220; zu Gespr\u00e4chen zusammenkommen. &#8222;Auf Vorschlag der amerikanischen Seite wurde im Wesentlichen eine Einigung dar\u00fcber erzielt, in den kommenden Tagen ein bilaterales Treffen auf h\u00f6chster Ebene abzuhalten&#8220;, sagte\u00a0Putins au\u00dfenpolitischer Berater Juri Uschakow russischen Nachrichtenagenturen zufolge. Die Vorbereitungen f\u00fcr<\/p>\n","protected":false},"author":1,"featured_media":0,"comment_status":"open","ping_status":"open","sticky":false,"template":"","format":"standard","meta":{"footnotes":""},"categories":[116],"tags":[],"class_list":["post-262783","post","type-post","status-publish","format-standard","hentry","category-war-chronicles-de"],"acf":[],"yoast_head":"<!-- This site is optimized with the Yoast SEO plugin v22.9 - https:\/\/yoast.com\/wordpress\/plugins\/seo\/ -->\n<title>Kreml k\u00fcndigt Treffen von Trump und Putin &quot;in kommenden Tagen&quot; an - vof-news.eu<\/title>\n<meta name=\"description\" content=\"US-Pr\u00e4sident Donald Trump und der russische Pr\u00e4sident Wladimir Putin werden nach Angaben des Kremls &quot;in den kommenden Tagen&quot; zu Gespr\u00e4chen zusammenkommen. &quot;Auf Vorschlag der amerikanischen Seite wurde im Wesentlichen eine Einigung dar\u00fcber erzielt, in den kommenden Tagen ein bilaterales Treffen auf h\u00f6chster Ebene abzuhalten&quot;, sagte\u00a0Putins au\u00dfenpolitischer Berater Juri Uschakow russischen Nachrichtenagenturen zufolge.\" \/>\n<meta name=\"robots\" content=\"noindex, follow, max-snippet:-1, max-image-preview:large, max-video-preview:-1\" \/>\n<meta property=\"og:locale\" content=\"de_DE\" \/>\n<meta property=\"og:type\" content=\"article\" \/>\n<meta property=\"og:title\" content=\"Kreml k\u00fcndigt Treffen von Trump und Putin &quot;in kommenden Tagen&quot; an - vof-news.eu\" \/>\n<meta property=\"og:description\" content=\"US-Pr\u00e4sident Donald Trump und der russische Pr\u00e4sident Wladimir Putin werden nach Angaben des Kremls &quot;in den kommenden Tagen&quot; zu Gespr\u00e4chen zusammenkommen. &quot;Auf Vorschlag der amerikanischen Seite wurde im Wesentlichen eine Einigung dar\u00fcber erzielt, in den kommenden Tagen ein bilaterales Treffen auf h\u00f6chster Ebene abzuhalten&quot;, sagte\u00a0Putins au\u00dfenpolitischer Berater Juri Uschakow russischen Nachrichtenagenturen zufolge.\" \/>\n<meta property=\"og:url\" content=\"https:\/\/vof-news.eu\/de\/kreml-kundigt-treffen-von-trump-und-putin-in-kommenden-tagen-an\/\" \/>\n<meta property=\"og:site_name\" content=\"vof-news.eu\" \/>\n<meta property=\"article:published_time\" content=\"2025-08-07T12:28:07+00:00\" \/>\n<meta property=\"article:modified_time\" content=\"2025-08-07T12:28:39+00:00\" \/>\n<meta name=\"author\" content=\"Author\" \/>\n<meta name=\"twitter:card\" content=\"summary_large_image\" \/>\n<meta name=\"twitter:label1\" content=\"Verfasst von\" \/>\n\t<meta name=\"twitter:data1\" content=\"Author\" \/>\n\t<meta name=\"twitter:label2\" content=\"Gesch\u00e4tzte Lesezeit\" \/>\n\t<meta name=\"twitter:data2\" content=\"1\u00a0Minute\" \/>\n<script type=\"application\/ld+json\" class=\"yoast-schema-graph\">{\"@context\":\"https:\/\/schema.org\",\"@graph\":[{\"@type\":\"WebPage\",\"@id\":\"https:\/\/vof-news.eu\/de\/kreml-kundigt-treffen-von-trump-und-putin-in-kommenden-tagen-an\/\",\"url\":\"https:\/\/vof-news.eu\/de\/kreml-kundigt-treffen-von-trump-und-putin-in-kommenden-tagen-an\/\",\"name\":\"Kreml k\u00fcndigt Treffen von Trump und Putin \\\"in kommenden Tagen\\\" an - vof-news.eu\",\"isPartOf\":{\"@id\":\"https:\/\/vof-news.eu\/de\/#website\"},\"datePublished\":\"2025-08-07T12:28:07+00:00\",\"dateModified\":\"2025-08-07T12:28:39+00:00\",\"author\":{\"@id\":\"https:\/\/vof-news.eu\/de\/#\/schema\/person\/f6a2a4309f0561835797fd8c19b333ed\"},\"description\":\"US-Pr\u00e4sident Donald Trump und der russische Pr\u00e4sident Wladimir Putin werden nach Angaben des Kremls \\\"in den kommenden Tagen\\\" zu Gespr\u00e4chen zusammenkommen. \\\"Auf Vorschlag der amerikanischen Seite wurde im Wesentlichen eine Einigung dar\u00fcber erzielt, in den kommenden Tagen ein bilaterales Treffen auf h\u00f6chster Ebene abzuhalten\\\", sagte\u00a0Putins au\u00dfenpolitischer Berater Juri Uschakow russischen Nachrichtenagenturen zufolge.\",\"breadcrumb\":{\"@id\":\"https:\/\/vof-news.eu\/de\/kreml-kundigt-treffen-von-trump-und-putin-in-kommenden-tagen-an\/#breadcrumb\"},\"inLanguage\":\"de\",\"potentialAction\":[{\"@type\":\"ReadAction\",\"target\":[\"https:\/\/vof-news.eu\/de\/kreml-kundigt-treffen-von-trump-und-putin-in-kommenden-tagen-an\/\"]}]},{\"@type\":\"BreadcrumbList\",\"@id\":\"https:\/\/vof-news.eu\/de\/kreml-kundigt-treffen-von-trump-und-putin-in-kommenden-tagen-an\/#breadcrumb\",\"itemListElement\":[{\"@type\":\"ListItem\",\"position\":1,\"name\":\"Home\",\"item\":\"https:\/\/vof-news.eu\/de\/\"},{\"@type\":\"ListItem\",\"position\":2,\"name\":\"Kreml k\u00fcndigt Treffen von Trump und Putin &#8220;in kommenden Tagen&#8221; an\"}]},{\"@type\":\"WebSite\",\"@id\":\"https:\/\/vof-news.eu\/de\/#website\",\"url\":\"https:\/\/vof-news.eu\/de\/\",\"name\":\"vof-news.eu\",\"description\":\"\",\"potentialAction\":[{\"@type\":\"SearchAction\",\"target\":{\"@type\":\"EntryPoint\",\"urlTemplate\":\"https:\/\/vof-news.eu\/de\/?s={search_term_string}\"},\"query-input\":\"required name=search_term_string\"}],\"inLanguage\":\"de\"},{\"@type\":\"Person\",\"@id\":\"https:\/\/vof-news.eu\/de\/#\/schema\/person\/f6a2a4309f0561835797fd8c19b333ed\",\"name\":\"Author\",\"image\":{\"@type\":\"ImageObject\",\"inLanguage\":\"de\",\"@id\":\"https:\/\/vof-news.eu\/de\/#\/schema\/person\/image\/\",\"url\":\"https:\/\/secure.gravatar.com\/avatar\/b67e614b1b25b3e9c0c239efdd2fde5ab015b5affd6f1c3c85911ca4b384e790?s=96&d=mm&r=g\",\"contentUrl\":\"https:\/\/secure.gravatar.com\/avatar\/b67e614b1b25b3e9c0c239efdd2fde5ab015b5affd6f1c3c85911ca4b384e790?s=96&d=mm&r=g\",\"caption\":\"Author\"},\"sameAs\":[\"http:\/\/vof-news.eu\"],\"url\":\"https:\/\/vof-news.eu\/de\/author\/zwt6qxnjulxbnyg\/\"}]}<\/script>\n<!-- \/ Yoast SEO plugin. -->","yoast_head_json":{"title":"Kreml k\u00fcndigt Treffen von Trump und Putin \"in kommenden Tagen\" an - vof-news.eu","description":"US-Pr\u00e4sident Donald Trump und der russische Pr\u00e4sident Wladimir Putin werden nach Angaben des Kremls \"in den kommenden Tagen\" zu Gespr\u00e4chen zusammenkommen. \"Auf Vorschlag der amerikanischen Seite wurde im Wesentlichen eine Einigung dar\u00fcber erzielt, in den kommenden Tagen ein bilaterales Treffen auf h\u00f6chster Ebene abzuhalten\", sagte\u00a0Putins au\u00dfenpolitischer Berater Juri Uschakow russischen Nachrichtenagenturen zufolge.","robots":{"index":"noindex","follow":"follow","max-snippet":"max-snippet:-1","max-image-preview":"max-image-preview:large","max-video-preview":"max-video-preview:-1"},"og_locale":"de_DE","og_type":"article","og_title":"Kreml k\u00fcndigt Treffen von Trump und Putin \"in kommenden Tagen\" an - vof-news.eu","og_description":"US-Pr\u00e4sident Donald Trump und der russische Pr\u00e4sident Wladimir Putin werden nach Angaben des Kremls \"in den kommenden Tagen\" zu Gespr\u00e4chen zusammenkommen. \"Auf Vorschlag der amerikanischen Seite wurde im Wesentlichen eine Einigung dar\u00fcber erzielt, in den kommenden Tagen ein bilaterales Treffen auf h\u00f6chster Ebene abzuhalten\", sagte\u00a0Putins au\u00dfenpolitischer Berater Juri Uschakow russischen Nachrichtenagenturen zufolge.","og_url":"https:\/\/vof-news.eu\/de\/kreml-kundigt-treffen-von-trump-und-putin-in-kommenden-tagen-an\/","og_site_name":"vof-news.eu","article_published_time":"2025-08-07T12:28:07+00:00","article_modified_time":"2025-08-07T12:28:39+00:00","author":"Author","twitter_card":"summary_large_image","twitter_misc":{"Verfasst von":"Author","Gesch\u00e4tzte Lesezeit":"1\u00a0Minute"},"schema":{"@context":"https:\/\/schema.org","@graph":[{"@type":"WebPage","@id":"https:\/\/vof-news.eu\/de\/kreml-kundigt-treffen-von-trump-und-putin-in-kommenden-tagen-an\/","url":"https:\/\/vof-news.eu\/de\/kreml-kundigt-treffen-von-trump-und-putin-in-kommenden-tagen-an\/","name":"Kreml k\u00fcndigt Treffen von Trump und Putin \"in kommenden Tagen\" an - vof-news.eu","isPartOf":{"@id":"https:\/\/vof-news.eu\/de\/#website"},"datePublished":"2025-08-07T12:28:07+00:00","dateModified":"2025-08-07T12:28:39+00:00","author":{"@id":"https:\/\/vof-news.eu\/de\/#\/schema\/person\/f6a2a4309f0561835797fd8c19b333ed"},"description":"US-Pr\u00e4sident Donald Trump und der russische Pr\u00e4sident Wladimir Putin werden nach Angaben des Kremls \"in den kommenden Tagen\" zu Gespr\u00e4chen zusammenkommen. \"Auf Vorschlag der amerikanischen Seite wurde im Wesentlichen eine Einigung dar\u00fcber erzielt, in den kommenden Tagen ein bilaterales Treffen auf h\u00f6chster Ebene abzuhalten\", sagte\u00a0Putins au\u00dfenpolitischer Berater Juri Uschakow russischen Nachrichtenagenturen zufolge.","breadcrumb":{"@id":"https:\/\/vof-news.eu\/de\/kreml-kundigt-treffen-von-trump-und-putin-in-kommenden-tagen-an\/#breadcrumb"},"inLanguage":"de","potentialAction":[{"@type":"ReadAction","target":["https:\/\/vof-news.eu\/de\/kreml-kundigt-treffen-von-trump-und-putin-in-kommenden-tagen-an\/"]}]},{"@type":"BreadcrumbList","@id":"https:\/\/vof-news.eu\/de\/kreml-kundigt-treffen-von-trump-und-putin-in-kommenden-tagen-an\/#breadcrumb","itemListElement":[{"@type":"ListItem","position":1,"name":"Home","item":"https:\/\/vof-news.eu\/de\/"},{"@type":"ListItem","position":2,"name":"Kreml k\u00fcndigt Treffen von Trump und Putin &#8220;in kommenden Tagen&#8221; an"}]},{"@type":"WebSite","@id":"https:\/\/vof-news.eu\/de\/#website","url":"https:\/\/vof-news.eu\/de\/","name":"vof-news.eu","description":"","potentialAction":[{"@type":"SearchAction","target":{"@type":"EntryPoint","urlTemplate":"https:\/\/vof-news.eu\/de\/?s={search_term_string}"},"query-input":"required name=search_term_string"}],"inLanguage":"de"},{"@type":"Person","@id":"https:\/\/vof-news.eu\/de\/#\/schema\/person\/f6a2a4309f0561835797fd8c19b333ed","name":"Author","image":{"@type":"ImageObject","inLanguage":"de","@id":"https:\/\/vof-news.eu\/de\/#\/schema\/person\/image\/","url":"https:\/\/secure.gravatar.com\/avatar\/b67e614b1b25b3e9c0c239efdd2fde5ab015b5affd6f1c3c85911ca4b384e790?s=96&d=mm&r=g","contentUrl":"https:\/\/secure.gravatar.com\/avatar\/b67e614b1b25b3e9c0c239efdd2fde5ab015b5affd6f1c3c85911ca4b384e790?s=96&d=mm&r=g","caption":"Author"},"sameAs":["http:\/\/vof-news.eu"],"url":"https:\/\/vof-news.eu\/de\/author\/zwt6qxnjulxbnyg\/"}]}},"yoast_meta":{"yoast_wpseo_title":"","yoast_wpseo_metadesc":"","yoast_wpseo_canonical":""},"_links":{"self":[{"href":"https:\/\/vof-news.eu\/de\/wp-json\/wp\/v2\/posts\/262783","targetHints":{"allow":["GET"]}}],"collection":[{"href":"https:\/\/vof-news.eu\/de\/wp-json\/wp\/v2\/posts"}],"about":[{"href":"https:\/\/vof-news.eu\/de\/wp-json\/wp\/v2\/types\/post"}],"author":[{"embeddable":true,"href":"https:\/\/vof-news.eu\/de\/wp-json\/wp\/v2\/users\/1"}],"replies":[{"embeddable":true,"href":"https:\/\/vof-news.eu\/de\/wp-json\/wp\/v2\/comments?post=262783"}],"version-history":[{"count":1,"href":"https:\/\/vof-news.eu\/de\/wp-json\/wp\/v2\/posts\/262783\/revisions"}],"predecessor-version":[{"id":262784,"href":"https:\/\/vof-news.eu\/de\/wp-json\/wp\/v2\/posts\/262783\/revisions\/262784"}],"wp:attachment":[{"href":"https:\/\/vof-news.eu\/de\/wp-json\/wp\/v2\/media?parent=262783"}],"wp:term":[{"taxonomy":"category","embeddable":true,"href":"https:\/\/vof-news.eu\/de\/wp-json\/wp\/v2\/categories?post=262783"},{"taxonomy":"post_tag","embeddable":true,"href":"https:\/\/vof-news.eu\/de\/wp-json\/wp\/v2\/tags?post=262783"}],"curies":[{"name":"wp","href":"https:\/\/api.w.org\/{rel}","templated":true}]}}