{"id":262628,"date":"2025-08-07T01:28:19","date_gmt":"2025-08-06T22:28:19","guid":{"rendered":"https:\/\/vof-news.eu\/trump-sieht-gute-chance-fur-baldiges-treffen-mit-putin\/"},"modified":"2025-08-07T01:29:24","modified_gmt":"2025-08-06T22:29:24","slug":"trump-sieht-gute-chance-fur-baldiges-treffen-mit-putin","status":"publish","type":"post","link":"https:\/\/vof-news.eu\/de\/trump-sieht-gute-chance-fur-baldiges-treffen-mit-putin\/","title":{"rendered":"Trump sieht &#8222;gute Chance&#8220; f\u00fcr baldiges Treffen mit Putin"},"content":{"rendered":"<div>\n<p>US-Pr\u00e4sident <span><a href=\"https:\/\/www.zeit.de\/thema\/donald-trump\" rel=\"nofollow\">Donald Trump<\/a><\/span> ist nach Angaben des<br \/>\nWei\u00dfen Hauses zu pers\u00f6nlichen Gespr\u00e4chen mit Russlands Pr\u00e4sident Wladimir Putin und dem ukrainischen Pr\u00e4sidenten Wolodymyr Selenskyj bereit. &#8222;Der Pr\u00e4sident ist offen daf\u00fcr, sowohl Pr\u00e4sident Putin<br \/>\nals auch Pr\u00e4sident Selenskyj zu treffen&#8220;, sagte die Sprecherin des<br \/>\nWei\u00dfen Hauses, Karoline Leavitt.\u00a0\n<\/p>\n<p>Die russische Regierung habe den Wunsch nach einem<br \/>\nTreffen mit dem US-Pr\u00e4sidenten ge\u00e4u\u00dfert, sagte Leavitt weiter. Sie<br \/>\nnannte aber weder ein Datum noch einen Ort f\u00fcr eine m\u00f6gliche Begegnung. Kurz darauf sagte Trump vor Journalisten, es best\u00fcnde eine &#8222;gute Chance&#8220;, dass es &#8222;sehr bald&#8220; zu einem Treffen mit Putin komme.\n<\/p>\n<h2>Berichte \u00fcber Treffen in der n\u00e4chsten Woche<\/h2>\n<p>Zuvor hatte die\u00a0\u00a0unter Berufung auf das Umfeld des<br \/>\nUS-Pr\u00e4sidenten berichtet, dass Trump ein pers\u00f6nliches Treffen mit Putin in der kommenden Woche sowie ein anschlie\u00dfendes gemeinsames Treffen mit\u00a0<span><a href=\"https:\/\/www.zeit.de\/thema\/wolodymyr-selenskyj\" rel=\"nofollow\">Selenskyj<\/a><\/span>\u00a0plane. Dies best\u00e4tigte das Wei\u00dfe Haus jedoch nicht.\u00a0\n<\/p>\n<p>Die Nachrichtenagentur dpa berichtete ebenfalls von einem baldigen Treffen der beiden Pr\u00e4sidenten. Dabei berief sie sich auf Regierungskreise nach einem Telefonat von Trump mit<br \/>\nmehreren europ\u00e4ischen Regierungschefs, darunter Bundeskanzler Friedrich Merz (CDU).\n<\/p>\n<h2>Russland nennt USA Bedingungen f\u00fcr Kriegsende<\/h2>\n<p>Am Mittag waren <a href=\"https:\/\/www.zeit.de\/politik\/ausland\/2025-08\/ukraine-krieg-usa-russland-treffen\" rel=\"nofollow\">Trumps Sondergesandte Steve Witkoff und Putin in Moskau zusammengekommen.<\/a> Trump bezeichnete das Treffen als &#8222;hochproduktiv&#8220; und sprach von &#8222;gro\u00dfen Fortschritten&#8220;, nannte aber keine Details. Die russische Regierung sprach von einer\u00a0&#8222;n\u00fctzlichen und konstruktiven Unterhaltung&#8220;, bei der beide Seiten ihre Positionen zur Ukraine &#8222;signalisiert&#8220; h\u00e4tten.\n<\/p>\n<p>US-Au\u00dfenminister Marco Rubio sagte\u00a0in einem Interview mit dem US-Nachrichtensender\u00a0 die USA h\u00e4tten nach dem Treffen\u00a0ein besseres Verst\u00e4ndnis f\u00fcr die Bedingungen, unter denen<br \/>\nRussland bereit w\u00e4re, seinen Krieg in der Ukraine zu beenden. &#8222;Zum ersten Mal seit Beginn<br \/>\ndieser Regierung haben wir vielleicht einige konkrete Beispiele daf\u00fcr,<br \/>\nwas Russland verlangen w\u00fcrde, um den Krieg zu beenden&#8220;, sagte Rubio. Die zentralen Punkte einer m\u00f6glichen Vereinbarung betreffen demnach territoriale Fragen.\n<\/p>\n<h2>US-Ultimatum an Russland endet am Freitag<\/h2>\n<p>Bereits Anfang Juni hatte sich Trump f\u00fcr<br \/>\nein Treffen mit Putin und Selenskyj\u00a0in Istanbul bereiterkl\u00e4rt. Der t\u00fcrkische Pr\u00e4sident Recep Tayyip\u00a0Erdo\u011fan\u00a0hatte<br \/>\nvorgeschlagen, dort \u00fcber eine Waffenruhe zu verhandeln, allerdings war das Treffen nicht zustande gekommen.\n<\/p>\n<p>Am Freitag l\u00e4uft Trumps Ultimatum an Putin, die Angriffe auf die Ukraine zu beenden, ab. Andernfalls will der US-Pr\u00e4sident weitere Strafz\u00f6llen gegen L\u00e4nder, die weiter mit<br \/>\nRussland handeln, verh\u00e4ngen. Gegen Indien verh\u00e4ngte Trump wegen anhaltender<br \/>\n\u00d6limporte aus Russland bereits <a href=\"https:\/\/www.zeit.de\/politik\/ausland\/2025-08\/donald-trump-indien-strafzoelle\" rel=\"nofollow\">einen Zusatzzoll von 25 Prozent und drohte mit insgesamt 50 Prozent.<\/a> \u00c4hnliche Sanktionen k\u00f6nnten China, Brasilien oder die EU treffen.\n<\/p>\n<\/div>\n","protected":false},"excerpt":{"rendered":"<p>US-Pr\u00e4sident Donald Trump ist nach Angaben des Wei\u00dfen Hauses zu pers\u00f6nlichen Gespr\u00e4chen mit Russlands Pr\u00e4sident Wladimir Putin und dem ukrainischen Pr\u00e4sidenten Wolodymyr Selenskyj bereit. &#8222;Der Pr\u00e4sident ist offen daf\u00fcr, sowohl Pr\u00e4sident Putin als auch Pr\u00e4sident Selenskyj zu treffen&#8220;, sagte die Sprecherin des Wei\u00dfen Hauses, Karoline Leavitt.\u00a0 Die russische Regierung habe den Wunsch nach einem Treffen<\/p>\n","protected":false},"author":1,"featured_media":262629,"comment_status":"open","ping_status":"open","sticky":false,"template":"","format":"standard","meta":{"footnotes":""},"categories":[116],"tags":[],"class_list":["post-262628","post","type-post","status-publish","format-standard","has-post-thumbnail","hentry","category-war-chronicles-de"],"acf":[],"yoast_head":"<!-- This site is optimized with the Yoast SEO plugin v22.9 - https:\/\/yoast.com\/wordpress\/plugins\/seo\/ -->\n<title>Trump sieht &quot;gute Chance&quot; f\u00fcr baldiges Treffen mit Putin - vof-news.eu<\/title>\n<meta name=\"description\" content=\"US-Pr\u00e4sident Donald Trump ist nach Angaben des\" \/>\n<meta name=\"robots\" content=\"noindex, follow, max-snippet:-1, max-image-preview:large, max-video-preview:-1\" \/>\n<meta property=\"og:locale\" content=\"de_DE\" \/>\n<meta property=\"og:type\" content=\"article\" \/>\n<meta property=\"og:title\" content=\"Trump sieht &quot;gute Chance&quot; f\u00fcr baldiges Treffen mit Putin - vof-news.eu\" \/>\n<meta property=\"og:description\" content=\"US-Pr\u00e4sident Donald Trump ist nach Angaben des\" \/>\n<meta property=\"og:url\" content=\"https:\/\/vof-news.eu\/de\/trump-sieht-gute-chance-fur-baldiges-treffen-mit-putin\/\" \/>\n<meta property=\"og:site_name\" content=\"vof-news.eu\" \/>\n<meta property=\"article:published_time\" content=\"2025-08-06T22:28:19+00:00\" \/>\n<meta property=\"article:modified_time\" content=\"2025-08-06T22:29:24+00:00\" \/>\n<meta property=\"og:image\" content=\"https:\/\/vof-news.eu\/wp-content\/uploads\/2025\/08\/wide__1000x562-22.jpg\" \/>\n\t<meta property=\"og:image:width\" content=\"1000\" \/>\n\t<meta property=\"og:image:height\" content=\"562\" \/>\n\t<meta property=\"og:image:type\" content=\"image\/jpeg\" \/>\n<meta name=\"author\" content=\"Author\" \/>\n<meta name=\"twitter:card\" content=\"summary_large_image\" \/>\n<meta name=\"twitter:label1\" content=\"Verfasst von\" \/>\n\t<meta name=\"twitter:data1\" content=\"Author\" \/>\n\t<meta name=\"twitter:label2\" content=\"Gesch\u00e4tzte Lesezeit\" \/>\n\t<meta name=\"twitter:data2\" content=\"2\u00a0Minuten\" \/>\n<script type=\"application\/ld+json\" class=\"yoast-schema-graph\">{\"@context\":\"https:\/\/schema.org\",\"@graph\":[{\"@type\":\"WebPage\",\"@id\":\"https:\/\/vof-news.eu\/de\/trump-sieht-gute-chance-fur-baldiges-treffen-mit-putin\/\",\"url\":\"https:\/\/vof-news.eu\/de\/trump-sieht-gute-chance-fur-baldiges-treffen-mit-putin\/\",\"name\":\"Trump sieht \\\"gute Chance\\\" f\u00fcr baldiges Treffen mit Putin - vof-news.eu\",\"isPartOf\":{\"@id\":\"https:\/\/vof-news.eu\/de\/#website\"},\"primaryImageOfPage\":{\"@id\":\"https:\/\/vof-news.eu\/de\/trump-sieht-gute-chance-fur-baldiges-treffen-mit-putin\/#primaryimage\"},\"image\":{\"@id\":\"https:\/\/vof-news.eu\/de\/trump-sieht-gute-chance-fur-baldiges-treffen-mit-putin\/#primaryimage\"},\"thumbnailUrl\":\"https:\/\/vof-news.eu\/wp-content\/uploads\/2025\/08\/wide__1000x562-22.jpg\",\"datePublished\":\"2025-08-06T22:28:19+00:00\",\"dateModified\":\"2025-08-06T22:29:24+00:00\",\"author\":{\"@id\":\"https:\/\/vof-news.eu\/de\/#\/schema\/person\/f6a2a4309f0561835797fd8c19b333ed\"},\"description\":\"US-Pr\u00e4sident Donald Trump ist nach Angaben des\",\"breadcrumb\":{\"@id\":\"https:\/\/vof-news.eu\/de\/trump-sieht-gute-chance-fur-baldiges-treffen-mit-putin\/#breadcrumb\"},\"inLanguage\":\"de\",\"potentialAction\":[{\"@type\":\"ReadAction\",\"target\":[\"https:\/\/vof-news.eu\/de\/trump-sieht-gute-chance-fur-baldiges-treffen-mit-putin\/\"]}]},{\"@type\":\"ImageObject\",\"inLanguage\":\"de\",\"@id\":\"https:\/\/vof-news.eu\/de\/trump-sieht-gute-chance-fur-baldiges-treffen-mit-putin\/#primaryimage\",\"url\":\"https:\/\/vof-news.eu\/wp-content\/uploads\/2025\/08\/wide__1000x562-22.jpg\",\"contentUrl\":\"https:\/\/vof-news.eu\/wp-content\/uploads\/2025\/08\/wide__1000x562-22.jpg\",\"width\":1000,\"height\":562},{\"@type\":\"BreadcrumbList\",\"@id\":\"https:\/\/vof-news.eu\/de\/trump-sieht-gute-chance-fur-baldiges-treffen-mit-putin\/#breadcrumb\",\"itemListElement\":[{\"@type\":\"ListItem\",\"position\":1,\"name\":\"Home\",\"item\":\"https:\/\/vof-news.eu\/de\/\"},{\"@type\":\"ListItem\",\"position\":2,\"name\":\"Trump sieht &#8220;gute Chance&#8221; f\u00fcr baldiges Treffen mit Putin\"}]},{\"@type\":\"WebSite\",\"@id\":\"https:\/\/vof-news.eu\/de\/#website\",\"url\":\"https:\/\/vof-news.eu\/de\/\",\"name\":\"vof-news.eu\",\"description\":\"\",\"potentialAction\":[{\"@type\":\"SearchAction\",\"target\":{\"@type\":\"EntryPoint\",\"urlTemplate\":\"https:\/\/vof-news.eu\/de\/?s={search_term_string}\"},\"query-input\":\"required name=search_term_string\"}],\"inLanguage\":\"de\"},{\"@type\":\"Person\",\"@id\":\"https:\/\/vof-news.eu\/de\/#\/schema\/person\/f6a2a4309f0561835797fd8c19b333ed\",\"name\":\"Author\",\"image\":{\"@type\":\"ImageObject\",\"inLanguage\":\"de\",\"@id\":\"https:\/\/vof-news.eu\/de\/#\/schema\/person\/image\/\",\"url\":\"https:\/\/secure.gravatar.com\/avatar\/b67e614b1b25b3e9c0c239efdd2fde5ab015b5affd6f1c3c85911ca4b384e790?s=96&d=mm&r=g\",\"contentUrl\":\"https:\/\/secure.gravatar.com\/avatar\/b67e614b1b25b3e9c0c239efdd2fde5ab015b5affd6f1c3c85911ca4b384e790?s=96&d=mm&r=g\",\"caption\":\"Author\"},\"sameAs\":[\"http:\/\/vof-news.eu\"],\"url\":\"https:\/\/vof-news.eu\/de\/author\/zwt6qxnjulxbnyg\/\"}]}<\/script>\n<!-- \/ Yoast SEO plugin. -->","yoast_head_json":{"title":"Trump sieht \"gute Chance\" f\u00fcr baldiges Treffen mit Putin - vof-news.eu","description":"US-Pr\u00e4sident Donald Trump ist nach Angaben des","robots":{"index":"noindex","follow":"follow","max-snippet":"max-snippet:-1","max-image-preview":"max-image-preview:large","max-video-preview":"max-video-preview:-1"},"og_locale":"de_DE","og_type":"article","og_title":"Trump sieht \"gute Chance\" f\u00fcr baldiges Treffen mit Putin - vof-news.eu","og_description":"US-Pr\u00e4sident Donald Trump ist nach Angaben des","og_url":"https:\/\/vof-news.eu\/de\/trump-sieht-gute-chance-fur-baldiges-treffen-mit-putin\/","og_site_name":"vof-news.eu","article_published_time":"2025-08-06T22:28:19+00:00","article_modified_time":"2025-08-06T22:29:24+00:00","og_image":[{"width":1000,"height":562,"url":"https:\/\/vof-news.eu\/wp-content\/uploads\/2025\/08\/wide__1000x562-22.jpg","type":"image\/jpeg"}],"author":"Author","twitter_card":"summary_large_image","twitter_misc":{"Verfasst von":"Author","Gesch\u00e4tzte Lesezeit":"2\u00a0Minuten"},"schema":{"@context":"https:\/\/schema.org","@graph":[{"@type":"WebPage","@id":"https:\/\/vof-news.eu\/de\/trump-sieht-gute-chance-fur-baldiges-treffen-mit-putin\/","url":"https:\/\/vof-news.eu\/de\/trump-sieht-gute-chance-fur-baldiges-treffen-mit-putin\/","name":"Trump sieht \"gute Chance\" f\u00fcr baldiges Treffen mit Putin - vof-news.eu","isPartOf":{"@id":"https:\/\/vof-news.eu\/de\/#website"},"primaryImageOfPage":{"@id":"https:\/\/vof-news.eu\/de\/trump-sieht-gute-chance-fur-baldiges-treffen-mit-putin\/#primaryimage"},"image":{"@id":"https:\/\/vof-news.eu\/de\/trump-sieht-gute-chance-fur-baldiges-treffen-mit-putin\/#primaryimage"},"thumbnailUrl":"https:\/\/vof-news.eu\/wp-content\/uploads\/2025\/08\/wide__1000x562-22.jpg","datePublished":"2025-08-06T22:28:19+00:00","dateModified":"2025-08-06T22:29:24+00:00","author":{"@id":"https:\/\/vof-news.eu\/de\/#\/schema\/person\/f6a2a4309f0561835797fd8c19b333ed"},"description":"US-Pr\u00e4sident Donald Trump ist nach Angaben des","breadcrumb":{"@id":"https:\/\/vof-news.eu\/de\/trump-sieht-gute-chance-fur-baldiges-treffen-mit-putin\/#breadcrumb"},"inLanguage":"de","potentialAction":[{"@type":"ReadAction","target":["https:\/\/vof-news.eu\/de\/trump-sieht-gute-chance-fur-baldiges-treffen-mit-putin\/"]}]},{"@type":"ImageObject","inLanguage":"de","@id":"https:\/\/vof-news.eu\/de\/trump-sieht-gute-chance-fur-baldiges-treffen-mit-putin\/#primaryimage","url":"https:\/\/vof-news.eu\/wp-content\/uploads\/2025\/08\/wide__1000x562-22.jpg","contentUrl":"https:\/\/vof-news.eu\/wp-content\/uploads\/2025\/08\/wide__1000x562-22.jpg","width":1000,"height":562},{"@type":"BreadcrumbList","@id":"https:\/\/vof-news.eu\/de\/trump-sieht-gute-chance-fur-baldiges-treffen-mit-putin\/#breadcrumb","itemListElement":[{"@type":"ListItem","position":1,"name":"Home","item":"https:\/\/vof-news.eu\/de\/"},{"@type":"ListItem","position":2,"name":"Trump sieht &#8220;gute Chance&#8221; f\u00fcr baldiges Treffen mit Putin"}]},{"@type":"WebSite","@id":"https:\/\/vof-news.eu\/de\/#website","url":"https:\/\/vof-news.eu\/de\/","name":"vof-news.eu","description":"","potentialAction":[{"@type":"SearchAction","target":{"@type":"EntryPoint","urlTemplate":"https:\/\/vof-news.eu\/de\/?s={search_term_string}"},"query-input":"required name=search_term_string"}],"inLanguage":"de"},{"@type":"Person","@id":"https:\/\/vof-news.eu\/de\/#\/schema\/person\/f6a2a4309f0561835797fd8c19b333ed","name":"Author","image":{"@type":"ImageObject","inLanguage":"de","@id":"https:\/\/vof-news.eu\/de\/#\/schema\/person\/image\/","url":"https:\/\/secure.gravatar.com\/avatar\/b67e614b1b25b3e9c0c239efdd2fde5ab015b5affd6f1c3c85911ca4b384e790?s=96&d=mm&r=g","contentUrl":"https:\/\/secure.gravatar.com\/avatar\/b67e614b1b25b3e9c0c239efdd2fde5ab015b5affd6f1c3c85911ca4b384e790?s=96&d=mm&r=g","caption":"Author"},"sameAs":["http:\/\/vof-news.eu"],"url":"https:\/\/vof-news.eu\/de\/author\/zwt6qxnjulxbnyg\/"}]}},"yoast_meta":{"yoast_wpseo_title":"","yoast_wpseo_metadesc":"","yoast_wpseo_canonical":""},"_links":{"self":[{"href":"https:\/\/vof-news.eu\/de\/wp-json\/wp\/v2\/posts\/262628","targetHints":{"allow":["GET"]}}],"collection":[{"href":"https:\/\/vof-news.eu\/de\/wp-json\/wp\/v2\/posts"}],"about":[{"href":"https:\/\/vof-news.eu\/de\/wp-json\/wp\/v2\/types\/post"}],"author":[{"embeddable":true,"href":"https:\/\/vof-news.eu\/de\/wp-json\/wp\/v2\/users\/1"}],"replies":[{"embeddable":true,"href":"https:\/\/vof-news.eu\/de\/wp-json\/wp\/v2\/comments?post=262628"}],"version-history":[{"count":1,"href":"https:\/\/vof-news.eu\/de\/wp-json\/wp\/v2\/posts\/262628\/revisions"}],"predecessor-version":[{"id":262635,"href":"https:\/\/vof-news.eu\/de\/wp-json\/wp\/v2\/posts\/262628\/revisions\/262635"}],"wp:featuredmedia":[{"embeddable":true,"href":"https:\/\/vof-news.eu\/de\/wp-json\/wp\/v2\/media\/262629"}],"wp:attachment":[{"href":"https:\/\/vof-news.eu\/de\/wp-json\/wp\/v2\/media?parent=262628"}],"wp:term":[{"taxonomy":"category","embeddable":true,"href":"https:\/\/vof-news.eu\/de\/wp-json\/wp\/v2\/categories?post=262628"},{"taxonomy":"post_tag","embeddable":true,"href":"https:\/\/vof-news.eu\/de\/wp-json\/wp\/v2\/tags?post=262628"}],"curies":[{"name":"wp","href":"https:\/\/api.w.org\/{rel}","templated":true}]}}