{"id":262554,"date":"2025-08-06T21:28:10","date_gmt":"2025-08-06T18:28:10","guid":{"rendered":"https:\/\/vof-news.eu\/bund-sieht-keine-ersparnis-durch-streichen-von-burgergeld-fur-ukrainer\/"},"modified":"2025-08-06T21:28:53","modified_gmt":"2025-08-06T18:28:53","slug":"bund-sieht-keine-ersparnis-durch-streichen-von-burgergeld-fur-ukrainer","status":"publish","type":"post","link":"https:\/\/vof-news.eu\/de\/bund-sieht-keine-ersparnis-durch-streichen-von-burgergeld-fur-ukrainer\/","title":{"rendered":"Bund sieht keine Ersparnis durch Streichen von B\u00fcrgergeld f\u00fcr Ukrainer"},"content":{"rendered":"<div>\n<p>Die von der Bundesregierung geplante Versorgung ukrainischer<br \/>\nGefl\u00fcchteter mit Asylbewerberleistungen statt mit\u00a0<a href=\"https:\/\/www.zeit.de\/thema\/buergergeld\" rel=\"nofollow\">B\u00fcrgergeld<\/a>\u00a0bringt dem Bund offenbar keine Einsparungen. Das geht aus Zahlen eines Referentenentwurfs des Sozialministeriums<br \/>\nunter Bundesarbeitsministerin <span><a href=\"https:\/\/www.zeit.de\/thema\/baerbel-bas\" rel=\"nofollow\">B\u00e4rbel Bas<\/a><\/span> vor.\n<\/p>\n<p>Der Entwurf soll den sogenannten Rechtskreiswechsel<br \/>\numsetzen, den die schwarz-rote Koalition plant: Menschen aus der <a href=\"https:\/\/www.zeit.de\/thema\/krieg-in-ukraine\" rel=\"nofollow\">Ukraine<\/a>, die<br \/>\nnach dem 1. April 2025 nach Deutschland gekommen sind oder k\u00fcnftig kommen, sollen nicht mehr <span><a href=\"https:\/\/www.zeit.de\/thema\/buergergeld\" rel=\"nofollow\">B\u00fcrgergeld<\/a><\/span>,<br \/>\nsondern geringere Leistungen wie Asylbewerber bekommen. Dabei liegt der Satz<br \/>\nf\u00fcr Alleinstehende bei 441 Euro, w\u00e4hrend es im B\u00fcrgergeld 563 Euro sind. Auch<br \/>\ndie Gesundheitsleistungen sind nach dem Asylbewerberrecht beschr\u00e4nkt.\n<\/p>\n<p>Berechnungen zufolge soll das aber keine Einsparungen f\u00fcr<br \/>\nden Bund bedeuten. F\u00fcr 2026 werden zwar f\u00fcr B\u00fcrgergeld, Grundsicherung und<br \/>\nHilfen zum Lebensunterhalt bei Bund, L\u00e4ndern und Kommunen insgesamt rund 1,32<br \/>\nMilliarden Euro weniger Kosten angenommen. Die zus\u00e4tzlichen Kosten f\u00fcr<br \/>\nLeistungen nach Asylbewerberleistungsgesetz werden jedoch mit 1,375 Milliarden<br \/>\nEuro veranschlagt. Diese entstehen bei L\u00e4ndern und Kommunen, die jedoch vom<br \/>\nBund pauschal entsch\u00e4digt werden sollen.\n<\/p>\n<h2>Kosten m\u00fcssen kompensiert werden<\/h2>\n<p>Arbeits- und Sozialministerin Bas hatte bereits vor einiger<br \/>\nZeit vorausgesagt, dass es keine gro\u00dfen Einsparungen geben werde. Zwar seien<br \/>\ndiese Kosten &#8222;aus meinem Etat dann raus&#8220;, doch m\u00fcssten sie kompensiert werden,<br \/>\nsagte die <a href=\"https:\/\/www.zeit.de\/thema\/spd\" rel=\"nofollow\">SPD<\/a>-Politikerin Mitte Juli. F\u00fcr den Gesamthaushalt bedeute das keine<br \/>\nErsparnis.\n<\/p>\n<p>Nach dem russischen Gro\u00dfangriff kamen viele <a href=\"https:\/\/www.zeit.de\/politik\/deutschland\/2025-08\/ukraine-beschaeftigung-gestiegen-buergergeld\" rel=\"nofollow\">Ukrainerinnen<br \/>\nund Ukrainer<\/a> nicht als Asylbewerber nach Deutschland, sondern \u00fcber eine<br \/>\nSonderregel \u2013 die sogenannte Massenstromrichtlinie. Damit durften sie sofort<br \/>\narbeiten und hatten, falls sie ihren Lebensunterhalt nicht sofort verdienen<br \/>\nkonnten, Anspruch auf B\u00fcrgergeld.\n<\/p>\n<h2>S\u00f6der fordert ausschlie\u00dflich Asylbewerberleistungen<\/h2>\n<p>An dieser Stelle setzt die Koalition aus Union und <span><a href=\"https:\/\/www.zeit.de\/thema\/spd\" rel=\"nofollow\">SPD<\/a><\/span> nun an.<br \/>\nAsylantr\u00e4ge m\u00fcssen die Menschen dabei nicht stellen, sie behalten zudem das<br \/>\nRecht, sofort eine Arbeit aufzunehmen. Bayerns Ministerpr\u00e4sident <a href=\"https:\/\/www.zeit.de\/politik\/deutschland\/2025-08\/markus-soeder-buergeld-ukraine-fluechtlinge-deutschland\" rel=\"nofollow\">Markus S\u00f6der<br \/>\n(CSU) hatte zuletzt gar vorgeschlagen<\/a>, nicht nur neu nach Deutschland kommende Ukrainer, sondern<br \/>\nauch die schon hier lebenden Gefl\u00fcchteten nur noch mit Asylbewerberleistungen<br \/>\nzu versorgen. Das lehnte Bas ab.\u00a0\n<\/p>\n<p>Derzeit haben rund 700.000 Ukrainerinnen und Ukrainer<br \/>\nAnspruch auf B\u00fcrgergeld, darunter rund 200.000 Kinder. 2024 wurden rund 6,3<br \/>\nMilliarden Euro an Ukrainer ausgezahlt. Insgesamt kamen seit 2022 den Angaben<br \/>\nzufolge 1,2 Millionen <a href=\"https:\/\/www.zeit.de\/arbeit\/2025-08\/ifo-studie-ukraine-gefluechtete-jobchancen-sozialleistungen\" rel=\"nofollow\">Gefl\u00fcchtete aus der Ukraine<\/a>. Mit Stand Mai waren nach<br \/>\noffiziellen Angaben 332.000 von ihnen in Besch\u00e4ftigung.\u00a0\n<\/p>\n<p>Der Entwurf geht zun\u00e4chst in die Abstimmung mit anderen<br \/>\nRessorts der <span><a href=\"https:\/\/www.zeit.de\/thema\/bundesregierung\" rel=\"nofollow\">Bundesregierung<\/a><\/span>. Anschlie\u00dfend wird er im Kabinett behandelt, dann<br \/>\nkommt er in den Bundestag.\n<\/p>\n<\/div>\n","protected":false},"excerpt":{"rendered":"<p>Die von der Bundesregierung geplante Versorgung ukrainischer Gefl\u00fcchteter mit Asylbewerberleistungen statt mit\u00a0B\u00fcrgergeld\u00a0bringt dem Bund offenbar keine Einsparungen. Das geht aus Zahlen eines Referentenentwurfs des Sozialministeriums unter Bundesarbeitsministerin B\u00e4rbel Bas vor. Der Entwurf soll den sogenannten Rechtskreiswechsel umsetzen, den die schwarz-rote Koalition plant: Menschen aus der Ukraine, die nach dem 1. April 2025 nach Deutschland gekommen<\/p>\n","protected":false},"author":1,"featured_media":262555,"comment_status":"open","ping_status":"open","sticky":false,"template":"","format":"standard","meta":{"footnotes":""},"categories":[116],"tags":[],"class_list":["post-262554","post","type-post","status-publish","format-standard","has-post-thumbnail","hentry","category-war-chronicles-de"],"acf":[],"yoast_head":"<!-- This site is optimized with the Yoast SEO plugin v22.9 - https:\/\/yoast.com\/wordpress\/plugins\/seo\/ -->\n<title>Bund sieht keine Ersparnis durch Streichen von B\u00fcrgergeld f\u00fcr Ukrainer - vof-news.eu<\/title>\n<meta name=\"description\" content=\"Die von der Bundesregierung geplante Versorgung ukrainischer\" \/>\n<meta name=\"robots\" content=\"noindex, follow, max-snippet:-1, max-image-preview:large, max-video-preview:-1\" \/>\n<meta property=\"og:locale\" content=\"de_DE\" \/>\n<meta property=\"og:type\" content=\"article\" \/>\n<meta property=\"og:title\" content=\"Bund sieht keine Ersparnis durch Streichen von B\u00fcrgergeld f\u00fcr Ukrainer - vof-news.eu\" \/>\n<meta property=\"og:description\" content=\"Die von der Bundesregierung geplante Versorgung ukrainischer\" \/>\n<meta property=\"og:url\" content=\"https:\/\/vof-news.eu\/de\/bund-sieht-keine-ersparnis-durch-streichen-von-burgergeld-fur-ukrainer\/\" \/>\n<meta property=\"og:site_name\" content=\"vof-news.eu\" \/>\n<meta property=\"article:published_time\" content=\"2025-08-06T18:28:10+00:00\" \/>\n<meta property=\"article:modified_time\" content=\"2025-08-06T18:28:53+00:00\" \/>\n<meta property=\"og:image\" content=\"https:\/\/vof-news.eu\/wp-content\/uploads\/2025\/08\/wide__1000x562-20.jpg\" \/>\n\t<meta property=\"og:image:width\" content=\"1000\" \/>\n\t<meta property=\"og:image:height\" content=\"562\" \/>\n\t<meta property=\"og:image:type\" content=\"image\/jpeg\" \/>\n<meta name=\"author\" content=\"Author\" \/>\n<meta name=\"twitter:card\" content=\"summary_large_image\" \/>\n<meta name=\"twitter:label1\" content=\"Verfasst von\" \/>\n\t<meta name=\"twitter:data1\" content=\"Author\" \/>\n\t<meta name=\"twitter:label2\" content=\"Gesch\u00e4tzte Lesezeit\" \/>\n\t<meta name=\"twitter:data2\" content=\"2\u00a0Minuten\" \/>\n<script type=\"application\/ld+json\" class=\"yoast-schema-graph\">{\"@context\":\"https:\/\/schema.org\",\"@graph\":[{\"@type\":\"WebPage\",\"@id\":\"https:\/\/vof-news.eu\/de\/bund-sieht-keine-ersparnis-durch-streichen-von-burgergeld-fur-ukrainer\/\",\"url\":\"https:\/\/vof-news.eu\/de\/bund-sieht-keine-ersparnis-durch-streichen-von-burgergeld-fur-ukrainer\/\",\"name\":\"Bund sieht keine Ersparnis durch Streichen von B\u00fcrgergeld f\u00fcr Ukrainer - vof-news.eu\",\"isPartOf\":{\"@id\":\"https:\/\/vof-news.eu\/de\/#website\"},\"primaryImageOfPage\":{\"@id\":\"https:\/\/vof-news.eu\/de\/bund-sieht-keine-ersparnis-durch-streichen-von-burgergeld-fur-ukrainer\/#primaryimage\"},\"image\":{\"@id\":\"https:\/\/vof-news.eu\/de\/bund-sieht-keine-ersparnis-durch-streichen-von-burgergeld-fur-ukrainer\/#primaryimage\"},\"thumbnailUrl\":\"https:\/\/vof-news.eu\/wp-content\/uploads\/2025\/08\/wide__1000x562-20.jpg\",\"datePublished\":\"2025-08-06T18:28:10+00:00\",\"dateModified\":\"2025-08-06T18:28:53+00:00\",\"author\":{\"@id\":\"https:\/\/vof-news.eu\/de\/#\/schema\/person\/f6a2a4309f0561835797fd8c19b333ed\"},\"description\":\"Die von der Bundesregierung geplante Versorgung ukrainischer\",\"breadcrumb\":{\"@id\":\"https:\/\/vof-news.eu\/de\/bund-sieht-keine-ersparnis-durch-streichen-von-burgergeld-fur-ukrainer\/#breadcrumb\"},\"inLanguage\":\"de\",\"potentialAction\":[{\"@type\":\"ReadAction\",\"target\":[\"https:\/\/vof-news.eu\/de\/bund-sieht-keine-ersparnis-durch-streichen-von-burgergeld-fur-ukrainer\/\"]}]},{\"@type\":\"ImageObject\",\"inLanguage\":\"de\",\"@id\":\"https:\/\/vof-news.eu\/de\/bund-sieht-keine-ersparnis-durch-streichen-von-burgergeld-fur-ukrainer\/#primaryimage\",\"url\":\"https:\/\/vof-news.eu\/wp-content\/uploads\/2025\/08\/wide__1000x562-20.jpg\",\"contentUrl\":\"https:\/\/vof-news.eu\/wp-content\/uploads\/2025\/08\/wide__1000x562-20.jpg\",\"width\":1000,\"height\":562},{\"@type\":\"BreadcrumbList\",\"@id\":\"https:\/\/vof-news.eu\/de\/bund-sieht-keine-ersparnis-durch-streichen-von-burgergeld-fur-ukrainer\/#breadcrumb\",\"itemListElement\":[{\"@type\":\"ListItem\",\"position\":1,\"name\":\"Home\",\"item\":\"https:\/\/vof-news.eu\/de\/\"},{\"@type\":\"ListItem\",\"position\":2,\"name\":\"Bund sieht keine Ersparnis durch Streichen von B\u00fcrgergeld f\u00fcr Ukrainer\"}]},{\"@type\":\"WebSite\",\"@id\":\"https:\/\/vof-news.eu\/de\/#website\",\"url\":\"https:\/\/vof-news.eu\/de\/\",\"name\":\"vof-news.eu\",\"description\":\"\",\"potentialAction\":[{\"@type\":\"SearchAction\",\"target\":{\"@type\":\"EntryPoint\",\"urlTemplate\":\"https:\/\/vof-news.eu\/de\/?s={search_term_string}\"},\"query-input\":\"required name=search_term_string\"}],\"inLanguage\":\"de\"},{\"@type\":\"Person\",\"@id\":\"https:\/\/vof-news.eu\/de\/#\/schema\/person\/f6a2a4309f0561835797fd8c19b333ed\",\"name\":\"Author\",\"image\":{\"@type\":\"ImageObject\",\"inLanguage\":\"de\",\"@id\":\"https:\/\/vof-news.eu\/de\/#\/schema\/person\/image\/\",\"url\":\"https:\/\/secure.gravatar.com\/avatar\/b67e614b1b25b3e9c0c239efdd2fde5ab015b5affd6f1c3c85911ca4b384e790?s=96&d=mm&r=g\",\"contentUrl\":\"https:\/\/secure.gravatar.com\/avatar\/b67e614b1b25b3e9c0c239efdd2fde5ab015b5affd6f1c3c85911ca4b384e790?s=96&d=mm&r=g\",\"caption\":\"Author\"},\"sameAs\":[\"http:\/\/vof-news.eu\"],\"url\":\"https:\/\/vof-news.eu\/de\/author\/zwt6qxnjulxbnyg\/\"}]}<\/script>\n<!-- \/ Yoast SEO plugin. -->","yoast_head_json":{"title":"Bund sieht keine Ersparnis durch Streichen von B\u00fcrgergeld f\u00fcr Ukrainer - vof-news.eu","description":"Die von der Bundesregierung geplante Versorgung ukrainischer","robots":{"index":"noindex","follow":"follow","max-snippet":"max-snippet:-1","max-image-preview":"max-image-preview:large","max-video-preview":"max-video-preview:-1"},"og_locale":"de_DE","og_type":"article","og_title":"Bund sieht keine Ersparnis durch Streichen von B\u00fcrgergeld f\u00fcr Ukrainer - vof-news.eu","og_description":"Die von der Bundesregierung geplante Versorgung ukrainischer","og_url":"https:\/\/vof-news.eu\/de\/bund-sieht-keine-ersparnis-durch-streichen-von-burgergeld-fur-ukrainer\/","og_site_name":"vof-news.eu","article_published_time":"2025-08-06T18:28:10+00:00","article_modified_time":"2025-08-06T18:28:53+00:00","og_image":[{"width":1000,"height":562,"url":"https:\/\/vof-news.eu\/wp-content\/uploads\/2025\/08\/wide__1000x562-20.jpg","type":"image\/jpeg"}],"author":"Author","twitter_card":"summary_large_image","twitter_misc":{"Verfasst von":"Author","Gesch\u00e4tzte Lesezeit":"2\u00a0Minuten"},"schema":{"@context":"https:\/\/schema.org","@graph":[{"@type":"WebPage","@id":"https:\/\/vof-news.eu\/de\/bund-sieht-keine-ersparnis-durch-streichen-von-burgergeld-fur-ukrainer\/","url":"https:\/\/vof-news.eu\/de\/bund-sieht-keine-ersparnis-durch-streichen-von-burgergeld-fur-ukrainer\/","name":"Bund sieht keine Ersparnis durch Streichen von B\u00fcrgergeld f\u00fcr Ukrainer - vof-news.eu","isPartOf":{"@id":"https:\/\/vof-news.eu\/de\/#website"},"primaryImageOfPage":{"@id":"https:\/\/vof-news.eu\/de\/bund-sieht-keine-ersparnis-durch-streichen-von-burgergeld-fur-ukrainer\/#primaryimage"},"image":{"@id":"https:\/\/vof-news.eu\/de\/bund-sieht-keine-ersparnis-durch-streichen-von-burgergeld-fur-ukrainer\/#primaryimage"},"thumbnailUrl":"https:\/\/vof-news.eu\/wp-content\/uploads\/2025\/08\/wide__1000x562-20.jpg","datePublished":"2025-08-06T18:28:10+00:00","dateModified":"2025-08-06T18:28:53+00:00","author":{"@id":"https:\/\/vof-news.eu\/de\/#\/schema\/person\/f6a2a4309f0561835797fd8c19b333ed"},"description":"Die von der Bundesregierung geplante Versorgung ukrainischer","breadcrumb":{"@id":"https:\/\/vof-news.eu\/de\/bund-sieht-keine-ersparnis-durch-streichen-von-burgergeld-fur-ukrainer\/#breadcrumb"},"inLanguage":"de","potentialAction":[{"@type":"ReadAction","target":["https:\/\/vof-news.eu\/de\/bund-sieht-keine-ersparnis-durch-streichen-von-burgergeld-fur-ukrainer\/"]}]},{"@type":"ImageObject","inLanguage":"de","@id":"https:\/\/vof-news.eu\/de\/bund-sieht-keine-ersparnis-durch-streichen-von-burgergeld-fur-ukrainer\/#primaryimage","url":"https:\/\/vof-news.eu\/wp-content\/uploads\/2025\/08\/wide__1000x562-20.jpg","contentUrl":"https:\/\/vof-news.eu\/wp-content\/uploads\/2025\/08\/wide__1000x562-20.jpg","width":1000,"height":562},{"@type":"BreadcrumbList","@id":"https:\/\/vof-news.eu\/de\/bund-sieht-keine-ersparnis-durch-streichen-von-burgergeld-fur-ukrainer\/#breadcrumb","itemListElement":[{"@type":"ListItem","position":1,"name":"Home","item":"https:\/\/vof-news.eu\/de\/"},{"@type":"ListItem","position":2,"name":"Bund sieht keine Ersparnis durch Streichen von B\u00fcrgergeld f\u00fcr Ukrainer"}]},{"@type":"WebSite","@id":"https:\/\/vof-news.eu\/de\/#website","url":"https:\/\/vof-news.eu\/de\/","name":"vof-news.eu","description":"","potentialAction":[{"@type":"SearchAction","target":{"@type":"EntryPoint","urlTemplate":"https:\/\/vof-news.eu\/de\/?s={search_term_string}"},"query-input":"required name=search_term_string"}],"inLanguage":"de"},{"@type":"Person","@id":"https:\/\/vof-news.eu\/de\/#\/schema\/person\/f6a2a4309f0561835797fd8c19b333ed","name":"Author","image":{"@type":"ImageObject","inLanguage":"de","@id":"https:\/\/vof-news.eu\/de\/#\/schema\/person\/image\/","url":"https:\/\/secure.gravatar.com\/avatar\/b67e614b1b25b3e9c0c239efdd2fde5ab015b5affd6f1c3c85911ca4b384e790?s=96&d=mm&r=g","contentUrl":"https:\/\/secure.gravatar.com\/avatar\/b67e614b1b25b3e9c0c239efdd2fde5ab015b5affd6f1c3c85911ca4b384e790?s=96&d=mm&r=g","caption":"Author"},"sameAs":["http:\/\/vof-news.eu"],"url":"https:\/\/vof-news.eu\/de\/author\/zwt6qxnjulxbnyg\/"}]}},"yoast_meta":{"yoast_wpseo_title":"","yoast_wpseo_metadesc":"","yoast_wpseo_canonical":""},"_links":{"self":[{"href":"https:\/\/vof-news.eu\/de\/wp-json\/wp\/v2\/posts\/262554","targetHints":{"allow":["GET"]}}],"collection":[{"href":"https:\/\/vof-news.eu\/de\/wp-json\/wp\/v2\/posts"}],"about":[{"href":"https:\/\/vof-news.eu\/de\/wp-json\/wp\/v2\/types\/post"}],"author":[{"embeddable":true,"href":"https:\/\/vof-news.eu\/de\/wp-json\/wp\/v2\/users\/1"}],"replies":[{"embeddable":true,"href":"https:\/\/vof-news.eu\/de\/wp-json\/wp\/v2\/comments?post=262554"}],"version-history":[{"count":1,"href":"https:\/\/vof-news.eu\/de\/wp-json\/wp\/v2\/posts\/262554\/revisions"}],"predecessor-version":[{"id":262561,"href":"https:\/\/vof-news.eu\/de\/wp-json\/wp\/v2\/posts\/262554\/revisions\/262561"}],"wp:featuredmedia":[{"embeddable":true,"href":"https:\/\/vof-news.eu\/de\/wp-json\/wp\/v2\/media\/262555"}],"wp:attachment":[{"href":"https:\/\/vof-news.eu\/de\/wp-json\/wp\/v2\/media?parent=262554"}],"wp:term":[{"taxonomy":"category","embeddable":true,"href":"https:\/\/vof-news.eu\/de\/wp-json\/wp\/v2\/categories?post=262554"},{"taxonomy":"post_tag","embeddable":true,"href":"https:\/\/vof-news.eu\/de\/wp-json\/wp\/v2\/tags?post=262554"}],"curies":[{"name":"wp","href":"https:\/\/api.w.org\/{rel}","templated":true}]}}