{"id":262099,"date":"2025-08-05T13:28:13","date_gmt":"2025-08-05T10:28:13","guid":{"rendered":"https:\/\/vof-news.eu\/gefluchtete-aus-der-ukraine-suchen-vor-allem-gute-jobchancen\/"},"modified":"2025-08-05T13:28:53","modified_gmt":"2025-08-05T10:28:53","slug":"gefluchtete-aus-der-ukraine-suchen-vor-allem-gute-jobchancen","status":"publish","type":"post","link":"https:\/\/vof-news.eu\/de\/gefluchtete-aus-der-ukraine-suchen-vor-allem-gute-jobchancen\/","title":{"rendered":"Gefl\u00fcchtete aus der Ukraine suchen vor allem gute Jobchancen"},"content":{"rendered":"<div>\n<p>F\u00fcr <span><a href=\"https:\/\/www.zeit.de\/thema\/fluechtling\" rel=\"nofollow\">Gefl\u00fcchtete<\/a><\/span> aus der Ukraine<br \/>\n sind <a href=\"https:\/\/www.ifo.de\/pressemitteilung\/2025-08-05\/fuer-gefluechtete-aus-der-ukraine-sind-arbeitsmoeglichkeiten-wichtiger\" rel=\"nofollow\">laut einer Umfrage<\/a>\u00a0des ifo Instituts gute Arbeitsm\u00f6glichkeiten wichtiger als h\u00f6here<br \/>\nSozialleistungen. Wenn sie \u00fcberlegen, in welches Land sie gehen sollen, ist demnach die Aussicht auf einen Arbeitsplatz, der zur eigenen Qualifikation passt, wichtiger als staatliche<br \/>\nLeistungen. Auch das Lohnniveau spielt eine gro\u00dfe Rolle. F\u00fcr die Umfrage lie\u00df das Institut 3.300 ukrainische<br \/>\nGefl\u00fcchtete in Europa befragen.\u00a0\n<\/p>\n<p>Die aktuelle Diskussion \u00fcber die K\u00fcrzung von<br \/>\nSozialleistungen f\u00fcr ukrainische Gefl\u00fcchtete habe nur wenig Wirkung, so das ifo Institut. Denn die Studie zeige, dass ein h\u00f6heres Lohnniveau<br \/>\n und ein einfacher Zugang zu passenden Arbeitspl\u00e4tzen f\u00fcr Gefl\u00fcchtete<br \/>\nein gr\u00f6\u00dferer Anreiz sind als Sozialleistungen. &#8222;Staatliche Hilfe zu<br \/>\nk\u00fcrzen, k\u00f6nnte sich auch langfristig negativ auf die Integration<br \/>\nauswirken&#8220;, warnte Giesing.\n<\/p>\n<\/p>\n<\/div>\n","protected":false},"excerpt":{"rendered":"<p>F\u00fcr Gefl\u00fcchtete aus der Ukraine sind laut einer Umfrage\u00a0des ifo Instituts gute Arbeitsm\u00f6glichkeiten wichtiger als h\u00f6here Sozialleistungen. Wenn sie \u00fcberlegen, in welches Land sie gehen sollen, ist demnach die Aussicht auf einen Arbeitsplatz, der zur eigenen Qualifikation passt, wichtiger als staatliche Leistungen. Auch das Lohnniveau spielt eine gro\u00dfe Rolle. F\u00fcr die Umfrage lie\u00df das Institut<\/p>\n","protected":false},"author":1,"featured_media":0,"comment_status":"open","ping_status":"open","sticky":false,"template":"","format":"standard","meta":{"footnotes":""},"categories":[116],"tags":[],"class_list":["post-262099","post","type-post","status-publish","format-standard","hentry","category-war-chronicles-de"],"acf":[],"yoast_head":"<!-- This site is optimized with the Yoast SEO plugin v22.9 - https:\/\/yoast.com\/wordpress\/plugins\/seo\/ -->\n<title>Gefl\u00fcchtete aus der Ukraine suchen vor allem gute Jobchancen - vof-news.eu<\/title>\n<meta name=\"description\" content=\"F\u00fcr Gefl\u00fcchtete aus der Ukraine\" \/>\n<meta name=\"robots\" content=\"noindex, follow, max-snippet:-1, max-image-preview:large, max-video-preview:-1\" \/>\n<meta property=\"og:locale\" content=\"de_DE\" \/>\n<meta property=\"og:type\" content=\"article\" \/>\n<meta property=\"og:title\" content=\"Gefl\u00fcchtete aus der Ukraine suchen vor allem gute Jobchancen - vof-news.eu\" \/>\n<meta property=\"og:description\" content=\"F\u00fcr Gefl\u00fcchtete aus der Ukraine\" \/>\n<meta property=\"og:url\" content=\"https:\/\/vof-news.eu\/de\/gefluchtete-aus-der-ukraine-suchen-vor-allem-gute-jobchancen\/\" \/>\n<meta property=\"og:site_name\" content=\"vof-news.eu\" \/>\n<meta property=\"article:published_time\" content=\"2025-08-05T10:28:13+00:00\" \/>\n<meta property=\"article:modified_time\" content=\"2025-08-05T10:28:53+00:00\" \/>\n<meta name=\"author\" content=\"Author\" \/>\n<meta name=\"twitter:card\" content=\"summary_large_image\" \/>\n<meta name=\"twitter:label1\" content=\"Verfasst von\" \/>\n\t<meta name=\"twitter:data1\" content=\"Author\" \/>\n\t<meta name=\"twitter:label2\" content=\"Gesch\u00e4tzte Lesezeit\" \/>\n\t<meta name=\"twitter:data2\" content=\"1\u00a0Minute\" \/>\n<script type=\"application\/ld+json\" class=\"yoast-schema-graph\">{\"@context\":\"https:\/\/schema.org\",\"@graph\":[{\"@type\":\"WebPage\",\"@id\":\"https:\/\/vof-news.eu\/de\/gefluchtete-aus-der-ukraine-suchen-vor-allem-gute-jobchancen\/\",\"url\":\"https:\/\/vof-news.eu\/de\/gefluchtete-aus-der-ukraine-suchen-vor-allem-gute-jobchancen\/\",\"name\":\"Gefl\u00fcchtete aus der Ukraine suchen vor allem gute Jobchancen - vof-news.eu\",\"isPartOf\":{\"@id\":\"https:\/\/vof-news.eu\/de\/#website\"},\"datePublished\":\"2025-08-05T10:28:13+00:00\",\"dateModified\":\"2025-08-05T10:28:53+00:00\",\"author\":{\"@id\":\"https:\/\/vof-news.eu\/de\/#\/schema\/person\/f6a2a4309f0561835797fd8c19b333ed\"},\"description\":\"F\u00fcr Gefl\u00fcchtete aus der Ukraine\",\"breadcrumb\":{\"@id\":\"https:\/\/vof-news.eu\/de\/gefluchtete-aus-der-ukraine-suchen-vor-allem-gute-jobchancen\/#breadcrumb\"},\"inLanguage\":\"de\",\"potentialAction\":[{\"@type\":\"ReadAction\",\"target\":[\"https:\/\/vof-news.eu\/de\/gefluchtete-aus-der-ukraine-suchen-vor-allem-gute-jobchancen\/\"]}]},{\"@type\":\"BreadcrumbList\",\"@id\":\"https:\/\/vof-news.eu\/de\/gefluchtete-aus-der-ukraine-suchen-vor-allem-gute-jobchancen\/#breadcrumb\",\"itemListElement\":[{\"@type\":\"ListItem\",\"position\":1,\"name\":\"Home\",\"item\":\"https:\/\/vof-news.eu\/de\/\"},{\"@type\":\"ListItem\",\"position\":2,\"name\":\"Gefl\u00fcchtete aus der Ukraine suchen vor allem gute Jobchancen\"}]},{\"@type\":\"WebSite\",\"@id\":\"https:\/\/vof-news.eu\/de\/#website\",\"url\":\"https:\/\/vof-news.eu\/de\/\",\"name\":\"vof-news.eu\",\"description\":\"\",\"potentialAction\":[{\"@type\":\"SearchAction\",\"target\":{\"@type\":\"EntryPoint\",\"urlTemplate\":\"https:\/\/vof-news.eu\/de\/?s={search_term_string}\"},\"query-input\":\"required name=search_term_string\"}],\"inLanguage\":\"de\"},{\"@type\":\"Person\",\"@id\":\"https:\/\/vof-news.eu\/de\/#\/schema\/person\/f6a2a4309f0561835797fd8c19b333ed\",\"name\":\"Author\",\"image\":{\"@type\":\"ImageObject\",\"inLanguage\":\"de\",\"@id\":\"https:\/\/vof-news.eu\/de\/#\/schema\/person\/image\/\",\"url\":\"https:\/\/secure.gravatar.com\/avatar\/b67e614b1b25b3e9c0c239efdd2fde5ab015b5affd6f1c3c85911ca4b384e790?s=96&d=mm&r=g\",\"contentUrl\":\"https:\/\/secure.gravatar.com\/avatar\/b67e614b1b25b3e9c0c239efdd2fde5ab015b5affd6f1c3c85911ca4b384e790?s=96&d=mm&r=g\",\"caption\":\"Author\"},\"sameAs\":[\"http:\/\/vof-news.eu\"],\"url\":\"https:\/\/vof-news.eu\/de\/author\/zwt6qxnjulxbnyg\/\"}]}<\/script>\n<!-- \/ Yoast SEO plugin. -->","yoast_head_json":{"title":"Gefl\u00fcchtete aus der Ukraine suchen vor allem gute Jobchancen - vof-news.eu","description":"F\u00fcr Gefl\u00fcchtete aus der Ukraine","robots":{"index":"noindex","follow":"follow","max-snippet":"max-snippet:-1","max-image-preview":"max-image-preview:large","max-video-preview":"max-video-preview:-1"},"og_locale":"de_DE","og_type":"article","og_title":"Gefl\u00fcchtete aus der Ukraine suchen vor allem gute Jobchancen - vof-news.eu","og_description":"F\u00fcr Gefl\u00fcchtete aus der Ukraine","og_url":"https:\/\/vof-news.eu\/de\/gefluchtete-aus-der-ukraine-suchen-vor-allem-gute-jobchancen\/","og_site_name":"vof-news.eu","article_published_time":"2025-08-05T10:28:13+00:00","article_modified_time":"2025-08-05T10:28:53+00:00","author":"Author","twitter_card":"summary_large_image","twitter_misc":{"Verfasst von":"Author","Gesch\u00e4tzte Lesezeit":"1\u00a0Minute"},"schema":{"@context":"https:\/\/schema.org","@graph":[{"@type":"WebPage","@id":"https:\/\/vof-news.eu\/de\/gefluchtete-aus-der-ukraine-suchen-vor-allem-gute-jobchancen\/","url":"https:\/\/vof-news.eu\/de\/gefluchtete-aus-der-ukraine-suchen-vor-allem-gute-jobchancen\/","name":"Gefl\u00fcchtete aus der Ukraine suchen vor allem gute Jobchancen - vof-news.eu","isPartOf":{"@id":"https:\/\/vof-news.eu\/de\/#website"},"datePublished":"2025-08-05T10:28:13+00:00","dateModified":"2025-08-05T10:28:53+00:00","author":{"@id":"https:\/\/vof-news.eu\/de\/#\/schema\/person\/f6a2a4309f0561835797fd8c19b333ed"},"description":"F\u00fcr Gefl\u00fcchtete aus der Ukraine","breadcrumb":{"@id":"https:\/\/vof-news.eu\/de\/gefluchtete-aus-der-ukraine-suchen-vor-allem-gute-jobchancen\/#breadcrumb"},"inLanguage":"de","potentialAction":[{"@type":"ReadAction","target":["https:\/\/vof-news.eu\/de\/gefluchtete-aus-der-ukraine-suchen-vor-allem-gute-jobchancen\/"]}]},{"@type":"BreadcrumbList","@id":"https:\/\/vof-news.eu\/de\/gefluchtete-aus-der-ukraine-suchen-vor-allem-gute-jobchancen\/#breadcrumb","itemListElement":[{"@type":"ListItem","position":1,"name":"Home","item":"https:\/\/vof-news.eu\/de\/"},{"@type":"ListItem","position":2,"name":"Gefl\u00fcchtete aus der Ukraine suchen vor allem gute Jobchancen"}]},{"@type":"WebSite","@id":"https:\/\/vof-news.eu\/de\/#website","url":"https:\/\/vof-news.eu\/de\/","name":"vof-news.eu","description":"","potentialAction":[{"@type":"SearchAction","target":{"@type":"EntryPoint","urlTemplate":"https:\/\/vof-news.eu\/de\/?s={search_term_string}"},"query-input":"required name=search_term_string"}],"inLanguage":"de"},{"@type":"Person","@id":"https:\/\/vof-news.eu\/de\/#\/schema\/person\/f6a2a4309f0561835797fd8c19b333ed","name":"Author","image":{"@type":"ImageObject","inLanguage":"de","@id":"https:\/\/vof-news.eu\/de\/#\/schema\/person\/image\/","url":"https:\/\/secure.gravatar.com\/avatar\/b67e614b1b25b3e9c0c239efdd2fde5ab015b5affd6f1c3c85911ca4b384e790?s=96&d=mm&r=g","contentUrl":"https:\/\/secure.gravatar.com\/avatar\/b67e614b1b25b3e9c0c239efdd2fde5ab015b5affd6f1c3c85911ca4b384e790?s=96&d=mm&r=g","caption":"Author"},"sameAs":["http:\/\/vof-news.eu"],"url":"https:\/\/vof-news.eu\/de\/author\/zwt6qxnjulxbnyg\/"}]}},"yoast_meta":{"yoast_wpseo_title":"","yoast_wpseo_metadesc":"","yoast_wpseo_canonical":""},"_links":{"self":[{"href":"https:\/\/vof-news.eu\/de\/wp-json\/wp\/v2\/posts\/262099","targetHints":{"allow":["GET"]}}],"collection":[{"href":"https:\/\/vof-news.eu\/de\/wp-json\/wp\/v2\/posts"}],"about":[{"href":"https:\/\/vof-news.eu\/de\/wp-json\/wp\/v2\/types\/post"}],"author":[{"embeddable":true,"href":"https:\/\/vof-news.eu\/de\/wp-json\/wp\/v2\/users\/1"}],"replies":[{"embeddable":true,"href":"https:\/\/vof-news.eu\/de\/wp-json\/wp\/v2\/comments?post=262099"}],"version-history":[{"count":1,"href":"https:\/\/vof-news.eu\/de\/wp-json\/wp\/v2\/posts\/262099\/revisions"}],"predecessor-version":[{"id":262100,"href":"https:\/\/vof-news.eu\/de\/wp-json\/wp\/v2\/posts\/262099\/revisions\/262100"}],"wp:attachment":[{"href":"https:\/\/vof-news.eu\/de\/wp-json\/wp\/v2\/media?parent=262099"}],"wp:term":[{"taxonomy":"category","embeddable":true,"href":"https:\/\/vof-news.eu\/de\/wp-json\/wp\/v2\/categories?post=262099"},{"taxonomy":"post_tag","embeddable":true,"href":"https:\/\/vof-news.eu\/de\/wp-json\/wp\/v2\/tags?post=262099"}],"curies":[{"name":"wp","href":"https:\/\/api.w.org\/{rel}","templated":true}]}}