{"id":262008,"date":"2025-08-05T07:28:09","date_gmt":"2025-08-05T04:28:09","guid":{"rendered":"https:\/\/vof-news.eu\/jusos-lehnen-streichung-des-burgergelds-fur-ukrainische-gefluchtete-ab\/"},"modified":"2025-08-05T07:29:08","modified_gmt":"2025-08-05T04:29:08","slug":"jusos-lehnen-streichung-des-burgergelds-fur-ukrainische-gefluchtete-ab","status":"publish","type":"post","link":"https:\/\/vof-news.eu\/de\/jusos-lehnen-streichung-des-burgergelds-fur-ukrainische-gefluchtete-ab\/","title":{"rendered":"Jusos lehnen Streichung des B\u00fcrgergelds f\u00fcr ukrainische Gefl\u00fcchtete ab"},"content":{"rendered":"<div>\n<p><span><a href=\"https:\/\/www.zeit.de\/thema\/jusos\" rel=\"nofollow\">Jusos<\/a><\/span> und Gr\u00fcne haben die <a href=\"https:\/\/www.zeit.de\/politik\/deutschland\/2025-08\/markus-soeder-buergeld-ukraine-fluechtlinge-deutschland\" rel=\"nofollow\">Streichung des B\u00fcrgergeld f\u00fcr gefl\u00fcchtete Ukrainerinnen und Ukrainer<\/a> deutlich kritisiert.\u00a0Der Vorschlag sei &#8222;gef\u00e4hrlich und populistisch&#8220;, sagte Juso-Chef Philipp T\u00fcrmer der \u00a0\u00fcber den\u00a0Vorschlag von Bayerns Ministerpr\u00e4sident Markus S\u00f6der (CSU).\u00a0S\u00f6der wolle &#8222;Haushaltsl\u00f6cher auf dem R\u00fccken der Schw\u00e4chsten stopfen&#8220;, sagte T\u00fcrmer.\n<\/p>\n<p>Stattdessen m\u00fcsste die Teilhabe und Integration von\u00a0ukrainischen Gefl\u00fcchteten\u00a0verbessert werden, sagte T\u00fcrmer.\u00a0&#8222;Sie aus dem B\u00fcrgergeldsystem auszuschlie\u00dfen, w\u00fcrde diesen Zielen absolut entgegenstehen&#8220;, sagte er.\n<\/p>\n<p>Auch die Gr\u00fcnen werfen dem CSU-Chef Populismus vor. &#8222;Er tritt gegen Menschen, die vor dem brutalen Krieg Putins fliehen mussten, stellt sie als faul dar und nimmt ihnen gleichzeitig jede Chance auf Arbeit&#8220;, sagte Bundestagsfraktionsvize Andreas Audretsch. &#8222;Das ist zerst\u00f6rerischer Populismus.&#8220;\u00a0\n<\/p>\n<p><span><a href=\"https:\/\/www.zeit.de\/thema\/markus-soeder\" rel=\"nofollow\">S\u00f6ders<\/a><\/span> Vorschlag sei weder logisch noch sinnvoll. &#8222;Die Jobcenter vermitteln in Arbeit, die Sozial\u00e4mter tun das nicht&#8220;, sagte er. Damit mehr Ukrainerinnen und Ukrainer in Arbeit kommen, seien Vermittlung und Sprachkurse zentral. Auch bei der Kinderbetreuung f\u00fcr die h\u00e4ufig alleinerziehenden M\u00fctter und der Anerkennung von beruflichen Abschl\u00fcssen m\u00fcssten Fortschritte gemacht werden, forderte Audretsch.\n<\/p>\n<h2>Kanzleramtschef Frei gibt sich unbesorgt<\/h2>\n<p>S\u00f6der hatte im ZDF gesagt, er wolle in der Koalition durchsetzen, dass es &#8222;kein B\u00fcrgergeld mehr gibt f\u00fcr all diejenigen, die aus der Ukraine gekommen sind&#8220;. Dies m\u00fcsse nicht nur f\u00fcr diejenigen gelten, die in Zukunft kommen, &#8222;sondern f\u00fcr alle&#8220;, sagte er.\u00a0\n<\/p>\n<p>Der CSU-Chef ging damit \u00fcber eine Vereinbarung im Koalitionsvertrag von Union und SPD hinaus. Dort ist als Stichtag der 1. April dieses Jahres vorgesehen. Alle, die danach aus der Ukraine kommen, erhalten bei nachgewiesener Bed\u00fcrftigkeit nur niedrigere Asylbewerberleistungen, aber kein <span><a href=\"https:\/\/www.zeit.de\/thema\/buergergeld\" rel=\"nofollow\">B\u00fcrgergeld<\/a><\/span> mehr.\u00a0\n<\/p>\n<p>SPD-Chef\u00a0und Vizekanzler <span><a href=\"https:\/\/www.zeit.de\/thema\/lars-klingbeil\" rel=\"nofollow\">Lars Klingbeil<\/a><\/span> hat zur\u00fcckhaltend auf die Forderung reagiert und auf den Koalitionsvertrag verwiesen. Mancher Vorschlag, der in den letzten Tagen gemacht worden sei, trage nicht dazu bei, &#8222;dass wir in der Koalition gemeinsam vorankommen&#8220;, sagte Klingbeil.\n<\/p>\n<p>Kanzleramtschef <span><a href=\"https:\/\/www.zeit.de\/thema\/thorsten-frei\" rel=\"nofollow\">Thorsten Frei<\/a><\/span> (CDU) sagte in der ARD, er glaube, dass &#8222;wir da ganz gut zusammenkommen&#8220;. Wenn man sich in der Koalition nicht verst\u00e4ndigen k\u00f6nne, &#8222;dann gelten selbstverst\u00e4ndlich die Verabredungen des Koalitionsvertrages&#8220;, sagte er. Daran r\u00fcttele niemand. Es erwachse im Moment daraus &#8222;kein Konflikt in der Koalition&#8220;, hie\u00df es.\n<\/p>\n<p>Auch die Pr\u00e4sidentin der Caritas, Eva Welskop-Deffaa, \u00e4u\u00dferte Kritik. &#8222;Wenn alle Menschen, die mit vor\u00fcbergehendem Schutz hier leben, in das Asylbewerberleistungsgesetz \u00fcberf\u00fchrt werden, hat dies gr\u00f6\u00dfere b\u00fcrokratische Aufw\u00e4nde zur Folge&#8220;, sagte sie. &#8222;Unsere Solidarit\u00e4t mit der Ukraine fordert anderes und mehr als Waffenlieferungen&#8220;, sagte sie.\n<\/p>\n<p>Der \u00d6konom Marcel Fratzscher h\u00e4lt die Debatte \u00fcber die\u00a0<a href=\"https:\/\/www.zeit.de\/wirtschaft\/2024-06\/buergergeld-debatte-ukrainische-gefluechtete-innenministerkonferenz\" rel=\"nofollow\">Streichung des B\u00fcrgergelds f\u00fcr Gefl\u00fcchtete f\u00fcr Populismus<\/a>. Kurzfristig k\u00f6nnte man rund eine Milliarde Euro pro Jahr sparen, das blende jedoch die langfristigen Folgekosten aus. Studien zeigen, dass sich Sozialhilfeleistungen\u00a0<a href=\"https:\/\/www.zeit.de\/gesellschaft\/2024-07\/ukraine-fluechtlinge-deutschland-arbeit-beschaeftigung-buergergeld-studie\" rel=\"nofollow\">kaum auf die Besch\u00e4ftigungsquote ukrainischer Gefl\u00fcchteter auswirken<\/a>.\n<\/p>\n<\/div>\n","protected":false},"excerpt":{"rendered":"<p>Jusos und Gr\u00fcne haben die Streichung des B\u00fcrgergeld f\u00fcr gefl\u00fcchtete Ukrainerinnen und Ukrainer deutlich kritisiert.\u00a0Der Vorschlag sei &#8222;gef\u00e4hrlich und populistisch&#8220;, sagte Juso-Chef Philipp T\u00fcrmer der \u00a0\u00fcber den\u00a0Vorschlag von Bayerns Ministerpr\u00e4sident Markus S\u00f6der (CSU).\u00a0S\u00f6der wolle &#8222;Haushaltsl\u00f6cher auf dem R\u00fccken der Schw\u00e4chsten stopfen&#8220;, sagte T\u00fcrmer. Stattdessen m\u00fcsste die Teilhabe und Integration von\u00a0ukrainischen Gefl\u00fcchteten\u00a0verbessert werden, sagte T\u00fcrmer.\u00a0&#8222;Sie aus<\/p>\n","protected":false},"author":1,"featured_media":262009,"comment_status":"open","ping_status":"open","sticky":false,"template":"","format":"standard","meta":{"footnotes":""},"categories":[116],"tags":[],"class_list":["post-262008","post","type-post","status-publish","format-standard","has-post-thumbnail","hentry","category-war-chronicles-de"],"acf":[],"yoast_head":"<!-- This site is optimized with the Yoast SEO plugin v22.9 - https:\/\/yoast.com\/wordpress\/plugins\/seo\/ -->\n<title>Jusos lehnen Streichung des B\u00fcrgergelds f\u00fcr ukrainische Gefl\u00fcchtete ab - vof-news.eu<\/title>\n<meta name=\"description\" content=\"Jusos und Gr\u00fcne haben die Streichung des B\u00fcrgergeld f\u00fcr gefl\u00fcchtete Ukrainerinnen und Ukrainer deutlich kritisiert.\u00a0Der Vorschlag sei &quot;gef\u00e4hrlich und populistisch&quot;, sagte Juso-Chef Philipp T\u00fcrmer der \u00a0\u00fcber den\u00a0Vorschlag von Bayerns Ministerpr\u00e4sident Markus S\u00f6der (CSU).\u00a0S\u00f6der wolle &quot;Haushaltsl\u00f6cher auf dem R\u00fccken der Schw\u00e4chsten stopfen&quot;, sagte T\u00fcrmer.\" \/>\n<meta name=\"robots\" content=\"noindex, follow, max-snippet:-1, max-image-preview:large, max-video-preview:-1\" \/>\n<meta property=\"og:locale\" content=\"de_DE\" \/>\n<meta property=\"og:type\" content=\"article\" \/>\n<meta property=\"og:title\" content=\"Jusos lehnen Streichung des B\u00fcrgergelds f\u00fcr ukrainische Gefl\u00fcchtete ab - vof-news.eu\" \/>\n<meta property=\"og:description\" content=\"Jusos und Gr\u00fcne haben die Streichung des B\u00fcrgergeld f\u00fcr gefl\u00fcchtete Ukrainerinnen und Ukrainer deutlich kritisiert.\u00a0Der Vorschlag sei &quot;gef\u00e4hrlich und populistisch&quot;, sagte Juso-Chef Philipp T\u00fcrmer der \u00a0\u00fcber den\u00a0Vorschlag von Bayerns Ministerpr\u00e4sident Markus S\u00f6der (CSU).\u00a0S\u00f6der wolle &quot;Haushaltsl\u00f6cher auf dem R\u00fccken der Schw\u00e4chsten stopfen&quot;, sagte T\u00fcrmer.\" \/>\n<meta property=\"og:url\" content=\"https:\/\/vof-news.eu\/de\/jusos-lehnen-streichung-des-burgergelds-fur-ukrainische-gefluchtete-ab\/\" \/>\n<meta property=\"og:site_name\" content=\"vof-news.eu\" \/>\n<meta property=\"article:published_time\" content=\"2025-08-05T04:28:09+00:00\" \/>\n<meta property=\"article:modified_time\" content=\"2025-08-05T04:29:08+00:00\" \/>\n<meta property=\"og:image\" content=\"https:\/\/vof-news.eu\/wp-content\/uploads\/2025\/08\/wide__1000x562-12.jpg\" \/>\n\t<meta property=\"og:image:width\" content=\"1000\" \/>\n\t<meta property=\"og:image:height\" content=\"562\" \/>\n\t<meta property=\"og:image:type\" content=\"image\/jpeg\" \/>\n<meta name=\"author\" content=\"Author\" \/>\n<meta name=\"twitter:card\" content=\"summary_large_image\" \/>\n<meta name=\"twitter:label1\" content=\"Verfasst von\" \/>\n\t<meta name=\"twitter:data1\" content=\"Author\" \/>\n\t<meta name=\"twitter:label2\" content=\"Gesch\u00e4tzte Lesezeit\" \/>\n\t<meta name=\"twitter:data2\" content=\"2\u00a0Minuten\" \/>\n<script type=\"application\/ld+json\" class=\"yoast-schema-graph\">{\"@context\":\"https:\/\/schema.org\",\"@graph\":[{\"@type\":\"WebPage\",\"@id\":\"https:\/\/vof-news.eu\/de\/jusos-lehnen-streichung-des-burgergelds-fur-ukrainische-gefluchtete-ab\/\",\"url\":\"https:\/\/vof-news.eu\/de\/jusos-lehnen-streichung-des-burgergelds-fur-ukrainische-gefluchtete-ab\/\",\"name\":\"Jusos lehnen Streichung des B\u00fcrgergelds f\u00fcr ukrainische Gefl\u00fcchtete ab - vof-news.eu\",\"isPartOf\":{\"@id\":\"https:\/\/vof-news.eu\/de\/#website\"},\"primaryImageOfPage\":{\"@id\":\"https:\/\/vof-news.eu\/de\/jusos-lehnen-streichung-des-burgergelds-fur-ukrainische-gefluchtete-ab\/#primaryimage\"},\"image\":{\"@id\":\"https:\/\/vof-news.eu\/de\/jusos-lehnen-streichung-des-burgergelds-fur-ukrainische-gefluchtete-ab\/#primaryimage\"},\"thumbnailUrl\":\"https:\/\/vof-news.eu\/wp-content\/uploads\/2025\/08\/wide__1000x562-12.jpg\",\"datePublished\":\"2025-08-05T04:28:09+00:00\",\"dateModified\":\"2025-08-05T04:29:08+00:00\",\"author\":{\"@id\":\"https:\/\/vof-news.eu\/de\/#\/schema\/person\/f6a2a4309f0561835797fd8c19b333ed\"},\"description\":\"Jusos und Gr\u00fcne haben die Streichung des B\u00fcrgergeld f\u00fcr gefl\u00fcchtete Ukrainerinnen und Ukrainer deutlich kritisiert.\u00a0Der Vorschlag sei \\\"gef\u00e4hrlich und populistisch\\\", sagte Juso-Chef Philipp T\u00fcrmer der \u00a0\u00fcber den\u00a0Vorschlag von Bayerns Ministerpr\u00e4sident Markus S\u00f6der (CSU).\u00a0S\u00f6der wolle \\\"Haushaltsl\u00f6cher auf dem R\u00fccken der Schw\u00e4chsten stopfen\\\", sagte T\u00fcrmer.\",\"breadcrumb\":{\"@id\":\"https:\/\/vof-news.eu\/de\/jusos-lehnen-streichung-des-burgergelds-fur-ukrainische-gefluchtete-ab\/#breadcrumb\"},\"inLanguage\":\"de\",\"potentialAction\":[{\"@type\":\"ReadAction\",\"target\":[\"https:\/\/vof-news.eu\/de\/jusos-lehnen-streichung-des-burgergelds-fur-ukrainische-gefluchtete-ab\/\"]}]},{\"@type\":\"ImageObject\",\"inLanguage\":\"de\",\"@id\":\"https:\/\/vof-news.eu\/de\/jusos-lehnen-streichung-des-burgergelds-fur-ukrainische-gefluchtete-ab\/#primaryimage\",\"url\":\"https:\/\/vof-news.eu\/wp-content\/uploads\/2025\/08\/wide__1000x562-12.jpg\",\"contentUrl\":\"https:\/\/vof-news.eu\/wp-content\/uploads\/2025\/08\/wide__1000x562-12.jpg\",\"width\":1000,\"height\":562},{\"@type\":\"BreadcrumbList\",\"@id\":\"https:\/\/vof-news.eu\/de\/jusos-lehnen-streichung-des-burgergelds-fur-ukrainische-gefluchtete-ab\/#breadcrumb\",\"itemListElement\":[{\"@type\":\"ListItem\",\"position\":1,\"name\":\"Home\",\"item\":\"https:\/\/vof-news.eu\/de\/\"},{\"@type\":\"ListItem\",\"position\":2,\"name\":\"Jusos lehnen Streichung des B\u00fcrgergelds f\u00fcr ukrainische Gefl\u00fcchtete ab\"}]},{\"@type\":\"WebSite\",\"@id\":\"https:\/\/vof-news.eu\/de\/#website\",\"url\":\"https:\/\/vof-news.eu\/de\/\",\"name\":\"vof-news.eu\",\"description\":\"\",\"potentialAction\":[{\"@type\":\"SearchAction\",\"target\":{\"@type\":\"EntryPoint\",\"urlTemplate\":\"https:\/\/vof-news.eu\/de\/?s={search_term_string}\"},\"query-input\":\"required name=search_term_string\"}],\"inLanguage\":\"de\"},{\"@type\":\"Person\",\"@id\":\"https:\/\/vof-news.eu\/de\/#\/schema\/person\/f6a2a4309f0561835797fd8c19b333ed\",\"name\":\"Author\",\"image\":{\"@type\":\"ImageObject\",\"inLanguage\":\"de\",\"@id\":\"https:\/\/vof-news.eu\/de\/#\/schema\/person\/image\/\",\"url\":\"https:\/\/secure.gravatar.com\/avatar\/b67e614b1b25b3e9c0c239efdd2fde5ab015b5affd6f1c3c85911ca4b384e790?s=96&d=mm&r=g\",\"contentUrl\":\"https:\/\/secure.gravatar.com\/avatar\/b67e614b1b25b3e9c0c239efdd2fde5ab015b5affd6f1c3c85911ca4b384e790?s=96&d=mm&r=g\",\"caption\":\"Author\"},\"sameAs\":[\"http:\/\/vof-news.eu\"],\"url\":\"https:\/\/vof-news.eu\/de\/author\/zwt6qxnjulxbnyg\/\"}]}<\/script>\n<!-- \/ Yoast SEO plugin. -->","yoast_head_json":{"title":"Jusos lehnen Streichung des B\u00fcrgergelds f\u00fcr ukrainische Gefl\u00fcchtete ab - vof-news.eu","description":"Jusos und Gr\u00fcne haben die Streichung des B\u00fcrgergeld f\u00fcr gefl\u00fcchtete Ukrainerinnen und Ukrainer deutlich kritisiert.\u00a0Der Vorschlag sei \"gef\u00e4hrlich und populistisch\", sagte Juso-Chef Philipp T\u00fcrmer der \u00a0\u00fcber den\u00a0Vorschlag von Bayerns Ministerpr\u00e4sident Markus S\u00f6der (CSU).\u00a0S\u00f6der wolle \"Haushaltsl\u00f6cher auf dem R\u00fccken der Schw\u00e4chsten stopfen\", sagte T\u00fcrmer.","robots":{"index":"noindex","follow":"follow","max-snippet":"max-snippet:-1","max-image-preview":"max-image-preview:large","max-video-preview":"max-video-preview:-1"},"og_locale":"de_DE","og_type":"article","og_title":"Jusos lehnen Streichung des B\u00fcrgergelds f\u00fcr ukrainische Gefl\u00fcchtete ab - vof-news.eu","og_description":"Jusos und Gr\u00fcne haben die Streichung des B\u00fcrgergeld f\u00fcr gefl\u00fcchtete Ukrainerinnen und Ukrainer deutlich kritisiert.\u00a0Der Vorschlag sei \"gef\u00e4hrlich und populistisch\", sagte Juso-Chef Philipp T\u00fcrmer der \u00a0\u00fcber den\u00a0Vorschlag von Bayerns Ministerpr\u00e4sident Markus S\u00f6der (CSU).\u00a0S\u00f6der wolle \"Haushaltsl\u00f6cher auf dem R\u00fccken der Schw\u00e4chsten stopfen\", sagte T\u00fcrmer.","og_url":"https:\/\/vof-news.eu\/de\/jusos-lehnen-streichung-des-burgergelds-fur-ukrainische-gefluchtete-ab\/","og_site_name":"vof-news.eu","article_published_time":"2025-08-05T04:28:09+00:00","article_modified_time":"2025-08-05T04:29:08+00:00","og_image":[{"width":1000,"height":562,"url":"https:\/\/vof-news.eu\/wp-content\/uploads\/2025\/08\/wide__1000x562-12.jpg","type":"image\/jpeg"}],"author":"Author","twitter_card":"summary_large_image","twitter_misc":{"Verfasst von":"Author","Gesch\u00e4tzte Lesezeit":"2\u00a0Minuten"},"schema":{"@context":"https:\/\/schema.org","@graph":[{"@type":"WebPage","@id":"https:\/\/vof-news.eu\/de\/jusos-lehnen-streichung-des-burgergelds-fur-ukrainische-gefluchtete-ab\/","url":"https:\/\/vof-news.eu\/de\/jusos-lehnen-streichung-des-burgergelds-fur-ukrainische-gefluchtete-ab\/","name":"Jusos lehnen Streichung des B\u00fcrgergelds f\u00fcr ukrainische Gefl\u00fcchtete ab - vof-news.eu","isPartOf":{"@id":"https:\/\/vof-news.eu\/de\/#website"},"primaryImageOfPage":{"@id":"https:\/\/vof-news.eu\/de\/jusos-lehnen-streichung-des-burgergelds-fur-ukrainische-gefluchtete-ab\/#primaryimage"},"image":{"@id":"https:\/\/vof-news.eu\/de\/jusos-lehnen-streichung-des-burgergelds-fur-ukrainische-gefluchtete-ab\/#primaryimage"},"thumbnailUrl":"https:\/\/vof-news.eu\/wp-content\/uploads\/2025\/08\/wide__1000x562-12.jpg","datePublished":"2025-08-05T04:28:09+00:00","dateModified":"2025-08-05T04:29:08+00:00","author":{"@id":"https:\/\/vof-news.eu\/de\/#\/schema\/person\/f6a2a4309f0561835797fd8c19b333ed"},"description":"Jusos und Gr\u00fcne haben die Streichung des B\u00fcrgergeld f\u00fcr gefl\u00fcchtete Ukrainerinnen und Ukrainer deutlich kritisiert.\u00a0Der Vorschlag sei \"gef\u00e4hrlich und populistisch\", sagte Juso-Chef Philipp T\u00fcrmer der \u00a0\u00fcber den\u00a0Vorschlag von Bayerns Ministerpr\u00e4sident Markus S\u00f6der (CSU).\u00a0S\u00f6der wolle \"Haushaltsl\u00f6cher auf dem R\u00fccken der Schw\u00e4chsten stopfen\", sagte T\u00fcrmer.","breadcrumb":{"@id":"https:\/\/vof-news.eu\/de\/jusos-lehnen-streichung-des-burgergelds-fur-ukrainische-gefluchtete-ab\/#breadcrumb"},"inLanguage":"de","potentialAction":[{"@type":"ReadAction","target":["https:\/\/vof-news.eu\/de\/jusos-lehnen-streichung-des-burgergelds-fur-ukrainische-gefluchtete-ab\/"]}]},{"@type":"ImageObject","inLanguage":"de","@id":"https:\/\/vof-news.eu\/de\/jusos-lehnen-streichung-des-burgergelds-fur-ukrainische-gefluchtete-ab\/#primaryimage","url":"https:\/\/vof-news.eu\/wp-content\/uploads\/2025\/08\/wide__1000x562-12.jpg","contentUrl":"https:\/\/vof-news.eu\/wp-content\/uploads\/2025\/08\/wide__1000x562-12.jpg","width":1000,"height":562},{"@type":"BreadcrumbList","@id":"https:\/\/vof-news.eu\/de\/jusos-lehnen-streichung-des-burgergelds-fur-ukrainische-gefluchtete-ab\/#breadcrumb","itemListElement":[{"@type":"ListItem","position":1,"name":"Home","item":"https:\/\/vof-news.eu\/de\/"},{"@type":"ListItem","position":2,"name":"Jusos lehnen Streichung des B\u00fcrgergelds f\u00fcr ukrainische Gefl\u00fcchtete ab"}]},{"@type":"WebSite","@id":"https:\/\/vof-news.eu\/de\/#website","url":"https:\/\/vof-news.eu\/de\/","name":"vof-news.eu","description":"","potentialAction":[{"@type":"SearchAction","target":{"@type":"EntryPoint","urlTemplate":"https:\/\/vof-news.eu\/de\/?s={search_term_string}"},"query-input":"required name=search_term_string"}],"inLanguage":"de"},{"@type":"Person","@id":"https:\/\/vof-news.eu\/de\/#\/schema\/person\/f6a2a4309f0561835797fd8c19b333ed","name":"Author","image":{"@type":"ImageObject","inLanguage":"de","@id":"https:\/\/vof-news.eu\/de\/#\/schema\/person\/image\/","url":"https:\/\/secure.gravatar.com\/avatar\/b67e614b1b25b3e9c0c239efdd2fde5ab015b5affd6f1c3c85911ca4b384e790?s=96&d=mm&r=g","contentUrl":"https:\/\/secure.gravatar.com\/avatar\/b67e614b1b25b3e9c0c239efdd2fde5ab015b5affd6f1c3c85911ca4b384e790?s=96&d=mm&r=g","caption":"Author"},"sameAs":["http:\/\/vof-news.eu"],"url":"https:\/\/vof-news.eu\/de\/author\/zwt6qxnjulxbnyg\/"}]}},"yoast_meta":{"yoast_wpseo_title":"","yoast_wpseo_metadesc":"","yoast_wpseo_canonical":""},"_links":{"self":[{"href":"https:\/\/vof-news.eu\/de\/wp-json\/wp\/v2\/posts\/262008","targetHints":{"allow":["GET"]}}],"collection":[{"href":"https:\/\/vof-news.eu\/de\/wp-json\/wp\/v2\/posts"}],"about":[{"href":"https:\/\/vof-news.eu\/de\/wp-json\/wp\/v2\/types\/post"}],"author":[{"embeddable":true,"href":"https:\/\/vof-news.eu\/de\/wp-json\/wp\/v2\/users\/1"}],"replies":[{"embeddable":true,"href":"https:\/\/vof-news.eu\/de\/wp-json\/wp\/v2\/comments?post=262008"}],"version-history":[{"count":1,"href":"https:\/\/vof-news.eu\/de\/wp-json\/wp\/v2\/posts\/262008\/revisions"}],"predecessor-version":[{"id":262015,"href":"https:\/\/vof-news.eu\/de\/wp-json\/wp\/v2\/posts\/262008\/revisions\/262015"}],"wp:featuredmedia":[{"embeddable":true,"href":"https:\/\/vof-news.eu\/de\/wp-json\/wp\/v2\/media\/262009"}],"wp:attachment":[{"href":"https:\/\/vof-news.eu\/de\/wp-json\/wp\/v2\/media?parent=262008"}],"wp:term":[{"taxonomy":"category","embeddable":true,"href":"https:\/\/vof-news.eu\/de\/wp-json\/wp\/v2\/categories?post=262008"},{"taxonomy":"post_tag","embeddable":true,"href":"https:\/\/vof-news.eu\/de\/wp-json\/wp\/v2\/tags?post=262008"}],"curies":[{"name":"wp","href":"https:\/\/api.w.org\/{rel}","templated":true}]}}