{"id":261966,"date":"2025-08-04T23:29:26","date_gmt":"2025-08-04T20:29:26","guid":{"rendered":"https:\/\/vof-news.eu\/das-ware-ein-groser-verschiebebahnhof-im-bundeshaushalt\/"},"modified":"2025-08-04T23:30:28","modified_gmt":"2025-08-04T20:30:28","slug":"das-ware-ein-groser-verschiebebahnhof-im-bundeshaushalt","status":"publish","type":"post","link":"https:\/\/vof-news.eu\/de\/das-ware-ein-groser-verschiebebahnhof-im-bundeshaushalt\/","title":{"rendered":"&#8222;Das w\u00e4re ein gro\u00dfer Verschiebebahnhof im Bundeshaushalt&#8220;"},"content":{"rendered":"<div>\n<p><strong>DIE ZEIT: <\/strong>Herr Weber, woher kommt der immense Kostenanstieg<br \/>\nbeim <span><a href=\"https:\/\/www.zeit.de\/thema\/buergergeld\" rel=\"nofollow\">B\u00fcrgergeld<\/a><\/span>?\n<\/p>\n<p><strong>Enzo Weber:<\/strong> Der Anstieg kommt erstens durch eine Regelsatzerh\u00f6hung. Nach der sprunghaft<br \/>\nangestiegenen Inflation wurde dieser 2023 und 2024 erh\u00f6ht, von zuletzt 502 auf 563 Euro<br \/>\nf\u00fcr einen alleinstehenden Erwachsenen im Monat. Diese Entwicklung wird sich nicht<br \/>\nfortsetzen: Dieses Jahr gab es eine Nullrunde, das ist auch f\u00fcr 2026 zu<br \/>\nerwarten. Aber die Spitze sorgt f\u00fcr Irritationen.\n<\/p>\n<p><strong>ZEIT: <\/strong>Aber das erkl\u00e4rt doch nicht allein einen so gro\u00dfen<br \/>\nAnstieg, oder?\n<\/p>\n<p><strong>Weber: <\/strong>Die Arbeitslosigkeit ist gestiegen. Wir hatten<br \/>\ndrei Jahre lang einen wirtschaftlichen Abschwung \u2013 das hat durchgeschlagen.<br \/>\nZus\u00e4tzlich haben wir viele Ukrainerinnen und Ukrainer in die Grundsicherung<br \/>\nintegriert \u2013 es sind also schlicht mehr Personen geworden. Doch auch dieser<br \/>\nTrend wird sich nicht fortsetzen: Seit Herbst 2024 sinkt die Zahl der<br \/>\nerwerbsf\u00e4higen Leistungsberechtigten.\n<\/p>\n<p><strong>ZEIT: <\/strong>Seit 2022 haben <span><a href=\"https:\/\/www.zeit.de\/thema\/fluechtling\" rel=\"nofollow\">Gefl\u00fcchtete<\/a><\/span> aus der Ukraine sofort<br \/>\nAnspruch auf B\u00fcrgergeld, sie m\u00fcssen keinen Asylantrag stellen. 6,3 Milliarden<br \/>\nEuro hat das im vergangenen Jahr gekostet. Hat sich Deutschland damit<br \/>\n\u00fcbernommen?\n<\/p>\n<p><strong>Weber: <\/strong>Nat\u00fcrlich ist<br \/>\nkurzfristig eine gro\u00dfe Zahl von Menschen zu uns gekommen. Aber nicht zu helfen, w\u00e4re doch keine Option gewesen. Beim B\u00fcrgergeld spricht man immer nur dar\u00fcber,<br \/>\nwelche Kosten entstehen und wie viel Geld die Menschen bekommen. Aber man muss<br \/>\nviel mehr darauf schauen, was die Grundsicherung leistet: Beratung,<br \/>\nVermittlung, Qualifizierung. Das ist genau die arbeitsmarktpolitische<br \/>\nUnterst\u00fctzung, die die Menschen brauchen, um schnell einen Job zu finden.\n<\/p>\n<p><strong>ZEIT:<\/strong> CSU-Chef <span><a href=\"https:\/\/www.zeit.de\/thema\/markus-soeder\" rel=\"nofollow\">Markus S\u00f6der<\/a><\/span> forderte jetzt, die<br \/>\nB\u00fcrgergeldzahlungen f\u00fcr Ukrainerinnen und Ukrainer zu stoppen. Lie\u00dfen<br \/>\nsich damit auf einen Schlag 6,3 Milliarden Euro sparen?\n<\/p>\n<p><strong>Weber: <\/strong>Nein, das funktioniert so nicht. Denn man muss den<br \/>\nUkrainern ja eine Alternative anbieten \u2013 und das w\u00e4ren Asylbewerberleistungen.<br \/>\nDie Leistungen dort sind nur rund 100 Euro pro Erwachsenen geringer. Insgesamt<br \/>\nlie\u00dfe sich also schon etwas Geld sparen. Aber der Gro\u00dfteil der Kosten m\u00fcsste<br \/>\ntrotzdem erbracht werden, nur eben an anderer Stelle. Das w\u00e4re ein gro\u00dfer<br \/>\nVerschiebebahnhof im <span><a href=\"https:\/\/www.zeit.de\/thema\/bundeshaushalt\" rel=\"nofollow\">Bundeshaushalt<\/a><\/span>.\n<\/p>\n<p><strong>ZEIT: <\/strong>F\u00fcr wie sinnvoll w\u00fcrden Sie den Schritt aus arbeitsmarktpolitischer<br \/>\nPerspektive halten?\n<\/p>\n<p><strong>Weber:<\/strong> Entscheidend ist nicht, 100 Euro pro Kopf<br \/>\neinzusparen, indem man einfach die Zuordnung \u00e4ndert, sondern dass die Menschen<br \/>\nsystematisch und schnell qualifiziert werden und nachhaltig in Arbeit kommen. Das<br \/>\nsenkt die Kosten f\u00fcr die \u00f6ffentlichen Haushalte am allermeisten und steigert<br \/>\ndie Einnahmen. Wenn man unbedingt in den ersten Monaten finanzielle<br \/>\nUnterst\u00fctzung nur auf Niveau der Asylbewerberleistungen gew\u00e4hren will, sollte<br \/>\nman das innerhalb der Grundsicherung tun.\n<\/p>\n<\/div>\n","protected":false},"excerpt":{"rendered":"<p>DIE ZEIT: Herr Weber, woher kommt der immense Kostenanstieg beim B\u00fcrgergeld? Enzo Weber: Der Anstieg kommt erstens durch eine Regelsatzerh\u00f6hung. Nach der sprunghaft angestiegenen Inflation wurde dieser 2023 und 2024 erh\u00f6ht, von zuletzt 502 auf 563 Euro f\u00fcr einen alleinstehenden Erwachsenen im Monat. Diese Entwicklung wird sich nicht fortsetzen: Dieses Jahr gab es eine Nullrunde,<\/p>\n","protected":false},"author":1,"featured_media":261967,"comment_status":"open","ping_status":"open","sticky":false,"template":"","format":"standard","meta":{"footnotes":""},"categories":[116],"tags":[],"class_list":["post-261966","post","type-post","status-publish","format-standard","has-post-thumbnail","hentry","category-war-chronicles-de"],"acf":[],"yoast_head":"<!-- This site is optimized with the Yoast SEO plugin v22.9 - https:\/\/yoast.com\/wordpress\/plugins\/seo\/ -->\n<title>&quot;Das w\u00e4re ein gro\u00dfer Verschiebebahnhof im Bundeshaushalt&quot; - vof-news.eu<\/title>\n<meta name=\"description\" content=\"DIE ZEIT: Herr Weber, woher kommt der immense Kostenanstieg\" \/>\n<meta name=\"robots\" content=\"noindex, follow, max-snippet:-1, max-image-preview:large, max-video-preview:-1\" \/>\n<meta property=\"og:locale\" content=\"de_DE\" \/>\n<meta property=\"og:type\" content=\"article\" \/>\n<meta property=\"og:title\" content=\"&quot;Das w\u00e4re ein gro\u00dfer Verschiebebahnhof im Bundeshaushalt&quot; - vof-news.eu\" \/>\n<meta property=\"og:description\" content=\"DIE ZEIT: Herr Weber, woher kommt der immense Kostenanstieg\" \/>\n<meta property=\"og:url\" content=\"https:\/\/vof-news.eu\/de\/das-ware-ein-groser-verschiebebahnhof-im-bundeshaushalt\/\" \/>\n<meta property=\"og:site_name\" content=\"vof-news.eu\" \/>\n<meta property=\"article:published_time\" content=\"2025-08-04T20:29:26+00:00\" \/>\n<meta property=\"article:modified_time\" content=\"2025-08-04T20:30:28+00:00\" \/>\n<meta property=\"og:image\" content=\"https:\/\/vof-news.eu\/wp-content\/uploads\/2025\/08\/wide__1000x562-11.jpg\" \/>\n\t<meta property=\"og:image:width\" content=\"1000\" \/>\n\t<meta property=\"og:image:height\" content=\"562\" \/>\n\t<meta property=\"og:image:type\" content=\"image\/jpeg\" \/>\n<meta name=\"author\" content=\"Author\" \/>\n<meta name=\"twitter:card\" content=\"summary_large_image\" \/>\n<meta name=\"twitter:label1\" content=\"Verfasst von\" \/>\n\t<meta name=\"twitter:data1\" content=\"Author\" \/>\n\t<meta name=\"twitter:label2\" content=\"Gesch\u00e4tzte Lesezeit\" \/>\n\t<meta name=\"twitter:data2\" content=\"2\u00a0Minuten\" \/>\n<script type=\"application\/ld+json\" class=\"yoast-schema-graph\">{\"@context\":\"https:\/\/schema.org\",\"@graph\":[{\"@type\":\"WebPage\",\"@id\":\"https:\/\/vof-news.eu\/de\/das-ware-ein-groser-verschiebebahnhof-im-bundeshaushalt\/\",\"url\":\"https:\/\/vof-news.eu\/de\/das-ware-ein-groser-verschiebebahnhof-im-bundeshaushalt\/\",\"name\":\"\\\"Das w\u00e4re ein gro\u00dfer Verschiebebahnhof im Bundeshaushalt\\\" - vof-news.eu\",\"isPartOf\":{\"@id\":\"https:\/\/vof-news.eu\/de\/#website\"},\"primaryImageOfPage\":{\"@id\":\"https:\/\/vof-news.eu\/de\/das-ware-ein-groser-verschiebebahnhof-im-bundeshaushalt\/#primaryimage\"},\"image\":{\"@id\":\"https:\/\/vof-news.eu\/de\/das-ware-ein-groser-verschiebebahnhof-im-bundeshaushalt\/#primaryimage\"},\"thumbnailUrl\":\"https:\/\/vof-news.eu\/wp-content\/uploads\/2025\/08\/wide__1000x562-11.jpg\",\"datePublished\":\"2025-08-04T20:29:26+00:00\",\"dateModified\":\"2025-08-04T20:30:28+00:00\",\"author\":{\"@id\":\"https:\/\/vof-news.eu\/de\/#\/schema\/person\/f6a2a4309f0561835797fd8c19b333ed\"},\"description\":\"DIE ZEIT: Herr Weber, woher kommt der immense Kostenanstieg\",\"breadcrumb\":{\"@id\":\"https:\/\/vof-news.eu\/de\/das-ware-ein-groser-verschiebebahnhof-im-bundeshaushalt\/#breadcrumb\"},\"inLanguage\":\"de\",\"potentialAction\":[{\"@type\":\"ReadAction\",\"target\":[\"https:\/\/vof-news.eu\/de\/das-ware-ein-groser-verschiebebahnhof-im-bundeshaushalt\/\"]}]},{\"@type\":\"ImageObject\",\"inLanguage\":\"de\",\"@id\":\"https:\/\/vof-news.eu\/de\/das-ware-ein-groser-verschiebebahnhof-im-bundeshaushalt\/#primaryimage\",\"url\":\"https:\/\/vof-news.eu\/wp-content\/uploads\/2025\/08\/wide__1000x562-11.jpg\",\"contentUrl\":\"https:\/\/vof-news.eu\/wp-content\/uploads\/2025\/08\/wide__1000x562-11.jpg\",\"width\":1000,\"height\":562},{\"@type\":\"BreadcrumbList\",\"@id\":\"https:\/\/vof-news.eu\/de\/das-ware-ein-groser-verschiebebahnhof-im-bundeshaushalt\/#breadcrumb\",\"itemListElement\":[{\"@type\":\"ListItem\",\"position\":1,\"name\":\"Home\",\"item\":\"https:\/\/vof-news.eu\/de\/\"},{\"@type\":\"ListItem\",\"position\":2,\"name\":\"&#8220;Das w\u00e4re ein gro\u00dfer Verschiebebahnhof im Bundeshaushalt&#8221;\"}]},{\"@type\":\"WebSite\",\"@id\":\"https:\/\/vof-news.eu\/de\/#website\",\"url\":\"https:\/\/vof-news.eu\/de\/\",\"name\":\"vof-news.eu\",\"description\":\"\",\"potentialAction\":[{\"@type\":\"SearchAction\",\"target\":{\"@type\":\"EntryPoint\",\"urlTemplate\":\"https:\/\/vof-news.eu\/de\/?s={search_term_string}\"},\"query-input\":\"required name=search_term_string\"}],\"inLanguage\":\"de\"},{\"@type\":\"Person\",\"@id\":\"https:\/\/vof-news.eu\/de\/#\/schema\/person\/f6a2a4309f0561835797fd8c19b333ed\",\"name\":\"Author\",\"image\":{\"@type\":\"ImageObject\",\"inLanguage\":\"de\",\"@id\":\"https:\/\/vof-news.eu\/de\/#\/schema\/person\/image\/\",\"url\":\"https:\/\/secure.gravatar.com\/avatar\/b67e614b1b25b3e9c0c239efdd2fde5ab015b5affd6f1c3c85911ca4b384e790?s=96&d=mm&r=g\",\"contentUrl\":\"https:\/\/secure.gravatar.com\/avatar\/b67e614b1b25b3e9c0c239efdd2fde5ab015b5affd6f1c3c85911ca4b384e790?s=96&d=mm&r=g\",\"caption\":\"Author\"},\"sameAs\":[\"http:\/\/vof-news.eu\"],\"url\":\"https:\/\/vof-news.eu\/de\/author\/zwt6qxnjulxbnyg\/\"}]}<\/script>\n<!-- \/ Yoast SEO plugin. -->","yoast_head_json":{"title":"\"Das w\u00e4re ein gro\u00dfer Verschiebebahnhof im Bundeshaushalt\" - vof-news.eu","description":"DIE ZEIT: Herr Weber, woher kommt der immense Kostenanstieg","robots":{"index":"noindex","follow":"follow","max-snippet":"max-snippet:-1","max-image-preview":"max-image-preview:large","max-video-preview":"max-video-preview:-1"},"og_locale":"de_DE","og_type":"article","og_title":"\"Das w\u00e4re ein gro\u00dfer Verschiebebahnhof im Bundeshaushalt\" - vof-news.eu","og_description":"DIE ZEIT: Herr Weber, woher kommt der immense Kostenanstieg","og_url":"https:\/\/vof-news.eu\/de\/das-ware-ein-groser-verschiebebahnhof-im-bundeshaushalt\/","og_site_name":"vof-news.eu","article_published_time":"2025-08-04T20:29:26+00:00","article_modified_time":"2025-08-04T20:30:28+00:00","og_image":[{"width":1000,"height":562,"url":"https:\/\/vof-news.eu\/wp-content\/uploads\/2025\/08\/wide__1000x562-11.jpg","type":"image\/jpeg"}],"author":"Author","twitter_card":"summary_large_image","twitter_misc":{"Verfasst von":"Author","Gesch\u00e4tzte Lesezeit":"2\u00a0Minuten"},"schema":{"@context":"https:\/\/schema.org","@graph":[{"@type":"WebPage","@id":"https:\/\/vof-news.eu\/de\/das-ware-ein-groser-verschiebebahnhof-im-bundeshaushalt\/","url":"https:\/\/vof-news.eu\/de\/das-ware-ein-groser-verschiebebahnhof-im-bundeshaushalt\/","name":"\"Das w\u00e4re ein gro\u00dfer Verschiebebahnhof im Bundeshaushalt\" - vof-news.eu","isPartOf":{"@id":"https:\/\/vof-news.eu\/de\/#website"},"primaryImageOfPage":{"@id":"https:\/\/vof-news.eu\/de\/das-ware-ein-groser-verschiebebahnhof-im-bundeshaushalt\/#primaryimage"},"image":{"@id":"https:\/\/vof-news.eu\/de\/das-ware-ein-groser-verschiebebahnhof-im-bundeshaushalt\/#primaryimage"},"thumbnailUrl":"https:\/\/vof-news.eu\/wp-content\/uploads\/2025\/08\/wide__1000x562-11.jpg","datePublished":"2025-08-04T20:29:26+00:00","dateModified":"2025-08-04T20:30:28+00:00","author":{"@id":"https:\/\/vof-news.eu\/de\/#\/schema\/person\/f6a2a4309f0561835797fd8c19b333ed"},"description":"DIE ZEIT: Herr Weber, woher kommt der immense Kostenanstieg","breadcrumb":{"@id":"https:\/\/vof-news.eu\/de\/das-ware-ein-groser-verschiebebahnhof-im-bundeshaushalt\/#breadcrumb"},"inLanguage":"de","potentialAction":[{"@type":"ReadAction","target":["https:\/\/vof-news.eu\/de\/das-ware-ein-groser-verschiebebahnhof-im-bundeshaushalt\/"]}]},{"@type":"ImageObject","inLanguage":"de","@id":"https:\/\/vof-news.eu\/de\/das-ware-ein-groser-verschiebebahnhof-im-bundeshaushalt\/#primaryimage","url":"https:\/\/vof-news.eu\/wp-content\/uploads\/2025\/08\/wide__1000x562-11.jpg","contentUrl":"https:\/\/vof-news.eu\/wp-content\/uploads\/2025\/08\/wide__1000x562-11.jpg","width":1000,"height":562},{"@type":"BreadcrumbList","@id":"https:\/\/vof-news.eu\/de\/das-ware-ein-groser-verschiebebahnhof-im-bundeshaushalt\/#breadcrumb","itemListElement":[{"@type":"ListItem","position":1,"name":"Home","item":"https:\/\/vof-news.eu\/de\/"},{"@type":"ListItem","position":2,"name":"&#8220;Das w\u00e4re ein gro\u00dfer Verschiebebahnhof im Bundeshaushalt&#8221;"}]},{"@type":"WebSite","@id":"https:\/\/vof-news.eu\/de\/#website","url":"https:\/\/vof-news.eu\/de\/","name":"vof-news.eu","description":"","potentialAction":[{"@type":"SearchAction","target":{"@type":"EntryPoint","urlTemplate":"https:\/\/vof-news.eu\/de\/?s={search_term_string}"},"query-input":"required name=search_term_string"}],"inLanguage":"de"},{"@type":"Person","@id":"https:\/\/vof-news.eu\/de\/#\/schema\/person\/f6a2a4309f0561835797fd8c19b333ed","name":"Author","image":{"@type":"ImageObject","inLanguage":"de","@id":"https:\/\/vof-news.eu\/de\/#\/schema\/person\/image\/","url":"https:\/\/secure.gravatar.com\/avatar\/b67e614b1b25b3e9c0c239efdd2fde5ab015b5affd6f1c3c85911ca4b384e790?s=96&d=mm&r=g","contentUrl":"https:\/\/secure.gravatar.com\/avatar\/b67e614b1b25b3e9c0c239efdd2fde5ab015b5affd6f1c3c85911ca4b384e790?s=96&d=mm&r=g","caption":"Author"},"sameAs":["http:\/\/vof-news.eu"],"url":"https:\/\/vof-news.eu\/de\/author\/zwt6qxnjulxbnyg\/"}]}},"yoast_meta":{"yoast_wpseo_title":"","yoast_wpseo_metadesc":"","yoast_wpseo_canonical":""},"_links":{"self":[{"href":"https:\/\/vof-news.eu\/de\/wp-json\/wp\/v2\/posts\/261966","targetHints":{"allow":["GET"]}}],"collection":[{"href":"https:\/\/vof-news.eu\/de\/wp-json\/wp\/v2\/posts"}],"about":[{"href":"https:\/\/vof-news.eu\/de\/wp-json\/wp\/v2\/types\/post"}],"author":[{"embeddable":true,"href":"https:\/\/vof-news.eu\/de\/wp-json\/wp\/v2\/users\/1"}],"replies":[{"embeddable":true,"href":"https:\/\/vof-news.eu\/de\/wp-json\/wp\/v2\/comments?post=261966"}],"version-history":[{"count":1,"href":"https:\/\/vof-news.eu\/de\/wp-json\/wp\/v2\/posts\/261966\/revisions"}],"predecessor-version":[{"id":261973,"href":"https:\/\/vof-news.eu\/de\/wp-json\/wp\/v2\/posts\/261966\/revisions\/261973"}],"wp:featuredmedia":[{"embeddable":true,"href":"https:\/\/vof-news.eu\/de\/wp-json\/wp\/v2\/media\/261967"}],"wp:attachment":[{"href":"https:\/\/vof-news.eu\/de\/wp-json\/wp\/v2\/media?parent=261966"}],"wp:term":[{"taxonomy":"category","embeddable":true,"href":"https:\/\/vof-news.eu\/de\/wp-json\/wp\/v2\/categories?post=261966"},{"taxonomy":"post_tag","embeddable":true,"href":"https:\/\/vof-news.eu\/de\/wp-json\/wp\/v2\/tags?post=261966"}],"curies":[{"name":"wp","href":"https:\/\/api.w.org\/{rel}","templated":true}]}}