{"id":261934,"date":"2025-08-04T21:28:08","date_gmt":"2025-08-04T18:28:08","guid":{"rendered":"https:\/\/vof-news.eu\/zahl-der-sozialversicherungspflichtig-beschaftigten-ukrainer-gestiegen\/"},"modified":"2025-08-04T21:29:07","modified_gmt":"2025-08-04T18:29:07","slug":"zahl-der-sozialversicherungspflichtig-beschaftigten-ukrainer-gestiegen","status":"publish","type":"post","link":"https:\/\/vof-news.eu\/de\/zahl-der-sozialversicherungspflichtig-beschaftigten-ukrainer-gestiegen\/","title":{"rendered":"Zahl der sozialversicherungspflichtig besch\u00e4ftigten Ukrainer gestiegen"},"content":{"rendered":"<div>\n<p>Die Zahl der sozialversicherungspflichtig besch\u00e4ftigten <a href=\"https:\/\/www.zeit.de\/thema\/krieg-in-ukraine\" rel=\"nofollow\">Ukrainerinnen<br \/>\nund Ukrainer<\/a> ist deutlich gestiegen. Im April sind 272.000 Menschen mit<br \/>\nukrainischer Staatsangeh\u00f6rigkeit einem sozialversicherungspflichtigen Job<br \/>\nnachgegangen, teilte ein Sprecher der <span><a href=\"https:\/\/www.zeit.de\/thema\/bundesagentur-fuer-arbeit\" rel=\"nofollow\">Bundesagentur f\u00fcr Arbeit<\/a><\/span> (BA) mit. Das<br \/>\nwaren demnach 80.000 mehr als im Vorjahr.\n<\/p>\n<p>Im M\u00e4rz z\u00e4hlte die Agentur f\u00fcr Arbeit rund 701.000<br \/>\nUkrainerinnen und Ukrainer im B\u00fcrgergeldbezug, wie der Sprecher mitteilte.<br \/>\n502.000 von ihnen waren demnach als erwerbsf\u00e4hig eingestuft, die anderen waren<br \/>\nentweder unter 15 Jahre alt oder hatten das Renteneintrittsalter bereits<br \/>\n\u00fcberschritten. Die Zahl derjenigen, die dem Arbeitsmarkt tats\u00e4chlich zur<br \/>\nVerf\u00fcgung standen, bezifferte der BA-Sprecher f\u00fcr Juli 2025 auf 217.000<br \/>\nMenschen.\n<\/p>\n<p>Anders als andere Gefl\u00fcchtete k\u00f6nnen Ukrainerinnen und<br \/>\nUkrainer direkt nach ihrer Ankunft in Deutschland <a href=\"https:\/\/www.zeit.de\/thema\/buergergeld\" rel=\"nofollow\">B\u00fcrgergeld<\/a> beziehen. Im<br \/>\nKoalitionsvertrag von CDU, CSU und SPD ist jedoch vorgesehen, diese Regelung<br \/>\nf\u00fcr diejenigen abzuschaffen, die seit dem 1. April 2025 hier eingetroffen sind<br \/>\noder noch eintreffen. Sie sollen stattdessen die niedrigeren Leistungen des<br \/>\nAsylbewerberleistungsgesetzes bekommen. Nach der bisher geltenden Rechtslage<br \/>\nw\u00e4ren dann auch die Jobcenter nicht mehr f\u00fcr sie zust\u00e4ndig.\n<\/p>\n<p>CSU-Chef <a href=\"https:\/\/www.zeit.de\/politik\/deutschland\/2025-08\/markus-soeder-buergeld-ukraine-fluechtlinge-deutschland\" rel=\"nofollow\">Markus S\u00f6der hatte am Wochenende gefordert<\/a>,<br \/>\ns\u00e4mtliche Gefl\u00fcchtete aus der Ukraine vom B\u00fcrgergeldbezug auszunehmen und gem\u00e4\u00df dem Asylbewerberleistungsgesetz zu versorgen. Auch Sachsens Ministerpr\u00e4sident<br \/>\nMichael Kretschmer (CDU) <a href=\"https:\/\/www.zeit.de\/politik\/deutschland\/2025-08\/gefluechtete-ukraine-debatte-buergergeld-michael-kretschmer-lars-klingbeil\" rel=\"nofollow\">sprach sich f\u00fcr die \u00c4nderung aus<\/a>. Der Vorsitzende des<br \/>\nCDU-Sozialfl\u00fcgels CDA, Dennis Radtke, kritisierte den Vorsto\u00df: Ein<br \/>\nr\u00fcckwirkender Wechsel aller Ukrainerinnen und Ukrainer vom <span><a href=\"https:\/\/www.zeit.de\/thema\/buergergeld\" rel=\"nofollow\">B\u00fcrgergeld<\/a><\/span> zu den<br \/>\nAsylbewerberleistungen sei &#8222;das Gegenteil von sinnvoll&#8220;, sagte er.\n<\/p>\n<\/div>\n","protected":false},"excerpt":{"rendered":"<p>Die Zahl der sozialversicherungspflichtig besch\u00e4ftigten Ukrainerinnen und Ukrainer ist deutlich gestiegen. Im April sind 272.000 Menschen mit ukrainischer Staatsangeh\u00f6rigkeit einem sozialversicherungspflichtigen Job nachgegangen, teilte ein Sprecher der Bundesagentur f\u00fcr Arbeit (BA) mit. Das waren demnach 80.000 mehr als im Vorjahr. Im M\u00e4rz z\u00e4hlte die Agentur f\u00fcr Arbeit rund 701.000 Ukrainerinnen und Ukrainer im B\u00fcrgergeldbezug, wie<\/p>\n","protected":false},"author":1,"featured_media":261935,"comment_status":"open","ping_status":"open","sticky":false,"template":"","format":"standard","meta":{"footnotes":""},"categories":[116],"tags":[],"class_list":["post-261934","post","type-post","status-publish","format-standard","has-post-thumbnail","hentry","category-war-chronicles-de"],"acf":[],"yoast_head":"<!-- This site is optimized with the Yoast SEO plugin v22.9 - https:\/\/yoast.com\/wordpress\/plugins\/seo\/ -->\n<title>Zahl der sozialversicherungspflichtig besch\u00e4ftigten Ukrainer gestiegen - vof-news.eu<\/title>\n<meta name=\"description\" content=\"Die Zahl der sozialversicherungspflichtig besch\u00e4ftigten Ukrainerinnen\" \/>\n<meta name=\"robots\" content=\"noindex, follow, max-snippet:-1, max-image-preview:large, max-video-preview:-1\" \/>\n<meta property=\"og:locale\" content=\"de_DE\" \/>\n<meta property=\"og:type\" content=\"article\" \/>\n<meta property=\"og:title\" content=\"Zahl der sozialversicherungspflichtig besch\u00e4ftigten Ukrainer gestiegen - vof-news.eu\" \/>\n<meta property=\"og:description\" content=\"Die Zahl der sozialversicherungspflichtig besch\u00e4ftigten Ukrainerinnen\" \/>\n<meta property=\"og:url\" content=\"https:\/\/vof-news.eu\/de\/zahl-der-sozialversicherungspflichtig-beschaftigten-ukrainer-gestiegen\/\" \/>\n<meta property=\"og:site_name\" content=\"vof-news.eu\" \/>\n<meta property=\"article:published_time\" content=\"2025-08-04T18:28:08+00:00\" \/>\n<meta property=\"article:modified_time\" content=\"2025-08-04T18:29:07+00:00\" \/>\n<meta property=\"og:image\" content=\"https:\/\/vof-news.eu\/wp-content\/uploads\/2025\/08\/wide__1000x562-9.jpg\" \/>\n\t<meta property=\"og:image:width\" content=\"1000\" \/>\n\t<meta property=\"og:image:height\" content=\"562\" \/>\n\t<meta property=\"og:image:type\" content=\"image\/jpeg\" \/>\n<meta name=\"author\" content=\"Author\" \/>\n<meta name=\"twitter:card\" content=\"summary_large_image\" \/>\n<meta name=\"twitter:label1\" content=\"Verfasst von\" \/>\n\t<meta name=\"twitter:data1\" content=\"Author\" \/>\n\t<meta name=\"twitter:label2\" content=\"Gesch\u00e4tzte Lesezeit\" \/>\n\t<meta name=\"twitter:data2\" content=\"1\u00a0Minute\" \/>\n<script type=\"application\/ld+json\" class=\"yoast-schema-graph\">{\"@context\":\"https:\/\/schema.org\",\"@graph\":[{\"@type\":\"WebPage\",\"@id\":\"https:\/\/vof-news.eu\/de\/zahl-der-sozialversicherungspflichtig-beschaftigten-ukrainer-gestiegen\/\",\"url\":\"https:\/\/vof-news.eu\/de\/zahl-der-sozialversicherungspflichtig-beschaftigten-ukrainer-gestiegen\/\",\"name\":\"Zahl der sozialversicherungspflichtig besch\u00e4ftigten Ukrainer gestiegen - vof-news.eu\",\"isPartOf\":{\"@id\":\"https:\/\/vof-news.eu\/de\/#website\"},\"primaryImageOfPage\":{\"@id\":\"https:\/\/vof-news.eu\/de\/zahl-der-sozialversicherungspflichtig-beschaftigten-ukrainer-gestiegen\/#primaryimage\"},\"image\":{\"@id\":\"https:\/\/vof-news.eu\/de\/zahl-der-sozialversicherungspflichtig-beschaftigten-ukrainer-gestiegen\/#primaryimage\"},\"thumbnailUrl\":\"https:\/\/vof-news.eu\/wp-content\/uploads\/2025\/08\/wide__1000x562-9.jpg\",\"datePublished\":\"2025-08-04T18:28:08+00:00\",\"dateModified\":\"2025-08-04T18:29:07+00:00\",\"author\":{\"@id\":\"https:\/\/vof-news.eu\/de\/#\/schema\/person\/f6a2a4309f0561835797fd8c19b333ed\"},\"description\":\"Die Zahl der sozialversicherungspflichtig besch\u00e4ftigten Ukrainerinnen\",\"breadcrumb\":{\"@id\":\"https:\/\/vof-news.eu\/de\/zahl-der-sozialversicherungspflichtig-beschaftigten-ukrainer-gestiegen\/#breadcrumb\"},\"inLanguage\":\"de\",\"potentialAction\":[{\"@type\":\"ReadAction\",\"target\":[\"https:\/\/vof-news.eu\/de\/zahl-der-sozialversicherungspflichtig-beschaftigten-ukrainer-gestiegen\/\"]}]},{\"@type\":\"ImageObject\",\"inLanguage\":\"de\",\"@id\":\"https:\/\/vof-news.eu\/de\/zahl-der-sozialversicherungspflichtig-beschaftigten-ukrainer-gestiegen\/#primaryimage\",\"url\":\"https:\/\/vof-news.eu\/wp-content\/uploads\/2025\/08\/wide__1000x562-9.jpg\",\"contentUrl\":\"https:\/\/vof-news.eu\/wp-content\/uploads\/2025\/08\/wide__1000x562-9.jpg\",\"width\":1000,\"height\":562},{\"@type\":\"BreadcrumbList\",\"@id\":\"https:\/\/vof-news.eu\/de\/zahl-der-sozialversicherungspflichtig-beschaftigten-ukrainer-gestiegen\/#breadcrumb\",\"itemListElement\":[{\"@type\":\"ListItem\",\"position\":1,\"name\":\"Home\",\"item\":\"https:\/\/vof-news.eu\/de\/\"},{\"@type\":\"ListItem\",\"position\":2,\"name\":\"Zahl der sozialversicherungspflichtig besch\u00e4ftigten Ukrainer gestiegen\"}]},{\"@type\":\"WebSite\",\"@id\":\"https:\/\/vof-news.eu\/de\/#website\",\"url\":\"https:\/\/vof-news.eu\/de\/\",\"name\":\"vof-news.eu\",\"description\":\"\",\"potentialAction\":[{\"@type\":\"SearchAction\",\"target\":{\"@type\":\"EntryPoint\",\"urlTemplate\":\"https:\/\/vof-news.eu\/de\/?s={search_term_string}\"},\"query-input\":\"required name=search_term_string\"}],\"inLanguage\":\"de\"},{\"@type\":\"Person\",\"@id\":\"https:\/\/vof-news.eu\/de\/#\/schema\/person\/f6a2a4309f0561835797fd8c19b333ed\",\"name\":\"Author\",\"image\":{\"@type\":\"ImageObject\",\"inLanguage\":\"de\",\"@id\":\"https:\/\/vof-news.eu\/de\/#\/schema\/person\/image\/\",\"url\":\"https:\/\/secure.gravatar.com\/avatar\/b67e614b1b25b3e9c0c239efdd2fde5ab015b5affd6f1c3c85911ca4b384e790?s=96&d=mm&r=g\",\"contentUrl\":\"https:\/\/secure.gravatar.com\/avatar\/b67e614b1b25b3e9c0c239efdd2fde5ab015b5affd6f1c3c85911ca4b384e790?s=96&d=mm&r=g\",\"caption\":\"Author\"},\"sameAs\":[\"http:\/\/vof-news.eu\"],\"url\":\"https:\/\/vof-news.eu\/de\/author\/zwt6qxnjulxbnyg\/\"}]}<\/script>\n<!-- \/ Yoast SEO plugin. -->","yoast_head_json":{"title":"Zahl der sozialversicherungspflichtig besch\u00e4ftigten Ukrainer gestiegen - vof-news.eu","description":"Die Zahl der sozialversicherungspflichtig besch\u00e4ftigten Ukrainerinnen","robots":{"index":"noindex","follow":"follow","max-snippet":"max-snippet:-1","max-image-preview":"max-image-preview:large","max-video-preview":"max-video-preview:-1"},"og_locale":"de_DE","og_type":"article","og_title":"Zahl der sozialversicherungspflichtig besch\u00e4ftigten Ukrainer gestiegen - vof-news.eu","og_description":"Die Zahl der sozialversicherungspflichtig besch\u00e4ftigten Ukrainerinnen","og_url":"https:\/\/vof-news.eu\/de\/zahl-der-sozialversicherungspflichtig-beschaftigten-ukrainer-gestiegen\/","og_site_name":"vof-news.eu","article_published_time":"2025-08-04T18:28:08+00:00","article_modified_time":"2025-08-04T18:29:07+00:00","og_image":[{"width":1000,"height":562,"url":"https:\/\/vof-news.eu\/wp-content\/uploads\/2025\/08\/wide__1000x562-9.jpg","type":"image\/jpeg"}],"author":"Author","twitter_card":"summary_large_image","twitter_misc":{"Verfasst von":"Author","Gesch\u00e4tzte Lesezeit":"1\u00a0Minute"},"schema":{"@context":"https:\/\/schema.org","@graph":[{"@type":"WebPage","@id":"https:\/\/vof-news.eu\/de\/zahl-der-sozialversicherungspflichtig-beschaftigten-ukrainer-gestiegen\/","url":"https:\/\/vof-news.eu\/de\/zahl-der-sozialversicherungspflichtig-beschaftigten-ukrainer-gestiegen\/","name":"Zahl der sozialversicherungspflichtig besch\u00e4ftigten Ukrainer gestiegen - vof-news.eu","isPartOf":{"@id":"https:\/\/vof-news.eu\/de\/#website"},"primaryImageOfPage":{"@id":"https:\/\/vof-news.eu\/de\/zahl-der-sozialversicherungspflichtig-beschaftigten-ukrainer-gestiegen\/#primaryimage"},"image":{"@id":"https:\/\/vof-news.eu\/de\/zahl-der-sozialversicherungspflichtig-beschaftigten-ukrainer-gestiegen\/#primaryimage"},"thumbnailUrl":"https:\/\/vof-news.eu\/wp-content\/uploads\/2025\/08\/wide__1000x562-9.jpg","datePublished":"2025-08-04T18:28:08+00:00","dateModified":"2025-08-04T18:29:07+00:00","author":{"@id":"https:\/\/vof-news.eu\/de\/#\/schema\/person\/f6a2a4309f0561835797fd8c19b333ed"},"description":"Die Zahl der sozialversicherungspflichtig besch\u00e4ftigten Ukrainerinnen","breadcrumb":{"@id":"https:\/\/vof-news.eu\/de\/zahl-der-sozialversicherungspflichtig-beschaftigten-ukrainer-gestiegen\/#breadcrumb"},"inLanguage":"de","potentialAction":[{"@type":"ReadAction","target":["https:\/\/vof-news.eu\/de\/zahl-der-sozialversicherungspflichtig-beschaftigten-ukrainer-gestiegen\/"]}]},{"@type":"ImageObject","inLanguage":"de","@id":"https:\/\/vof-news.eu\/de\/zahl-der-sozialversicherungspflichtig-beschaftigten-ukrainer-gestiegen\/#primaryimage","url":"https:\/\/vof-news.eu\/wp-content\/uploads\/2025\/08\/wide__1000x562-9.jpg","contentUrl":"https:\/\/vof-news.eu\/wp-content\/uploads\/2025\/08\/wide__1000x562-9.jpg","width":1000,"height":562},{"@type":"BreadcrumbList","@id":"https:\/\/vof-news.eu\/de\/zahl-der-sozialversicherungspflichtig-beschaftigten-ukrainer-gestiegen\/#breadcrumb","itemListElement":[{"@type":"ListItem","position":1,"name":"Home","item":"https:\/\/vof-news.eu\/de\/"},{"@type":"ListItem","position":2,"name":"Zahl der sozialversicherungspflichtig besch\u00e4ftigten Ukrainer gestiegen"}]},{"@type":"WebSite","@id":"https:\/\/vof-news.eu\/de\/#website","url":"https:\/\/vof-news.eu\/de\/","name":"vof-news.eu","description":"","potentialAction":[{"@type":"SearchAction","target":{"@type":"EntryPoint","urlTemplate":"https:\/\/vof-news.eu\/de\/?s={search_term_string}"},"query-input":"required name=search_term_string"}],"inLanguage":"de"},{"@type":"Person","@id":"https:\/\/vof-news.eu\/de\/#\/schema\/person\/f6a2a4309f0561835797fd8c19b333ed","name":"Author","image":{"@type":"ImageObject","inLanguage":"de","@id":"https:\/\/vof-news.eu\/de\/#\/schema\/person\/image\/","url":"https:\/\/secure.gravatar.com\/avatar\/b67e614b1b25b3e9c0c239efdd2fde5ab015b5affd6f1c3c85911ca4b384e790?s=96&d=mm&r=g","contentUrl":"https:\/\/secure.gravatar.com\/avatar\/b67e614b1b25b3e9c0c239efdd2fde5ab015b5affd6f1c3c85911ca4b384e790?s=96&d=mm&r=g","caption":"Author"},"sameAs":["http:\/\/vof-news.eu"],"url":"https:\/\/vof-news.eu\/de\/author\/zwt6qxnjulxbnyg\/"}]}},"yoast_meta":{"yoast_wpseo_title":"","yoast_wpseo_metadesc":"","yoast_wpseo_canonical":""},"_links":{"self":[{"href":"https:\/\/vof-news.eu\/de\/wp-json\/wp\/v2\/posts\/261934","targetHints":{"allow":["GET"]}}],"collection":[{"href":"https:\/\/vof-news.eu\/de\/wp-json\/wp\/v2\/posts"}],"about":[{"href":"https:\/\/vof-news.eu\/de\/wp-json\/wp\/v2\/types\/post"}],"author":[{"embeddable":true,"href":"https:\/\/vof-news.eu\/de\/wp-json\/wp\/v2\/users\/1"}],"replies":[{"embeddable":true,"href":"https:\/\/vof-news.eu\/de\/wp-json\/wp\/v2\/comments?post=261934"}],"version-history":[{"count":1,"href":"https:\/\/vof-news.eu\/de\/wp-json\/wp\/v2\/posts\/261934\/revisions"}],"predecessor-version":[{"id":261941,"href":"https:\/\/vof-news.eu\/de\/wp-json\/wp\/v2\/posts\/261934\/revisions\/261941"}],"wp:featuredmedia":[{"embeddable":true,"href":"https:\/\/vof-news.eu\/de\/wp-json\/wp\/v2\/media\/261935"}],"wp:attachment":[{"href":"https:\/\/vof-news.eu\/de\/wp-json\/wp\/v2\/media?parent=261934"}],"wp:term":[{"taxonomy":"category","embeddable":true,"href":"https:\/\/vof-news.eu\/de\/wp-json\/wp\/v2\/categories?post=261934"},{"taxonomy":"post_tag","embeddable":true,"href":"https:\/\/vof-news.eu\/de\/wp-json\/wp\/v2\/tags?post=261934"}],"curies":[{"name":"wp","href":"https:\/\/api.w.org\/{rel}","templated":true}]}}