{"id":261729,"date":"2025-08-04T11:28:10","date_gmt":"2025-08-04T08:28:10","guid":{"rendered":"https:\/\/vof-news.eu\/kretschmer-befurwortet-anderungen-beim-burgergeld-fur-ukrainer\/"},"modified":"2025-08-04T11:29:39","modified_gmt":"2025-08-04T08:29:39","slug":"kretschmer-befurwortet-anderungen-beim-burgergeld-fur-ukrainer","status":"publish","type":"post","link":"https:\/\/vof-news.eu\/de\/kretschmer-befurwortet-anderungen-beim-burgergeld-fur-ukrainer\/","title":{"rendered":"Kretschmer bef\u00fcrwortet \u00c4nderungen beim B\u00fcrgergeld f\u00fcr Ukrainer"},"content":{"rendered":"<div>\n<p>Vor dem Hintergrund der Debatte um das <a href=\"https:\/\/www.zeit.de\/thema\/buergergeld\" rel=\"nofollow\">B\u00fcrgergeld<\/a>, auch f\u00fcr <a href=\"https:\/\/www.zeit.de\/thema\/krieg-in-ukraine\" rel=\"nofollow\">ukrainische<\/a> Gefl\u00fcchtete, hat sich Sachsens Ministerpr\u00e4sident <a href=\"https:\/\/www.zeit.de\/thema\/michael-kretschmer\" rel=\"nofollow\">Michael Kretschmer<\/a> (CDU) f\u00fcr \u00c4nderungen ausgesprochen. Die Regeln m\u00fcssten f\u00fcr &#8222;die eigenen Leute, f\u00fcr die Deutschen, wie auch f\u00fcr die, die zu uns gekommen sind&#8220; ge\u00e4ndert werden, damit Leistung sich lohne, sagte der Politiker im ZDF-. Deutschland gebe 47 Milliarden Euro f\u00fcr <span><a href=\"https:\/\/www.zeit.de\/thema\/buergergeld\" rel=\"nofollow\">B\u00fcrgergeld<\/a><\/span> aus. &#8222;Ich glaube, jedem erschlie\u00dft sich, dass das nicht richtig sein kann. Diese Zahl muss runter.&#8220;\n<\/p>\n<p>Man m\u00fcsse fragen, wof\u00fcr der Staat das Geld ausgebe, sagte Kretschmer. Es gebe viele Beispiele f\u00fcr Menschen, die Geld bekommen, es aber eigentlich nicht notwendig br\u00e4uchten. &#8222;Und das gilt nat\u00fcrlich f\u00fcr Schutzsuchende in besonderer Weise deswegen, weil wir bei den ukrainischen Fl\u00fcchtlingen den Vergleich haben zu Frankreich, zu Holland, zu Polen, zu Tschechien. \u00dcberall dort ist die Quote der Menschen, die arbeiten, viel, viel h\u00f6her als bei uns.&#8220;\n<\/p>\n<p>Bundesfinanzminister <a href=\"https:\/\/www.zeit.de\/thema\/lars-klingbeil\" rel=\"nofollow\">Lars Klingbeil<\/a> (SPD) wies im Deutschlandfunk<br \/>\ndarauf hin, dass neu ankommende Menschen aus der Ukraine k\u00fcnftig kein B\u00fcrgergeld<br \/>\n mehr erhalten sollen. \u00dcber weitere einzelne Vorschl\u00e4ge f\u00fcr Einsparungen<br \/>\n wolle er nicht \u00f6ffentlich diskutieren. Im Koalitionsvertrag von Union und SPD steht: &#8222;Fl\u00fcchtlinge mit Aufenthaltsrecht nach der Massenzustrom-Richtlinie, die nach dem 01.04.2025 eingereist sind, sollen wieder Leistungen nach dem Asylbewerberleistungsgesetz erhalten, sofern sie bed\u00fcrftig sind.&#8220;\n<\/p>\n<h2>Ukrainischer Botschafter Makejew kritisiert S\u00f6ders Forderungen<\/h2>\n<p>Am Sonntag hatte sich Bayerns Ministerpr\u00e4sident\u00a0<a href=\"https:\/\/www.zeit.de\/thema\/markus-soeder\" rel=\"nofollow\">Markus S\u00f6der<\/a> (CSU) f\u00fcr einen strengeren Kurs beim B\u00fcrgergeld ausgesprochen. Im ZDF-Sommerinterview sagte S\u00f6der, er sei daf\u00fcr, dass <a href=\"https:\/\/www.zeit.de\/politik\/deutschland\/2025-08\/markus-soeder-buergeld-ukraine-fluechtlinge-deutschland\" rel=\"nofollow\">die in Deutschland lebenden Ukrainer kein B\u00fcrgergeld<br \/>\n mehr erhalten sollten<\/a>, &#8222;und zwar am besten nicht nur die, die in der<br \/>\nZukunft kommen, sondern alle&#8220;.\n<\/p>\n<p>Kanzleramtschef Thorsten Frei (<span><a href=\"https:\/\/www.zeit.de\/thema\/cdu\" rel=\"nofollow\">CDU<\/a><\/span>) zeigte sich am Morgen in der Sendung  von RTL\/n-tv offen f\u00fcr S\u00f6ders Vorschlag. &#8222;Tats\u00e4chlich hat Markus S\u00f6der recht, wenn er sagt, dass wir hier Leistungen ausbringen, wie es kein anderes Land der Erde tut&#8220;, sagte Frei. Das habe auch zu einer schlechteren Integration in den Arbeitsmarkt als in anderen L\u00e4ndern gef\u00fchrt. So arbeite in Deutschland nur jeder dritte erwerbsf\u00e4hige Ukrainer.\u00a0\n<\/p>\n<p>Der ukrainische Botschafter in Deutschland, Oleksij Makejew, hingegen kritisierte S\u00f6der. Im Interview mit dem Deutschlandfunk sagte er, die Forderungen des bayerischen Ministerpr\u00e4sidenten seien &#8222;schwer nachvollziehbar&#8220;. Nicht die Ukrainer seien das Problem beim B\u00fcrgergeld. Es sei falsch, sie zum S\u00fcndenbock zu machen, sagte\u00a0Makejew. Zuvor hatte auch der Chef des CDU-Arbeitnehmerfl\u00fcgels Dennis Radtke im  die Forderungen S\u00f6ders kritisiert.\n<\/p>\n<p>Die B\u00fcrgergeldausgaben sind im<br \/>\nvergangenen Jahr <a href=\"https:\/\/www.zeit.de\/politik\/deutschland\/2025-08\/sozialstaat-buergergeld-kosten-inflation-arbeitsmarkt\" rel=\"nofollow\">um rund vier Milliarden Euro auf 46,9 Milliarden Euro<br \/>\ngestiegen<\/a>. 5,5 Millionen Menschen erhielten die Sozialleistung. Die schwarz-rote Koalition will die Ausgaben senken. Politiker aus Union und SPD <a href=\"https:\/\/www.zeit.de\/politik\/deutschland\/2025-08\/buergergeld-union-spd-ausgaben-anstieg-arbeitsverweigerer\" rel=\"nofollow\">forderten zudem mehr H\u00e4rte gegen Arbeitsverweigerer<\/a>.\n<\/p>\n<\/div>\n","protected":false},"excerpt":{"rendered":"<p>Vor dem Hintergrund der Debatte um das B\u00fcrgergeld, auch f\u00fcr ukrainische Gefl\u00fcchtete, hat sich Sachsens Ministerpr\u00e4sident Michael Kretschmer (CDU) f\u00fcr \u00c4nderungen ausgesprochen. Die Regeln m\u00fcssten f\u00fcr &#8222;die eigenen Leute, f\u00fcr die Deutschen, wie auch f\u00fcr die, die zu uns gekommen sind&#8220; ge\u00e4ndert werden, damit Leistung sich lohne, sagte der Politiker im ZDF-. Deutschland gebe 47<\/p>\n","protected":false},"author":1,"featured_media":261730,"comment_status":"open","ping_status":"open","sticky":false,"template":"","format":"standard","meta":{"footnotes":""},"categories":[116],"tags":[],"class_list":["post-261729","post","type-post","status-publish","format-standard","has-post-thumbnail","hentry","category-war-chronicles-de"],"acf":[],"yoast_head":"<!-- This site is optimized with the Yoast SEO plugin v22.9 - https:\/\/yoast.com\/wordpress\/plugins\/seo\/ -->\n<title>Kretschmer bef\u00fcrwortet \u00c4nderungen beim B\u00fcrgergeld f\u00fcr Ukrainer - vof-news.eu<\/title>\n<meta name=\"description\" content=\"Vor dem Hintergrund der Debatte um das B\u00fcrgergeld, auch f\u00fcr ukrainische Gefl\u00fcchtete, hat sich Sachsens Ministerpr\u00e4sident Michael Kretschmer (CDU) f\u00fcr \u00c4nderungen ausgesprochen. Die Regeln m\u00fcssten f\u00fcr &quot;die eigenen Leute, f\u00fcr die Deutschen, wie auch f\u00fcr die, die zu uns gekommen sind&quot; ge\u00e4ndert werden, damit Leistung sich lohne, sagte der Politiker im ZDF-. Deutschland gebe 47 Milliarden Euro f\u00fcr B\u00fcrgergeld aus. &quot;Ich glaube, jedem erschlie\u00dft sich, dass das nicht richtig sein kann. Diese Zahl muss runter.&quot;\" \/>\n<meta name=\"robots\" content=\"noindex, follow, max-snippet:-1, max-image-preview:large, max-video-preview:-1\" \/>\n<meta property=\"og:locale\" content=\"de_DE\" \/>\n<meta property=\"og:type\" content=\"article\" \/>\n<meta property=\"og:title\" content=\"Kretschmer bef\u00fcrwortet \u00c4nderungen beim B\u00fcrgergeld f\u00fcr Ukrainer - vof-news.eu\" \/>\n<meta property=\"og:description\" content=\"Vor dem Hintergrund der Debatte um das B\u00fcrgergeld, auch f\u00fcr ukrainische Gefl\u00fcchtete, hat sich Sachsens Ministerpr\u00e4sident Michael Kretschmer (CDU) f\u00fcr \u00c4nderungen ausgesprochen. Die Regeln m\u00fcssten f\u00fcr &quot;die eigenen Leute, f\u00fcr die Deutschen, wie auch f\u00fcr die, die zu uns gekommen sind&quot; ge\u00e4ndert werden, damit Leistung sich lohne, sagte der Politiker im ZDF-. Deutschland gebe 47 Milliarden Euro f\u00fcr B\u00fcrgergeld aus. &quot;Ich glaube, jedem erschlie\u00dft sich, dass das nicht richtig sein kann. Diese Zahl muss runter.&quot;\" \/>\n<meta property=\"og:url\" content=\"https:\/\/vof-news.eu\/de\/kretschmer-befurwortet-anderungen-beim-burgergeld-fur-ukrainer\/\" \/>\n<meta property=\"og:site_name\" content=\"vof-news.eu\" \/>\n<meta property=\"article:published_time\" content=\"2025-08-04T08:28:10+00:00\" \/>\n<meta property=\"article:modified_time\" content=\"2025-08-04T08:29:39+00:00\" \/>\n<meta property=\"og:image\" content=\"https:\/\/vof-news.eu\/wp-content\/uploads\/2025\/08\/wide__1000x562-8.jpg\" \/>\n\t<meta property=\"og:image:width\" content=\"1000\" \/>\n\t<meta property=\"og:image:height\" content=\"562\" \/>\n\t<meta property=\"og:image:type\" content=\"image\/jpeg\" \/>\n<meta name=\"author\" content=\"Author\" \/>\n<meta name=\"twitter:card\" content=\"summary_large_image\" \/>\n<meta name=\"twitter:label1\" content=\"Verfasst von\" \/>\n\t<meta name=\"twitter:data1\" content=\"Author\" \/>\n\t<meta name=\"twitter:label2\" content=\"Gesch\u00e4tzte Lesezeit\" \/>\n\t<meta name=\"twitter:data2\" content=\"2\u00a0Minuten\" \/>\n<script type=\"application\/ld+json\" class=\"yoast-schema-graph\">{\"@context\":\"https:\/\/schema.org\",\"@graph\":[{\"@type\":\"WebPage\",\"@id\":\"https:\/\/vof-news.eu\/de\/kretschmer-befurwortet-anderungen-beim-burgergeld-fur-ukrainer\/\",\"url\":\"https:\/\/vof-news.eu\/de\/kretschmer-befurwortet-anderungen-beim-burgergeld-fur-ukrainer\/\",\"name\":\"Kretschmer bef\u00fcrwortet \u00c4nderungen beim B\u00fcrgergeld f\u00fcr Ukrainer - vof-news.eu\",\"isPartOf\":{\"@id\":\"https:\/\/vof-news.eu\/de\/#website\"},\"primaryImageOfPage\":{\"@id\":\"https:\/\/vof-news.eu\/de\/kretschmer-befurwortet-anderungen-beim-burgergeld-fur-ukrainer\/#primaryimage\"},\"image\":{\"@id\":\"https:\/\/vof-news.eu\/de\/kretschmer-befurwortet-anderungen-beim-burgergeld-fur-ukrainer\/#primaryimage\"},\"thumbnailUrl\":\"https:\/\/vof-news.eu\/wp-content\/uploads\/2025\/08\/wide__1000x562-8.jpg\",\"datePublished\":\"2025-08-04T08:28:10+00:00\",\"dateModified\":\"2025-08-04T08:29:39+00:00\",\"author\":{\"@id\":\"https:\/\/vof-news.eu\/de\/#\/schema\/person\/f6a2a4309f0561835797fd8c19b333ed\"},\"description\":\"Vor dem Hintergrund der Debatte um das B\u00fcrgergeld, auch f\u00fcr ukrainische Gefl\u00fcchtete, hat sich Sachsens Ministerpr\u00e4sident Michael Kretschmer (CDU) f\u00fcr \u00c4nderungen ausgesprochen. Die Regeln m\u00fcssten f\u00fcr \\\"die eigenen Leute, f\u00fcr die Deutschen, wie auch f\u00fcr die, die zu uns gekommen sind\\\" ge\u00e4ndert werden, damit Leistung sich lohne, sagte der Politiker im ZDF-. Deutschland gebe 47 Milliarden Euro f\u00fcr B\u00fcrgergeld aus. \\\"Ich glaube, jedem erschlie\u00dft sich, dass das nicht richtig sein kann. Diese Zahl muss runter.\\\"\",\"breadcrumb\":{\"@id\":\"https:\/\/vof-news.eu\/de\/kretschmer-befurwortet-anderungen-beim-burgergeld-fur-ukrainer\/#breadcrumb\"},\"inLanguage\":\"de\",\"potentialAction\":[{\"@type\":\"ReadAction\",\"target\":[\"https:\/\/vof-news.eu\/de\/kretschmer-befurwortet-anderungen-beim-burgergeld-fur-ukrainer\/\"]}]},{\"@type\":\"ImageObject\",\"inLanguage\":\"de\",\"@id\":\"https:\/\/vof-news.eu\/de\/kretschmer-befurwortet-anderungen-beim-burgergeld-fur-ukrainer\/#primaryimage\",\"url\":\"https:\/\/vof-news.eu\/wp-content\/uploads\/2025\/08\/wide__1000x562-8.jpg\",\"contentUrl\":\"https:\/\/vof-news.eu\/wp-content\/uploads\/2025\/08\/wide__1000x562-8.jpg\",\"width\":1000,\"height\":562},{\"@type\":\"BreadcrumbList\",\"@id\":\"https:\/\/vof-news.eu\/de\/kretschmer-befurwortet-anderungen-beim-burgergeld-fur-ukrainer\/#breadcrumb\",\"itemListElement\":[{\"@type\":\"ListItem\",\"position\":1,\"name\":\"Home\",\"item\":\"https:\/\/vof-news.eu\/de\/\"},{\"@type\":\"ListItem\",\"position\":2,\"name\":\"Kretschmer bef\u00fcrwortet \u00c4nderungen beim B\u00fcrgergeld f\u00fcr Ukrainer\"}]},{\"@type\":\"WebSite\",\"@id\":\"https:\/\/vof-news.eu\/de\/#website\",\"url\":\"https:\/\/vof-news.eu\/de\/\",\"name\":\"vof-news.eu\",\"description\":\"\",\"potentialAction\":[{\"@type\":\"SearchAction\",\"target\":{\"@type\":\"EntryPoint\",\"urlTemplate\":\"https:\/\/vof-news.eu\/de\/?s={search_term_string}\"},\"query-input\":\"required name=search_term_string\"}],\"inLanguage\":\"de\"},{\"@type\":\"Person\",\"@id\":\"https:\/\/vof-news.eu\/de\/#\/schema\/person\/f6a2a4309f0561835797fd8c19b333ed\",\"name\":\"Author\",\"image\":{\"@type\":\"ImageObject\",\"inLanguage\":\"de\",\"@id\":\"https:\/\/vof-news.eu\/de\/#\/schema\/person\/image\/\",\"url\":\"https:\/\/secure.gravatar.com\/avatar\/b67e614b1b25b3e9c0c239efdd2fde5ab015b5affd6f1c3c85911ca4b384e790?s=96&d=mm&r=g\",\"contentUrl\":\"https:\/\/secure.gravatar.com\/avatar\/b67e614b1b25b3e9c0c239efdd2fde5ab015b5affd6f1c3c85911ca4b384e790?s=96&d=mm&r=g\",\"caption\":\"Author\"},\"sameAs\":[\"http:\/\/vof-news.eu\"],\"url\":\"https:\/\/vof-news.eu\/de\/author\/zwt6qxnjulxbnyg\/\"}]}<\/script>\n<!-- \/ Yoast SEO plugin. -->","yoast_head_json":{"title":"Kretschmer bef\u00fcrwortet \u00c4nderungen beim B\u00fcrgergeld f\u00fcr Ukrainer - vof-news.eu","description":"Vor dem Hintergrund der Debatte um das B\u00fcrgergeld, auch f\u00fcr ukrainische Gefl\u00fcchtete, hat sich Sachsens Ministerpr\u00e4sident Michael Kretschmer (CDU) f\u00fcr \u00c4nderungen ausgesprochen. Die Regeln m\u00fcssten f\u00fcr \"die eigenen Leute, f\u00fcr die Deutschen, wie auch f\u00fcr die, die zu uns gekommen sind\" ge\u00e4ndert werden, damit Leistung sich lohne, sagte der Politiker im ZDF-. Deutschland gebe 47 Milliarden Euro f\u00fcr B\u00fcrgergeld aus. \"Ich glaube, jedem erschlie\u00dft sich, dass das nicht richtig sein kann. Diese Zahl muss runter.\"","robots":{"index":"noindex","follow":"follow","max-snippet":"max-snippet:-1","max-image-preview":"max-image-preview:large","max-video-preview":"max-video-preview:-1"},"og_locale":"de_DE","og_type":"article","og_title":"Kretschmer bef\u00fcrwortet \u00c4nderungen beim B\u00fcrgergeld f\u00fcr Ukrainer - vof-news.eu","og_description":"Vor dem Hintergrund der Debatte um das B\u00fcrgergeld, auch f\u00fcr ukrainische Gefl\u00fcchtete, hat sich Sachsens Ministerpr\u00e4sident Michael Kretschmer (CDU) f\u00fcr \u00c4nderungen ausgesprochen. Die Regeln m\u00fcssten f\u00fcr \"die eigenen Leute, f\u00fcr die Deutschen, wie auch f\u00fcr die, die zu uns gekommen sind\" ge\u00e4ndert werden, damit Leistung sich lohne, sagte der Politiker im ZDF-. Deutschland gebe 47 Milliarden Euro f\u00fcr B\u00fcrgergeld aus. \"Ich glaube, jedem erschlie\u00dft sich, dass das nicht richtig sein kann. Diese Zahl muss runter.\"","og_url":"https:\/\/vof-news.eu\/de\/kretschmer-befurwortet-anderungen-beim-burgergeld-fur-ukrainer\/","og_site_name":"vof-news.eu","article_published_time":"2025-08-04T08:28:10+00:00","article_modified_time":"2025-08-04T08:29:39+00:00","og_image":[{"width":1000,"height":562,"url":"https:\/\/vof-news.eu\/wp-content\/uploads\/2025\/08\/wide__1000x562-8.jpg","type":"image\/jpeg"}],"author":"Author","twitter_card":"summary_large_image","twitter_misc":{"Verfasst von":"Author","Gesch\u00e4tzte Lesezeit":"2\u00a0Minuten"},"schema":{"@context":"https:\/\/schema.org","@graph":[{"@type":"WebPage","@id":"https:\/\/vof-news.eu\/de\/kretschmer-befurwortet-anderungen-beim-burgergeld-fur-ukrainer\/","url":"https:\/\/vof-news.eu\/de\/kretschmer-befurwortet-anderungen-beim-burgergeld-fur-ukrainer\/","name":"Kretschmer bef\u00fcrwortet \u00c4nderungen beim B\u00fcrgergeld f\u00fcr Ukrainer - vof-news.eu","isPartOf":{"@id":"https:\/\/vof-news.eu\/de\/#website"},"primaryImageOfPage":{"@id":"https:\/\/vof-news.eu\/de\/kretschmer-befurwortet-anderungen-beim-burgergeld-fur-ukrainer\/#primaryimage"},"image":{"@id":"https:\/\/vof-news.eu\/de\/kretschmer-befurwortet-anderungen-beim-burgergeld-fur-ukrainer\/#primaryimage"},"thumbnailUrl":"https:\/\/vof-news.eu\/wp-content\/uploads\/2025\/08\/wide__1000x562-8.jpg","datePublished":"2025-08-04T08:28:10+00:00","dateModified":"2025-08-04T08:29:39+00:00","author":{"@id":"https:\/\/vof-news.eu\/de\/#\/schema\/person\/f6a2a4309f0561835797fd8c19b333ed"},"description":"Vor dem Hintergrund der Debatte um das B\u00fcrgergeld, auch f\u00fcr ukrainische Gefl\u00fcchtete, hat sich Sachsens Ministerpr\u00e4sident Michael Kretschmer (CDU) f\u00fcr \u00c4nderungen ausgesprochen. Die Regeln m\u00fcssten f\u00fcr \"die eigenen Leute, f\u00fcr die Deutschen, wie auch f\u00fcr die, die zu uns gekommen sind\" ge\u00e4ndert werden, damit Leistung sich lohne, sagte der Politiker im ZDF-. Deutschland gebe 47 Milliarden Euro f\u00fcr B\u00fcrgergeld aus. \"Ich glaube, jedem erschlie\u00dft sich, dass das nicht richtig sein kann. Diese Zahl muss runter.\"","breadcrumb":{"@id":"https:\/\/vof-news.eu\/de\/kretschmer-befurwortet-anderungen-beim-burgergeld-fur-ukrainer\/#breadcrumb"},"inLanguage":"de","potentialAction":[{"@type":"ReadAction","target":["https:\/\/vof-news.eu\/de\/kretschmer-befurwortet-anderungen-beim-burgergeld-fur-ukrainer\/"]}]},{"@type":"ImageObject","inLanguage":"de","@id":"https:\/\/vof-news.eu\/de\/kretschmer-befurwortet-anderungen-beim-burgergeld-fur-ukrainer\/#primaryimage","url":"https:\/\/vof-news.eu\/wp-content\/uploads\/2025\/08\/wide__1000x562-8.jpg","contentUrl":"https:\/\/vof-news.eu\/wp-content\/uploads\/2025\/08\/wide__1000x562-8.jpg","width":1000,"height":562},{"@type":"BreadcrumbList","@id":"https:\/\/vof-news.eu\/de\/kretschmer-befurwortet-anderungen-beim-burgergeld-fur-ukrainer\/#breadcrumb","itemListElement":[{"@type":"ListItem","position":1,"name":"Home","item":"https:\/\/vof-news.eu\/de\/"},{"@type":"ListItem","position":2,"name":"Kretschmer bef\u00fcrwortet \u00c4nderungen beim B\u00fcrgergeld f\u00fcr Ukrainer"}]},{"@type":"WebSite","@id":"https:\/\/vof-news.eu\/de\/#website","url":"https:\/\/vof-news.eu\/de\/","name":"vof-news.eu","description":"","potentialAction":[{"@type":"SearchAction","target":{"@type":"EntryPoint","urlTemplate":"https:\/\/vof-news.eu\/de\/?s={search_term_string}"},"query-input":"required name=search_term_string"}],"inLanguage":"de"},{"@type":"Person","@id":"https:\/\/vof-news.eu\/de\/#\/schema\/person\/f6a2a4309f0561835797fd8c19b333ed","name":"Author","image":{"@type":"ImageObject","inLanguage":"de","@id":"https:\/\/vof-news.eu\/de\/#\/schema\/person\/image\/","url":"https:\/\/secure.gravatar.com\/avatar\/b67e614b1b25b3e9c0c239efdd2fde5ab015b5affd6f1c3c85911ca4b384e790?s=96&d=mm&r=g","contentUrl":"https:\/\/secure.gravatar.com\/avatar\/b67e614b1b25b3e9c0c239efdd2fde5ab015b5affd6f1c3c85911ca4b384e790?s=96&d=mm&r=g","caption":"Author"},"sameAs":["http:\/\/vof-news.eu"],"url":"https:\/\/vof-news.eu\/de\/author\/zwt6qxnjulxbnyg\/"}]}},"yoast_meta":{"yoast_wpseo_title":"","yoast_wpseo_metadesc":"","yoast_wpseo_canonical":""},"_links":{"self":[{"href":"https:\/\/vof-news.eu\/de\/wp-json\/wp\/v2\/posts\/261729","targetHints":{"allow":["GET"]}}],"collection":[{"href":"https:\/\/vof-news.eu\/de\/wp-json\/wp\/v2\/posts"}],"about":[{"href":"https:\/\/vof-news.eu\/de\/wp-json\/wp\/v2\/types\/post"}],"author":[{"embeddable":true,"href":"https:\/\/vof-news.eu\/de\/wp-json\/wp\/v2\/users\/1"}],"replies":[{"embeddable":true,"href":"https:\/\/vof-news.eu\/de\/wp-json\/wp\/v2\/comments?post=261729"}],"version-history":[{"count":1,"href":"https:\/\/vof-news.eu\/de\/wp-json\/wp\/v2\/posts\/261729\/revisions"}],"predecessor-version":[{"id":261736,"href":"https:\/\/vof-news.eu\/de\/wp-json\/wp\/v2\/posts\/261729\/revisions\/261736"}],"wp:featuredmedia":[{"embeddable":true,"href":"https:\/\/vof-news.eu\/de\/wp-json\/wp\/v2\/media\/261730"}],"wp:attachment":[{"href":"https:\/\/vof-news.eu\/de\/wp-json\/wp\/v2\/media?parent=261729"}],"wp:term":[{"taxonomy":"category","embeddable":true,"href":"https:\/\/vof-news.eu\/de\/wp-json\/wp\/v2\/categories?post=261729"},{"taxonomy":"post_tag","embeddable":true,"href":"https:\/\/vof-news.eu\/de\/wp-json\/wp\/v2\/tags?post=261729"}],"curies":[{"name":"wp","href":"https:\/\/api.w.org\/{rel}","templated":true}]}}