{"id":261526,"date":"2025-08-03T17:28:13","date_gmt":"2025-08-03T14:28:13","guid":{"rendered":"https:\/\/vof-news.eu\/markus-soder-will-burgergeld-fur-ukrainische-gefluchtete-streichen\/"},"modified":"2025-08-03T17:29:51","modified_gmt":"2025-08-03T14:29:51","slug":"markus-soder-will-burgergeld-fur-ukrainische-gefluchtete-streichen","status":"publish","type":"post","link":"https:\/\/vof-news.eu\/de\/markus-soder-will-burgergeld-fur-ukrainische-gefluchtete-streichen\/","title":{"rendered":"Markus S\u00f6der will B\u00fcrgergeld f\u00fcr ukrainische Gefl\u00fcchtete streichen"},"content":{"rendered":"<div>\n<p>Anders als im Koalitionsvertrag vereinbart will CSU-Chef <span><a href=\"https:\/\/www.zeit.de\/thema\/markus-soeder\" rel=\"nofollow\">Markus S\u00f6der<\/a><\/span> <a href=\"https:\/\/www.zeit.de\/thema\/buergergeld\" rel=\"nofollow\">B\u00fcrgergeld-Zahlungen<\/a> f\u00fcr <a href=\"https:\/\/www.zeit.de\/thema\/krieg-in-ukraine\" rel=\"nofollow\">Menschen aus der Ukraine<\/a> vollst\u00e4ndig abschaffen. Das solle f\u00fcr alle Gefl\u00fcchteten gelten und &#8222;nicht nur f\u00fcr die, die in der Zukunft kommen&#8220;, sagte der bayerische Ministerpr\u00e4sident im Sommerinterview des ZDF.\n<\/p>\n<p>S\u00f6der wolle das in der Koalition durchsetzen, denn es gebe &#8222;kein Land der Welt&#8220;, das im Falle der Menschen aus der <span><a href=\"https:\/\/www.zeit.de\/politik\/ausland\/ukraine-krieg-russland-newsblog-live\" rel=\"nofollow\">Ukraine<\/a><\/span> so verfahre wie Deutschland beim B\u00fcrgergeld. Dies sei ein Grund, warum hierzulande &#8222;so wenige Menschen aus der Ukraine in Arbeit&#8220; seien, obwohl sie eine gute Ausbildung h\u00e4tten.\n<\/p>\n<h2>\u00d6konom kritisiert Debatte als Populismus<\/h2>\n<p>Im Koalitionsvertrag haben Union und SPD vereinbart, dass ab 1. April 2025 eingereiste <span><a href=\"https:\/\/www.zeit.de\/thema\/fluechtling\" rel=\"nofollow\">Gefl\u00fcchtete<\/a><\/span> aus der Ukraine wie andere Fl\u00fcchtlinge auch nur noch Asylbewerberleistungen erhalten sollen.\u00a0Doch <a href=\"https:\/\/www.zeit.de\/wirtschaft\/2024-06\/gefluechtete-ukraine-buergergeld-leistungen-asylbewerber\" rel=\"nofollow\">r<\/a><a href=\"https:\/\/www.zeit.de\/wirtschaft\/2024-06\/gefluechtete-ukraine-buergergeld-leistungen-asylbewerber\" rel=\"nofollow\">echtlich ist das schwierig<\/a>, zudem k\u00f6nnte der Zusatzaufwand die Verwaltung \u00fcberfordern.\n<\/p>\n<p>&#8222;Wir wollen es so regeln, dass den Jobcentern m\u00f6glichst wenig Aufwand entsteht&#8220;, sagte Bundesarbeitsministerin B\u00e4rbel Bas (SPD) im Juni. Die Umsetzung steht bisher aus. Bislang erhalten auch neu einreisende Ukrainerinnen und Ukrainer <span><a href=\"https:\/\/www.zeit.de\/thema\/buergergeld\" rel=\"nofollow\">B\u00fcrgergeld<\/a><\/span>. Derzeit leben rund 1,1 Millionen Menschen aus der Ukraine in Deutschland, ein Drittel davon sind Kinder.\n<\/p>\n<p>Der \u00d6konom Marcel Fratzscher h\u00e4lt die Debatte \u00fcber die <a href=\"https:\/\/www.zeit.de\/wirtschaft\/2024-06\/buergergeld-debatte-ukrainische-gefluechtete-innenministerkonferenz\" rel=\"nofollow\">Streichung des B\u00fcrgergelds f\u00fcr Gefl\u00fcchtete f\u00fcr Populismus<\/a>. Kurzfristig k\u00f6nnte man rund eine Milliarde Euro pro Jahr sparen, das blende jedoch die langfristigen Folgekosten aus. Studien zeigen, dass sich Sozialhilfeleistungen\u00a0<a href=\"https:\/\/www.zeit.de\/gesellschaft\/2024-07\/ukraine-fluechtlinge-deutschland-arbeit-beschaeftigung-buergergeld-studie\" rel=\"nofollow\">kaum auf die Besch\u00e4ftigungsquote ukrainischer Gefl\u00fcchteter auswirken<\/a>.\n<\/p>\n<\/div>\n","protected":false},"excerpt":{"rendered":"<p>Anders als im Koalitionsvertrag vereinbart will CSU-Chef Markus S\u00f6der B\u00fcrgergeld-Zahlungen f\u00fcr Menschen aus der Ukraine vollst\u00e4ndig abschaffen. Das solle f\u00fcr alle Gefl\u00fcchteten gelten und &#8222;nicht nur f\u00fcr die, die in der Zukunft kommen&#8220;, sagte der bayerische Ministerpr\u00e4sident im Sommerinterview des ZDF. S\u00f6der wolle das in der Koalition durchsetzen, denn es gebe &#8222;kein Land der Welt&#8220;,<\/p>\n","protected":false},"author":1,"featured_media":261527,"comment_status":"open","ping_status":"open","sticky":false,"template":"","format":"standard","meta":{"footnotes":""},"categories":[116],"tags":[],"class_list":["post-261526","post","type-post","status-publish","format-standard","has-post-thumbnail","hentry","category-war-chronicles-de"],"acf":[],"yoast_head":"<!-- This site is optimized with the Yoast SEO plugin v22.9 - https:\/\/yoast.com\/wordpress\/plugins\/seo\/ -->\n<title>Markus S\u00f6der will B\u00fcrgergeld f\u00fcr ukrainische Gefl\u00fcchtete streichen - vof-news.eu<\/title>\n<meta name=\"description\" content=\"Anders als im Koalitionsvertrag vereinbart will CSU-Chef Markus S\u00f6der B\u00fcrgergeld-Zahlungen f\u00fcr Menschen aus der Ukraine vollst\u00e4ndig abschaffen. Das solle f\u00fcr alle Gefl\u00fcchteten gelten und &quot;nicht nur f\u00fcr die, die in der Zukunft kommen&quot;, sagte der bayerische Ministerpr\u00e4sident im Sommerinterview des ZDF.\" \/>\n<meta name=\"robots\" content=\"noindex, follow, max-snippet:-1, max-image-preview:large, max-video-preview:-1\" \/>\n<meta property=\"og:locale\" content=\"de_DE\" \/>\n<meta property=\"og:type\" content=\"article\" \/>\n<meta property=\"og:title\" content=\"Markus S\u00f6der will B\u00fcrgergeld f\u00fcr ukrainische Gefl\u00fcchtete streichen - vof-news.eu\" \/>\n<meta property=\"og:description\" content=\"Anders als im Koalitionsvertrag vereinbart will CSU-Chef Markus S\u00f6der B\u00fcrgergeld-Zahlungen f\u00fcr Menschen aus der Ukraine vollst\u00e4ndig abschaffen. Das solle f\u00fcr alle Gefl\u00fcchteten gelten und &quot;nicht nur f\u00fcr die, die in der Zukunft kommen&quot;, sagte der bayerische Ministerpr\u00e4sident im Sommerinterview des ZDF.\" \/>\n<meta property=\"og:url\" content=\"https:\/\/vof-news.eu\/de\/markus-soder-will-burgergeld-fur-ukrainische-gefluchtete-streichen\/\" \/>\n<meta property=\"og:site_name\" content=\"vof-news.eu\" \/>\n<meta property=\"article:published_time\" content=\"2025-08-03T14:28:13+00:00\" \/>\n<meta property=\"article:modified_time\" content=\"2025-08-03T14:29:51+00:00\" \/>\n<meta property=\"og:image\" content=\"https:\/\/vof-news.eu\/wp-content\/uploads\/2025\/08\/wide__1000x562-7.jpg\" \/>\n\t<meta property=\"og:image:width\" content=\"1000\" \/>\n\t<meta property=\"og:image:height\" content=\"562\" \/>\n\t<meta property=\"og:image:type\" content=\"image\/jpeg\" \/>\n<meta name=\"author\" content=\"Author\" \/>\n<meta name=\"twitter:card\" content=\"summary_large_image\" \/>\n<meta name=\"twitter:label1\" content=\"Verfasst von\" \/>\n\t<meta name=\"twitter:data1\" content=\"Author\" \/>\n\t<meta name=\"twitter:label2\" content=\"Gesch\u00e4tzte Lesezeit\" \/>\n\t<meta name=\"twitter:data2\" content=\"1\u00a0Minute\" \/>\n<script type=\"application\/ld+json\" class=\"yoast-schema-graph\">{\"@context\":\"https:\/\/schema.org\",\"@graph\":[{\"@type\":\"WebPage\",\"@id\":\"https:\/\/vof-news.eu\/de\/markus-soder-will-burgergeld-fur-ukrainische-gefluchtete-streichen\/\",\"url\":\"https:\/\/vof-news.eu\/de\/markus-soder-will-burgergeld-fur-ukrainische-gefluchtete-streichen\/\",\"name\":\"Markus S\u00f6der will B\u00fcrgergeld f\u00fcr ukrainische Gefl\u00fcchtete streichen - vof-news.eu\",\"isPartOf\":{\"@id\":\"https:\/\/vof-news.eu\/de\/#website\"},\"primaryImageOfPage\":{\"@id\":\"https:\/\/vof-news.eu\/de\/markus-soder-will-burgergeld-fur-ukrainische-gefluchtete-streichen\/#primaryimage\"},\"image\":{\"@id\":\"https:\/\/vof-news.eu\/de\/markus-soder-will-burgergeld-fur-ukrainische-gefluchtete-streichen\/#primaryimage\"},\"thumbnailUrl\":\"https:\/\/vof-news.eu\/wp-content\/uploads\/2025\/08\/wide__1000x562-7.jpg\",\"datePublished\":\"2025-08-03T14:28:13+00:00\",\"dateModified\":\"2025-08-03T14:29:51+00:00\",\"author\":{\"@id\":\"https:\/\/vof-news.eu\/de\/#\/schema\/person\/f6a2a4309f0561835797fd8c19b333ed\"},\"description\":\"Anders als im Koalitionsvertrag vereinbart will CSU-Chef Markus S\u00f6der B\u00fcrgergeld-Zahlungen f\u00fcr Menschen aus der Ukraine vollst\u00e4ndig abschaffen. Das solle f\u00fcr alle Gefl\u00fcchteten gelten und \\\"nicht nur f\u00fcr die, die in der Zukunft kommen\\\", sagte der bayerische Ministerpr\u00e4sident im Sommerinterview des ZDF.\",\"breadcrumb\":{\"@id\":\"https:\/\/vof-news.eu\/de\/markus-soder-will-burgergeld-fur-ukrainische-gefluchtete-streichen\/#breadcrumb\"},\"inLanguage\":\"de\",\"potentialAction\":[{\"@type\":\"ReadAction\",\"target\":[\"https:\/\/vof-news.eu\/de\/markus-soder-will-burgergeld-fur-ukrainische-gefluchtete-streichen\/\"]}]},{\"@type\":\"ImageObject\",\"inLanguage\":\"de\",\"@id\":\"https:\/\/vof-news.eu\/de\/markus-soder-will-burgergeld-fur-ukrainische-gefluchtete-streichen\/#primaryimage\",\"url\":\"https:\/\/vof-news.eu\/wp-content\/uploads\/2025\/08\/wide__1000x562-7.jpg\",\"contentUrl\":\"https:\/\/vof-news.eu\/wp-content\/uploads\/2025\/08\/wide__1000x562-7.jpg\",\"width\":1000,\"height\":562},{\"@type\":\"BreadcrumbList\",\"@id\":\"https:\/\/vof-news.eu\/de\/markus-soder-will-burgergeld-fur-ukrainische-gefluchtete-streichen\/#breadcrumb\",\"itemListElement\":[{\"@type\":\"ListItem\",\"position\":1,\"name\":\"Home\",\"item\":\"https:\/\/vof-news.eu\/de\/\"},{\"@type\":\"ListItem\",\"position\":2,\"name\":\"Markus S\u00f6der will B\u00fcrgergeld f\u00fcr ukrainische Gefl\u00fcchtete streichen\"}]},{\"@type\":\"WebSite\",\"@id\":\"https:\/\/vof-news.eu\/de\/#website\",\"url\":\"https:\/\/vof-news.eu\/de\/\",\"name\":\"vof-news.eu\",\"description\":\"\",\"potentialAction\":[{\"@type\":\"SearchAction\",\"target\":{\"@type\":\"EntryPoint\",\"urlTemplate\":\"https:\/\/vof-news.eu\/de\/?s={search_term_string}\"},\"query-input\":\"required name=search_term_string\"}],\"inLanguage\":\"de\"},{\"@type\":\"Person\",\"@id\":\"https:\/\/vof-news.eu\/de\/#\/schema\/person\/f6a2a4309f0561835797fd8c19b333ed\",\"name\":\"Author\",\"image\":{\"@type\":\"ImageObject\",\"inLanguage\":\"de\",\"@id\":\"https:\/\/vof-news.eu\/de\/#\/schema\/person\/image\/\",\"url\":\"https:\/\/secure.gravatar.com\/avatar\/b67e614b1b25b3e9c0c239efdd2fde5ab015b5affd6f1c3c85911ca4b384e790?s=96&d=mm&r=g\",\"contentUrl\":\"https:\/\/secure.gravatar.com\/avatar\/b67e614b1b25b3e9c0c239efdd2fde5ab015b5affd6f1c3c85911ca4b384e790?s=96&d=mm&r=g\",\"caption\":\"Author\"},\"sameAs\":[\"http:\/\/vof-news.eu\"],\"url\":\"https:\/\/vof-news.eu\/de\/author\/zwt6qxnjulxbnyg\/\"}]}<\/script>\n<!-- \/ Yoast SEO plugin. -->","yoast_head_json":{"title":"Markus S\u00f6der will B\u00fcrgergeld f\u00fcr ukrainische Gefl\u00fcchtete streichen - vof-news.eu","description":"Anders als im Koalitionsvertrag vereinbart will CSU-Chef Markus S\u00f6der B\u00fcrgergeld-Zahlungen f\u00fcr Menschen aus der Ukraine vollst\u00e4ndig abschaffen. Das solle f\u00fcr alle Gefl\u00fcchteten gelten und \"nicht nur f\u00fcr die, die in der Zukunft kommen\", sagte der bayerische Ministerpr\u00e4sident im Sommerinterview des ZDF.","robots":{"index":"noindex","follow":"follow","max-snippet":"max-snippet:-1","max-image-preview":"max-image-preview:large","max-video-preview":"max-video-preview:-1"},"og_locale":"de_DE","og_type":"article","og_title":"Markus S\u00f6der will B\u00fcrgergeld f\u00fcr ukrainische Gefl\u00fcchtete streichen - vof-news.eu","og_description":"Anders als im Koalitionsvertrag vereinbart will CSU-Chef Markus S\u00f6der B\u00fcrgergeld-Zahlungen f\u00fcr Menschen aus der Ukraine vollst\u00e4ndig abschaffen. Das solle f\u00fcr alle Gefl\u00fcchteten gelten und \"nicht nur f\u00fcr die, die in der Zukunft kommen\", sagte der bayerische Ministerpr\u00e4sident im Sommerinterview des ZDF.","og_url":"https:\/\/vof-news.eu\/de\/markus-soder-will-burgergeld-fur-ukrainische-gefluchtete-streichen\/","og_site_name":"vof-news.eu","article_published_time":"2025-08-03T14:28:13+00:00","article_modified_time":"2025-08-03T14:29:51+00:00","og_image":[{"width":1000,"height":562,"url":"https:\/\/vof-news.eu\/wp-content\/uploads\/2025\/08\/wide__1000x562-7.jpg","type":"image\/jpeg"}],"author":"Author","twitter_card":"summary_large_image","twitter_misc":{"Verfasst von":"Author","Gesch\u00e4tzte Lesezeit":"1\u00a0Minute"},"schema":{"@context":"https:\/\/schema.org","@graph":[{"@type":"WebPage","@id":"https:\/\/vof-news.eu\/de\/markus-soder-will-burgergeld-fur-ukrainische-gefluchtete-streichen\/","url":"https:\/\/vof-news.eu\/de\/markus-soder-will-burgergeld-fur-ukrainische-gefluchtete-streichen\/","name":"Markus S\u00f6der will B\u00fcrgergeld f\u00fcr ukrainische Gefl\u00fcchtete streichen - vof-news.eu","isPartOf":{"@id":"https:\/\/vof-news.eu\/de\/#website"},"primaryImageOfPage":{"@id":"https:\/\/vof-news.eu\/de\/markus-soder-will-burgergeld-fur-ukrainische-gefluchtete-streichen\/#primaryimage"},"image":{"@id":"https:\/\/vof-news.eu\/de\/markus-soder-will-burgergeld-fur-ukrainische-gefluchtete-streichen\/#primaryimage"},"thumbnailUrl":"https:\/\/vof-news.eu\/wp-content\/uploads\/2025\/08\/wide__1000x562-7.jpg","datePublished":"2025-08-03T14:28:13+00:00","dateModified":"2025-08-03T14:29:51+00:00","author":{"@id":"https:\/\/vof-news.eu\/de\/#\/schema\/person\/f6a2a4309f0561835797fd8c19b333ed"},"description":"Anders als im Koalitionsvertrag vereinbart will CSU-Chef Markus S\u00f6der B\u00fcrgergeld-Zahlungen f\u00fcr Menschen aus der Ukraine vollst\u00e4ndig abschaffen. Das solle f\u00fcr alle Gefl\u00fcchteten gelten und \"nicht nur f\u00fcr die, die in der Zukunft kommen\", sagte der bayerische Ministerpr\u00e4sident im Sommerinterview des ZDF.","breadcrumb":{"@id":"https:\/\/vof-news.eu\/de\/markus-soder-will-burgergeld-fur-ukrainische-gefluchtete-streichen\/#breadcrumb"},"inLanguage":"de","potentialAction":[{"@type":"ReadAction","target":["https:\/\/vof-news.eu\/de\/markus-soder-will-burgergeld-fur-ukrainische-gefluchtete-streichen\/"]}]},{"@type":"ImageObject","inLanguage":"de","@id":"https:\/\/vof-news.eu\/de\/markus-soder-will-burgergeld-fur-ukrainische-gefluchtete-streichen\/#primaryimage","url":"https:\/\/vof-news.eu\/wp-content\/uploads\/2025\/08\/wide__1000x562-7.jpg","contentUrl":"https:\/\/vof-news.eu\/wp-content\/uploads\/2025\/08\/wide__1000x562-7.jpg","width":1000,"height":562},{"@type":"BreadcrumbList","@id":"https:\/\/vof-news.eu\/de\/markus-soder-will-burgergeld-fur-ukrainische-gefluchtete-streichen\/#breadcrumb","itemListElement":[{"@type":"ListItem","position":1,"name":"Home","item":"https:\/\/vof-news.eu\/de\/"},{"@type":"ListItem","position":2,"name":"Markus S\u00f6der will B\u00fcrgergeld f\u00fcr ukrainische Gefl\u00fcchtete streichen"}]},{"@type":"WebSite","@id":"https:\/\/vof-news.eu\/de\/#website","url":"https:\/\/vof-news.eu\/de\/","name":"vof-news.eu","description":"","potentialAction":[{"@type":"SearchAction","target":{"@type":"EntryPoint","urlTemplate":"https:\/\/vof-news.eu\/de\/?s={search_term_string}"},"query-input":"required name=search_term_string"}],"inLanguage":"de"},{"@type":"Person","@id":"https:\/\/vof-news.eu\/de\/#\/schema\/person\/f6a2a4309f0561835797fd8c19b333ed","name":"Author","image":{"@type":"ImageObject","inLanguage":"de","@id":"https:\/\/vof-news.eu\/de\/#\/schema\/person\/image\/","url":"https:\/\/secure.gravatar.com\/avatar\/b67e614b1b25b3e9c0c239efdd2fde5ab015b5affd6f1c3c85911ca4b384e790?s=96&d=mm&r=g","contentUrl":"https:\/\/secure.gravatar.com\/avatar\/b67e614b1b25b3e9c0c239efdd2fde5ab015b5affd6f1c3c85911ca4b384e790?s=96&d=mm&r=g","caption":"Author"},"sameAs":["http:\/\/vof-news.eu"],"url":"https:\/\/vof-news.eu\/de\/author\/zwt6qxnjulxbnyg\/"}]}},"yoast_meta":{"yoast_wpseo_title":"","yoast_wpseo_metadesc":"","yoast_wpseo_canonical":""},"_links":{"self":[{"href":"https:\/\/vof-news.eu\/de\/wp-json\/wp\/v2\/posts\/261526","targetHints":{"allow":["GET"]}}],"collection":[{"href":"https:\/\/vof-news.eu\/de\/wp-json\/wp\/v2\/posts"}],"about":[{"href":"https:\/\/vof-news.eu\/de\/wp-json\/wp\/v2\/types\/post"}],"author":[{"embeddable":true,"href":"https:\/\/vof-news.eu\/de\/wp-json\/wp\/v2\/users\/1"}],"replies":[{"embeddable":true,"href":"https:\/\/vof-news.eu\/de\/wp-json\/wp\/v2\/comments?post=261526"}],"version-history":[{"count":1,"href":"https:\/\/vof-news.eu\/de\/wp-json\/wp\/v2\/posts\/261526\/revisions"}],"predecessor-version":[{"id":261533,"href":"https:\/\/vof-news.eu\/de\/wp-json\/wp\/v2\/posts\/261526\/revisions\/261533"}],"wp:featuredmedia":[{"embeddable":true,"href":"https:\/\/vof-news.eu\/de\/wp-json\/wp\/v2\/media\/261527"}],"wp:attachment":[{"href":"https:\/\/vof-news.eu\/de\/wp-json\/wp\/v2\/media?parent=261526"}],"wp:term":[{"taxonomy":"category","embeddable":true,"href":"https:\/\/vof-news.eu\/de\/wp-json\/wp\/v2\/categories?post=261526"},{"taxonomy":"post_tag","embeddable":true,"href":"https:\/\/vof-news.eu\/de\/wp-json\/wp\/v2\/tags?post=261526"}],"curies":[{"name":"wp","href":"https:\/\/api.w.org\/{rel}","templated":true}]}}