{"id":261462,"date":"2025-08-03T11:26:49","date_gmt":"2025-08-03T08:26:49","guid":{"rendered":"https:\/\/vof-news.eu\/tatergruppen-fahren-gezielt-durch-innenstadte-einzelhandel-klagt-uber-bandenkriminalitat\/"},"modified":"2025-08-03T11:27:14","modified_gmt":"2025-08-03T08:27:14","slug":"tatergruppen-fahren-gezielt-durch-innenstadte-einzelhandel-klagt-uber-bandenkriminalitat","status":"publish","type":"post","link":"https:\/\/vof-news.eu\/de\/tatergruppen-fahren-gezielt-durch-innenstadte-einzelhandel-klagt-uber-bandenkriminalitat\/","title":{"rendered":"\u201eT\u00e4tergruppen fahren gezielt durch Innenst\u00e4dte\u201c \u2013 Einzelhandel klagt \u00fcber Bandenkriminalit\u00e4t"},"content":{"rendered":"<p>Der Einzelhandel in Deutschland klagt \u00fcber deutlich mehr Ladendiebst\u00e4hle und eine zu laxe Strafverfolgung der T\u00e4ter. \u201eDer Schaden durch Ladendiebstahl lag 2024 bei drei Milliarden Euro \u2013 20 Prozent mehr als 2022\u201c, sagte Stefan Genth, Hauptgesch\u00e4ftsf\u00fchrer des Handelsverbands Deutschland (HDE), dem <a class=\"is-link c-block-items__link c-link--rich-text-renderer\" data-internal-tracking='{\"action\":\"click\",\"label\":\"link\",\"name\":\"Inline Element\",\"data\":{\"source\":\"\",\"target\":\"https:\/\/www.t-online.de\/finanzen\/aktuelles\/wirtschaft\/id_100848510\/einzelhandel-in-der-krise-in-vielen-innenstaedten-sieht-es-duester-aus-.html\",\"trackingName\":\"\",\"trackingLabel\":\"\"}}' data-internal-tracking-enabled=\"true\" href=\"https:\/\/www.t-online.de\/finanzen\/aktuelles\/wirtschaft\/id_100848510\/einzelhandel-in-der-krise-in-vielen-innenstaedten-sieht-es-duester-aus-.html\">Nachrichtenportal t-online.<\/a><\/p>\n<p>Zum einen gebe es <a class=\"is-link c-block-items__link c-link--rich-text-renderer\" data-internal-tracking='{\"action\":\"click\",\"label\":\"link\",\"name\":\"Inline Element\",\"data\":{\"source\":\"\",\"target\":\"https:\/\/www.welt.de\/politik\/deutschland\/plus687f45dce3080c1c1f383134\/Jeder-gegen-Jeden-Die-neue-Unuebersichtlichkeit-in-der-Organisierten-Kriminalitaet.html\",\"trackingName\":\"\",\"trackingLabel\":\"\"}}' data-internal-tracking-enabled=\"true\" href=\"https:\/\/www.welt.de\/politik\/deutschland\/plus687f45dce3080c1c1f383134\/Jeder-gegen-Jeden-Die-neue-Unuebersichtlichkeit-in-der-Organisierten-Kriminalitaet.html\">hochprofessionelle Bandenkriminalit\u00e4t. <\/a>\u201eT\u00e4tergruppen fahren gezielt durch Innenst\u00e4dte, stehlen hochwertige Ware \u2013 Parf\u00fcm, Schuhe, Elektronik \u2013 und verkaufen sie auf dem Graumarkt\u201c, sagte Genth. Zum anderen gebe es mehr aggressive Einzelt\u00e4ter, die Mitarbeiter angriffen, wenn sie erwischt werden.<\/p>\n<p>Bei der Strafverfolgung sieht Genth Defizite. \u201eH\u00e4ndler erstatten Anzeige, und die Staatsanwaltschaften stellen anschlie\u00dfend aus Effizienzgr\u00fcnden ein. In der Konsequenz melden viele H\u00e4ndler frustriert viele Ladendiebst\u00e4hle nicht mehr bei der Polizei\u201c, so Genth weiter. \u201eDeshalb ist die Dunkelziffer extrem hoch: 98 Prozent der Diebst\u00e4hle werden nicht angezeigt.\u201c<\/p>\n<p>Genth forderte gesetzliche \u00c4nderungen, Investitionen in Sicherheit und eine bessere Ausstattung der Justiz. \u201eIch f\u00fcrchte Zust\u00e4nde wie in den USA, wo fast alles <a class=\"is-link c-block-items__link c-link--rich-text-renderer\" data-internal-tracking='{\"action\":\"click\",\"label\":\"link\",\"name\":\"Inline Element\",\"data\":{\"source\":\"\",\"target\":\"https:\/\/www.welt.de\/regionales\/sachsen\/article688b5cca97501d2cebe05caa\/Handelsverband-Kaffee-wird-zunehmend-weggesperrt.html\",\"trackingName\":\"\",\"trackingLabel\":\"\"}}' data-internal-tracking-enabled=\"true\" href=\"https:\/\/www.welt.de\/regionales\/sachsen\/article688b5cca97501d2cebe05caa\/Handelsverband-Kaffee-wird-zunehmend-weggesperrt.html\">hinter Glas liegt.<\/a> Das ist ein Ausdruck von Misstrauen gegen\u00fcber allen Kunden \u2013 obwohl \u00fcber 90 Prozent ehrlich sind.\u201c Der Staat m\u00fcsse deshalb die Strafverfolgungsbeh\u00f6rden besser ausstatten.<\/p>\n<p>Einen direkten Zusammenhang zwischen den neuen Self-Scanning-Kassen und Diebstahl wies er zur\u00fcck. \u201eDiesen Zusammenhang k\u00f6nnen wir nicht best\u00e4tigen.\u201c<\/p>\n","protected":false},"excerpt":{"rendered":"<p>Der Einzelhandel in Deutschland klagt \u00fcber deutlich mehr Ladendiebst\u00e4hle und eine zu laxe Strafverfolgung der T\u00e4ter. \u201eDer Schaden durch Ladendiebstahl lag 2024 bei drei Milliarden Euro \u2013 20 Prozent mehr als 2022\u201c, sagte Stefan Genth, Hauptgesch\u00e4ftsf\u00fchrer des Handelsverbands Deutschland (HDE), dem Nachrichtenportal t-online. Zum einen gebe es hochprofessionelle Bandenkriminalit\u00e4t. \u201eT\u00e4tergruppen fahren gezielt durch Innenst\u00e4dte, stehlen<\/p>\n","protected":false},"author":1,"featured_media":261463,"comment_status":"open","ping_status":"open","sticky":false,"template":"","format":"standard","meta":{"footnotes":""},"categories":[59],"tags":[],"class_list":["post-261462","post","type-post","status-publish","format-standard","has-post-thumbnail","hentry","category-business-de"],"acf":[],"yoast_head":"<!-- This site is optimized with the Yoast SEO plugin v22.9 - https:\/\/yoast.com\/wordpress\/plugins\/seo\/ -->\n<title>\u201eT\u00e4tergruppen fahren gezielt durch Innenst\u00e4dte\u201c \u2013 Einzelhandel klagt \u00fcber Bandenkriminalit\u00e4t - vof-news.eu<\/title>\n<meta name=\"description\" content=\"Der Einzelhandel in Deutschland klagt \u00fcber deutlich mehr Ladendiebst\u00e4hle und eine zu laxe Strafverfolgung der T\u00e4ter. \u201eDer Schaden durch Ladendiebstahl lag 2024 bei drei Milliarden Euro \u2013 20 Prozent mehr als 2022\u201c, sagte Stefan Genth, Hauptgesch\u00e4ftsf\u00fchrer des Handelsverbands Deutschland (HDE), dem Nachrichtenportal t-online.Zum einen gebe es hochprofessionelle Bandenkriminalit\u00e4t. \u201eT\u00e4tergruppen fahren gezielt durch Innenst\u00e4dte, stehlen hochwertige Ware \u2013 Parf\u00fcm, Schuhe, Elektronik \u2013 und verkaufen sie auf dem Graumarkt\u201c, sagte Genth. Zum anderen gebe es mehr aggressive Einzelt\u00e4ter, die Mitarbeiter angriffen, wenn sie erwischt werden.Bei der Strafverfolgung sieht Genth Defizite. \u201eH\u00e4ndler erstatten Anzeige, und die Staatsanwaltschaften stellen anschlie\u00dfend aus Effizienzgr\u00fcnden ein. In der Konsequenz melden viele H\u00e4ndler frustriert viele Ladendiebst\u00e4hle nicht mehr bei der Polizei\u201c, so Genth weiter. \u201eDeshalb ist die Dunkelziffer extrem hoch: 98 Prozent der Diebst\u00e4hle werden nicht angezeigt.\u201cGenth forderte gesetzliche \u00c4nderungen, Investitionen in Sicherheit und eine bessere Ausstattung der Justiz. \u201eIch f\u00fcrchte Zust\u00e4nde wie in den USA, wo fast alles hinter Glas liegt. Das ist ein Ausdruck von Misstrauen gegen\u00fcber allen Kunden \u2013 obwohl \u00fcber 90 Prozent ehrlich sind.\u201c Der Staat m\u00fcsse deshalb die Strafverfolgungsbeh\u00f6rden besser ausstatten.Einen direkten Zusammenhang zwischen den neuen Self-Scanning-Kassen und Diebstahl wies er zur\u00fcck. \u201eDiesen Zusammenhang k\u00f6nnen wir nicht best\u00e4tigen.\u201c\" \/>\n<meta name=\"robots\" content=\"noindex, follow, max-snippet:-1, max-image-preview:large, max-video-preview:-1\" \/>\n<meta property=\"og:locale\" content=\"de_DE\" \/>\n<meta property=\"og:type\" content=\"article\" \/>\n<meta property=\"og:title\" content=\"\u201eT\u00e4tergruppen fahren gezielt durch Innenst\u00e4dte\u201c \u2013 Einzelhandel klagt \u00fcber Bandenkriminalit\u00e4t - vof-news.eu\" \/>\n<meta property=\"og:description\" content=\"Der Einzelhandel in Deutschland klagt \u00fcber deutlich mehr Ladendiebst\u00e4hle und eine zu laxe Strafverfolgung der T\u00e4ter. \u201eDer Schaden durch Ladendiebstahl lag 2024 bei drei Milliarden Euro \u2013 20 Prozent mehr als 2022\u201c, sagte Stefan Genth, Hauptgesch\u00e4ftsf\u00fchrer des Handelsverbands Deutschland (HDE), dem Nachrichtenportal t-online.Zum einen gebe es hochprofessionelle Bandenkriminalit\u00e4t. \u201eT\u00e4tergruppen fahren gezielt durch Innenst\u00e4dte, stehlen hochwertige Ware \u2013 Parf\u00fcm, Schuhe, Elektronik \u2013 und verkaufen sie auf dem Graumarkt\u201c, sagte Genth. Zum anderen gebe es mehr aggressive Einzelt\u00e4ter, die Mitarbeiter angriffen, wenn sie erwischt werden.Bei der Strafverfolgung sieht Genth Defizite. \u201eH\u00e4ndler erstatten Anzeige, und die Staatsanwaltschaften stellen anschlie\u00dfend aus Effizienzgr\u00fcnden ein. In der Konsequenz melden viele H\u00e4ndler frustriert viele Ladendiebst\u00e4hle nicht mehr bei der Polizei\u201c, so Genth weiter. \u201eDeshalb ist die Dunkelziffer extrem hoch: 98 Prozent der Diebst\u00e4hle werden nicht angezeigt.\u201cGenth forderte gesetzliche \u00c4nderungen, Investitionen in Sicherheit und eine bessere Ausstattung der Justiz. \u201eIch f\u00fcrchte Zust\u00e4nde wie in den USA, wo fast alles hinter Glas liegt. Das ist ein Ausdruck von Misstrauen gegen\u00fcber allen Kunden \u2013 obwohl \u00fcber 90 Prozent ehrlich sind.\u201c Der Staat m\u00fcsse deshalb die Strafverfolgungsbeh\u00f6rden besser ausstatten.Einen direkten Zusammenhang zwischen den neuen Self-Scanning-Kassen und Diebstahl wies er zur\u00fcck. \u201eDiesen Zusammenhang k\u00f6nnen wir nicht best\u00e4tigen.\u201c\" \/>\n<meta property=\"og:url\" content=\"https:\/\/vof-news.eu\/de\/tatergruppen-fahren-gezielt-durch-innenstadte-einzelhandel-klagt-uber-bandenkriminalitat\/\" \/>\n<meta property=\"og:site_name\" content=\"vof-news.eu\" \/>\n<meta property=\"article:published_time\" content=\"2025-08-03T08:26:49+00:00\" \/>\n<meta property=\"article:modified_time\" content=\"2025-08-03T08:27:14+00:00\" \/>\n<meta property=\"og:image\" content=\"https:\/\/vof-news.eu\/wp-content\/uploads\/2025\/08\/deutschland-baden-wuerttemberg-ulm.webp\" \/>\n\t<meta property=\"og:image:width\" content=\"1200\" \/>\n\t<meta property=\"og:image:height\" content=\"574\" \/>\n\t<meta property=\"og:image:type\" content=\"image\/webp\" \/>\n<meta name=\"author\" content=\"Author\" \/>\n<meta name=\"twitter:card\" content=\"summary_large_image\" \/>\n<meta name=\"twitter:label1\" content=\"Verfasst von\" \/>\n\t<meta name=\"twitter:data1\" content=\"Author\" \/>\n\t<meta name=\"twitter:label2\" content=\"Gesch\u00e4tzte Lesezeit\" \/>\n\t<meta name=\"twitter:data2\" content=\"1\u00a0Minute\" \/>\n<script type=\"application\/ld+json\" class=\"yoast-schema-graph\">{\"@context\":\"https:\/\/schema.org\",\"@graph\":[{\"@type\":\"WebPage\",\"@id\":\"https:\/\/vof-news.eu\/de\/tatergruppen-fahren-gezielt-durch-innenstadte-einzelhandel-klagt-uber-bandenkriminalitat\/\",\"url\":\"https:\/\/vof-news.eu\/de\/tatergruppen-fahren-gezielt-durch-innenstadte-einzelhandel-klagt-uber-bandenkriminalitat\/\",\"name\":\"\u201eT\u00e4tergruppen fahren gezielt durch Innenst\u00e4dte\u201c \u2013 Einzelhandel klagt \u00fcber Bandenkriminalit\u00e4t - vof-news.eu\",\"isPartOf\":{\"@id\":\"https:\/\/vof-news.eu\/de\/#website\"},\"primaryImageOfPage\":{\"@id\":\"https:\/\/vof-news.eu\/de\/tatergruppen-fahren-gezielt-durch-innenstadte-einzelhandel-klagt-uber-bandenkriminalitat\/#primaryimage\"},\"image\":{\"@id\":\"https:\/\/vof-news.eu\/de\/tatergruppen-fahren-gezielt-durch-innenstadte-einzelhandel-klagt-uber-bandenkriminalitat\/#primaryimage\"},\"thumbnailUrl\":\"https:\/\/vof-news.eu\/wp-content\/uploads\/2025\/08\/deutschland-baden-wuerttemberg-ulm.webp\",\"datePublished\":\"2025-08-03T08:26:49+00:00\",\"dateModified\":\"2025-08-03T08:27:14+00:00\",\"author\":{\"@id\":\"https:\/\/vof-news.eu\/de\/#\/schema\/person\/f6a2a4309f0561835797fd8c19b333ed\"},\"description\":\"Der Einzelhandel in Deutschland klagt \u00fcber deutlich mehr Ladendiebst\u00e4hle und eine zu laxe Strafverfolgung der T\u00e4ter. \u201eDer Schaden durch Ladendiebstahl lag 2024 bei drei Milliarden Euro \u2013 20 Prozent mehr als 2022\u201c, sagte Stefan Genth, Hauptgesch\u00e4ftsf\u00fchrer des Handelsverbands Deutschland (HDE), dem Nachrichtenportal t-online.Zum einen gebe es hochprofessionelle Bandenkriminalit\u00e4t. \u201eT\u00e4tergruppen fahren gezielt durch Innenst\u00e4dte, stehlen hochwertige Ware \u2013 Parf\u00fcm, Schuhe, Elektronik \u2013 und verkaufen sie auf dem Graumarkt\u201c, sagte Genth. Zum anderen gebe es mehr aggressive Einzelt\u00e4ter, die Mitarbeiter angriffen, wenn sie erwischt werden.Bei der Strafverfolgung sieht Genth Defizite. \u201eH\u00e4ndler erstatten Anzeige, und die Staatsanwaltschaften stellen anschlie\u00dfend aus Effizienzgr\u00fcnden ein. In der Konsequenz melden viele H\u00e4ndler frustriert viele Ladendiebst\u00e4hle nicht mehr bei der Polizei\u201c, so Genth weiter. \u201eDeshalb ist die Dunkelziffer extrem hoch: 98 Prozent der Diebst\u00e4hle werden nicht angezeigt.\u201cGenth forderte gesetzliche \u00c4nderungen, Investitionen in Sicherheit und eine bessere Ausstattung der Justiz. \u201eIch f\u00fcrchte Zust\u00e4nde wie in den USA, wo fast alles hinter Glas liegt. Das ist ein Ausdruck von Misstrauen gegen\u00fcber allen Kunden \u2013 obwohl \u00fcber 90 Prozent ehrlich sind.\u201c Der Staat m\u00fcsse deshalb die Strafverfolgungsbeh\u00f6rden besser ausstatten.Einen direkten Zusammenhang zwischen den neuen Self-Scanning-Kassen und Diebstahl wies er zur\u00fcck. \u201eDiesen Zusammenhang k\u00f6nnen wir nicht best\u00e4tigen.\u201c\",\"breadcrumb\":{\"@id\":\"https:\/\/vof-news.eu\/de\/tatergruppen-fahren-gezielt-durch-innenstadte-einzelhandel-klagt-uber-bandenkriminalitat\/#breadcrumb\"},\"inLanguage\":\"de\",\"potentialAction\":[{\"@type\":\"ReadAction\",\"target\":[\"https:\/\/vof-news.eu\/de\/tatergruppen-fahren-gezielt-durch-innenstadte-einzelhandel-klagt-uber-bandenkriminalitat\/\"]}]},{\"@type\":\"ImageObject\",\"inLanguage\":\"de\",\"@id\":\"https:\/\/vof-news.eu\/de\/tatergruppen-fahren-gezielt-durch-innenstadte-einzelhandel-klagt-uber-bandenkriminalitat\/#primaryimage\",\"url\":\"https:\/\/vof-news.eu\/wp-content\/uploads\/2025\/08\/deutschland-baden-wuerttemberg-ulm.webp\",\"contentUrl\":\"https:\/\/vof-news.eu\/wp-content\/uploads\/2025\/08\/deutschland-baden-wuerttemberg-ulm.webp\",\"width\":1200,\"height\":574},{\"@type\":\"BreadcrumbList\",\"@id\":\"https:\/\/vof-news.eu\/de\/tatergruppen-fahren-gezielt-durch-innenstadte-einzelhandel-klagt-uber-bandenkriminalitat\/#breadcrumb\",\"itemListElement\":[{\"@type\":\"ListItem\",\"position\":1,\"name\":\"Home\",\"item\":\"https:\/\/vof-news.eu\/de\/\"},{\"@type\":\"ListItem\",\"position\":2,\"name\":\"\u201eT\u00e4tergruppen fahren gezielt durch Innenst\u00e4dte\u201c \u2013 Einzelhandel klagt \u00fcber Bandenkriminalit\u00e4t\"}]},{\"@type\":\"WebSite\",\"@id\":\"https:\/\/vof-news.eu\/de\/#website\",\"url\":\"https:\/\/vof-news.eu\/de\/\",\"name\":\"vof-news.eu\",\"description\":\"\",\"potentialAction\":[{\"@type\":\"SearchAction\",\"target\":{\"@type\":\"EntryPoint\",\"urlTemplate\":\"https:\/\/vof-news.eu\/de\/?s={search_term_string}\"},\"query-input\":\"required name=search_term_string\"}],\"inLanguage\":\"de\"},{\"@type\":\"Person\",\"@id\":\"https:\/\/vof-news.eu\/de\/#\/schema\/person\/f6a2a4309f0561835797fd8c19b333ed\",\"name\":\"Author\",\"image\":{\"@type\":\"ImageObject\",\"inLanguage\":\"de\",\"@id\":\"https:\/\/vof-news.eu\/de\/#\/schema\/person\/image\/\",\"url\":\"https:\/\/secure.gravatar.com\/avatar\/b67e614b1b25b3e9c0c239efdd2fde5ab015b5affd6f1c3c85911ca4b384e790?s=96&d=mm&r=g\",\"contentUrl\":\"https:\/\/secure.gravatar.com\/avatar\/b67e614b1b25b3e9c0c239efdd2fde5ab015b5affd6f1c3c85911ca4b384e790?s=96&d=mm&r=g\",\"caption\":\"Author\"},\"sameAs\":[\"http:\/\/vof-news.eu\"],\"url\":\"https:\/\/vof-news.eu\/de\/author\/zwt6qxnjulxbnyg\/\"}]}<\/script>\n<!-- \/ Yoast SEO plugin. -->","yoast_head_json":{"title":"\u201eT\u00e4tergruppen fahren gezielt durch Innenst\u00e4dte\u201c \u2013 Einzelhandel klagt \u00fcber Bandenkriminalit\u00e4t - vof-news.eu","description":"Der Einzelhandel in Deutschland klagt \u00fcber deutlich mehr Ladendiebst\u00e4hle und eine zu laxe Strafverfolgung der T\u00e4ter. \u201eDer Schaden durch Ladendiebstahl lag 2024 bei drei Milliarden Euro \u2013 20 Prozent mehr als 2022\u201c, sagte Stefan Genth, Hauptgesch\u00e4ftsf\u00fchrer des Handelsverbands Deutschland (HDE), dem Nachrichtenportal t-online.Zum einen gebe es hochprofessionelle Bandenkriminalit\u00e4t. \u201eT\u00e4tergruppen fahren gezielt durch Innenst\u00e4dte, stehlen hochwertige Ware \u2013 Parf\u00fcm, Schuhe, Elektronik \u2013 und verkaufen sie auf dem Graumarkt\u201c, sagte Genth. Zum anderen gebe es mehr aggressive Einzelt\u00e4ter, die Mitarbeiter angriffen, wenn sie erwischt werden.Bei der Strafverfolgung sieht Genth Defizite. \u201eH\u00e4ndler erstatten Anzeige, und die Staatsanwaltschaften stellen anschlie\u00dfend aus Effizienzgr\u00fcnden ein. In der Konsequenz melden viele H\u00e4ndler frustriert viele Ladendiebst\u00e4hle nicht mehr bei der Polizei\u201c, so Genth weiter. \u201eDeshalb ist die Dunkelziffer extrem hoch: 98 Prozent der Diebst\u00e4hle werden nicht angezeigt.\u201cGenth forderte gesetzliche \u00c4nderungen, Investitionen in Sicherheit und eine bessere Ausstattung der Justiz. \u201eIch f\u00fcrchte Zust\u00e4nde wie in den USA, wo fast alles hinter Glas liegt. Das ist ein Ausdruck von Misstrauen gegen\u00fcber allen Kunden \u2013 obwohl \u00fcber 90 Prozent ehrlich sind.\u201c Der Staat m\u00fcsse deshalb die Strafverfolgungsbeh\u00f6rden besser ausstatten.Einen direkten Zusammenhang zwischen den neuen Self-Scanning-Kassen und Diebstahl wies er zur\u00fcck. \u201eDiesen Zusammenhang k\u00f6nnen wir nicht best\u00e4tigen.\u201c","robots":{"index":"noindex","follow":"follow","max-snippet":"max-snippet:-1","max-image-preview":"max-image-preview:large","max-video-preview":"max-video-preview:-1"},"og_locale":"de_DE","og_type":"article","og_title":"\u201eT\u00e4tergruppen fahren gezielt durch Innenst\u00e4dte\u201c \u2013 Einzelhandel klagt \u00fcber Bandenkriminalit\u00e4t - vof-news.eu","og_description":"Der Einzelhandel in Deutschland klagt \u00fcber deutlich mehr Ladendiebst\u00e4hle und eine zu laxe Strafverfolgung der T\u00e4ter. \u201eDer Schaden durch Ladendiebstahl lag 2024 bei drei Milliarden Euro \u2013 20 Prozent mehr als 2022\u201c, sagte Stefan Genth, Hauptgesch\u00e4ftsf\u00fchrer des Handelsverbands Deutschland (HDE), dem Nachrichtenportal t-online.Zum einen gebe es hochprofessionelle Bandenkriminalit\u00e4t. \u201eT\u00e4tergruppen fahren gezielt durch Innenst\u00e4dte, stehlen hochwertige Ware \u2013 Parf\u00fcm, Schuhe, Elektronik \u2013 und verkaufen sie auf dem Graumarkt\u201c, sagte Genth. Zum anderen gebe es mehr aggressive Einzelt\u00e4ter, die Mitarbeiter angriffen, wenn sie erwischt werden.Bei der Strafverfolgung sieht Genth Defizite. \u201eH\u00e4ndler erstatten Anzeige, und die Staatsanwaltschaften stellen anschlie\u00dfend aus Effizienzgr\u00fcnden ein. In der Konsequenz melden viele H\u00e4ndler frustriert viele Ladendiebst\u00e4hle nicht mehr bei der Polizei\u201c, so Genth weiter. \u201eDeshalb ist die Dunkelziffer extrem hoch: 98 Prozent der Diebst\u00e4hle werden nicht angezeigt.\u201cGenth forderte gesetzliche \u00c4nderungen, Investitionen in Sicherheit und eine bessere Ausstattung der Justiz. \u201eIch f\u00fcrchte Zust\u00e4nde wie in den USA, wo fast alles hinter Glas liegt. Das ist ein Ausdruck von Misstrauen gegen\u00fcber allen Kunden \u2013 obwohl \u00fcber 90 Prozent ehrlich sind.\u201c Der Staat m\u00fcsse deshalb die Strafverfolgungsbeh\u00f6rden besser ausstatten.Einen direkten Zusammenhang zwischen den neuen Self-Scanning-Kassen und Diebstahl wies er zur\u00fcck. \u201eDiesen Zusammenhang k\u00f6nnen wir nicht best\u00e4tigen.\u201c","og_url":"https:\/\/vof-news.eu\/de\/tatergruppen-fahren-gezielt-durch-innenstadte-einzelhandel-klagt-uber-bandenkriminalitat\/","og_site_name":"vof-news.eu","article_published_time":"2025-08-03T08:26:49+00:00","article_modified_time":"2025-08-03T08:27:14+00:00","og_image":[{"width":1200,"height":574,"url":"https:\/\/vof-news.eu\/wp-content\/uploads\/2025\/08\/deutschland-baden-wuerttemberg-ulm.webp","type":"image\/webp"}],"author":"Author","twitter_card":"summary_large_image","twitter_misc":{"Verfasst von":"Author","Gesch\u00e4tzte Lesezeit":"1\u00a0Minute"},"schema":{"@context":"https:\/\/schema.org","@graph":[{"@type":"WebPage","@id":"https:\/\/vof-news.eu\/de\/tatergruppen-fahren-gezielt-durch-innenstadte-einzelhandel-klagt-uber-bandenkriminalitat\/","url":"https:\/\/vof-news.eu\/de\/tatergruppen-fahren-gezielt-durch-innenstadte-einzelhandel-klagt-uber-bandenkriminalitat\/","name":"\u201eT\u00e4tergruppen fahren gezielt durch Innenst\u00e4dte\u201c \u2013 Einzelhandel klagt \u00fcber Bandenkriminalit\u00e4t - vof-news.eu","isPartOf":{"@id":"https:\/\/vof-news.eu\/de\/#website"},"primaryImageOfPage":{"@id":"https:\/\/vof-news.eu\/de\/tatergruppen-fahren-gezielt-durch-innenstadte-einzelhandel-klagt-uber-bandenkriminalitat\/#primaryimage"},"image":{"@id":"https:\/\/vof-news.eu\/de\/tatergruppen-fahren-gezielt-durch-innenstadte-einzelhandel-klagt-uber-bandenkriminalitat\/#primaryimage"},"thumbnailUrl":"https:\/\/vof-news.eu\/wp-content\/uploads\/2025\/08\/deutschland-baden-wuerttemberg-ulm.webp","datePublished":"2025-08-03T08:26:49+00:00","dateModified":"2025-08-03T08:27:14+00:00","author":{"@id":"https:\/\/vof-news.eu\/de\/#\/schema\/person\/f6a2a4309f0561835797fd8c19b333ed"},"description":"Der Einzelhandel in Deutschland klagt \u00fcber deutlich mehr Ladendiebst\u00e4hle und eine zu laxe Strafverfolgung der T\u00e4ter. \u201eDer Schaden durch Ladendiebstahl lag 2024 bei drei Milliarden Euro \u2013 20 Prozent mehr als 2022\u201c, sagte Stefan Genth, Hauptgesch\u00e4ftsf\u00fchrer des Handelsverbands Deutschland (HDE), dem Nachrichtenportal t-online.Zum einen gebe es hochprofessionelle Bandenkriminalit\u00e4t. \u201eT\u00e4tergruppen fahren gezielt durch Innenst\u00e4dte, stehlen hochwertige Ware \u2013 Parf\u00fcm, Schuhe, Elektronik \u2013 und verkaufen sie auf dem Graumarkt\u201c, sagte Genth. Zum anderen gebe es mehr aggressive Einzelt\u00e4ter, die Mitarbeiter angriffen, wenn sie erwischt werden.Bei der Strafverfolgung sieht Genth Defizite. \u201eH\u00e4ndler erstatten Anzeige, und die Staatsanwaltschaften stellen anschlie\u00dfend aus Effizienzgr\u00fcnden ein. In der Konsequenz melden viele H\u00e4ndler frustriert viele Ladendiebst\u00e4hle nicht mehr bei der Polizei\u201c, so Genth weiter. \u201eDeshalb ist die Dunkelziffer extrem hoch: 98 Prozent der Diebst\u00e4hle werden nicht angezeigt.\u201cGenth forderte gesetzliche \u00c4nderungen, Investitionen in Sicherheit und eine bessere Ausstattung der Justiz. \u201eIch f\u00fcrchte Zust\u00e4nde wie in den USA, wo fast alles hinter Glas liegt. Das ist ein Ausdruck von Misstrauen gegen\u00fcber allen Kunden \u2013 obwohl \u00fcber 90 Prozent ehrlich sind.\u201c Der Staat m\u00fcsse deshalb die Strafverfolgungsbeh\u00f6rden besser ausstatten.Einen direkten Zusammenhang zwischen den neuen Self-Scanning-Kassen und Diebstahl wies er zur\u00fcck. \u201eDiesen Zusammenhang k\u00f6nnen wir nicht best\u00e4tigen.\u201c","breadcrumb":{"@id":"https:\/\/vof-news.eu\/de\/tatergruppen-fahren-gezielt-durch-innenstadte-einzelhandel-klagt-uber-bandenkriminalitat\/#breadcrumb"},"inLanguage":"de","potentialAction":[{"@type":"ReadAction","target":["https:\/\/vof-news.eu\/de\/tatergruppen-fahren-gezielt-durch-innenstadte-einzelhandel-klagt-uber-bandenkriminalitat\/"]}]},{"@type":"ImageObject","inLanguage":"de","@id":"https:\/\/vof-news.eu\/de\/tatergruppen-fahren-gezielt-durch-innenstadte-einzelhandel-klagt-uber-bandenkriminalitat\/#primaryimage","url":"https:\/\/vof-news.eu\/wp-content\/uploads\/2025\/08\/deutschland-baden-wuerttemberg-ulm.webp","contentUrl":"https:\/\/vof-news.eu\/wp-content\/uploads\/2025\/08\/deutschland-baden-wuerttemberg-ulm.webp","width":1200,"height":574},{"@type":"BreadcrumbList","@id":"https:\/\/vof-news.eu\/de\/tatergruppen-fahren-gezielt-durch-innenstadte-einzelhandel-klagt-uber-bandenkriminalitat\/#breadcrumb","itemListElement":[{"@type":"ListItem","position":1,"name":"Home","item":"https:\/\/vof-news.eu\/de\/"},{"@type":"ListItem","position":2,"name":"\u201eT\u00e4tergruppen fahren gezielt durch Innenst\u00e4dte\u201c \u2013 Einzelhandel klagt \u00fcber Bandenkriminalit\u00e4t"}]},{"@type":"WebSite","@id":"https:\/\/vof-news.eu\/de\/#website","url":"https:\/\/vof-news.eu\/de\/","name":"vof-news.eu","description":"","potentialAction":[{"@type":"SearchAction","target":{"@type":"EntryPoint","urlTemplate":"https:\/\/vof-news.eu\/de\/?s={search_term_string}"},"query-input":"required name=search_term_string"}],"inLanguage":"de"},{"@type":"Person","@id":"https:\/\/vof-news.eu\/de\/#\/schema\/person\/f6a2a4309f0561835797fd8c19b333ed","name":"Author","image":{"@type":"ImageObject","inLanguage":"de","@id":"https:\/\/vof-news.eu\/de\/#\/schema\/person\/image\/","url":"https:\/\/secure.gravatar.com\/avatar\/b67e614b1b25b3e9c0c239efdd2fde5ab015b5affd6f1c3c85911ca4b384e790?s=96&d=mm&r=g","contentUrl":"https:\/\/secure.gravatar.com\/avatar\/b67e614b1b25b3e9c0c239efdd2fde5ab015b5affd6f1c3c85911ca4b384e790?s=96&d=mm&r=g","caption":"Author"},"sameAs":["http:\/\/vof-news.eu"],"url":"https:\/\/vof-news.eu\/de\/author\/zwt6qxnjulxbnyg\/"}]}},"yoast_meta":{"yoast_wpseo_title":"","yoast_wpseo_metadesc":"","yoast_wpseo_canonical":""},"_links":{"self":[{"href":"https:\/\/vof-news.eu\/de\/wp-json\/wp\/v2\/posts\/261462","targetHints":{"allow":["GET"]}}],"collection":[{"href":"https:\/\/vof-news.eu\/de\/wp-json\/wp\/v2\/posts"}],"about":[{"href":"https:\/\/vof-news.eu\/de\/wp-json\/wp\/v2\/types\/post"}],"author":[{"embeddable":true,"href":"https:\/\/vof-news.eu\/de\/wp-json\/wp\/v2\/users\/1"}],"replies":[{"embeddable":true,"href":"https:\/\/vof-news.eu\/de\/wp-json\/wp\/v2\/comments?post=261462"}],"version-history":[{"count":1,"href":"https:\/\/vof-news.eu\/de\/wp-json\/wp\/v2\/posts\/261462\/revisions"}],"predecessor-version":[{"id":261469,"href":"https:\/\/vof-news.eu\/de\/wp-json\/wp\/v2\/posts\/261462\/revisions\/261469"}],"wp:featuredmedia":[{"embeddable":true,"href":"https:\/\/vof-news.eu\/de\/wp-json\/wp\/v2\/media\/261463"}],"wp:attachment":[{"href":"https:\/\/vof-news.eu\/de\/wp-json\/wp\/v2\/media?parent=261462"}],"wp:term":[{"taxonomy":"category","embeddable":true,"href":"https:\/\/vof-news.eu\/de\/wp-json\/wp\/v2\/categories?post=261462"},{"taxonomy":"post_tag","embeddable":true,"href":"https:\/\/vof-news.eu\/de\/wp-json\/wp\/v2\/tags?post=261462"}],"curies":[{"name":"wp","href":"https:\/\/api.w.org\/{rel}","templated":true}]}}