{"id":261454,"date":"2025-08-03T11:26:10","date_gmt":"2025-08-03T08:26:10","guid":{"rendered":"https:\/\/vof-news.eu\/agrarminister-rainer-bricht-mit-ozdemir-regel-und-lasst-wieder-fleisch-servieren\/"},"modified":"2025-08-03T11:26:32","modified_gmt":"2025-08-03T08:26:32","slug":"agrarminister-rainer-bricht-mit-ozdemir-regel-und-lasst-wieder-fleisch-servieren","status":"publish","type":"post","link":"https:\/\/vof-news.eu\/de\/agrarminister-rainer-bricht-mit-ozdemir-regel-und-lasst-wieder-fleisch-servieren\/","title":{"rendered":"Agrarminister Rainer bricht mit \u00d6zdemir-Regel \u2013 und l\u00e4sst wieder Fleisch servieren"},"content":{"rendered":"<p>Bei offiziellen Veranstaltungen des Bundeslandwirtschaftsministeriums soll es k\u00fcnftig neben vegetarischen Produkten <a class=\"is-link c-block-items__link c-link--rich-text-renderer\" data-internal-tracking='{\"action\":\"click\",\"label\":\"link\",\"name\":\"Inline Element\",\"data\":{\"source\":\"\",\"target\":\"https:\/\/www.welt.de\/wirtschaft\/article256037802\/Alois-Rainer-Kuenftiger-Agrarminister-rechnet-mit-sinkenden-Fleischpreisen-SPD-mahnt-Tierwohl-an.html\",\"trackingName\":\"\",\"trackingLabel\":\"\"}}' data-internal-tracking-enabled=\"true\" href=\"https:\/\/www.welt.de\/wirtschaft\/article256037802\/Alois-Rainer-Kuenftiger-Agrarminister-rechnet-mit-sinkenden-Fleischpreisen-SPD-mahnt-Tierwohl-an.html\">auch wieder Fleisch und Fisch<\/a> geben. Das k\u00fcndigte Agrarminister Alois Rainer im Interview mit <a class=\"is-link c-block-items__link is-external c-link--rich-text-renderer\" data-internal-tracking='{\"action\":\"click\",\"label\":\"link\",\"name\":\"Inline Element\",\"data\":{\"source\":\"\",\"target\":\"https:\/\/www.bild.de\/politik\/inland\/agrarminister-rainer-ich-schreibe-keinem-vor-was-er-zu-essen-hat-6889e71404c6af4608d5c039\",\"trackingName\":\"\",\"trackingLabel\":\"\"}}' data-internal-tracking-enabled=\"true\" href=\"https:\/\/www.bild.de\/politik\/inland\/agrarminister-rainer-ich-schreibe-keinem-vor-was-er-zu-essen-hat-6889e71404c6af4608d5c039\" rel=\"nofollow\" title=\"(Link wird in einem neuen Tab ge\u00f6ffnet)\">\u201eBild\u201c<\/a>: \u201eAm besten regional\u201c, so der CSU-Politiker. <\/p>\n<p>Rainer verabschiedet sich damit von der unter seinem Vorg\u00e4nger Cem \u00d6zdemir (Gr\u00fcne) eingef\u00fchrten Regelung, wonach bei offiziellen Veranstaltungen des Ministeriums grunds\u00e4tzlich vegetarisches Essen serviert werden soll, das zudem zu 100 Prozent aus Produkten aus \u00f6kologischem Anbau besteht. Zu bestimmten Anl\u00e4ssen waren Ausnahmen vorgesehen, etwa beim Tag der offenen T\u00fcr oder bei Empf\u00e4ngen w\u00e4hrend der Gr\u00fcnen Woche.<\/p>\n<p>Minister Rainer, selbst gelernter Metzger, zeigt sich gegen\u00fcber unterschiedlichen Ern\u00e4hrungsweisen tolerant: \u201eNat\u00fcrlich verstehe ich deren Ansatz. Wenn man sich vegetarisch ern\u00e4hren will, ist es okay. Genauso ist vegan okay\u201c, sagte der CSU-Politiker. Er wolle \u201ekeinen Kulturkampf auf den Tellern oder in den K\u00fchlschr\u00e4nken\u201c. <\/p>\n<p>Zu den fleischlastigen Essgewohnheiten seines Parteivorsitzenden Markus S\u00f6der \u00e4u\u00dferte sich der CSU-Politiker diplomatisch: \u201eEr mag das halt gerne. Mir liegt das fern, irgendjemandem vorzuschreiben, was er zu essen hat. Es muss gut schmecken und frisch sein, dann ist alles okay.\u201c<\/p>\n","protected":false},"excerpt":{"rendered":"<p>Bei offiziellen Veranstaltungen des Bundeslandwirtschaftsministeriums soll es k\u00fcnftig neben vegetarischen Produkten auch wieder Fleisch und Fisch geben. Das k\u00fcndigte Agrarminister Alois Rainer im Interview mit \u201eBild\u201c: \u201eAm besten regional\u201c, so der CSU-Politiker. Rainer verabschiedet sich damit von der unter seinem Vorg\u00e4nger Cem \u00d6zdemir (Gr\u00fcne) eingef\u00fchrten Regelung, wonach bei offiziellen Veranstaltungen des Ministeriums grunds\u00e4tzlich vegetarisches Essen<\/p>\n","protected":false},"author":1,"featured_media":261455,"comment_status":"open","ping_status":"open","sticky":false,"template":"","format":"standard","meta":{"footnotes":""},"categories":[59],"tags":[],"class_list":["post-261454","post","type-post","status-publish","format-standard","has-post-thumbnail","hentry","category-business-de"],"acf":[],"yoast_head":"<!-- This site is optimized with the Yoast SEO plugin v22.9 - https:\/\/yoast.com\/wordpress\/plugins\/seo\/ -->\n<title>Agrarminister Rainer bricht mit \u00d6zdemir-Regel \u2013 und l\u00e4sst wieder Fleisch servieren - vof-news.eu<\/title>\n<meta name=\"description\" content=\"Bei offiziellen Veranstaltungen des Bundeslandwirtschaftsministeriums soll es k\u00fcnftig neben vegetarischen Produkten auch wieder Fleisch und Fisch geben. Das k\u00fcndigte Agrarminister Alois Rainer im Interview mit \u201eBild\u201c: \u201eAm besten regional\u201c, so der CSU-Politiker. Rainer verabschiedet sich damit von der unter seinem Vorg\u00e4nger Cem \u00d6zdemir (Gr\u00fcne) eingef\u00fchrten Regelung, wonach bei offiziellen Veranstaltungen des Ministeriums grunds\u00e4tzlich vegetarisches Essen serviert werden soll, das zudem zu 100 Prozent aus Produkten aus \u00f6kologischem Anbau besteht. Zu bestimmten Anl\u00e4ssen waren Ausnahmen vorgesehen, etwa beim Tag der offenen T\u00fcr oder bei Empf\u00e4ngen w\u00e4hrend der Gr\u00fcnen Woche.Minister Rainer, selbst gelernter Metzger, zeigt sich gegen\u00fcber unterschiedlichen Ern\u00e4hrungsweisen tolerant: \u201eNat\u00fcrlich verstehe ich deren Ansatz. Wenn man sich vegetarisch ern\u00e4hren will, ist es okay. Genauso ist vegan okay\u201c, sagte der CSU-Politiker. Er wolle \u201ekeinen Kulturkampf auf den Tellern oder in den K\u00fchlschr\u00e4nken\u201c. Zu den fleischlastigen Essgewohnheiten seines Parteivorsitzenden Markus S\u00f6der \u00e4u\u00dferte sich der CSU-Politiker diplomatisch: \u201eEr mag das halt gerne. Mir liegt das fern, irgendjemandem vorzuschreiben, was er zu essen hat. Es muss gut schmecken und frisch sein, dann ist alles okay.\u201c\" \/>\n<meta name=\"robots\" content=\"noindex, follow, max-snippet:-1, max-image-preview:large, max-video-preview:-1\" \/>\n<meta property=\"og:locale\" content=\"de_DE\" \/>\n<meta property=\"og:type\" content=\"article\" \/>\n<meta property=\"og:title\" content=\"Agrarminister Rainer bricht mit \u00d6zdemir-Regel \u2013 und l\u00e4sst wieder Fleisch servieren - vof-news.eu\" \/>\n<meta property=\"og:description\" content=\"Bei offiziellen Veranstaltungen des Bundeslandwirtschaftsministeriums soll es k\u00fcnftig neben vegetarischen Produkten auch wieder Fleisch und Fisch geben. Das k\u00fcndigte Agrarminister Alois Rainer im Interview mit \u201eBild\u201c: \u201eAm besten regional\u201c, so der CSU-Politiker. Rainer verabschiedet sich damit von der unter seinem Vorg\u00e4nger Cem \u00d6zdemir (Gr\u00fcne) eingef\u00fchrten Regelung, wonach bei offiziellen Veranstaltungen des Ministeriums grunds\u00e4tzlich vegetarisches Essen serviert werden soll, das zudem zu 100 Prozent aus Produkten aus \u00f6kologischem Anbau besteht. Zu bestimmten Anl\u00e4ssen waren Ausnahmen vorgesehen, etwa beim Tag der offenen T\u00fcr oder bei Empf\u00e4ngen w\u00e4hrend der Gr\u00fcnen Woche.Minister Rainer, selbst gelernter Metzger, zeigt sich gegen\u00fcber unterschiedlichen Ern\u00e4hrungsweisen tolerant: \u201eNat\u00fcrlich verstehe ich deren Ansatz. Wenn man sich vegetarisch ern\u00e4hren will, ist es okay. Genauso ist vegan okay\u201c, sagte der CSU-Politiker. Er wolle \u201ekeinen Kulturkampf auf den Tellern oder in den K\u00fchlschr\u00e4nken\u201c. Zu den fleischlastigen Essgewohnheiten seines Parteivorsitzenden Markus S\u00f6der \u00e4u\u00dferte sich der CSU-Politiker diplomatisch: \u201eEr mag das halt gerne. Mir liegt das fern, irgendjemandem vorzuschreiben, was er zu essen hat. Es muss gut schmecken und frisch sein, dann ist alles okay.\u201c\" \/>\n<meta property=\"og:url\" content=\"https:\/\/vof-news.eu\/de\/agrarminister-rainer-bricht-mit-ozdemir-regel-und-lasst-wieder-fleisch-servieren\/\" \/>\n<meta property=\"og:site_name\" content=\"vof-news.eu\" \/>\n<meta property=\"article:published_time\" content=\"2025-08-03T08:26:10+00:00\" \/>\n<meta property=\"article:modified_time\" content=\"2025-08-03T08:26:32+00:00\" \/>\n<meta property=\"og:image\" content=\"https:\/\/vof-news.eu\/wp-content\/uploads\/2025\/08\/bundesminister-rainer-in-brandenburg.webp\" \/>\n\t<meta property=\"og:image:width\" content=\"1200\" \/>\n\t<meta property=\"og:image:height\" content=\"574\" \/>\n\t<meta property=\"og:image:type\" content=\"image\/webp\" \/>\n<meta name=\"author\" content=\"Author\" \/>\n<meta name=\"twitter:card\" content=\"summary_large_image\" \/>\n<meta name=\"twitter:label1\" content=\"Verfasst von\" \/>\n\t<meta name=\"twitter:data1\" content=\"Author\" \/>\n\t<meta name=\"twitter:label2\" content=\"Gesch\u00e4tzte Lesezeit\" \/>\n\t<meta name=\"twitter:data2\" content=\"1\u00a0Minute\" \/>\n<script type=\"application\/ld+json\" class=\"yoast-schema-graph\">{\"@context\":\"https:\/\/schema.org\",\"@graph\":[{\"@type\":\"WebPage\",\"@id\":\"https:\/\/vof-news.eu\/de\/agrarminister-rainer-bricht-mit-ozdemir-regel-und-lasst-wieder-fleisch-servieren\/\",\"url\":\"https:\/\/vof-news.eu\/de\/agrarminister-rainer-bricht-mit-ozdemir-regel-und-lasst-wieder-fleisch-servieren\/\",\"name\":\"Agrarminister Rainer bricht mit \u00d6zdemir-Regel \u2013 und l\u00e4sst wieder Fleisch servieren - vof-news.eu\",\"isPartOf\":{\"@id\":\"https:\/\/vof-news.eu\/de\/#website\"},\"primaryImageOfPage\":{\"@id\":\"https:\/\/vof-news.eu\/de\/agrarminister-rainer-bricht-mit-ozdemir-regel-und-lasst-wieder-fleisch-servieren\/#primaryimage\"},\"image\":{\"@id\":\"https:\/\/vof-news.eu\/de\/agrarminister-rainer-bricht-mit-ozdemir-regel-und-lasst-wieder-fleisch-servieren\/#primaryimage\"},\"thumbnailUrl\":\"https:\/\/vof-news.eu\/wp-content\/uploads\/2025\/08\/bundesminister-rainer-in-brandenburg.webp\",\"datePublished\":\"2025-08-03T08:26:10+00:00\",\"dateModified\":\"2025-08-03T08:26:32+00:00\",\"author\":{\"@id\":\"https:\/\/vof-news.eu\/de\/#\/schema\/person\/f6a2a4309f0561835797fd8c19b333ed\"},\"description\":\"Bei offiziellen Veranstaltungen des Bundeslandwirtschaftsministeriums soll es k\u00fcnftig neben vegetarischen Produkten auch wieder Fleisch und Fisch geben. Das k\u00fcndigte Agrarminister Alois Rainer im Interview mit \u201eBild\u201c: \u201eAm besten regional\u201c, so der CSU-Politiker. Rainer verabschiedet sich damit von der unter seinem Vorg\u00e4nger Cem \u00d6zdemir (Gr\u00fcne) eingef\u00fchrten Regelung, wonach bei offiziellen Veranstaltungen des Ministeriums grunds\u00e4tzlich vegetarisches Essen serviert werden soll, das zudem zu 100 Prozent aus Produkten aus \u00f6kologischem Anbau besteht. Zu bestimmten Anl\u00e4ssen waren Ausnahmen vorgesehen, etwa beim Tag der offenen T\u00fcr oder bei Empf\u00e4ngen w\u00e4hrend der Gr\u00fcnen Woche.Minister Rainer, selbst gelernter Metzger, zeigt sich gegen\u00fcber unterschiedlichen Ern\u00e4hrungsweisen tolerant: \u201eNat\u00fcrlich verstehe ich deren Ansatz. Wenn man sich vegetarisch ern\u00e4hren will, ist es okay. Genauso ist vegan okay\u201c, sagte der CSU-Politiker. Er wolle \u201ekeinen Kulturkampf auf den Tellern oder in den K\u00fchlschr\u00e4nken\u201c. Zu den fleischlastigen Essgewohnheiten seines Parteivorsitzenden Markus S\u00f6der \u00e4u\u00dferte sich der CSU-Politiker diplomatisch: \u201eEr mag das halt gerne. Mir liegt das fern, irgendjemandem vorzuschreiben, was er zu essen hat. Es muss gut schmecken und frisch sein, dann ist alles okay.\u201c\",\"breadcrumb\":{\"@id\":\"https:\/\/vof-news.eu\/de\/agrarminister-rainer-bricht-mit-ozdemir-regel-und-lasst-wieder-fleisch-servieren\/#breadcrumb\"},\"inLanguage\":\"de\",\"potentialAction\":[{\"@type\":\"ReadAction\",\"target\":[\"https:\/\/vof-news.eu\/de\/agrarminister-rainer-bricht-mit-ozdemir-regel-und-lasst-wieder-fleisch-servieren\/\"]}]},{\"@type\":\"ImageObject\",\"inLanguage\":\"de\",\"@id\":\"https:\/\/vof-news.eu\/de\/agrarminister-rainer-bricht-mit-ozdemir-regel-und-lasst-wieder-fleisch-servieren\/#primaryimage\",\"url\":\"https:\/\/vof-news.eu\/wp-content\/uploads\/2025\/08\/bundesminister-rainer-in-brandenburg.webp\",\"contentUrl\":\"https:\/\/vof-news.eu\/wp-content\/uploads\/2025\/08\/bundesminister-rainer-in-brandenburg.webp\",\"width\":1200,\"height\":574},{\"@type\":\"BreadcrumbList\",\"@id\":\"https:\/\/vof-news.eu\/de\/agrarminister-rainer-bricht-mit-ozdemir-regel-und-lasst-wieder-fleisch-servieren\/#breadcrumb\",\"itemListElement\":[{\"@type\":\"ListItem\",\"position\":1,\"name\":\"Home\",\"item\":\"https:\/\/vof-news.eu\/de\/\"},{\"@type\":\"ListItem\",\"position\":2,\"name\":\"Agrarminister Rainer bricht mit \u00d6zdemir-Regel \u2013 und l\u00e4sst wieder Fleisch servieren\"}]},{\"@type\":\"WebSite\",\"@id\":\"https:\/\/vof-news.eu\/de\/#website\",\"url\":\"https:\/\/vof-news.eu\/de\/\",\"name\":\"vof-news.eu\",\"description\":\"\",\"potentialAction\":[{\"@type\":\"SearchAction\",\"target\":{\"@type\":\"EntryPoint\",\"urlTemplate\":\"https:\/\/vof-news.eu\/de\/?s={search_term_string}\"},\"query-input\":\"required name=search_term_string\"}],\"inLanguage\":\"de\"},{\"@type\":\"Person\",\"@id\":\"https:\/\/vof-news.eu\/de\/#\/schema\/person\/f6a2a4309f0561835797fd8c19b333ed\",\"name\":\"Author\",\"image\":{\"@type\":\"ImageObject\",\"inLanguage\":\"de\",\"@id\":\"https:\/\/vof-news.eu\/de\/#\/schema\/person\/image\/\",\"url\":\"https:\/\/secure.gravatar.com\/avatar\/b67e614b1b25b3e9c0c239efdd2fde5ab015b5affd6f1c3c85911ca4b384e790?s=96&d=mm&r=g\",\"contentUrl\":\"https:\/\/secure.gravatar.com\/avatar\/b67e614b1b25b3e9c0c239efdd2fde5ab015b5affd6f1c3c85911ca4b384e790?s=96&d=mm&r=g\",\"caption\":\"Author\"},\"sameAs\":[\"http:\/\/vof-news.eu\"],\"url\":\"https:\/\/vof-news.eu\/de\/author\/zwt6qxnjulxbnyg\/\"}]}<\/script>\n<!-- \/ Yoast SEO plugin. -->","yoast_head_json":{"title":"Agrarminister Rainer bricht mit \u00d6zdemir-Regel \u2013 und l\u00e4sst wieder Fleisch servieren - vof-news.eu","description":"Bei offiziellen Veranstaltungen des Bundeslandwirtschaftsministeriums soll es k\u00fcnftig neben vegetarischen Produkten auch wieder Fleisch und Fisch geben. Das k\u00fcndigte Agrarminister Alois Rainer im Interview mit \u201eBild\u201c: \u201eAm besten regional\u201c, so der CSU-Politiker. Rainer verabschiedet sich damit von der unter seinem Vorg\u00e4nger Cem \u00d6zdemir (Gr\u00fcne) eingef\u00fchrten Regelung, wonach bei offiziellen Veranstaltungen des Ministeriums grunds\u00e4tzlich vegetarisches Essen serviert werden soll, das zudem zu 100 Prozent aus Produkten aus \u00f6kologischem Anbau besteht. Zu bestimmten Anl\u00e4ssen waren Ausnahmen vorgesehen, etwa beim Tag der offenen T\u00fcr oder bei Empf\u00e4ngen w\u00e4hrend der Gr\u00fcnen Woche.Minister Rainer, selbst gelernter Metzger, zeigt sich gegen\u00fcber unterschiedlichen Ern\u00e4hrungsweisen tolerant: \u201eNat\u00fcrlich verstehe ich deren Ansatz. Wenn man sich vegetarisch ern\u00e4hren will, ist es okay. Genauso ist vegan okay\u201c, sagte der CSU-Politiker. Er wolle \u201ekeinen Kulturkampf auf den Tellern oder in den K\u00fchlschr\u00e4nken\u201c. Zu den fleischlastigen Essgewohnheiten seines Parteivorsitzenden Markus S\u00f6der \u00e4u\u00dferte sich der CSU-Politiker diplomatisch: \u201eEr mag das halt gerne. Mir liegt das fern, irgendjemandem vorzuschreiben, was er zu essen hat. Es muss gut schmecken und frisch sein, dann ist alles okay.\u201c","robots":{"index":"noindex","follow":"follow","max-snippet":"max-snippet:-1","max-image-preview":"max-image-preview:large","max-video-preview":"max-video-preview:-1"},"og_locale":"de_DE","og_type":"article","og_title":"Agrarminister Rainer bricht mit \u00d6zdemir-Regel \u2013 und l\u00e4sst wieder Fleisch servieren - vof-news.eu","og_description":"Bei offiziellen Veranstaltungen des Bundeslandwirtschaftsministeriums soll es k\u00fcnftig neben vegetarischen Produkten auch wieder Fleisch und Fisch geben. Das k\u00fcndigte Agrarminister Alois Rainer im Interview mit \u201eBild\u201c: \u201eAm besten regional\u201c, so der CSU-Politiker. Rainer verabschiedet sich damit von der unter seinem Vorg\u00e4nger Cem \u00d6zdemir (Gr\u00fcne) eingef\u00fchrten Regelung, wonach bei offiziellen Veranstaltungen des Ministeriums grunds\u00e4tzlich vegetarisches Essen serviert werden soll, das zudem zu 100 Prozent aus Produkten aus \u00f6kologischem Anbau besteht. Zu bestimmten Anl\u00e4ssen waren Ausnahmen vorgesehen, etwa beim Tag der offenen T\u00fcr oder bei Empf\u00e4ngen w\u00e4hrend der Gr\u00fcnen Woche.Minister Rainer, selbst gelernter Metzger, zeigt sich gegen\u00fcber unterschiedlichen Ern\u00e4hrungsweisen tolerant: \u201eNat\u00fcrlich verstehe ich deren Ansatz. Wenn man sich vegetarisch ern\u00e4hren will, ist es okay. Genauso ist vegan okay\u201c, sagte der CSU-Politiker. Er wolle \u201ekeinen Kulturkampf auf den Tellern oder in den K\u00fchlschr\u00e4nken\u201c. Zu den fleischlastigen Essgewohnheiten seines Parteivorsitzenden Markus S\u00f6der \u00e4u\u00dferte sich der CSU-Politiker diplomatisch: \u201eEr mag das halt gerne. Mir liegt das fern, irgendjemandem vorzuschreiben, was er zu essen hat. Es muss gut schmecken und frisch sein, dann ist alles okay.\u201c","og_url":"https:\/\/vof-news.eu\/de\/agrarminister-rainer-bricht-mit-ozdemir-regel-und-lasst-wieder-fleisch-servieren\/","og_site_name":"vof-news.eu","article_published_time":"2025-08-03T08:26:10+00:00","article_modified_time":"2025-08-03T08:26:32+00:00","og_image":[{"width":1200,"height":574,"url":"https:\/\/vof-news.eu\/wp-content\/uploads\/2025\/08\/bundesminister-rainer-in-brandenburg.webp","type":"image\/webp"}],"author":"Author","twitter_card":"summary_large_image","twitter_misc":{"Verfasst von":"Author","Gesch\u00e4tzte Lesezeit":"1\u00a0Minute"},"schema":{"@context":"https:\/\/schema.org","@graph":[{"@type":"WebPage","@id":"https:\/\/vof-news.eu\/de\/agrarminister-rainer-bricht-mit-ozdemir-regel-und-lasst-wieder-fleisch-servieren\/","url":"https:\/\/vof-news.eu\/de\/agrarminister-rainer-bricht-mit-ozdemir-regel-und-lasst-wieder-fleisch-servieren\/","name":"Agrarminister Rainer bricht mit \u00d6zdemir-Regel \u2013 und l\u00e4sst wieder Fleisch servieren - vof-news.eu","isPartOf":{"@id":"https:\/\/vof-news.eu\/de\/#website"},"primaryImageOfPage":{"@id":"https:\/\/vof-news.eu\/de\/agrarminister-rainer-bricht-mit-ozdemir-regel-und-lasst-wieder-fleisch-servieren\/#primaryimage"},"image":{"@id":"https:\/\/vof-news.eu\/de\/agrarminister-rainer-bricht-mit-ozdemir-regel-und-lasst-wieder-fleisch-servieren\/#primaryimage"},"thumbnailUrl":"https:\/\/vof-news.eu\/wp-content\/uploads\/2025\/08\/bundesminister-rainer-in-brandenburg.webp","datePublished":"2025-08-03T08:26:10+00:00","dateModified":"2025-08-03T08:26:32+00:00","author":{"@id":"https:\/\/vof-news.eu\/de\/#\/schema\/person\/f6a2a4309f0561835797fd8c19b333ed"},"description":"Bei offiziellen Veranstaltungen des Bundeslandwirtschaftsministeriums soll es k\u00fcnftig neben vegetarischen Produkten auch wieder Fleisch und Fisch geben. Das k\u00fcndigte Agrarminister Alois Rainer im Interview mit \u201eBild\u201c: \u201eAm besten regional\u201c, so der CSU-Politiker. Rainer verabschiedet sich damit von der unter seinem Vorg\u00e4nger Cem \u00d6zdemir (Gr\u00fcne) eingef\u00fchrten Regelung, wonach bei offiziellen Veranstaltungen des Ministeriums grunds\u00e4tzlich vegetarisches Essen serviert werden soll, das zudem zu 100 Prozent aus Produkten aus \u00f6kologischem Anbau besteht. Zu bestimmten Anl\u00e4ssen waren Ausnahmen vorgesehen, etwa beim Tag der offenen T\u00fcr oder bei Empf\u00e4ngen w\u00e4hrend der Gr\u00fcnen Woche.Minister Rainer, selbst gelernter Metzger, zeigt sich gegen\u00fcber unterschiedlichen Ern\u00e4hrungsweisen tolerant: \u201eNat\u00fcrlich verstehe ich deren Ansatz. Wenn man sich vegetarisch ern\u00e4hren will, ist es okay. Genauso ist vegan okay\u201c, sagte der CSU-Politiker. Er wolle \u201ekeinen Kulturkampf auf den Tellern oder in den K\u00fchlschr\u00e4nken\u201c. Zu den fleischlastigen Essgewohnheiten seines Parteivorsitzenden Markus S\u00f6der \u00e4u\u00dferte sich der CSU-Politiker diplomatisch: \u201eEr mag das halt gerne. Mir liegt das fern, irgendjemandem vorzuschreiben, was er zu essen hat. Es muss gut schmecken und frisch sein, dann ist alles okay.\u201c","breadcrumb":{"@id":"https:\/\/vof-news.eu\/de\/agrarminister-rainer-bricht-mit-ozdemir-regel-und-lasst-wieder-fleisch-servieren\/#breadcrumb"},"inLanguage":"de","potentialAction":[{"@type":"ReadAction","target":["https:\/\/vof-news.eu\/de\/agrarminister-rainer-bricht-mit-ozdemir-regel-und-lasst-wieder-fleisch-servieren\/"]}]},{"@type":"ImageObject","inLanguage":"de","@id":"https:\/\/vof-news.eu\/de\/agrarminister-rainer-bricht-mit-ozdemir-regel-und-lasst-wieder-fleisch-servieren\/#primaryimage","url":"https:\/\/vof-news.eu\/wp-content\/uploads\/2025\/08\/bundesminister-rainer-in-brandenburg.webp","contentUrl":"https:\/\/vof-news.eu\/wp-content\/uploads\/2025\/08\/bundesminister-rainer-in-brandenburg.webp","width":1200,"height":574},{"@type":"BreadcrumbList","@id":"https:\/\/vof-news.eu\/de\/agrarminister-rainer-bricht-mit-ozdemir-regel-und-lasst-wieder-fleisch-servieren\/#breadcrumb","itemListElement":[{"@type":"ListItem","position":1,"name":"Home","item":"https:\/\/vof-news.eu\/de\/"},{"@type":"ListItem","position":2,"name":"Agrarminister Rainer bricht mit \u00d6zdemir-Regel \u2013 und l\u00e4sst wieder Fleisch servieren"}]},{"@type":"WebSite","@id":"https:\/\/vof-news.eu\/de\/#website","url":"https:\/\/vof-news.eu\/de\/","name":"vof-news.eu","description":"","potentialAction":[{"@type":"SearchAction","target":{"@type":"EntryPoint","urlTemplate":"https:\/\/vof-news.eu\/de\/?s={search_term_string}"},"query-input":"required name=search_term_string"}],"inLanguage":"de"},{"@type":"Person","@id":"https:\/\/vof-news.eu\/de\/#\/schema\/person\/f6a2a4309f0561835797fd8c19b333ed","name":"Author","image":{"@type":"ImageObject","inLanguage":"de","@id":"https:\/\/vof-news.eu\/de\/#\/schema\/person\/image\/","url":"https:\/\/secure.gravatar.com\/avatar\/b67e614b1b25b3e9c0c239efdd2fde5ab015b5affd6f1c3c85911ca4b384e790?s=96&d=mm&r=g","contentUrl":"https:\/\/secure.gravatar.com\/avatar\/b67e614b1b25b3e9c0c239efdd2fde5ab015b5affd6f1c3c85911ca4b384e790?s=96&d=mm&r=g","caption":"Author"},"sameAs":["http:\/\/vof-news.eu"],"url":"https:\/\/vof-news.eu\/de\/author\/zwt6qxnjulxbnyg\/"}]}},"yoast_meta":{"yoast_wpseo_title":"","yoast_wpseo_metadesc":"","yoast_wpseo_canonical":""},"_links":{"self":[{"href":"https:\/\/vof-news.eu\/de\/wp-json\/wp\/v2\/posts\/261454","targetHints":{"allow":["GET"]}}],"collection":[{"href":"https:\/\/vof-news.eu\/de\/wp-json\/wp\/v2\/posts"}],"about":[{"href":"https:\/\/vof-news.eu\/de\/wp-json\/wp\/v2\/types\/post"}],"author":[{"embeddable":true,"href":"https:\/\/vof-news.eu\/de\/wp-json\/wp\/v2\/users\/1"}],"replies":[{"embeddable":true,"href":"https:\/\/vof-news.eu\/de\/wp-json\/wp\/v2\/comments?post=261454"}],"version-history":[{"count":1,"href":"https:\/\/vof-news.eu\/de\/wp-json\/wp\/v2\/posts\/261454\/revisions"}],"predecessor-version":[{"id":261461,"href":"https:\/\/vof-news.eu\/de\/wp-json\/wp\/v2\/posts\/261454\/revisions\/261461"}],"wp:featuredmedia":[{"embeddable":true,"href":"https:\/\/vof-news.eu\/de\/wp-json\/wp\/v2\/media\/261455"}],"wp:attachment":[{"href":"https:\/\/vof-news.eu\/de\/wp-json\/wp\/v2\/media?parent=261454"}],"wp:term":[{"taxonomy":"category","embeddable":true,"href":"https:\/\/vof-news.eu\/de\/wp-json\/wp\/v2\/categories?post=261454"},{"taxonomy":"post_tag","embeddable":true,"href":"https:\/\/vof-news.eu\/de\/wp-json\/wp\/v2\/tags?post=261454"}],"curies":[{"name":"wp","href":"https:\/\/api.w.org\/{rel}","templated":true}]}}