{"id":261386,"date":"2025-08-02T23:28:10","date_gmt":"2025-08-02T20:28:10","guid":{"rendered":"https:\/\/vof-news.eu\/ukrainische-anti-korruptions-ermittler-nehmen-politiker-fest\/"},"modified":"2025-08-02T23:28:27","modified_gmt":"2025-08-02T20:28:27","slug":"ukrainische-anti-korruptions-ermittler-nehmen-politiker-fest","status":"publish","type":"post","link":"https:\/\/vof-news.eu\/de\/ukrainische-anti-korruptions-ermittler-nehmen-politiker-fest\/","title":{"rendered":"Ukrainische Anti-Korruptions-Ermittler nehmen Politiker fest"},"content":{"rendered":"<div>\n<p>Nach eigenen Angaben haben Ermittler<br \/>\nder ukrainischen Anti-Korruptions-Beh\u00f6rden mehrere Politiker festgenommen.<br \/>\nDiese sollen an einem &#8222;gro\u00dfangelegten Korruptionssystem&#8220; im R\u00fcstungssektor<br \/>\nbeteiligt gewesen sein. Die Beschuldigten sollen Preise f\u00fcr<br \/>\nR\u00fcstungsg\u00fcter wie Drohnenteile in die H\u00f6he getrieben haben, um sp\u00e4ter 30<br \/>\nProzent der Vertragssumme privat abzuzweigen.\u00a0\n<\/p>\n<p>Unter den Verd\u00e4chtigen befinden<br \/>\nsich demnach ein Abgeordneter, mehrere Leiter von Bezirks- und Stadtverwaltungen, Angeh\u00f6rige<br \/>\nder Nationalgarde und Manager von R\u00fcstungsfirmen.\u00a0Das Anti-Korruptions-B\u00fcro veranlasste<br \/>\nvier Festnahmen, teilte aber keine Namen mit. Laut Innenministerium wurden die<br \/>\nverd\u00e4chtigen Angeh\u00f6rigen der Nationalgarde vom Dienst suspendiert.\n<\/p>\n<p>Der<br \/>\nukrainische Pr\u00e4sident Wolodymyr Selenskyj bedankte sich bei der zust\u00e4ndigen Beh\u00f6rde<br \/>\nf\u00fcr die Ermittlungsarbeit. &#8222;Es ist wichtig, dass die Anti-Korruptions-Institutionen<br \/>\nunabh\u00e4ngig arbeiten und das am Donnerstag verabschiedete Gesetz garantiert<br \/>\nihnen alle notwendigen Instrumente f\u00fcr einen echten Kampf gegen die Korruption.&#8220;\n<\/p>\n<\/p>\n<\/div>\n","protected":false},"excerpt":{"rendered":"<p>Nach eigenen Angaben haben Ermittler der ukrainischen Anti-Korruptions-Beh\u00f6rden mehrere Politiker festgenommen. Diese sollen an einem &#8222;gro\u00dfangelegten Korruptionssystem&#8220; im R\u00fcstungssektor beteiligt gewesen sein. Die Beschuldigten sollen Preise f\u00fcr R\u00fcstungsg\u00fcter wie Drohnenteile in die H\u00f6he getrieben haben, um sp\u00e4ter 30 Prozent der Vertragssumme privat abzuzweigen.\u00a0 Unter den Verd\u00e4chtigen befinden sich demnach ein Abgeordneter, mehrere Leiter von Bezirks-<\/p>\n","protected":false},"author":1,"featured_media":0,"comment_status":"open","ping_status":"open","sticky":false,"template":"","format":"standard","meta":{"footnotes":""},"categories":[116],"tags":[],"class_list":["post-261386","post","type-post","status-publish","format-standard","hentry","category-war-chronicles-de"],"acf":[],"yoast_head":"<!-- This site is optimized with the Yoast SEO plugin v22.9 - https:\/\/yoast.com\/wordpress\/plugins\/seo\/ -->\n<title>Ukrainische Anti-Korruptions-Ermittler nehmen Politiker fest - vof-news.eu<\/title>\n<meta name=\"description\" content=\"Nach eigenen Angaben haben Ermittler\" \/>\n<meta name=\"robots\" content=\"noindex, follow, max-snippet:-1, max-image-preview:large, max-video-preview:-1\" \/>\n<meta property=\"og:locale\" content=\"de_DE\" \/>\n<meta property=\"og:type\" content=\"article\" \/>\n<meta property=\"og:title\" content=\"Ukrainische Anti-Korruptions-Ermittler nehmen Politiker fest - vof-news.eu\" \/>\n<meta property=\"og:description\" content=\"Nach eigenen Angaben haben Ermittler\" \/>\n<meta property=\"og:url\" content=\"https:\/\/vof-news.eu\/de\/ukrainische-anti-korruptions-ermittler-nehmen-politiker-fest\/\" \/>\n<meta property=\"og:site_name\" content=\"vof-news.eu\" \/>\n<meta property=\"article:published_time\" content=\"2025-08-02T20:28:10+00:00\" \/>\n<meta property=\"article:modified_time\" content=\"2025-08-02T20:28:27+00:00\" \/>\n<meta name=\"author\" content=\"Author\" \/>\n<meta name=\"twitter:card\" content=\"summary_large_image\" \/>\n<meta name=\"twitter:label1\" content=\"Verfasst von\" \/>\n\t<meta name=\"twitter:data1\" content=\"Author\" \/>\n\t<meta name=\"twitter:label2\" content=\"Gesch\u00e4tzte Lesezeit\" \/>\n\t<meta name=\"twitter:data2\" content=\"1\u00a0Minute\" \/>\n<script type=\"application\/ld+json\" class=\"yoast-schema-graph\">{\"@context\":\"https:\/\/schema.org\",\"@graph\":[{\"@type\":\"WebPage\",\"@id\":\"https:\/\/vof-news.eu\/de\/ukrainische-anti-korruptions-ermittler-nehmen-politiker-fest\/\",\"url\":\"https:\/\/vof-news.eu\/de\/ukrainische-anti-korruptions-ermittler-nehmen-politiker-fest\/\",\"name\":\"Ukrainische Anti-Korruptions-Ermittler nehmen Politiker fest - vof-news.eu\",\"isPartOf\":{\"@id\":\"https:\/\/vof-news.eu\/de\/#website\"},\"datePublished\":\"2025-08-02T20:28:10+00:00\",\"dateModified\":\"2025-08-02T20:28:27+00:00\",\"author\":{\"@id\":\"https:\/\/vof-news.eu\/de\/#\/schema\/person\/f6a2a4309f0561835797fd8c19b333ed\"},\"description\":\"Nach eigenen Angaben haben Ermittler\",\"breadcrumb\":{\"@id\":\"https:\/\/vof-news.eu\/de\/ukrainische-anti-korruptions-ermittler-nehmen-politiker-fest\/#breadcrumb\"},\"inLanguage\":\"de\",\"potentialAction\":[{\"@type\":\"ReadAction\",\"target\":[\"https:\/\/vof-news.eu\/de\/ukrainische-anti-korruptions-ermittler-nehmen-politiker-fest\/\"]}]},{\"@type\":\"BreadcrumbList\",\"@id\":\"https:\/\/vof-news.eu\/de\/ukrainische-anti-korruptions-ermittler-nehmen-politiker-fest\/#breadcrumb\",\"itemListElement\":[{\"@type\":\"ListItem\",\"position\":1,\"name\":\"Home\",\"item\":\"https:\/\/vof-news.eu\/de\/\"},{\"@type\":\"ListItem\",\"position\":2,\"name\":\"Ukrainische Anti-Korruptions-Ermittler nehmen Politiker fest\"}]},{\"@type\":\"WebSite\",\"@id\":\"https:\/\/vof-news.eu\/de\/#website\",\"url\":\"https:\/\/vof-news.eu\/de\/\",\"name\":\"vof-news.eu\",\"description\":\"\",\"potentialAction\":[{\"@type\":\"SearchAction\",\"target\":{\"@type\":\"EntryPoint\",\"urlTemplate\":\"https:\/\/vof-news.eu\/de\/?s={search_term_string}\"},\"query-input\":\"required name=search_term_string\"}],\"inLanguage\":\"de\"},{\"@type\":\"Person\",\"@id\":\"https:\/\/vof-news.eu\/de\/#\/schema\/person\/f6a2a4309f0561835797fd8c19b333ed\",\"name\":\"Author\",\"image\":{\"@type\":\"ImageObject\",\"inLanguage\":\"de\",\"@id\":\"https:\/\/vof-news.eu\/de\/#\/schema\/person\/image\/\",\"url\":\"https:\/\/secure.gravatar.com\/avatar\/b67e614b1b25b3e9c0c239efdd2fde5ab015b5affd6f1c3c85911ca4b384e790?s=96&d=mm&r=g\",\"contentUrl\":\"https:\/\/secure.gravatar.com\/avatar\/b67e614b1b25b3e9c0c239efdd2fde5ab015b5affd6f1c3c85911ca4b384e790?s=96&d=mm&r=g\",\"caption\":\"Author\"},\"sameAs\":[\"http:\/\/vof-news.eu\"],\"url\":\"https:\/\/vof-news.eu\/de\/author\/zwt6qxnjulxbnyg\/\"}]}<\/script>\n<!-- \/ Yoast SEO plugin. -->","yoast_head_json":{"title":"Ukrainische Anti-Korruptions-Ermittler nehmen Politiker fest - vof-news.eu","description":"Nach eigenen Angaben haben Ermittler","robots":{"index":"noindex","follow":"follow","max-snippet":"max-snippet:-1","max-image-preview":"max-image-preview:large","max-video-preview":"max-video-preview:-1"},"og_locale":"de_DE","og_type":"article","og_title":"Ukrainische Anti-Korruptions-Ermittler nehmen Politiker fest - vof-news.eu","og_description":"Nach eigenen Angaben haben Ermittler","og_url":"https:\/\/vof-news.eu\/de\/ukrainische-anti-korruptions-ermittler-nehmen-politiker-fest\/","og_site_name":"vof-news.eu","article_published_time":"2025-08-02T20:28:10+00:00","article_modified_time":"2025-08-02T20:28:27+00:00","author":"Author","twitter_card":"summary_large_image","twitter_misc":{"Verfasst von":"Author","Gesch\u00e4tzte Lesezeit":"1\u00a0Minute"},"schema":{"@context":"https:\/\/schema.org","@graph":[{"@type":"WebPage","@id":"https:\/\/vof-news.eu\/de\/ukrainische-anti-korruptions-ermittler-nehmen-politiker-fest\/","url":"https:\/\/vof-news.eu\/de\/ukrainische-anti-korruptions-ermittler-nehmen-politiker-fest\/","name":"Ukrainische Anti-Korruptions-Ermittler nehmen Politiker fest - vof-news.eu","isPartOf":{"@id":"https:\/\/vof-news.eu\/de\/#website"},"datePublished":"2025-08-02T20:28:10+00:00","dateModified":"2025-08-02T20:28:27+00:00","author":{"@id":"https:\/\/vof-news.eu\/de\/#\/schema\/person\/f6a2a4309f0561835797fd8c19b333ed"},"description":"Nach eigenen Angaben haben Ermittler","breadcrumb":{"@id":"https:\/\/vof-news.eu\/de\/ukrainische-anti-korruptions-ermittler-nehmen-politiker-fest\/#breadcrumb"},"inLanguage":"de","potentialAction":[{"@type":"ReadAction","target":["https:\/\/vof-news.eu\/de\/ukrainische-anti-korruptions-ermittler-nehmen-politiker-fest\/"]}]},{"@type":"BreadcrumbList","@id":"https:\/\/vof-news.eu\/de\/ukrainische-anti-korruptions-ermittler-nehmen-politiker-fest\/#breadcrumb","itemListElement":[{"@type":"ListItem","position":1,"name":"Home","item":"https:\/\/vof-news.eu\/de\/"},{"@type":"ListItem","position":2,"name":"Ukrainische Anti-Korruptions-Ermittler nehmen Politiker fest"}]},{"@type":"WebSite","@id":"https:\/\/vof-news.eu\/de\/#website","url":"https:\/\/vof-news.eu\/de\/","name":"vof-news.eu","description":"","potentialAction":[{"@type":"SearchAction","target":{"@type":"EntryPoint","urlTemplate":"https:\/\/vof-news.eu\/de\/?s={search_term_string}"},"query-input":"required name=search_term_string"}],"inLanguage":"de"},{"@type":"Person","@id":"https:\/\/vof-news.eu\/de\/#\/schema\/person\/f6a2a4309f0561835797fd8c19b333ed","name":"Author","image":{"@type":"ImageObject","inLanguage":"de","@id":"https:\/\/vof-news.eu\/de\/#\/schema\/person\/image\/","url":"https:\/\/secure.gravatar.com\/avatar\/b67e614b1b25b3e9c0c239efdd2fde5ab015b5affd6f1c3c85911ca4b384e790?s=96&d=mm&r=g","contentUrl":"https:\/\/secure.gravatar.com\/avatar\/b67e614b1b25b3e9c0c239efdd2fde5ab015b5affd6f1c3c85911ca4b384e790?s=96&d=mm&r=g","caption":"Author"},"sameAs":["http:\/\/vof-news.eu"],"url":"https:\/\/vof-news.eu\/de\/author\/zwt6qxnjulxbnyg\/"}]}},"yoast_meta":{"yoast_wpseo_title":"","yoast_wpseo_metadesc":"","yoast_wpseo_canonical":""},"_links":{"self":[{"href":"https:\/\/vof-news.eu\/de\/wp-json\/wp\/v2\/posts\/261386","targetHints":{"allow":["GET"]}}],"collection":[{"href":"https:\/\/vof-news.eu\/de\/wp-json\/wp\/v2\/posts"}],"about":[{"href":"https:\/\/vof-news.eu\/de\/wp-json\/wp\/v2\/types\/post"}],"author":[{"embeddable":true,"href":"https:\/\/vof-news.eu\/de\/wp-json\/wp\/v2\/users\/1"}],"replies":[{"embeddable":true,"href":"https:\/\/vof-news.eu\/de\/wp-json\/wp\/v2\/comments?post=261386"}],"version-history":[{"count":1,"href":"https:\/\/vof-news.eu\/de\/wp-json\/wp\/v2\/posts\/261386\/revisions"}],"predecessor-version":[{"id":261387,"href":"https:\/\/vof-news.eu\/de\/wp-json\/wp\/v2\/posts\/261386\/revisions\/261387"}],"wp:attachment":[{"href":"https:\/\/vof-news.eu\/de\/wp-json\/wp\/v2\/media?parent=261386"}],"wp:term":[{"taxonomy":"category","embeddable":true,"href":"https:\/\/vof-news.eu\/de\/wp-json\/wp\/v2\/categories?post=261386"},{"taxonomy":"post_tag","embeddable":true,"href":"https:\/\/vof-news.eu\/de\/wp-json\/wp\/v2\/tags?post=261386"}],"curies":[{"name":"wp","href":"https:\/\/api.w.org\/{rel}","templated":true}]}}